{"id":18716,"date":"2025-11-11T08:50:29","date_gmt":"2025-11-11T11:50:29","guid":{"rendered":"https:\/\/brasilnoticias.org\/site\/?p=18716"},"modified":"2025-11-11T08:50:29","modified_gmt":"2025-11-11T11:50:29","slug":"ivana-bastos-retoma-despachos-e-deve-reabrir-plenario-da-alba-nesta-terca-feira","status":"publish","type":"post","link":"https:\/\/brasilnoticias.org\/site\/ivana-bastos-retoma-despachos-e-deve-reabrir-plenario-da-alba-nesta-terca-feira\/","title":{"rendered":"Ivana Bastos retoma despachos e deve reabrir plen\u00e1rio da Alba nesta ter\u00e7a-feira"},"content":{"rendered":"<p>Presidente da Assembleia volta ao trabalho ap\u00f3s alta hospitalar; PEC que beneficia Josias Gomes pode entrar na pauta, a depender de acordo entre governo e oposi\u00e7\u00e3o<\/p>\n<p>A presidente da Assembleia Legislativa da Bahia (Alba), deputada Ivana Bastos (PSD), deve retomar os despachos presenciais nesta ter\u00e7a-feira (11), ap\u00f3s per\u00edodo de recupera\u00e7\u00e3o m\u00e9dica. Nesta segunda, a parlamentar recebeu diretores da Casa em sua resid\u00eancia, ainda sob orienta\u00e7\u00e3o de repouso e acompanhamento m\u00e9dico.<\/p>\n<p>A expectativa \u00e9 de que o plen\u00e1rio volte a ter vota\u00e7\u00f5es nesta ter\u00e7a, depois de uma semana de agenda reduzida. Entre os itens confirmados na pauta est\u00e1 a tradicional elei\u00e7\u00e3o dos jornalistas e parlamentares destaques, escolhidos pelos deputados entre os profissionais que cobrem o Legislativo baiano. Outros projetos poder\u00e3o ser inclu\u00eddos por acordo de lideran\u00e7as.<\/p>\n<p>Um dos temas que pode movimentar a sess\u00e3o \u00e9 a PEC Josias Gomes, de autoria do l\u00edder do governo, Rosemberg Pinto (PT). A proposta eleva a idade m\u00e1xima para posse de novos conselheiros dos tribunais de contas da Bahia, abrindo caminho para o deputado federal Josias Gomes (PT) disputar a vaga deixada pelo falecido conselheiro Pedro Lino no TCE. O avan\u00e7o da mat\u00e9ria, no entanto, depende de entendimento entre governo e oposi\u00e7\u00e3o.<\/p>\n<p>Ivana Bastos recebeu alta hospitalar no \u00faltimo s\u00e1bado (8), ap\u00f3s apresentar melhora cl\u00ednica satisfat\u00f3ria. Internada no in\u00edcio da semana passada com colite, processo inflamat\u00f3rio intestinal, ela tem cumprido recomenda\u00e7\u00f5es m\u00e9dicas para retornar gradualmente \u00e0s atividades p\u00fablicas.<\/p>\n<p>Foto: Vaner Casaes \/ AL-BA<br \/>\nFonte: Blog do Vila<\/p>\n","protected":false},"excerpt":{"rendered":"<p>Presidente da Assembleia volta ao trabalho ap\u00f3s alta hospitalar; PEC que beneficia Josias Gomes pode entrar na pauta, a depender<\/p>\n","protected":false},"author":4,"featured_media":18717,"comment_status":"open","ping_status":"open","sticky":false,"template":"","format":"standard","meta":{"colormag_page_container_layout":"default_layout","colormag_page_sidebar_layout":"default_layout","_FSMCFIC_featured_image_caption":"","_FSMCFIC_featured_image_nocaption":"","_FSMCFIC_featured_image_hide":"","footnotes":""},"categories":[7,1],"tags":[],"class_list":["post-18716","post","type-post","status-publish","format-standard","has-post-thumbnail","hentry","category-justica","category-ultimas"],"yoast_head":"<!-- This site is optimized with the Yoast SEO plugin v27.1.1 - https:\/\/yoast.com\/product\/yoast-seo-wordpress\/ -->\n<title>Ivana Bastos retoma despachos e deve reabrir plen\u00e1rio da Alba nesta ter\u00e7a-feira - Brasil not\u00edcias<\/title>\n<meta name=\"robots\" content=\"index, follow, max-snippet:-1, max-image-preview:large, max-video-preview:-1\" \/>\n<link rel=\"canonical\" href=\"https:\/\/brasilnoticias.org\/site\/ivana-bastos-retoma-despachos-e-deve-reabrir-plenario-da-alba-nesta-terca-feira\/\" \/>\n<meta property=\"og:locale\" content=\"pt_PT\" \/>\n<meta property=\"og:type\" content=\"article\" \/>\n<meta property=\"og:title\" content=\"Ivana Bastos retoma despachos e deve reabrir plen\u00e1rio da Alba nesta ter\u00e7a-feira - Brasil not\u00edcias\" \/>\n<meta property=\"og:description\" content=\"Presidente da Assembleia volta ao trabalho ap\u00f3s alta hospitalar; PEC que beneficia Josias Gomes pode entrar na pauta, a depender\" \/>\n<meta property=\"og:url\" content=\"https:\/\/brasilnoticias.org\/site\/ivana-bastos-retoma-despachos-e-deve-reabrir-plenario-da-alba-nesta-terca-feira\/\" \/>\n<meta property=\"og:site_name\" content=\"Brasil not\u00edcias\" \/>\n<meta property=\"article:published_time\" content=\"2025-11-11T11:50:29+00:00\" \/>\n<meta property=\"og:image\" content=\"https:\/\/brasilnoticias.org\/site\/wp-content\/uploads\/2025\/11\/WhatsApp-Image-2025-11-11-at-08.33.39.jpeg\" \/>\n\t<meta property=\"og:image:width\" content=\"1600\" \/>\n\t<meta property=\"og:image:height\" content=\"1066\" \/>\n\t<meta property=\"og:image:type\" content=\"image\/jpeg\" \/>\n<meta name=\"author\" content=\"Reda\u00e7\u00e3o\" \/>\n<meta name=\"twitter:card\" content=\"summary_large_image\" \/>\n<meta name=\"twitter:label1\" content=\"Escrito por\" \/>\n\t<meta name=\"twitter:data1\" content=\"Reda\u00e7\u00e3o\" \/>\n\t<meta name=\"twitter:label2\" content=\"Tempo estimado de leitura\" \/>\n\t<meta name=\"twitter:data2\" content=\"1 minuto\" \/>\n<script type=\"application\/ld+json\" class=\"yoast-schema-graph\">{\"@context\":\"https:\/\/schema.org\",\"@graph\":[{\"@type\":\"Article\",\"@id\":\"https:\/\/brasilnoticias.org\/site\/ivana-bastos-retoma-despachos-e-deve-reabrir-plenario-da-alba-nesta-terca-feira\/#article\",\"isPartOf\":{\"@id\":\"https:\/\/brasilnoticias.org\/site\/ivana-bastos-retoma-despachos-e-deve-reabrir-plenario-da-alba-nesta-terca-feira\/\"},\"author\":{\"name\":\"Reda\u00e7\u00e3o\",\"@id\":\"https:\/\/brasilnoticias.org\/site\/#\/schema\/person\/03bbbfe6c7634ad18c26444ea39049fa\"},\"headline\":\"Ivana Bastos retoma despachos e deve reabrir plen\u00e1rio da Alba nesta ter\u00e7a-feira\",\"datePublished\":\"2025-11-11T11:50:29+00:00\",\"mainEntityOfPage\":{\"@id\":\"https:\/\/brasilnoticias.org\/site\/ivana-bastos-retoma-despachos-e-deve-reabrir-plenario-da-alba-nesta-terca-feira\/\"},\"wordCount\":283,\"commentCount\":0,\"publisher\":{\"@id\":\"https:\/\/brasilnoticias.org\/site\/#organization\"},\"image\":{\"@id\":\"https:\/\/brasilnoticias.org\/site\/ivana-bastos-retoma-despachos-e-deve-reabrir-plenario-da-alba-nesta-terca-feira\/#primaryimage\"},\"thumbnailUrl\":\"https:\/\/brasilnoticias.org\/site\/wp-content\/uploads\/2025\/11\/WhatsApp-Image-2025-11-11-at-08.33.39.jpeg\",\"articleSection\":[\"Justi\u00e7a\",\"\u00daltimas\"],\"inLanguage\":\"pt-PT\",\"potentialAction\":[{\"@type\":\"CommentAction\",\"name\":\"Comment\",\"target\":[\"https:\/\/brasilnoticias.org\/site\/ivana-bastos-retoma-despachos-e-deve-reabrir-plenario-da-alba-nesta-terca-feira\/#respond\"]}]},{\"@type\":\"WebPage\",\"@id\":\"https:\/\/brasilnoticias.org\/site\/ivana-bastos-retoma-despachos-e-deve-reabrir-plenario-da-alba-nesta-terca-feira\/\",\"url\":\"https:\/\/brasilnoticias.org\/site\/ivana-bastos-retoma-despachos-e-deve-reabrir-plenario-da-alba-nesta-terca-feira\/\",\"name\":\"Ivana Bastos retoma despachos e deve reabrir plen\u00e1rio da Alba nesta ter\u00e7a-feira - Brasil not\u00edcias\",\"isPartOf\":{\"@id\":\"https:\/\/brasilnoticias.org\/site\/#website\"},\"primaryImageOfPage\":{\"@id\":\"https:\/\/brasilnoticias.org\/site\/ivana-bastos-retoma-despachos-e-deve-reabrir-plenario-da-alba-nesta-terca-feira\/#primaryimage\"},\"image\":{\"@id\":\"https:\/\/brasilnoticias.org\/site\/ivana-bastos-retoma-despachos-e-deve-reabrir-plenario-da-alba-nesta-terca-feira\/#primaryimage\"},\"thumbnailUrl\":\"https:\/\/brasilnoticias.org\/site\/wp-content\/uploads\/2025\/11\/WhatsApp-Image-2025-11-11-at-08.33.39.jpeg\",\"datePublished\":\"2025-11-11T11:50:29+00:00\",\"breadcrumb\":{\"@id\":\"https:\/\/brasilnoticias.org\/site\/ivana-bastos-retoma-despachos-e-deve-reabrir-plenario-da-alba-nesta-terca-feira\/#breadcrumb\"},\"inLanguage\":\"pt-PT\",\"potentialAction\":[{\"@type\":\"ReadAction\",\"target\":[\"https:\/\/brasilnoticias.org\/site\/ivana-bastos-retoma-despachos-e-deve-reabrir-plenario-da-alba-nesta-terca-feira\/\"]}]},{\"@type\":\"ImageObject\",\"inLanguage\":\"pt-PT\",\"@id\":\"https:\/\/brasilnoticias.org\/site\/ivana-bastos-retoma-despachos-e-deve-reabrir-plenario-da-alba-nesta-terca-feira\/#primaryimage\",\"url\":\"https:\/\/brasilnoticias.org\/site\/wp-content\/uploads\/2025\/11\/WhatsApp-Image-2025-11-11-at-08.33.39.jpeg\",\"contentUrl\":\"https:\/\/brasilnoticias.org\/site\/wp-content\/uploads\/2025\/11\/WhatsApp-Image-2025-11-11-at-08.33.39.jpeg\",\"width\":1600,\"height\":1066},{\"@type\":\"BreadcrumbList\",\"@id\":\"https:\/\/brasilnoticias.org\/site\/ivana-bastos-retoma-despachos-e-deve-reabrir-plenario-da-alba-nesta-terca-feira\/#breadcrumb\",\"itemListElement\":[{\"@type\":\"ListItem\",\"position\":1,\"name\":\"In\u00edcio\",\"item\":\"https:\/\/brasilnoticias.org\/site\/\"},{\"@type\":\"ListItem\",\"position\":2,\"name\":\"Ivana Bastos retoma despachos e deve reabrir plen\u00e1rio da Alba nesta ter\u00e7a-feira\"}]},{\"@type\":\"WebSite\",\"@id\":\"https:\/\/brasilnoticias.org\/site\/#website\",\"url\":\"https:\/\/brasilnoticias.org\/site\/\",\"name\":\"Brasil not\u00edcias\",\"description\":\"Brasil not\u00edcias\",\"publisher\":{\"@id\":\"https:\/\/brasilnoticias.org\/site\/#organization\"},\"potentialAction\":[{\"@type\":\"SearchAction\",\"target\":{\"@type\":\"EntryPoint\",\"urlTemplate\":\"https:\/\/brasilnoticias.org\/site\/?s={search_term_string}\"},\"query-input\":{\"@type\":\"PropertyValueSpecification\",\"valueRequired\":true,\"valueName\":\"search_term_string\"}}],\"inLanguage\":\"pt-PT\"},{\"@type\":\"Organization\",\"@id\":\"https:\/\/brasilnoticias.org\/site\/#organization\",\"name\":\"Brasil not\u00edcias\",\"url\":\"https:\/\/brasilnoticias.org\/site\/\",\"logo\":{\"@type\":\"ImageObject\",\"inLanguage\":\"pt-PT\",\"@id\":\"https:\/\/brasilnoticias.org\/site\/#\/schema\/logo\/image\/\",\"url\":\"https:\/\/brasilnoticias.org\/site\/wp-content\/uploads\/2022\/05\/cropped-brasilnoticias-mini.jpg\",\"contentUrl\":\"https:\/\/brasilnoticias.org\/site\/wp-content\/uploads\/2022\/05\/cropped-brasilnoticias-mini.jpg\",\"width\":314,\"height\":86,\"caption\":\"Brasil not\u00edcias\"},\"image\":{\"@id\":\"https:\/\/brasilnoticias.org\/site\/#\/schema\/logo\/image\/\"}},{\"@type\":\"Person\",\"@id\":\"https:\/\/brasilnoticias.org\/site\/#\/schema\/person\/03bbbfe6c7634ad18c26444ea39049fa\",\"name\":\"Reda\u00e7\u00e3o\",\"image\":{\"@type\":\"ImageObject\",\"inLanguage\":\"pt-PT\",\"@id\":\"https:\/\/brasilnoticias.org\/site\/#\/schema\/person\/image\/\",\"url\":\"https:\/\/secure.gravatar.com\/avatar\/9ecaf7327a696cb23ad926fedded5f1f04d7049de9e445375d55b48c001a6e42?s=96&d=mm&r=g\",\"contentUrl\":\"https:\/\/secure.gravatar.com\/avatar\/9ecaf7327a696cb23ad926fedded5f1f04d7049de9e445375d55b48c001a6e42?s=96&d=mm&r=g\",\"caption\":\"Reda\u00e7\u00e3o\"},\"url\":\"https:\/\/brasilnoticias.org\/site\/author\/henrique\/\"}]}<\/script>\n<!-- \/ Yoast SEO plugin. -->","yoast_head_json":{"title":"Ivana Bastos retoma despachos e deve reabrir plen\u00e1rio da Alba nesta ter\u00e7a-feira - Brasil not\u00edcias","robots":{"index":"index","follow":"follow","max-snippet":"max-snippet:-1","max-image-preview":"max-image-preview:large","max-video-preview":"max-video-preview:-1"},"canonical":"https:\/\/brasilnoticias.org\/site\/ivana-bastos-retoma-despachos-e-deve-reabrir-plenario-da-alba-nesta-terca-feira\/","og_locale":"pt_PT","og_type":"article","og_title":"Ivana Bastos retoma despachos e deve reabrir plen\u00e1rio da Alba nesta ter\u00e7a-feira - Brasil not\u00edcias","og_description":"Presidente da Assembleia volta ao trabalho ap\u00f3s alta hospitalar; PEC que beneficia Josias Gomes pode entrar na pauta, a depender","og_url":"https:\/\/brasilnoticias.org\/site\/ivana-bastos-retoma-despachos-e-deve-reabrir-plenario-da-alba-nesta-terca-feira\/","og_site_name":"Brasil not\u00edcias","article_published_time":"2025-11-11T11:50:29+00:00","og_image":[{"width":1600,"height":1066,"url":"https:\/\/brasilnoticias.org\/site\/wp-content\/uploads\/2025\/11\/WhatsApp-Image-2025-11-11-at-08.33.39.jpeg","type":"image\/jpeg"}],"author":"Reda\u00e7\u00e3o","twitter_card":"summary_large_image","twitter_misc":{"Escrito por":"Reda\u00e7\u00e3o","Tempo estimado de leitura":"1 minuto"},"schema":{"@context":"https:\/\/schema.org","@graph":[{"@type":"Article","@id":"https:\/\/brasilnoticias.org\/site\/ivana-bastos-retoma-despachos-e-deve-reabrir-plenario-da-alba-nesta-terca-feira\/#article","isPartOf":{"@id":"https:\/\/brasilnoticias.org\/site\/ivana-bastos-retoma-despachos-e-deve-reabrir-plenario-da-alba-nesta-terca-feira\/"},"author":{"name":"Reda\u00e7\u00e3o","@id":"https:\/\/brasilnoticias.org\/site\/#\/schema\/person\/03bbbfe6c7634ad18c26444ea39049fa"},"headline":"Ivana Bastos retoma despachos e deve reabrir plen\u00e1rio da Alba nesta ter\u00e7a-feira","datePublished":"2025-11-11T11:50:29+00:00","mainEntityOfPage":{"@id":"https:\/\/brasilnoticias.org\/site\/ivana-bastos-retoma-despachos-e-deve-reabrir-plenario-da-alba-nesta-terca-feira\/"},"wordCount":283,"commentCount":0,"publisher":{"@id":"https:\/\/brasilnoticias.org\/site\/#organization"},"image":{"@id":"https:\/\/brasilnoticias.org\/site\/ivana-bastos-retoma-despachos-e-deve-reabrir-plenario-da-alba-nesta-terca-feira\/#primaryimage"},"thumbnailUrl":"https:\/\/brasilnoticias.org\/site\/wp-content\/uploads\/2025\/11\/WhatsApp-Image-2025-11-11-at-08.33.39.jpeg","articleSection":["Justi\u00e7a","\u00daltimas"],"inLanguage":"pt-PT","potentialAction":[{"@type":"CommentAction","name":"Comment","target":["https:\/\/brasilnoticias.org\/site\/ivana-bastos-retoma-despachos-e-deve-reabrir-plenario-da-alba-nesta-terca-feira\/#respond"]}]},{"@type":"WebPage","@id":"https:\/\/brasilnoticias.org\/site\/ivana-bastos-retoma-despachos-e-deve-reabrir-plenario-da-alba-nesta-terca-feira\/","url":"https:\/\/brasilnoticias.org\/site\/ivana-bastos-retoma-despachos-e-deve-reabrir-plenario-da-alba-nesta-terca-feira\/","name":"Ivana Bastos retoma despachos e deve reabrir plen\u00e1rio da Alba nesta ter\u00e7a-feira - Brasil not\u00edcias","isPartOf":{"@id":"https:\/\/brasilnoticias.org\/site\/#website"},"primaryImageOfPage":{"@id":"https:\/\/brasilnoticias.org\/site\/ivana-bastos-retoma-despachos-e-deve-reabrir-plenario-da-alba-nesta-terca-feira\/#primaryimage"},"image":{"@id":"https:\/\/brasilnoticias.org\/site\/ivana-bastos-retoma-despachos-e-deve-reabrir-plenario-da-alba-nesta-terca-feira\/#primaryimage"},"thumbnailUrl":"https:\/\/brasilnoticias.org\/site\/wp-content\/uploads\/2025\/11\/WhatsApp-Image-2025-11-11-at-08.33.39.jpeg","datePublished":"2025-11-11T11:50:29+00:00","breadcrumb":{"@id":"https:\/\/brasilnoticias.org\/site\/ivana-bastos-retoma-despachos-e-deve-reabrir-plenario-da-alba-nesta-terca-feira\/#breadcrumb"},"inLanguage":"pt-PT","potentialAction":[{"@type":"ReadAction","target":["https:\/\/brasilnoticias.org\/site\/ivana-bastos-retoma-despachos-e-deve-reabrir-plenario-da-alba-nesta-terca-feira\/"]}]},{"@type":"ImageObject","inLanguage":"pt-PT","@id":"https:\/\/brasilnoticias.org\/site\/ivana-bastos-retoma-despachos-e-deve-reabrir-plenario-da-alba-nesta-terca-feira\/#primaryimage","url":"https:\/\/brasilnoticias.org\/site\/wp-content\/uploads\/2025\/11\/WhatsApp-Image-2025-11-11-at-08.33.39.jpeg","contentUrl":"https:\/\/brasilnoticias.org\/site\/wp-content\/uploads\/2025\/11\/WhatsApp-Image-2025-11-11-at-08.33.39.jpeg","width":1600,"height":1066},{"@type":"BreadcrumbList","@id":"https:\/\/brasilnoticias.org\/site\/ivana-bastos-retoma-despachos-e-deve-reabrir-plenario-da-alba-nesta-terca-feira\/#breadcrumb","itemListElement":[{"@type":"ListItem","position":1,"name":"In\u00edcio","item":"https:\/\/brasilnoticias.org\/site\/"},{"@type":"ListItem","position":2,"name":"Ivana Bastos retoma despachos e deve reabrir plen\u00e1rio da Alba nesta ter\u00e7a-feira"}]},{"@type":"WebSite","@id":"https:\/\/brasilnoticias.org\/site\/#website","url":"https:\/\/brasilnoticias.org\/site\/","name":"Brasil not\u00edcias","description":"Brasil not\u00edcias","publisher":{"@id":"https:\/\/brasilnoticias.org\/site\/#organization"},"potentialAction":[{"@type":"SearchAction","target":{"@type":"EntryPoint","urlTemplate":"https:\/\/brasilnoticias.org\/site\/?s={search_term_string}"},"query-input":{"@type":"PropertyValueSpecification","valueRequired":true,"valueName":"search_term_string"}}],"inLanguage":"pt-PT"},{"@type":"Organization","@id":"https:\/\/brasilnoticias.org\/site\/#organization","name":"Brasil not\u00edcias","url":"https:\/\/brasilnoticias.org\/site\/","logo":{"@type":"ImageObject","inLanguage":"pt-PT","@id":"https:\/\/brasilnoticias.org\/site\/#\/schema\/logo\/image\/","url":"https:\/\/brasilnoticias.org\/site\/wp-content\/uploads\/2022\/05\/cropped-brasilnoticias-mini.jpg","contentUrl":"https:\/\/brasilnoticias.org\/site\/wp-content\/uploads\/2022\/05\/cropped-brasilnoticias-mini.jpg","width":314,"height":86,"caption":"Brasil not\u00edcias"},"image":{"@id":"https:\/\/brasilnoticias.org\/site\/#\/schema\/logo\/image\/"}},{"@type":"Person","@id":"https:\/\/brasilnoticias.org\/site\/#\/schema\/person\/03bbbfe6c7634ad18c26444ea39049fa","name":"Reda\u00e7\u00e3o","image":{"@type":"ImageObject","inLanguage":"pt-PT","@id":"https:\/\/brasilnoticias.org\/site\/#\/schema\/person\/image\/","url":"https:\/\/secure.gravatar.com\/avatar\/9ecaf7327a696cb23ad926fedded5f1f04d7049de9e445375d55b48c001a6e42?s=96&d=mm&r=g","contentUrl":"https:\/\/secure.gravatar.com\/avatar\/9ecaf7327a696cb23ad926fedded5f1f04d7049de9e445375d55b48c001a6e42?s=96&d=mm&r=g","caption":"Reda\u00e7\u00e3o"},"url":"https:\/\/brasilnoticias.org\/site\/author\/henrique\/"}]}},"_links":{"self":[{"href":"https:\/\/brasilnoticias.org\/site\/wp-json\/wp\/v2\/posts\/18716","targetHints":{"allow":["GET"]}}],"collection":[{"href":"https:\/\/brasilnoticias.org\/site\/wp-json\/wp\/v2\/posts"}],"about":[{"href":"https:\/\/brasilnoticias.org\/site\/wp-json\/wp\/v2\/types\/post"}],"author":[{"embeddable":true,"href":"https:\/\/brasilnoticias.org\/site\/wp-json\/wp\/v2\/users\/4"}],"replies":[{"embeddable":true,"href":"https:\/\/brasilnoticias.org\/site\/wp-json\/wp\/v2\/comments?post=18716"}],"version-history":[{"count":1,"href":"https:\/\/brasilnoticias.org\/site\/wp-json\/wp\/v2\/posts\/18716\/revisions"}],"predecessor-version":[{"id":18718,"href":"https:\/\/brasilnoticias.org\/site\/wp-json\/wp\/v2\/posts\/18716\/revisions\/18718"}],"wp:featuredmedia":[{"embeddable":true,"href":"https:\/\/brasilnoticias.org\/site\/wp-json\/wp\/v2\/media\/18717"}],"wp:attachment":[{"href":"https:\/\/brasilnoticias.org\/site\/wp-json\/wp\/v2\/media?parent=18716"}],"wp:term":[{"taxonomy":"category","embeddable":true,"href":"https:\/\/brasilnoticias.org\/site\/wp-json\/wp\/v2\/categories?post=18716"},{"taxonomy":"post_tag","embeddable":true,"href":"https:\/\/brasilnoticias.org\/site\/wp-json\/wp\/v2\/tags?post=18716"}],"curies":[{"name":"wp","href":"https:\/\/api.w.org\/{rel}","templated":true}]}}