{"id":18725,"date":"2025-11-11T08:59:02","date_gmt":"2025-11-11T11:59:02","guid":{"rendered":"https:\/\/brasilnoticias.org\/site\/?p=18725"},"modified":"2025-11-11T08:59:02","modified_gmt":"2025-11-11T11:59:02","slug":"medica-denuncia-secretaria-de-saude-de-salvador-por-suposto-abuso-de-poder-e-demissao-armada-entenda-o-caso","status":"publish","type":"post","link":"https:\/\/brasilnoticias.org\/site\/medica-denuncia-secretaria-de-saude-de-salvador-por-suposto-abuso-de-poder-e-demissao-armada-entenda-o-caso\/","title":{"rendered":"M\u00e9dica denuncia Secretaria de Sa\u00fade de Salvador por suposto abuso de poder e \u2018demiss\u00e3o armada\u2019; entenda o caso"},"content":{"rendered":"<p>A m\u00e9dica psiquiatra Raquel Melo denunciou a Secretaria Municipal de Sa\u00fade de Salvador (SMS) por abuso de poder, ap\u00f3s ter sido desligada de forma conturbada do CAPS II Franco Basaglia, localizado no bairro de Piat\u00e3.<\/p>\n<p>Segundo Raquel, o caso teve in\u00edcio quando ela atendia um paciente que apresentava quadro grave e necessidade de interna\u00e7\u00e3o. Durante um surto, o homem teria amea\u00e7ado a m\u00e9dica e outros funcion\u00e1rios, chegando a portar uma faca dentro da unidade. Diante do risco, a psiquiatra solicitou \u00e0 SMS a interna\u00e7\u00e3o do paciente, mas o pedido n\u00e3o foi atendido. Diante da omiss\u00e3o, ela denunciou a situa\u00e7\u00e3o ao Minist\u00e9rio P\u00fablico.<\/p>\n<p>A m\u00e9dica afirma que, ap\u00f3s a den\u00fancia, a Secretaria n\u00e3o teria gostado da sua postura e decidiu demiti-la de forma irregular. De acordo com Raquel, a gerente do CAPS foi pressionada pela SMS a enviar um e-mail com cr\u00edticas falsas ao seu trabalho, para justificar o desligamento.<\/p>\n<p>O BNews teve acesso a uma liga\u00e7\u00e3o e a prints de conversas entre a m\u00e9dica e a gestora da unidade, nas quais a gerente admite ter sido for\u00e7ada a redigir o e-mail.<\/p>\n<p>\u201cEles me pediram para eu enviar esse e-mail. Acredite\u201d, afirmou a gestora em conversa com a doutora. O e-mail enviado \u00e0 Secretaria dizia:<\/p>\n<p>\u201cInformo que a postura da m\u00e9dica Dra. Raquel Melo n\u00e3o tem se mostrado adequada ao perfil de atendimento preconizado para o CAPS. A profissional tem apresentado comportamento que estimula a equipe, durante os grupos e demais momentos de trabalho, a adotar uma postura de oposi\u00e7\u00e3o aos pacientes em situa\u00e7\u00e3o de surto. Al\u00e9m disso, tem solicitado de forma recorrente que a COAPS providencie a interna\u00e7\u00e3o de todos os pacientes que chegam em quadro de desorganiza\u00e7\u00e3o mental, o que contraria as diretrizes da aten\u00e7\u00e3o psicossocial e o modelo de cuidado em liberdade adotado pela Rede de Aten\u00e7\u00e3o Psicossocial.\u201d<br \/>\nAp\u00f3s o desligamento, funcion\u00e1rios e pacientes do CAPS organizaram um abaixo-assinado com cerca de 400 assinaturas, pedindo o retorno da m\u00e9dica \u00e0 unidade.<\/p>\n<p>Durante visita ao local, a reportagem ouviu relatos de pacientes que descreveram Raquel Melo como uma profissional atenciosa e comprometida.<\/p>\n<p>O BNews procurou a Secretaria Municipal de Sa\u00fade de Salvador para obter esclarecimentos, mas, at\u00e9 o momento n\u00e3o obteve resposta. O espa\u00e7o segue aberto.<\/p>\n<p>Foto:Divulga\u00e7\u00e3o \/ BNews<br \/>\nFonte: BNews<\/p>\n","protected":false},"excerpt":{"rendered":"<p>A m\u00e9dica psiquiatra Raquel Melo denunciou a Secretaria Municipal de Sa\u00fade de Salvador (SMS) por abuso de poder, ap\u00f3s ter<\/p>\n","protected":false},"author":4,"featured_media":18726,"comment_status":"open","ping_status":"open","sticky":false,"template":"","format":"standard","meta":{"colormag_page_container_layout":"default_layout","colormag_page_sidebar_layout":"default_layout","_FSMCFIC_featured_image_caption":"","_FSMCFIC_featured_image_nocaption":"","_FSMCFIC_featured_image_hide":"","footnotes":""},"categories":[7,1],"tags":[],"class_list":["post-18725","post","type-post","status-publish","format-standard","has-post-thumbnail","hentry","category-justica","category-ultimas"],"yoast_head":"<!-- This site is optimized with the Yoast SEO plugin v27.1.1 - https:\/\/yoast.com\/product\/yoast-seo-wordpress\/ -->\n<title>M\u00e9dica denuncia Secretaria de Sa\u00fade de Salvador por suposto abuso de poder e \u2018demiss\u00e3o armada\u2019; entenda o caso - Brasil not\u00edcias<\/title>\n<meta name=\"robots\" content=\"index, follow, max-snippet:-1, max-image-preview:large, max-video-preview:-1\" \/>\n<link rel=\"canonical\" href=\"https:\/\/brasilnoticias.org\/site\/medica-denuncia-secretaria-de-saude-de-salvador-por-suposto-abuso-de-poder-e-demissao-armada-entenda-o-caso\/\" \/>\n<meta property=\"og:locale\" content=\"pt_PT\" \/>\n<meta property=\"og:type\" content=\"article\" \/>\n<meta property=\"og:title\" content=\"M\u00e9dica denuncia Secretaria de Sa\u00fade de Salvador por suposto abuso de poder e \u2018demiss\u00e3o armada\u2019; entenda o caso - Brasil not\u00edcias\" \/>\n<meta property=\"og:description\" content=\"A m\u00e9dica psiquiatra Raquel Melo denunciou a Secretaria Municipal de Sa\u00fade de Salvador (SMS) por abuso de poder, ap\u00f3s ter\" \/>\n<meta property=\"og:url\" content=\"https:\/\/brasilnoticias.org\/site\/medica-denuncia-secretaria-de-saude-de-salvador-por-suposto-abuso-de-poder-e-demissao-armada-entenda-o-caso\/\" \/>\n<meta property=\"og:site_name\" content=\"Brasil not\u00edcias\" \/>\n<meta property=\"article:published_time\" content=\"2025-11-11T11:59:02+00:00\" \/>\n<meta property=\"og:image\" content=\"https:\/\/brasilnoticias.org\/site\/wp-content\/uploads\/2025\/11\/172998stf-julga-militares-do-nucleo-3-da-tentativa-de-golpe-nesta-terca-3-1.jpg\" \/>\n\t<meta property=\"og:image:width\" content=\"1600\" \/>\n\t<meta property=\"og:image:height\" content=\"752\" \/>\n\t<meta property=\"og:image:type\" content=\"image\/jpeg\" \/>\n<meta name=\"author\" content=\"Reda\u00e7\u00e3o\" \/>\n<meta name=\"twitter:card\" content=\"summary_large_image\" \/>\n<meta name=\"twitter:label1\" content=\"Escrito por\" \/>\n\t<meta name=\"twitter:data1\" content=\"Reda\u00e7\u00e3o\" \/>\n\t<meta name=\"twitter:label2\" content=\"Tempo estimado de leitura\" \/>\n\t<meta name=\"twitter:data2\" content=\"1 minuto\" \/>\n<script type=\"application\/ld+json\" class=\"yoast-schema-graph\">{\"@context\":\"https:\/\/schema.org\",\"@graph\":[{\"@type\":\"Article\",\"@id\":\"https:\/\/brasilnoticias.org\/site\/medica-denuncia-secretaria-de-saude-de-salvador-por-suposto-abuso-de-poder-e-demissao-armada-entenda-o-caso\/#article\",\"isPartOf\":{\"@id\":\"https:\/\/brasilnoticias.org\/site\/medica-denuncia-secretaria-de-saude-de-salvador-por-suposto-abuso-de-poder-e-demissao-armada-entenda-o-caso\/\"},\"author\":{\"name\":\"Reda\u00e7\u00e3o\",\"@id\":\"https:\/\/brasilnoticias.org\/site\/#\/schema\/person\/03bbbfe6c7634ad18c26444ea39049fa\"},\"headline\":\"M\u00e9dica denuncia Secretaria de Sa\u00fade de Salvador por suposto abuso de poder e \u2018demiss\u00e3o armada\u2019; entenda o caso\",\"datePublished\":\"2025-11-11T11:59:02+00:00\",\"mainEntityOfPage\":{\"@id\":\"https:\/\/brasilnoticias.org\/site\/medica-denuncia-secretaria-de-saude-de-salvador-por-suposto-abuso-de-poder-e-demissao-armada-entenda-o-caso\/\"},\"wordCount\":427,\"commentCount\":0,\"publisher\":{\"@id\":\"https:\/\/brasilnoticias.org\/site\/#organization\"},\"image\":{\"@id\":\"https:\/\/brasilnoticias.org\/site\/medica-denuncia-secretaria-de-saude-de-salvador-por-suposto-abuso-de-poder-e-demissao-armada-entenda-o-caso\/#primaryimage\"},\"thumbnailUrl\":\"https:\/\/brasilnoticias.org\/site\/wp-content\/uploads\/2025\/11\/172998stf-julga-militares-do-nucleo-3-da-tentativa-de-golpe-nesta-terca-3-1.jpg\",\"articleSection\":[\"Justi\u00e7a\",\"\u00daltimas\"],\"inLanguage\":\"pt-PT\",\"potentialAction\":[{\"@type\":\"CommentAction\",\"name\":\"Comment\",\"target\":[\"https:\/\/brasilnoticias.org\/site\/medica-denuncia-secretaria-de-saude-de-salvador-por-suposto-abuso-de-poder-e-demissao-armada-entenda-o-caso\/#respond\"]}]},{\"@type\":\"WebPage\",\"@id\":\"https:\/\/brasilnoticias.org\/site\/medica-denuncia-secretaria-de-saude-de-salvador-por-suposto-abuso-de-poder-e-demissao-armada-entenda-o-caso\/\",\"url\":\"https:\/\/brasilnoticias.org\/site\/medica-denuncia-secretaria-de-saude-de-salvador-por-suposto-abuso-de-poder-e-demissao-armada-entenda-o-caso\/\",\"name\":\"M\u00e9dica denuncia Secretaria de Sa\u00fade de Salvador por suposto abuso de poder e \u2018demiss\u00e3o armada\u2019; entenda o caso - Brasil not\u00edcias\",\"isPartOf\":{\"@id\":\"https:\/\/brasilnoticias.org\/site\/#website\"},\"primaryImageOfPage\":{\"@id\":\"https:\/\/brasilnoticias.org\/site\/medica-denuncia-secretaria-de-saude-de-salvador-por-suposto-abuso-de-poder-e-demissao-armada-entenda-o-caso\/#primaryimage\"},\"image\":{\"@id\":\"https:\/\/brasilnoticias.org\/site\/medica-denuncia-secretaria-de-saude-de-salvador-por-suposto-abuso-de-poder-e-demissao-armada-entenda-o-caso\/#primaryimage\"},\"thumbnailUrl\":\"https:\/\/brasilnoticias.org\/site\/wp-content\/uploads\/2025\/11\/172998stf-julga-militares-do-nucleo-3-da-tentativa-de-golpe-nesta-terca-3-1.jpg\",\"datePublished\":\"2025-11-11T11:59:02+00:00\",\"breadcrumb\":{\"@id\":\"https:\/\/brasilnoticias.org\/site\/medica-denuncia-secretaria-de-saude-de-salvador-por-suposto-abuso-de-poder-e-demissao-armada-entenda-o-caso\/#breadcrumb\"},\"inLanguage\":\"pt-PT\",\"potentialAction\":[{\"@type\":\"ReadAction\",\"target\":[\"https:\/\/brasilnoticias.org\/site\/medica-denuncia-secretaria-de-saude-de-salvador-por-suposto-abuso-de-poder-e-demissao-armada-entenda-o-caso\/\"]}]},{\"@type\":\"ImageObject\",\"inLanguage\":\"pt-PT\",\"@id\":\"https:\/\/brasilnoticias.org\/site\/medica-denuncia-secretaria-de-saude-de-salvador-por-suposto-abuso-de-poder-e-demissao-armada-entenda-o-caso\/#primaryimage\",\"url\":\"https:\/\/brasilnoticias.org\/site\/wp-content\/uploads\/2025\/11\/172998stf-julga-militares-do-nucleo-3-da-tentativa-de-golpe-nesta-terca-3-1.jpg\",\"contentUrl\":\"https:\/\/brasilnoticias.org\/site\/wp-content\/uploads\/2025\/11\/172998stf-julga-militares-do-nucleo-3-da-tentativa-de-golpe-nesta-terca-3-1.jpg\",\"width\":1600,\"height\":752},{\"@type\":\"BreadcrumbList\",\"@id\":\"https:\/\/brasilnoticias.org\/site\/medica-denuncia-secretaria-de-saude-de-salvador-por-suposto-abuso-de-poder-e-demissao-armada-entenda-o-caso\/#breadcrumb\",\"itemListElement\":[{\"@type\":\"ListItem\",\"position\":1,\"name\":\"In\u00edcio\",\"item\":\"https:\/\/brasilnoticias.org\/site\/\"},{\"@type\":\"ListItem\",\"position\":2,\"name\":\"M\u00e9dica denuncia Secretaria de Sa\u00fade de Salvador por suposto abuso de poder e \u2018demiss\u00e3o armada\u2019; entenda o caso\"}]},{\"@type\":\"WebSite\",\"@id\":\"https:\/\/brasilnoticias.org\/site\/#website\",\"url\":\"https:\/\/brasilnoticias.org\/site\/\",\"name\":\"Brasil not\u00edcias\",\"description\":\"Brasil not\u00edcias\",\"publisher\":{\"@id\":\"https:\/\/brasilnoticias.org\/site\/#organization\"},\"potentialAction\":[{\"@type\":\"SearchAction\",\"target\":{\"@type\":\"EntryPoint\",\"urlTemplate\":\"https:\/\/brasilnoticias.org\/site\/?s={search_term_string}\"},\"query-input\":{\"@type\":\"PropertyValueSpecification\",\"valueRequired\":true,\"valueName\":\"search_term_string\"}}],\"inLanguage\":\"pt-PT\"},{\"@type\":\"Organization\",\"@id\":\"https:\/\/brasilnoticias.org\/site\/#organization\",\"name\":\"Brasil not\u00edcias\",\"url\":\"https:\/\/brasilnoticias.org\/site\/\",\"logo\":{\"@type\":\"ImageObject\",\"inLanguage\":\"pt-PT\",\"@id\":\"https:\/\/brasilnoticias.org\/site\/#\/schema\/logo\/image\/\",\"url\":\"https:\/\/brasilnoticias.org\/site\/wp-content\/uploads\/2022\/05\/cropped-brasilnoticias-mini.jpg\",\"contentUrl\":\"https:\/\/brasilnoticias.org\/site\/wp-content\/uploads\/2022\/05\/cropped-brasilnoticias-mini.jpg\",\"width\":314,\"height\":86,\"caption\":\"Brasil not\u00edcias\"},\"image\":{\"@id\":\"https:\/\/brasilnoticias.org\/site\/#\/schema\/logo\/image\/\"}},{\"@type\":\"Person\",\"@id\":\"https:\/\/brasilnoticias.org\/site\/#\/schema\/person\/03bbbfe6c7634ad18c26444ea39049fa\",\"name\":\"Reda\u00e7\u00e3o\",\"image\":{\"@type\":\"ImageObject\",\"inLanguage\":\"pt-PT\",\"@id\":\"https:\/\/brasilnoticias.org\/site\/#\/schema\/person\/image\/\",\"url\":\"https:\/\/secure.gravatar.com\/avatar\/9ecaf7327a696cb23ad926fedded5f1f04d7049de9e445375d55b48c001a6e42?s=96&d=mm&r=g\",\"contentUrl\":\"https:\/\/secure.gravatar.com\/avatar\/9ecaf7327a696cb23ad926fedded5f1f04d7049de9e445375d55b48c001a6e42?s=96&d=mm&r=g\",\"caption\":\"Reda\u00e7\u00e3o\"},\"url\":\"https:\/\/brasilnoticias.org\/site\/author\/henrique\/\"}]}<\/script>\n<!-- \/ Yoast SEO plugin. -->","yoast_head_json":{"title":"M\u00e9dica denuncia Secretaria de Sa\u00fade de Salvador por suposto abuso de poder e \u2018demiss\u00e3o armada\u2019; entenda o caso - Brasil not\u00edcias","robots":{"index":"index","follow":"follow","max-snippet":"max-snippet:-1","max-image-preview":"max-image-preview:large","max-video-preview":"max-video-preview:-1"},"canonical":"https:\/\/brasilnoticias.org\/site\/medica-denuncia-secretaria-de-saude-de-salvador-por-suposto-abuso-de-poder-e-demissao-armada-entenda-o-caso\/","og_locale":"pt_PT","og_type":"article","og_title":"M\u00e9dica denuncia Secretaria de Sa\u00fade de Salvador por suposto abuso de poder e \u2018demiss\u00e3o armada\u2019; entenda o caso - Brasil not\u00edcias","og_description":"A m\u00e9dica psiquiatra Raquel Melo denunciou a Secretaria Municipal de Sa\u00fade de Salvador (SMS) por abuso de poder, ap\u00f3s ter","og_url":"https:\/\/brasilnoticias.org\/site\/medica-denuncia-secretaria-de-saude-de-salvador-por-suposto-abuso-de-poder-e-demissao-armada-entenda-o-caso\/","og_site_name":"Brasil not\u00edcias","article_published_time":"2025-11-11T11:59:02+00:00","og_image":[{"width":1600,"height":752,"url":"https:\/\/brasilnoticias.org\/site\/wp-content\/uploads\/2025\/11\/172998stf-julga-militares-do-nucleo-3-da-tentativa-de-golpe-nesta-terca-3-1.jpg","type":"image\/jpeg"}],"author":"Reda\u00e7\u00e3o","twitter_card":"summary_large_image","twitter_misc":{"Escrito por":"Reda\u00e7\u00e3o","Tempo estimado de leitura":"1 minuto"},"schema":{"@context":"https:\/\/schema.org","@graph":[{"@type":"Article","@id":"https:\/\/brasilnoticias.org\/site\/medica-denuncia-secretaria-de-saude-de-salvador-por-suposto-abuso-de-poder-e-demissao-armada-entenda-o-caso\/#article","isPartOf":{"@id":"https:\/\/brasilnoticias.org\/site\/medica-denuncia-secretaria-de-saude-de-salvador-por-suposto-abuso-de-poder-e-demissao-armada-entenda-o-caso\/"},"author":{"name":"Reda\u00e7\u00e3o","@id":"https:\/\/brasilnoticias.org\/site\/#\/schema\/person\/03bbbfe6c7634ad18c26444ea39049fa"},"headline":"M\u00e9dica denuncia Secretaria de Sa\u00fade de Salvador por suposto abuso de poder e \u2018demiss\u00e3o armada\u2019; entenda o caso","datePublished":"2025-11-11T11:59:02+00:00","mainEntityOfPage":{"@id":"https:\/\/brasilnoticias.org\/site\/medica-denuncia-secretaria-de-saude-de-salvador-por-suposto-abuso-de-poder-e-demissao-armada-entenda-o-caso\/"},"wordCount":427,"commentCount":0,"publisher":{"@id":"https:\/\/brasilnoticias.org\/site\/#organization"},"image":{"@id":"https:\/\/brasilnoticias.org\/site\/medica-denuncia-secretaria-de-saude-de-salvador-por-suposto-abuso-de-poder-e-demissao-armada-entenda-o-caso\/#primaryimage"},"thumbnailUrl":"https:\/\/brasilnoticias.org\/site\/wp-content\/uploads\/2025\/11\/172998stf-julga-militares-do-nucleo-3-da-tentativa-de-golpe-nesta-terca-3-1.jpg","articleSection":["Justi\u00e7a","\u00daltimas"],"inLanguage":"pt-PT","potentialAction":[{"@type":"CommentAction","name":"Comment","target":["https:\/\/brasilnoticias.org\/site\/medica-denuncia-secretaria-de-saude-de-salvador-por-suposto-abuso-de-poder-e-demissao-armada-entenda-o-caso\/#respond"]}]},{"@type":"WebPage","@id":"https:\/\/brasilnoticias.org\/site\/medica-denuncia-secretaria-de-saude-de-salvador-por-suposto-abuso-de-poder-e-demissao-armada-entenda-o-caso\/","url":"https:\/\/brasilnoticias.org\/site\/medica-denuncia-secretaria-de-saude-de-salvador-por-suposto-abuso-de-poder-e-demissao-armada-entenda-o-caso\/","name":"M\u00e9dica denuncia Secretaria de Sa\u00fade de Salvador por suposto abuso de poder e \u2018demiss\u00e3o armada\u2019; entenda o caso - Brasil not\u00edcias","isPartOf":{"@id":"https:\/\/brasilnoticias.org\/site\/#website"},"primaryImageOfPage":{"@id":"https:\/\/brasilnoticias.org\/site\/medica-denuncia-secretaria-de-saude-de-salvador-por-suposto-abuso-de-poder-e-demissao-armada-entenda-o-caso\/#primaryimage"},"image":{"@id":"https:\/\/brasilnoticias.org\/site\/medica-denuncia-secretaria-de-saude-de-salvador-por-suposto-abuso-de-poder-e-demissao-armada-entenda-o-caso\/#primaryimage"},"thumbnailUrl":"https:\/\/brasilnoticias.org\/site\/wp-content\/uploads\/2025\/11\/172998stf-julga-militares-do-nucleo-3-da-tentativa-de-golpe-nesta-terca-3-1.jpg","datePublished":"2025-11-11T11:59:02+00:00","breadcrumb":{"@id":"https:\/\/brasilnoticias.org\/site\/medica-denuncia-secretaria-de-saude-de-salvador-por-suposto-abuso-de-poder-e-demissao-armada-entenda-o-caso\/#breadcrumb"},"inLanguage":"pt-PT","potentialAction":[{"@type":"ReadAction","target":["https:\/\/brasilnoticias.org\/site\/medica-denuncia-secretaria-de-saude-de-salvador-por-suposto-abuso-de-poder-e-demissao-armada-entenda-o-caso\/"]}]},{"@type":"ImageObject","inLanguage":"pt-PT","@id":"https:\/\/brasilnoticias.org\/site\/medica-denuncia-secretaria-de-saude-de-salvador-por-suposto-abuso-de-poder-e-demissao-armada-entenda-o-caso\/#primaryimage","url":"https:\/\/brasilnoticias.org\/site\/wp-content\/uploads\/2025\/11\/172998stf-julga-militares-do-nucleo-3-da-tentativa-de-golpe-nesta-terca-3-1.jpg","contentUrl":"https:\/\/brasilnoticias.org\/site\/wp-content\/uploads\/2025\/11\/172998stf-julga-militares-do-nucleo-3-da-tentativa-de-golpe-nesta-terca-3-1.jpg","width":1600,"height":752},{"@type":"BreadcrumbList","@id":"https:\/\/brasilnoticias.org\/site\/medica-denuncia-secretaria-de-saude-de-salvador-por-suposto-abuso-de-poder-e-demissao-armada-entenda-o-caso\/#breadcrumb","itemListElement":[{"@type":"ListItem","position":1,"name":"In\u00edcio","item":"https:\/\/brasilnoticias.org\/site\/"},{"@type":"ListItem","position":2,"name":"M\u00e9dica denuncia Secretaria de Sa\u00fade de Salvador por suposto abuso de poder e \u2018demiss\u00e3o armada\u2019; entenda o caso"}]},{"@type":"WebSite","@id":"https:\/\/brasilnoticias.org\/site\/#website","url":"https:\/\/brasilnoticias.org\/site\/","name":"Brasil not\u00edcias","description":"Brasil not\u00edcias","publisher":{"@id":"https:\/\/brasilnoticias.org\/site\/#organization"},"potentialAction":[{"@type":"SearchAction","target":{"@type":"EntryPoint","urlTemplate":"https:\/\/brasilnoticias.org\/site\/?s={search_term_string}"},"query-input":{"@type":"PropertyValueSpecification","valueRequired":true,"valueName":"search_term_string"}}],"inLanguage":"pt-PT"},{"@type":"Organization","@id":"https:\/\/brasilnoticias.org\/site\/#organization","name":"Brasil not\u00edcias","url":"https:\/\/brasilnoticias.org\/site\/","logo":{"@type":"ImageObject","inLanguage":"pt-PT","@id":"https:\/\/brasilnoticias.org\/site\/#\/schema\/logo\/image\/","url":"https:\/\/brasilnoticias.org\/site\/wp-content\/uploads\/2022\/05\/cropped-brasilnoticias-mini.jpg","contentUrl":"https:\/\/brasilnoticias.org\/site\/wp-content\/uploads\/2022\/05\/cropped-brasilnoticias-mini.jpg","width":314,"height":86,"caption":"Brasil not\u00edcias"},"image":{"@id":"https:\/\/brasilnoticias.org\/site\/#\/schema\/logo\/image\/"}},{"@type":"Person","@id":"https:\/\/brasilnoticias.org\/site\/#\/schema\/person\/03bbbfe6c7634ad18c26444ea39049fa","name":"Reda\u00e7\u00e3o","image":{"@type":"ImageObject","inLanguage":"pt-PT","@id":"https:\/\/brasilnoticias.org\/site\/#\/schema\/person\/image\/","url":"https:\/\/secure.gravatar.com\/avatar\/9ecaf7327a696cb23ad926fedded5f1f04d7049de9e445375d55b48c001a6e42?s=96&d=mm&r=g","contentUrl":"https:\/\/secure.gravatar.com\/avatar\/9ecaf7327a696cb23ad926fedded5f1f04d7049de9e445375d55b48c001a6e42?s=96&d=mm&r=g","caption":"Reda\u00e7\u00e3o"},"url":"https:\/\/brasilnoticias.org\/site\/author\/henrique\/"}]}},"_links":{"self":[{"href":"https:\/\/brasilnoticias.org\/site\/wp-json\/wp\/v2\/posts\/18725","targetHints":{"allow":["GET"]}}],"collection":[{"href":"https:\/\/brasilnoticias.org\/site\/wp-json\/wp\/v2\/posts"}],"about":[{"href":"https:\/\/brasilnoticias.org\/site\/wp-json\/wp\/v2\/types\/post"}],"author":[{"embeddable":true,"href":"https:\/\/brasilnoticias.org\/site\/wp-json\/wp\/v2\/users\/4"}],"replies":[{"embeddable":true,"href":"https:\/\/brasilnoticias.org\/site\/wp-json\/wp\/v2\/comments?post=18725"}],"version-history":[{"count":1,"href":"https:\/\/brasilnoticias.org\/site\/wp-json\/wp\/v2\/posts\/18725\/revisions"}],"predecessor-version":[{"id":18727,"href":"https:\/\/brasilnoticias.org\/site\/wp-json\/wp\/v2\/posts\/18725\/revisions\/18727"}],"wp:featuredmedia":[{"embeddable":true,"href":"https:\/\/brasilnoticias.org\/site\/wp-json\/wp\/v2\/media\/18726"}],"wp:attachment":[{"href":"https:\/\/brasilnoticias.org\/site\/wp-json\/wp\/v2\/media?parent=18725"}],"wp:term":[{"taxonomy":"category","embeddable":true,"href":"https:\/\/brasilnoticias.org\/site\/wp-json\/wp\/v2\/categories?post=18725"},{"taxonomy":"post_tag","embeddable":true,"href":"https:\/\/brasilnoticias.org\/site\/wp-json\/wp\/v2\/tags?post=18725"}],"curies":[{"name":"wp","href":"https:\/\/api.w.org\/{rel}","templated":true}]}}