{"id":18758,"date":"2025-11-14T19:26:32","date_gmt":"2025-11-14T22:26:32","guid":{"rendered":"https:\/\/brasilnoticias.org\/site\/?p=18758"},"modified":"2025-11-14T19:26:32","modified_gmt":"2025-11-14T22:26:32","slug":"cidade-da-luz-lanca-campanha-de-arrecadacao-para-o-natal-da-solidariedade-neste-sabado-15-de-novembro","status":"publish","type":"post","link":"https:\/\/brasilnoticias.org\/site\/cidade-da-luz-lanca-campanha-de-arrecadacao-para-o-natal-da-solidariedade-neste-sabado-15-de-novembro\/","title":{"rendered":"Cidade da Luz lan\u00e7a campanha de arrecada\u00e7\u00e3o para o Natal da Solidariedade neste s\u00e1bado, 15 de novembro"},"content":{"rendered":"<p>A solidariedade vai marcar o in\u00edcio das a\u00e7\u00f5es de fim de ano da Cidade da Luz. A institui\u00e7\u00e3o d\u00e1 in\u00edcio neste s\u00e1bado, 15 de novembro, \u00e0 campanha de arrecada\u00e7\u00e3o de alimentos para o seu tradicional Natal da Solidariedade, que beneficia centenas de fam\u00edlias em situa\u00e7\u00e3o de vulnerabilidade social. A coleta ser\u00e1 realizada durante os turnos da manh\u00e3 e da tarde nas lojas do Atakarejo da Paralela e da Vasco da Gama, onde volunt\u00e1rios identificados com coletes e crach\u00e1s da Cidade da Luz estar\u00e3o recebendo as doa\u00e7\u00f5es. Os interessados tamb\u00e9m podem contribuir diretamente na sede da institui\u00e7\u00e3o, localizada na Rua Barreto Pedroso, 295, em Pitua\u00e7u. Entre os itens que podem ser doados est\u00e3o feij\u00e3o, arroz, macarr\u00e3o, farinha de mandioca, caf\u00e9, leite em p\u00f3, a\u00e7\u00facar, biscoito cream cracker, floc\u00e3o de milho e \u00f3leo de soja. A campanha tamb\u00e9m aceita doa\u00e7\u00f5es financeiras, que podem ser realizadas pelo site oficial: www.cidadedaluz.com.br<\/p>\n<p>O Natal da Solidariedade \u00e9 uma importante a\u00e7\u00e3o do calend\u00e1rio social da Cidade da Luz e tem como objetivo garantir uma ceia digna a fam\u00edlias assistidas pela institui\u00e7\u00e3o e a grupos parceiros, al\u00e9m de outras entidades que acolhem crian\u00e7as, idosos, pessoas com defici\u00eancia e indiv\u00edduos em situa\u00e7\u00e3o de vulnerabilidade, incluindo aqueles que enfrentam o uso abusivo de \u00e1lcool e outras drogas. \u201cEste \u00e9 um momento de uni\u00e3o e de empatia. Cada doa\u00e7\u00e3o representa um gesto de amor que faz diferen\u00e7a real na mesa de quem precisa\u201d, destaca a equipe organizadora da campanha.<\/p>\n<p>Fundada e presidida h\u00e1 47 anos pelo m\u00e9dium Jos\u00e9 Medrado, a Cidade da Luz \u00e9 uma institui\u00e7\u00e3o sem fins lucrativos reconhecida pelo seu trabalho social e espiritual. Suas a\u00e7\u00f5es beneficiam milhares de pessoas todos os anos, atrav\u00e9s de projetos como o Bus\u00e3o da Solidariedade, o Ambulat\u00f3rio Dr. Bezerra de Menezes, a Escola Carlos Murion e o Centro de Cultura e Arte Pai Jo\u00e3o, entre outros.<\/p>\n<p>Mantida por doa\u00e7\u00f5es e eventos beneficentes, como bingos, bazares e jantares solid\u00e1rios, a institui\u00e7\u00e3o tamb\u00e9m gera recursos atrav\u00e9s do Espa\u00e7o Renoir, que exp\u00f5e obras medi\u00fanicas de Jos\u00e9 Medrado, e do Brech\u00f3 da Luz, ambos com toda a renda revertida para os projetos assistenciais.<\/p>\n<p>Projetos desenvolvidos pela Cidade da Luz:<\/p>\n<p>Centro de Cultura e Arte Pai Jo\u00e3o : Realiza a\u00e7\u00f5es socioeducativas e culturais, com oficinas gratuitas de hip hop, ballet, capoeira e jiu-jitsu; oficinas de beleza-cabeleireiro; gin\u00e1stica para m\u00e3es; c\u00e3oterapia; al\u00e9m de cursos em parceria com o SESC.<\/p>\n<p>Escola Carlos Murion : A unidade educacional funciona, em parceria com a Prefeitura Municipal de Salvador, oferecendo Educa\u00e7\u00e3o Infantil e Ensino Fundamental, com capacidade para 300 estudantes. <\/p>\n<p>Ambulat\u00f3rio Dr. Bezerra de Menezes : Oferece assist\u00eancia de sa\u00fade gratuita, m\u00e9dica e odontol\u00f3gica, para a popula\u00e7\u00e3o carente, atrav\u00e9s de consultas e tratamentos com profissionais de sa\u00fade, todos volunt\u00e1rios. <\/p>\n<p>Caravana Fraterna Carlos Murion e o Grupo de Assist\u00eancia Chico Xavier : Iniciativas visam dar assist\u00eancia a pessoas em situa\u00e7\u00e3o de risco social, bem como a outras institui\u00e7\u00f5es (abrigos e asilos), oferecendo encaminhamento m\u00e9dico e odontol\u00f3gico. <\/p>\n<p>Bus\u00e3o da Solidariedade: Concebido para oferecer banho e alimenta\u00e7\u00e3o gratuitamente para p\u00fablicos bastante diversificados, formado por jovens em situa\u00e7\u00e3o de risco social, pessoas desalentadas que est\u00e3o passando por dificuldades econ\u00f4micas graves e foram para as ruas, cadeirantes, usu\u00e1rios de subst\u00e2ncias psicoativas, v\u00edtimas de preconceito por g\u00eanero, entre outros.<\/p>\n<p>N\u00facleo de Psicologia Pablo Duran: Oferece atendimento psicol\u00f3gico a pessoas de baixa renda, contando com psic\u00f3logos volunt\u00e1rios.<\/p>\n","protected":false},"excerpt":{"rendered":"<p>A solidariedade vai marcar o in\u00edcio das a\u00e7\u00f5es de fim de ano da Cidade da Luz. A institui\u00e7\u00e3o d\u00e1 in\u00edcio<\/p>\n","protected":false},"author":4,"featured_media":18759,"comment_status":"open","ping_status":"open","sticky":false,"template":"","format":"standard","meta":{"colormag_page_container_layout":"default_layout","colormag_page_sidebar_layout":"default_layout","_FSMCFIC_featured_image_caption":"","_FSMCFIC_featured_image_nocaption":"","_FSMCFIC_featured_image_hide":"","footnotes":""},"categories":[2,1],"tags":[],"class_list":["post-18758","post","type-post","status-publish","format-standard","has-post-thumbnail","hentry","category-noticias","category-ultimas"],"yoast_head":"<!-- This site is optimized with the Yoast SEO plugin v27.1.1 - https:\/\/yoast.com\/product\/yoast-seo-wordpress\/ -->\n<title>Cidade da Luz lan\u00e7a campanha de arrecada\u00e7\u00e3o para o Natal da Solidariedade neste s\u00e1bado, 15 de novembro - Brasil not\u00edcias<\/title>\n<meta name=\"robots\" content=\"index, follow, max-snippet:-1, max-image-preview:large, max-video-preview:-1\" \/>\n<link rel=\"canonical\" href=\"https:\/\/brasilnoticias.org\/site\/cidade-da-luz-lanca-campanha-de-arrecadacao-para-o-natal-da-solidariedade-neste-sabado-15-de-novembro\/\" \/>\n<meta property=\"og:locale\" content=\"pt_PT\" \/>\n<meta property=\"og:type\" content=\"article\" \/>\n<meta property=\"og:title\" content=\"Cidade da Luz lan\u00e7a campanha de arrecada\u00e7\u00e3o para o Natal da Solidariedade neste s\u00e1bado, 15 de novembro - Brasil not\u00edcias\" \/>\n<meta property=\"og:description\" content=\"A solidariedade vai marcar o in\u00edcio das a\u00e7\u00f5es de fim de ano da Cidade da Luz. A institui\u00e7\u00e3o d\u00e1 in\u00edcio\" \/>\n<meta property=\"og:url\" content=\"https:\/\/brasilnoticias.org\/site\/cidade-da-luz-lanca-campanha-de-arrecadacao-para-o-natal-da-solidariedade-neste-sabado-15-de-novembro\/\" \/>\n<meta property=\"og:site_name\" content=\"Brasil not\u00edcias\" \/>\n<meta property=\"article:published_time\" content=\"2025-11-14T22:26:32+00:00\" \/>\n<meta property=\"og:image\" content=\"https:\/\/brasilnoticias.org\/site\/wp-content\/uploads\/2025\/11\/WhatsApp-Image-2025-11-13-at-13.01.41.jpeg\" \/>\n\t<meta property=\"og:image:width\" content=\"596\" \/>\n\t<meta property=\"og:image:height\" content=\"414\" \/>\n\t<meta property=\"og:image:type\" content=\"image\/jpeg\" \/>\n<meta name=\"author\" content=\"Reda\u00e7\u00e3o\" \/>\n<meta name=\"twitter:card\" content=\"summary_large_image\" \/>\n<meta name=\"twitter:label1\" content=\"Escrito por\" \/>\n\t<meta name=\"twitter:data1\" content=\"Reda\u00e7\u00e3o\" \/>\n\t<meta name=\"twitter:label2\" content=\"Tempo estimado de leitura\" \/>\n\t<meta name=\"twitter:data2\" content=\"1 minuto\" \/>\n<script type=\"application\/ld+json\" class=\"yoast-schema-graph\">{\"@context\":\"https:\/\/schema.org\",\"@graph\":[{\"@type\":\"Article\",\"@id\":\"https:\/\/brasilnoticias.org\/site\/cidade-da-luz-lanca-campanha-de-arrecadacao-para-o-natal-da-solidariedade-neste-sabado-15-de-novembro\/#article\",\"isPartOf\":{\"@id\":\"https:\/\/brasilnoticias.org\/site\/cidade-da-luz-lanca-campanha-de-arrecadacao-para-o-natal-da-solidariedade-neste-sabado-15-de-novembro\/\"},\"author\":{\"name\":\"Reda\u00e7\u00e3o\",\"@id\":\"https:\/\/brasilnoticias.org\/site\/#\/schema\/person\/03bbbfe6c7634ad18c26444ea39049fa\"},\"headline\":\"Cidade da Luz lan\u00e7a campanha de arrecada\u00e7\u00e3o para o Natal da Solidariedade neste s\u00e1bado, 15 de novembro\",\"datePublished\":\"2025-11-14T22:26:32+00:00\",\"mainEntityOfPage\":{\"@id\":\"https:\/\/brasilnoticias.org\/site\/cidade-da-luz-lanca-campanha-de-arrecadacao-para-o-natal-da-solidariedade-neste-sabado-15-de-novembro\/\"},\"wordCount\":643,\"commentCount\":0,\"publisher\":{\"@id\":\"https:\/\/brasilnoticias.org\/site\/#organization\"},\"image\":{\"@id\":\"https:\/\/brasilnoticias.org\/site\/cidade-da-luz-lanca-campanha-de-arrecadacao-para-o-natal-da-solidariedade-neste-sabado-15-de-novembro\/#primaryimage\"},\"thumbnailUrl\":\"https:\/\/brasilnoticias.org\/site\/wp-content\/uploads\/2025\/11\/WhatsApp-Image-2025-11-13-at-13.01.41.jpeg\",\"articleSection\":[\"Not\u00edcias\",\"\u00daltimas\"],\"inLanguage\":\"pt-PT\",\"potentialAction\":[{\"@type\":\"CommentAction\",\"name\":\"Comment\",\"target\":[\"https:\/\/brasilnoticias.org\/site\/cidade-da-luz-lanca-campanha-de-arrecadacao-para-o-natal-da-solidariedade-neste-sabado-15-de-novembro\/#respond\"]}]},{\"@type\":\"WebPage\",\"@id\":\"https:\/\/brasilnoticias.org\/site\/cidade-da-luz-lanca-campanha-de-arrecadacao-para-o-natal-da-solidariedade-neste-sabado-15-de-novembro\/\",\"url\":\"https:\/\/brasilnoticias.org\/site\/cidade-da-luz-lanca-campanha-de-arrecadacao-para-o-natal-da-solidariedade-neste-sabado-15-de-novembro\/\",\"name\":\"Cidade da Luz lan\u00e7a campanha de arrecada\u00e7\u00e3o para o Natal da Solidariedade neste s\u00e1bado, 15 de novembro - Brasil not\u00edcias\",\"isPartOf\":{\"@id\":\"https:\/\/brasilnoticias.org\/site\/#website\"},\"primaryImageOfPage\":{\"@id\":\"https:\/\/brasilnoticias.org\/site\/cidade-da-luz-lanca-campanha-de-arrecadacao-para-o-natal-da-solidariedade-neste-sabado-15-de-novembro\/#primaryimage\"},\"image\":{\"@id\":\"https:\/\/brasilnoticias.org\/site\/cidade-da-luz-lanca-campanha-de-arrecadacao-para-o-natal-da-solidariedade-neste-sabado-15-de-novembro\/#primaryimage\"},\"thumbnailUrl\":\"https:\/\/brasilnoticias.org\/site\/wp-content\/uploads\/2025\/11\/WhatsApp-Image-2025-11-13-at-13.01.41.jpeg\",\"datePublished\":\"2025-11-14T22:26:32+00:00\",\"breadcrumb\":{\"@id\":\"https:\/\/brasilnoticias.org\/site\/cidade-da-luz-lanca-campanha-de-arrecadacao-para-o-natal-da-solidariedade-neste-sabado-15-de-novembro\/#breadcrumb\"},\"inLanguage\":\"pt-PT\",\"potentialAction\":[{\"@type\":\"ReadAction\",\"target\":[\"https:\/\/brasilnoticias.org\/site\/cidade-da-luz-lanca-campanha-de-arrecadacao-para-o-natal-da-solidariedade-neste-sabado-15-de-novembro\/\"]}]},{\"@type\":\"ImageObject\",\"inLanguage\":\"pt-PT\",\"@id\":\"https:\/\/brasilnoticias.org\/site\/cidade-da-luz-lanca-campanha-de-arrecadacao-para-o-natal-da-solidariedade-neste-sabado-15-de-novembro\/#primaryimage\",\"url\":\"https:\/\/brasilnoticias.org\/site\/wp-content\/uploads\/2025\/11\/WhatsApp-Image-2025-11-13-at-13.01.41.jpeg\",\"contentUrl\":\"https:\/\/brasilnoticias.org\/site\/wp-content\/uploads\/2025\/11\/WhatsApp-Image-2025-11-13-at-13.01.41.jpeg\",\"width\":596,\"height\":414},{\"@type\":\"BreadcrumbList\",\"@id\":\"https:\/\/brasilnoticias.org\/site\/cidade-da-luz-lanca-campanha-de-arrecadacao-para-o-natal-da-solidariedade-neste-sabado-15-de-novembro\/#breadcrumb\",\"itemListElement\":[{\"@type\":\"ListItem\",\"position\":1,\"name\":\"In\u00edcio\",\"item\":\"https:\/\/brasilnoticias.org\/site\/\"},{\"@type\":\"ListItem\",\"position\":2,\"name\":\"Cidade da Luz lan\u00e7a campanha de arrecada\u00e7\u00e3o para o Natal da Solidariedade neste s\u00e1bado, 15 de novembro\"}]},{\"@type\":\"WebSite\",\"@id\":\"https:\/\/brasilnoticias.org\/site\/#website\",\"url\":\"https:\/\/brasilnoticias.org\/site\/\",\"name\":\"Brasil not\u00edcias\",\"description\":\"Brasil not\u00edcias\",\"publisher\":{\"@id\":\"https:\/\/brasilnoticias.org\/site\/#organization\"},\"potentialAction\":[{\"@type\":\"SearchAction\",\"target\":{\"@type\":\"EntryPoint\",\"urlTemplate\":\"https:\/\/brasilnoticias.org\/site\/?s={search_term_string}\"},\"query-input\":{\"@type\":\"PropertyValueSpecification\",\"valueRequired\":true,\"valueName\":\"search_term_string\"}}],\"inLanguage\":\"pt-PT\"},{\"@type\":\"Organization\",\"@id\":\"https:\/\/brasilnoticias.org\/site\/#organization\",\"name\":\"Brasil not\u00edcias\",\"url\":\"https:\/\/brasilnoticias.org\/site\/\",\"logo\":{\"@type\":\"ImageObject\",\"inLanguage\":\"pt-PT\",\"@id\":\"https:\/\/brasilnoticias.org\/site\/#\/schema\/logo\/image\/\",\"url\":\"https:\/\/brasilnoticias.org\/site\/wp-content\/uploads\/2022\/05\/cropped-brasilnoticias-mini.jpg\",\"contentUrl\":\"https:\/\/brasilnoticias.org\/site\/wp-content\/uploads\/2022\/05\/cropped-brasilnoticias-mini.jpg\",\"width\":314,\"height\":86,\"caption\":\"Brasil not\u00edcias\"},\"image\":{\"@id\":\"https:\/\/brasilnoticias.org\/site\/#\/schema\/logo\/image\/\"}},{\"@type\":\"Person\",\"@id\":\"https:\/\/brasilnoticias.org\/site\/#\/schema\/person\/03bbbfe6c7634ad18c26444ea39049fa\",\"name\":\"Reda\u00e7\u00e3o\",\"image\":{\"@type\":\"ImageObject\",\"inLanguage\":\"pt-PT\",\"@id\":\"https:\/\/brasilnoticias.org\/site\/#\/schema\/person\/image\/\",\"url\":\"https:\/\/secure.gravatar.com\/avatar\/9ecaf7327a696cb23ad926fedded5f1f04d7049de9e445375d55b48c001a6e42?s=96&d=mm&r=g\",\"contentUrl\":\"https:\/\/secure.gravatar.com\/avatar\/9ecaf7327a696cb23ad926fedded5f1f04d7049de9e445375d55b48c001a6e42?s=96&d=mm&r=g\",\"caption\":\"Reda\u00e7\u00e3o\"},\"url\":\"https:\/\/brasilnoticias.org\/site\/author\/henrique\/\"}]}<\/script>\n<!-- \/ Yoast SEO plugin. -->","yoast_head_json":{"title":"Cidade da Luz lan\u00e7a campanha de arrecada\u00e7\u00e3o para o Natal da Solidariedade neste s\u00e1bado, 15 de novembro - Brasil not\u00edcias","robots":{"index":"index","follow":"follow","max-snippet":"max-snippet:-1","max-image-preview":"max-image-preview:large","max-video-preview":"max-video-preview:-1"},"canonical":"https:\/\/brasilnoticias.org\/site\/cidade-da-luz-lanca-campanha-de-arrecadacao-para-o-natal-da-solidariedade-neste-sabado-15-de-novembro\/","og_locale":"pt_PT","og_type":"article","og_title":"Cidade da Luz lan\u00e7a campanha de arrecada\u00e7\u00e3o para o Natal da Solidariedade neste s\u00e1bado, 15 de novembro - Brasil not\u00edcias","og_description":"A solidariedade vai marcar o in\u00edcio das a\u00e7\u00f5es de fim de ano da Cidade da Luz. A institui\u00e7\u00e3o d\u00e1 in\u00edcio","og_url":"https:\/\/brasilnoticias.org\/site\/cidade-da-luz-lanca-campanha-de-arrecadacao-para-o-natal-da-solidariedade-neste-sabado-15-de-novembro\/","og_site_name":"Brasil not\u00edcias","article_published_time":"2025-11-14T22:26:32+00:00","og_image":[{"width":596,"height":414,"url":"https:\/\/brasilnoticias.org\/site\/wp-content\/uploads\/2025\/11\/WhatsApp-Image-2025-11-13-at-13.01.41.jpeg","type":"image\/jpeg"}],"author":"Reda\u00e7\u00e3o","twitter_card":"summary_large_image","twitter_misc":{"Escrito por":"Reda\u00e7\u00e3o","Tempo estimado de leitura":"1 minuto"},"schema":{"@context":"https:\/\/schema.org","@graph":[{"@type":"Article","@id":"https:\/\/brasilnoticias.org\/site\/cidade-da-luz-lanca-campanha-de-arrecadacao-para-o-natal-da-solidariedade-neste-sabado-15-de-novembro\/#article","isPartOf":{"@id":"https:\/\/brasilnoticias.org\/site\/cidade-da-luz-lanca-campanha-de-arrecadacao-para-o-natal-da-solidariedade-neste-sabado-15-de-novembro\/"},"author":{"name":"Reda\u00e7\u00e3o","@id":"https:\/\/brasilnoticias.org\/site\/#\/schema\/person\/03bbbfe6c7634ad18c26444ea39049fa"},"headline":"Cidade da Luz lan\u00e7a campanha de arrecada\u00e7\u00e3o para o Natal da Solidariedade neste s\u00e1bado, 15 de novembro","datePublished":"2025-11-14T22:26:32+00:00","mainEntityOfPage":{"@id":"https:\/\/brasilnoticias.org\/site\/cidade-da-luz-lanca-campanha-de-arrecadacao-para-o-natal-da-solidariedade-neste-sabado-15-de-novembro\/"},"wordCount":643,"commentCount":0,"publisher":{"@id":"https:\/\/brasilnoticias.org\/site\/#organization"},"image":{"@id":"https:\/\/brasilnoticias.org\/site\/cidade-da-luz-lanca-campanha-de-arrecadacao-para-o-natal-da-solidariedade-neste-sabado-15-de-novembro\/#primaryimage"},"thumbnailUrl":"https:\/\/brasilnoticias.org\/site\/wp-content\/uploads\/2025\/11\/WhatsApp-Image-2025-11-13-at-13.01.41.jpeg","articleSection":["Not\u00edcias","\u00daltimas"],"inLanguage":"pt-PT","potentialAction":[{"@type":"CommentAction","name":"Comment","target":["https:\/\/brasilnoticias.org\/site\/cidade-da-luz-lanca-campanha-de-arrecadacao-para-o-natal-da-solidariedade-neste-sabado-15-de-novembro\/#respond"]}]},{"@type":"WebPage","@id":"https:\/\/brasilnoticias.org\/site\/cidade-da-luz-lanca-campanha-de-arrecadacao-para-o-natal-da-solidariedade-neste-sabado-15-de-novembro\/","url":"https:\/\/brasilnoticias.org\/site\/cidade-da-luz-lanca-campanha-de-arrecadacao-para-o-natal-da-solidariedade-neste-sabado-15-de-novembro\/","name":"Cidade da Luz lan\u00e7a campanha de arrecada\u00e7\u00e3o para o Natal da Solidariedade neste s\u00e1bado, 15 de novembro - Brasil not\u00edcias","isPartOf":{"@id":"https:\/\/brasilnoticias.org\/site\/#website"},"primaryImageOfPage":{"@id":"https:\/\/brasilnoticias.org\/site\/cidade-da-luz-lanca-campanha-de-arrecadacao-para-o-natal-da-solidariedade-neste-sabado-15-de-novembro\/#primaryimage"},"image":{"@id":"https:\/\/brasilnoticias.org\/site\/cidade-da-luz-lanca-campanha-de-arrecadacao-para-o-natal-da-solidariedade-neste-sabado-15-de-novembro\/#primaryimage"},"thumbnailUrl":"https:\/\/brasilnoticias.org\/site\/wp-content\/uploads\/2025\/11\/WhatsApp-Image-2025-11-13-at-13.01.41.jpeg","datePublished":"2025-11-14T22:26:32+00:00","breadcrumb":{"@id":"https:\/\/brasilnoticias.org\/site\/cidade-da-luz-lanca-campanha-de-arrecadacao-para-o-natal-da-solidariedade-neste-sabado-15-de-novembro\/#breadcrumb"},"inLanguage":"pt-PT","potentialAction":[{"@type":"ReadAction","target":["https:\/\/brasilnoticias.org\/site\/cidade-da-luz-lanca-campanha-de-arrecadacao-para-o-natal-da-solidariedade-neste-sabado-15-de-novembro\/"]}]},{"@type":"ImageObject","inLanguage":"pt-PT","@id":"https:\/\/brasilnoticias.org\/site\/cidade-da-luz-lanca-campanha-de-arrecadacao-para-o-natal-da-solidariedade-neste-sabado-15-de-novembro\/#primaryimage","url":"https:\/\/brasilnoticias.org\/site\/wp-content\/uploads\/2025\/11\/WhatsApp-Image-2025-11-13-at-13.01.41.jpeg","contentUrl":"https:\/\/brasilnoticias.org\/site\/wp-content\/uploads\/2025\/11\/WhatsApp-Image-2025-11-13-at-13.01.41.jpeg","width":596,"height":414},{"@type":"BreadcrumbList","@id":"https:\/\/brasilnoticias.org\/site\/cidade-da-luz-lanca-campanha-de-arrecadacao-para-o-natal-da-solidariedade-neste-sabado-15-de-novembro\/#breadcrumb","itemListElement":[{"@type":"ListItem","position":1,"name":"In\u00edcio","item":"https:\/\/brasilnoticias.org\/site\/"},{"@type":"ListItem","position":2,"name":"Cidade da Luz lan\u00e7a campanha de arrecada\u00e7\u00e3o para o Natal da Solidariedade neste s\u00e1bado, 15 de novembro"}]},{"@type":"WebSite","@id":"https:\/\/brasilnoticias.org\/site\/#website","url":"https:\/\/brasilnoticias.org\/site\/","name":"Brasil not\u00edcias","description":"Brasil not\u00edcias","publisher":{"@id":"https:\/\/brasilnoticias.org\/site\/#organization"},"potentialAction":[{"@type":"SearchAction","target":{"@type":"EntryPoint","urlTemplate":"https:\/\/brasilnoticias.org\/site\/?s={search_term_string}"},"query-input":{"@type":"PropertyValueSpecification","valueRequired":true,"valueName":"search_term_string"}}],"inLanguage":"pt-PT"},{"@type":"Organization","@id":"https:\/\/brasilnoticias.org\/site\/#organization","name":"Brasil not\u00edcias","url":"https:\/\/brasilnoticias.org\/site\/","logo":{"@type":"ImageObject","inLanguage":"pt-PT","@id":"https:\/\/brasilnoticias.org\/site\/#\/schema\/logo\/image\/","url":"https:\/\/brasilnoticias.org\/site\/wp-content\/uploads\/2022\/05\/cropped-brasilnoticias-mini.jpg","contentUrl":"https:\/\/brasilnoticias.org\/site\/wp-content\/uploads\/2022\/05\/cropped-brasilnoticias-mini.jpg","width":314,"height":86,"caption":"Brasil not\u00edcias"},"image":{"@id":"https:\/\/brasilnoticias.org\/site\/#\/schema\/logo\/image\/"}},{"@type":"Person","@id":"https:\/\/brasilnoticias.org\/site\/#\/schema\/person\/03bbbfe6c7634ad18c26444ea39049fa","name":"Reda\u00e7\u00e3o","image":{"@type":"ImageObject","inLanguage":"pt-PT","@id":"https:\/\/brasilnoticias.org\/site\/#\/schema\/person\/image\/","url":"https:\/\/secure.gravatar.com\/avatar\/9ecaf7327a696cb23ad926fedded5f1f04d7049de9e445375d55b48c001a6e42?s=96&d=mm&r=g","contentUrl":"https:\/\/secure.gravatar.com\/avatar\/9ecaf7327a696cb23ad926fedded5f1f04d7049de9e445375d55b48c001a6e42?s=96&d=mm&r=g","caption":"Reda\u00e7\u00e3o"},"url":"https:\/\/brasilnoticias.org\/site\/author\/henrique\/"}]}},"_links":{"self":[{"href":"https:\/\/brasilnoticias.org\/site\/wp-json\/wp\/v2\/posts\/18758","targetHints":{"allow":["GET"]}}],"collection":[{"href":"https:\/\/brasilnoticias.org\/site\/wp-json\/wp\/v2\/posts"}],"about":[{"href":"https:\/\/brasilnoticias.org\/site\/wp-json\/wp\/v2\/types\/post"}],"author":[{"embeddable":true,"href":"https:\/\/brasilnoticias.org\/site\/wp-json\/wp\/v2\/users\/4"}],"replies":[{"embeddable":true,"href":"https:\/\/brasilnoticias.org\/site\/wp-json\/wp\/v2\/comments?post=18758"}],"version-history":[{"count":1,"href":"https:\/\/brasilnoticias.org\/site\/wp-json\/wp\/v2\/posts\/18758\/revisions"}],"predecessor-version":[{"id":18760,"href":"https:\/\/brasilnoticias.org\/site\/wp-json\/wp\/v2\/posts\/18758\/revisions\/18760"}],"wp:featuredmedia":[{"embeddable":true,"href":"https:\/\/brasilnoticias.org\/site\/wp-json\/wp\/v2\/media\/18759"}],"wp:attachment":[{"href":"https:\/\/brasilnoticias.org\/site\/wp-json\/wp\/v2\/media?parent=18758"}],"wp:term":[{"taxonomy":"category","embeddable":true,"href":"https:\/\/brasilnoticias.org\/site\/wp-json\/wp\/v2\/categories?post=18758"},{"taxonomy":"post_tag","embeddable":true,"href":"https:\/\/brasilnoticias.org\/site\/wp-json\/wp\/v2\/tags?post=18758"}],"curies":[{"name":"wp","href":"https:\/\/api.w.org\/{rel}","templated":true}]}}