{"id":18779,"date":"2025-11-17T09:57:52","date_gmt":"2025-11-17T12:57:52","guid":{"rendered":"https:\/\/brasilnoticias.org\/site\/?p=18779"},"modified":"2025-11-17T09:57:52","modified_gmt":"2025-11-17T12:57:52","slug":"moraes-ja-escolheu-a-cela-de-bolsonaro-e-decidiu-quais-mordomias-ele-podera-ter-acesso","status":"publish","type":"post","link":"https:\/\/brasilnoticias.org\/site\/moraes-ja-escolheu-a-cela-de-bolsonaro-e-decidiu-quais-mordomias-ele-podera-ter-acesso\/","title":{"rendered":"Moraes j\u00e1 escolheu a cela de Bolsonaro e decidiu quais mordomias ele poder\u00e1 ter acesso"},"content":{"rendered":"<div>\n<p>O ministro Alexandre de Moraes<\/a> (STF), pretende colocar o ex-presidente Jair Bolsonaro em uma cela especial na Papuda, em Bras\u00edlia.<\/p>\n<p>O lugar tem paredes brancas, ar-condicionado e televis\u00e3o. De acordo com a coluna Metr\u00f3poles, o ministro j\u00e1 viu fotos e aprovou a instala\u00e7\u00e3o.<\/p>\n<p>A cela est\u00e1 sendo arrumada para receber Bolsonaro<\/a>, que hoje est\u00e1 em pris\u00e3o domiciliar. Pessoas pr\u00f3ximas a ele acham que o STF vai mandar transferi-lo na semana que vem, depois de negar os recursos apresentados pelo ex-presidente.<\/p>\n<p>Mesmo assim, a previs\u00e3o \u00e9 que ele fique pouco tempo na cela. At\u00e9 ministros amigos de Moraes dizem que o Supremo deve aceitar um pedido da defesa para voltar \u00e0 pris\u00e3o domiciliar, por causa da sa\u00fade.<\/p>\n<p>O mesmo aconteceu em maio deste ano com o ex-presidente Fernando Collor, condenado a 8 anos e 10 meses de reclus\u00e3o por corrup\u00e7\u00e3o.<\/p>\n<\/p><\/div>\n","protected":false},"excerpt":{"rendered":"<p>O ministro Alexandre de Moraes (STF), pretende colocar o ex-presidente Jair Bolsonaro em uma cela especial na Papuda, em Bras\u00edlia.<\/p>\n","protected":false},"author":25,"featured_media":18780,"comment_status":"open","ping_status":"open","sticky":false,"template":"","format":"standard","meta":{"colormag_page_container_layout":"default_layout","colormag_page_sidebar_layout":"default_layout","_FSMCFIC_featured_image_caption":"","_FSMCFIC_featured_image_nocaption":"","_FSMCFIC_featured_image_hide":"","footnotes":""},"categories":[1],"tags":[],"class_list":["post-18779","post","type-post","status-publish","format-standard","has-post-thumbnail","hentry","category-ultimas"],"yoast_head":"<!-- This site is optimized with the Yoast SEO plugin v27.1.1 - https:\/\/yoast.com\/product\/yoast-seo-wordpress\/ -->\n<title>Moraes j\u00e1 escolheu a cela de Bolsonaro e decidiu quais mordomias ele poder\u00e1 ter acesso - Brasil not\u00edcias<\/title>\n<meta name=\"robots\" content=\"index, follow, max-snippet:-1, max-image-preview:large, max-video-preview:-1\" \/>\n<link rel=\"canonical\" href=\"https:\/\/brasilnoticias.org\/site\/moraes-ja-escolheu-a-cela-de-bolsonaro-e-decidiu-quais-mordomias-ele-podera-ter-acesso\/\" \/>\n<meta property=\"og:locale\" content=\"pt_PT\" \/>\n<meta property=\"og:type\" content=\"article\" \/>\n<meta property=\"og:title\" content=\"Moraes j\u00e1 escolheu a cela de Bolsonaro e decidiu quais mordomias ele poder\u00e1 ter acesso - Brasil not\u00edcias\" \/>\n<meta property=\"og:description\" content=\"O ministro Alexandre de Moraes (STF), pretende colocar o ex-presidente Jair Bolsonaro em uma cela especial na Papuda, em Bras\u00edlia.\" \/>\n<meta property=\"og:url\" content=\"https:\/\/brasilnoticias.org\/site\/moraes-ja-escolheu-a-cela-de-bolsonaro-e-decidiu-quais-mordomias-ele-podera-ter-acesso\/\" \/>\n<meta property=\"og:site_name\" content=\"Brasil not\u00edcias\" \/>\n<meta property=\"article:published_time\" content=\"2025-11-17T12:57:52+00:00\" \/>\n<meta property=\"og:image\" content=\"https:\/\/brasilnoticias.org\/site\/wp-content\/uploads\/2025\/11\/tv-globo_widelg.png\" \/>\n\t<meta property=\"og:image:width\" content=\"800\" \/>\n\t<meta property=\"og:image:height\" content=\"450\" \/>\n\t<meta property=\"og:image:type\" content=\"image\/png\" \/>\n<meta name=\"author\" content=\"Rebeca Santos\" \/>\n<meta name=\"twitter:card\" content=\"summary_large_image\" \/>\n<meta name=\"twitter:label1\" content=\"Escrito por\" \/>\n\t<meta name=\"twitter:data1\" content=\"Rebeca Santos\" \/>\n\t<meta name=\"twitter:label2\" content=\"Tempo estimado de leitura\" \/>\n\t<meta name=\"twitter:data2\" content=\"1 minuto\" \/>\n<script type=\"application\/ld+json\" class=\"yoast-schema-graph\">{\"@context\":\"https:\/\/schema.org\",\"@graph\":[{\"@type\":\"Article\",\"@id\":\"https:\/\/brasilnoticias.org\/site\/moraes-ja-escolheu-a-cela-de-bolsonaro-e-decidiu-quais-mordomias-ele-podera-ter-acesso\/#article\",\"isPartOf\":{\"@id\":\"https:\/\/brasilnoticias.org\/site\/moraes-ja-escolheu-a-cela-de-bolsonaro-e-decidiu-quais-mordomias-ele-podera-ter-acesso\/\"},\"author\":{\"name\":\"Rebeca Santos\",\"@id\":\"https:\/\/brasilnoticias.org\/site\/#\/schema\/person\/2a5e6f99aa2b5f6475452e14adc4ad6c\"},\"headline\":\"Moraes j\u00e1 escolheu a cela de Bolsonaro e decidiu quais mordomias ele poder\u00e1 ter acesso\",\"datePublished\":\"2025-11-17T12:57:52+00:00\",\"mainEntityOfPage\":{\"@id\":\"https:\/\/brasilnoticias.org\/site\/moraes-ja-escolheu-a-cela-de-bolsonaro-e-decidiu-quais-mordomias-ele-podera-ter-acesso\/\"},\"wordCount\":161,\"commentCount\":0,\"publisher\":{\"@id\":\"https:\/\/brasilnoticias.org\/site\/#organization\"},\"image\":{\"@id\":\"https:\/\/brasilnoticias.org\/site\/moraes-ja-escolheu-a-cela-de-bolsonaro-e-decidiu-quais-mordomias-ele-podera-ter-acesso\/#primaryimage\"},\"thumbnailUrl\":\"https:\/\/brasilnoticias.org\/site\/wp-content\/uploads\/2025\/11\/tv-globo_widelg.png\",\"articleSection\":[\"\u00daltimas\"],\"inLanguage\":\"pt-PT\",\"potentialAction\":[{\"@type\":\"CommentAction\",\"name\":\"Comment\",\"target\":[\"https:\/\/brasilnoticias.org\/site\/moraes-ja-escolheu-a-cela-de-bolsonaro-e-decidiu-quais-mordomias-ele-podera-ter-acesso\/#respond\"]}]},{\"@type\":\"WebPage\",\"@id\":\"https:\/\/brasilnoticias.org\/site\/moraes-ja-escolheu-a-cela-de-bolsonaro-e-decidiu-quais-mordomias-ele-podera-ter-acesso\/\",\"url\":\"https:\/\/brasilnoticias.org\/site\/moraes-ja-escolheu-a-cela-de-bolsonaro-e-decidiu-quais-mordomias-ele-podera-ter-acesso\/\",\"name\":\"Moraes j\u00e1 escolheu a cela de Bolsonaro e decidiu quais mordomias ele poder\u00e1 ter acesso - Brasil not\u00edcias\",\"isPartOf\":{\"@id\":\"https:\/\/brasilnoticias.org\/site\/#website\"},\"primaryImageOfPage\":{\"@id\":\"https:\/\/brasilnoticias.org\/site\/moraes-ja-escolheu-a-cela-de-bolsonaro-e-decidiu-quais-mordomias-ele-podera-ter-acesso\/#primaryimage\"},\"image\":{\"@id\":\"https:\/\/brasilnoticias.org\/site\/moraes-ja-escolheu-a-cela-de-bolsonaro-e-decidiu-quais-mordomias-ele-podera-ter-acesso\/#primaryimage\"},\"thumbnailUrl\":\"https:\/\/brasilnoticias.org\/site\/wp-content\/uploads\/2025\/11\/tv-globo_widelg.png\",\"datePublished\":\"2025-11-17T12:57:52+00:00\",\"breadcrumb\":{\"@id\":\"https:\/\/brasilnoticias.org\/site\/moraes-ja-escolheu-a-cela-de-bolsonaro-e-decidiu-quais-mordomias-ele-podera-ter-acesso\/#breadcrumb\"},\"inLanguage\":\"pt-PT\",\"potentialAction\":[{\"@type\":\"ReadAction\",\"target\":[\"https:\/\/brasilnoticias.org\/site\/moraes-ja-escolheu-a-cela-de-bolsonaro-e-decidiu-quais-mordomias-ele-podera-ter-acesso\/\"]}]},{\"@type\":\"ImageObject\",\"inLanguage\":\"pt-PT\",\"@id\":\"https:\/\/brasilnoticias.org\/site\/moraes-ja-escolheu-a-cela-de-bolsonaro-e-decidiu-quais-mordomias-ele-podera-ter-acesso\/#primaryimage\",\"url\":\"https:\/\/brasilnoticias.org\/site\/wp-content\/uploads\/2025\/11\/tv-globo_widelg.png\",\"contentUrl\":\"https:\/\/brasilnoticias.org\/site\/wp-content\/uploads\/2025\/11\/tv-globo_widelg.png\",\"width\":800,\"height\":450,\"caption\":\"Moraes j\u00e1 escolheu a cela de Bolsonaro e decidiu quais mordomias ele poder\u00e1 ter acesso\"},{\"@type\":\"BreadcrumbList\",\"@id\":\"https:\/\/brasilnoticias.org\/site\/moraes-ja-escolheu-a-cela-de-bolsonaro-e-decidiu-quais-mordomias-ele-podera-ter-acesso\/#breadcrumb\",\"itemListElement\":[{\"@type\":\"ListItem\",\"position\":1,\"name\":\"In\u00edcio\",\"item\":\"https:\/\/brasilnoticias.org\/site\/\"},{\"@type\":\"ListItem\",\"position\":2,\"name\":\"Moraes j\u00e1 escolheu a cela de Bolsonaro e decidiu quais mordomias ele poder\u00e1 ter acesso\"}]},{\"@type\":\"WebSite\",\"@id\":\"https:\/\/brasilnoticias.org\/site\/#website\",\"url\":\"https:\/\/brasilnoticias.org\/site\/\",\"name\":\"Brasil not\u00edcias\",\"description\":\"Brasil not\u00edcias\",\"publisher\":{\"@id\":\"https:\/\/brasilnoticias.org\/site\/#organization\"},\"potentialAction\":[{\"@type\":\"SearchAction\",\"target\":{\"@type\":\"EntryPoint\",\"urlTemplate\":\"https:\/\/brasilnoticias.org\/site\/?s={search_term_string}\"},\"query-input\":{\"@type\":\"PropertyValueSpecification\",\"valueRequired\":true,\"valueName\":\"search_term_string\"}}],\"inLanguage\":\"pt-PT\"},{\"@type\":\"Organization\",\"@id\":\"https:\/\/brasilnoticias.org\/site\/#organization\",\"name\":\"Brasil not\u00edcias\",\"url\":\"https:\/\/brasilnoticias.org\/site\/\",\"logo\":{\"@type\":\"ImageObject\",\"inLanguage\":\"pt-PT\",\"@id\":\"https:\/\/brasilnoticias.org\/site\/#\/schema\/logo\/image\/\",\"url\":\"https:\/\/brasilnoticias.org\/site\/wp-content\/uploads\/2022\/05\/cropped-brasilnoticias-mini.jpg\",\"contentUrl\":\"https:\/\/brasilnoticias.org\/site\/wp-content\/uploads\/2022\/05\/cropped-brasilnoticias-mini.jpg\",\"width\":314,\"height\":86,\"caption\":\"Brasil not\u00edcias\"},\"image\":{\"@id\":\"https:\/\/brasilnoticias.org\/site\/#\/schema\/logo\/image\/\"}},{\"@type\":\"Person\",\"@id\":\"https:\/\/brasilnoticias.org\/site\/#\/schema\/person\/2a5e6f99aa2b5f6475452e14adc4ad6c\",\"name\":\"Rebeca Santos\",\"image\":{\"@type\":\"ImageObject\",\"inLanguage\":\"pt-PT\",\"@id\":\"https:\/\/brasilnoticias.org\/site\/#\/schema\/person\/image\/\",\"url\":\"https:\/\/secure.gravatar.com\/avatar\/?s=96&d=mm&r=g\",\"contentUrl\":\"https:\/\/secure.gravatar.com\/avatar\/?s=96&d=mm&r=g\",\"caption\":\"Rebeca Santos\"},\"url\":\"https:\/\/brasilnoticias.org\/site\/author\/rebeca_santos\/\"}]}<\/script>\n<!-- \/ Yoast SEO plugin. -->","yoast_head_json":{"title":"Moraes j\u00e1 escolheu a cela de Bolsonaro e decidiu quais mordomias ele poder\u00e1 ter acesso - Brasil not\u00edcias","robots":{"index":"index","follow":"follow","max-snippet":"max-snippet:-1","max-image-preview":"max-image-preview:large","max-video-preview":"max-video-preview:-1"},"canonical":"https:\/\/brasilnoticias.org\/site\/moraes-ja-escolheu-a-cela-de-bolsonaro-e-decidiu-quais-mordomias-ele-podera-ter-acesso\/","og_locale":"pt_PT","og_type":"article","og_title":"Moraes j\u00e1 escolheu a cela de Bolsonaro e decidiu quais mordomias ele poder\u00e1 ter acesso - Brasil not\u00edcias","og_description":"O ministro Alexandre de Moraes (STF), pretende colocar o ex-presidente Jair Bolsonaro em uma cela especial na Papuda, em Bras\u00edlia.","og_url":"https:\/\/brasilnoticias.org\/site\/moraes-ja-escolheu-a-cela-de-bolsonaro-e-decidiu-quais-mordomias-ele-podera-ter-acesso\/","og_site_name":"Brasil not\u00edcias","article_published_time":"2025-11-17T12:57:52+00:00","og_image":[{"width":800,"height":450,"url":"https:\/\/brasilnoticias.org\/site\/wp-content\/uploads\/2025\/11\/tv-globo_widelg.png","type":"image\/png"}],"author":"Rebeca Santos","twitter_card":"summary_large_image","twitter_misc":{"Escrito por":"Rebeca Santos","Tempo estimado de leitura":"1 minuto"},"schema":{"@context":"https:\/\/schema.org","@graph":[{"@type":"Article","@id":"https:\/\/brasilnoticias.org\/site\/moraes-ja-escolheu-a-cela-de-bolsonaro-e-decidiu-quais-mordomias-ele-podera-ter-acesso\/#article","isPartOf":{"@id":"https:\/\/brasilnoticias.org\/site\/moraes-ja-escolheu-a-cela-de-bolsonaro-e-decidiu-quais-mordomias-ele-podera-ter-acesso\/"},"author":{"name":"Rebeca Santos","@id":"https:\/\/brasilnoticias.org\/site\/#\/schema\/person\/2a5e6f99aa2b5f6475452e14adc4ad6c"},"headline":"Moraes j\u00e1 escolheu a cela de Bolsonaro e decidiu quais mordomias ele poder\u00e1 ter acesso","datePublished":"2025-11-17T12:57:52+00:00","mainEntityOfPage":{"@id":"https:\/\/brasilnoticias.org\/site\/moraes-ja-escolheu-a-cela-de-bolsonaro-e-decidiu-quais-mordomias-ele-podera-ter-acesso\/"},"wordCount":161,"commentCount":0,"publisher":{"@id":"https:\/\/brasilnoticias.org\/site\/#organization"},"image":{"@id":"https:\/\/brasilnoticias.org\/site\/moraes-ja-escolheu-a-cela-de-bolsonaro-e-decidiu-quais-mordomias-ele-podera-ter-acesso\/#primaryimage"},"thumbnailUrl":"https:\/\/brasilnoticias.org\/site\/wp-content\/uploads\/2025\/11\/tv-globo_widelg.png","articleSection":["\u00daltimas"],"inLanguage":"pt-PT","potentialAction":[{"@type":"CommentAction","name":"Comment","target":["https:\/\/brasilnoticias.org\/site\/moraes-ja-escolheu-a-cela-de-bolsonaro-e-decidiu-quais-mordomias-ele-podera-ter-acesso\/#respond"]}]},{"@type":"WebPage","@id":"https:\/\/brasilnoticias.org\/site\/moraes-ja-escolheu-a-cela-de-bolsonaro-e-decidiu-quais-mordomias-ele-podera-ter-acesso\/","url":"https:\/\/brasilnoticias.org\/site\/moraes-ja-escolheu-a-cela-de-bolsonaro-e-decidiu-quais-mordomias-ele-podera-ter-acesso\/","name":"Moraes j\u00e1 escolheu a cela de Bolsonaro e decidiu quais mordomias ele poder\u00e1 ter acesso - Brasil not\u00edcias","isPartOf":{"@id":"https:\/\/brasilnoticias.org\/site\/#website"},"primaryImageOfPage":{"@id":"https:\/\/brasilnoticias.org\/site\/moraes-ja-escolheu-a-cela-de-bolsonaro-e-decidiu-quais-mordomias-ele-podera-ter-acesso\/#primaryimage"},"image":{"@id":"https:\/\/brasilnoticias.org\/site\/moraes-ja-escolheu-a-cela-de-bolsonaro-e-decidiu-quais-mordomias-ele-podera-ter-acesso\/#primaryimage"},"thumbnailUrl":"https:\/\/brasilnoticias.org\/site\/wp-content\/uploads\/2025\/11\/tv-globo_widelg.png","datePublished":"2025-11-17T12:57:52+00:00","breadcrumb":{"@id":"https:\/\/brasilnoticias.org\/site\/moraes-ja-escolheu-a-cela-de-bolsonaro-e-decidiu-quais-mordomias-ele-podera-ter-acesso\/#breadcrumb"},"inLanguage":"pt-PT","potentialAction":[{"@type":"ReadAction","target":["https:\/\/brasilnoticias.org\/site\/moraes-ja-escolheu-a-cela-de-bolsonaro-e-decidiu-quais-mordomias-ele-podera-ter-acesso\/"]}]},{"@type":"ImageObject","inLanguage":"pt-PT","@id":"https:\/\/brasilnoticias.org\/site\/moraes-ja-escolheu-a-cela-de-bolsonaro-e-decidiu-quais-mordomias-ele-podera-ter-acesso\/#primaryimage","url":"https:\/\/brasilnoticias.org\/site\/wp-content\/uploads\/2025\/11\/tv-globo_widelg.png","contentUrl":"https:\/\/brasilnoticias.org\/site\/wp-content\/uploads\/2025\/11\/tv-globo_widelg.png","width":800,"height":450,"caption":"Moraes j\u00e1 escolheu a cela de Bolsonaro e decidiu quais mordomias ele poder\u00e1 ter acesso"},{"@type":"BreadcrumbList","@id":"https:\/\/brasilnoticias.org\/site\/moraes-ja-escolheu-a-cela-de-bolsonaro-e-decidiu-quais-mordomias-ele-podera-ter-acesso\/#breadcrumb","itemListElement":[{"@type":"ListItem","position":1,"name":"In\u00edcio","item":"https:\/\/brasilnoticias.org\/site\/"},{"@type":"ListItem","position":2,"name":"Moraes j\u00e1 escolheu a cela de Bolsonaro e decidiu quais mordomias ele poder\u00e1 ter acesso"}]},{"@type":"WebSite","@id":"https:\/\/brasilnoticias.org\/site\/#website","url":"https:\/\/brasilnoticias.org\/site\/","name":"Brasil not\u00edcias","description":"Brasil not\u00edcias","publisher":{"@id":"https:\/\/brasilnoticias.org\/site\/#organization"},"potentialAction":[{"@type":"SearchAction","target":{"@type":"EntryPoint","urlTemplate":"https:\/\/brasilnoticias.org\/site\/?s={search_term_string}"},"query-input":{"@type":"PropertyValueSpecification","valueRequired":true,"valueName":"search_term_string"}}],"inLanguage":"pt-PT"},{"@type":"Organization","@id":"https:\/\/brasilnoticias.org\/site\/#organization","name":"Brasil not\u00edcias","url":"https:\/\/brasilnoticias.org\/site\/","logo":{"@type":"ImageObject","inLanguage":"pt-PT","@id":"https:\/\/brasilnoticias.org\/site\/#\/schema\/logo\/image\/","url":"https:\/\/brasilnoticias.org\/site\/wp-content\/uploads\/2022\/05\/cropped-brasilnoticias-mini.jpg","contentUrl":"https:\/\/brasilnoticias.org\/site\/wp-content\/uploads\/2022\/05\/cropped-brasilnoticias-mini.jpg","width":314,"height":86,"caption":"Brasil not\u00edcias"},"image":{"@id":"https:\/\/brasilnoticias.org\/site\/#\/schema\/logo\/image\/"}},{"@type":"Person","@id":"https:\/\/brasilnoticias.org\/site\/#\/schema\/person\/2a5e6f99aa2b5f6475452e14adc4ad6c","name":"Rebeca Santos","image":{"@type":"ImageObject","inLanguage":"pt-PT","@id":"https:\/\/brasilnoticias.org\/site\/#\/schema\/person\/image\/","url":"https:\/\/secure.gravatar.com\/avatar\/?s=96&d=mm&r=g","contentUrl":"https:\/\/secure.gravatar.com\/avatar\/?s=96&d=mm&r=g","caption":"Rebeca Santos"},"url":"https:\/\/brasilnoticias.org\/site\/author\/rebeca_santos\/"}]}},"_links":{"self":[{"href":"https:\/\/brasilnoticias.org\/site\/wp-json\/wp\/v2\/posts\/18779","targetHints":{"allow":["GET"]}}],"collection":[{"href":"https:\/\/brasilnoticias.org\/site\/wp-json\/wp\/v2\/posts"}],"about":[{"href":"https:\/\/brasilnoticias.org\/site\/wp-json\/wp\/v2\/types\/post"}],"author":[{"embeddable":true,"href":"https:\/\/brasilnoticias.org\/site\/wp-json\/wp\/v2\/users\/25"}],"replies":[{"embeddable":true,"href":"https:\/\/brasilnoticias.org\/site\/wp-json\/wp\/v2\/comments?post=18779"}],"version-history":[{"count":1,"href":"https:\/\/brasilnoticias.org\/site\/wp-json\/wp\/v2\/posts\/18779\/revisions"}],"predecessor-version":[{"id":18781,"href":"https:\/\/brasilnoticias.org\/site\/wp-json\/wp\/v2\/posts\/18779\/revisions\/18781"}],"wp:featuredmedia":[{"embeddable":true,"href":"https:\/\/brasilnoticias.org\/site\/wp-json\/wp\/v2\/media\/18780"}],"wp:attachment":[{"href":"https:\/\/brasilnoticias.org\/site\/wp-json\/wp\/v2\/media?parent=18779"}],"wp:term":[{"taxonomy":"category","embeddable":true,"href":"https:\/\/brasilnoticias.org\/site\/wp-json\/wp\/v2\/categories?post=18779"},{"taxonomy":"post_tag","embeddable":true,"href":"https:\/\/brasilnoticias.org\/site\/wp-json\/wp\/v2\/tags?post=18779"}],"curies":[{"name":"wp","href":"https:\/\/api.w.org\/{rel}","templated":true}]}}