{"id":18783,"date":"2025-11-17T16:11:55","date_gmt":"2025-11-17T19:11:55","guid":{"rendered":"https:\/\/brasilnoticias.org\/site\/?p=18783"},"modified":"2025-11-17T16:11:55","modified_gmt":"2025-11-17T19:11:55","slug":"cafu-barreto-deixa-base-de-jeronimo-e-declara-apoio-a-acm-neto","status":"publish","type":"post","link":"https:\/\/brasilnoticias.org\/site\/cafu-barreto-deixa-base-de-jeronimo-e-declara-apoio-a-acm-neto\/","title":{"rendered":"Cafu Barreto deixa base de Jer\u00f4nimo e declara apoio a ACM Neto"},"content":{"rendered":"<p>Movimenta\u00e7\u00e3o refor\u00e7a estrat\u00e9gia da oposi\u00e7\u00e3o na regi\u00e3o de Irec\u00ea e acontece logo ap\u00f3s Nelson Leal integrar a pr\u00e9-campanha do ex-prefeito<\/p>\n<p>O vice-l\u00edder do governo na Assembleia Legislativa, Cafu Barreto (PSD), oficializou sua sa\u00edda da base do governador Jer\u00f4nimo Rodrigues (PT) para apoiar o projeto pol\u00edtico de ACM Neto (Uni\u00e3o Brasil). A decis\u00e3o ocorre dias ap\u00f3s o deputado Nelson Leal (PP) migrar para a oposi\u00e7\u00e3o para assumir a coordena\u00e7\u00e3o da pr\u00e9-campanha de Neto.<\/p>\n<p>O an\u00fancio reuniu ACM Neto, Cafu Barreto, Nelson Leal e o ex-prefeito de Xique-Xique, Reinaldo Braga Filho, um dos coordenadores da pr\u00e9-campanha e lideran\u00e7a influente na regi\u00e3o de Irec\u00ea \u2014 \u00e1rea onde Cafu consolidou sua base eleitoral como ex-prefeito de Ibitit\u00e1.<\/p>\n<p>A movimenta\u00e7\u00e3o, antecipada pelo Blog do Vila, \u00e9 considerada estrat\u00e9gica pela for\u00e7a do grupo na regi\u00e3o. \u201cSaio de cabe\u00e7a erguida. Neto representa mudan\u00e7a, esperan\u00e7a e um novo caminho para a Bahia\u201d, afirmou Cafu. Ele disse que vai percorrer o estado com prefeitos, lideran\u00e7as e fam\u00edlias, defendendo o nome de Neto: \u201cTenho certeza que ser\u00e1 o pr\u00f3ximo governador\u201d.<\/p>\n<p>ACM Neto tamb\u00e9m destacou a import\u00e2ncia da ades\u00e3o: \u201cCafu \u00e9 um dos principais nomes da pol\u00edtica na regi\u00e3o de Irec\u00ea. Disse a ele que estamos juntos no projeto de construir uma Bahia diferente e mais comprometida com as pessoas\u201d.<\/p>\n<p>Foto: Vaner Casaes \/ AL-BA<br \/>\nFonte: <a href=\"https:\/\/www.blogdovila.com.br\/noticia\/cafu-neto\">Blog do Vila<\/a><\/p>\n","protected":false},"excerpt":{"rendered":"<p>Movimenta\u00e7\u00e3o refor\u00e7a estrat\u00e9gia da oposi\u00e7\u00e3o na regi\u00e3o de Irec\u00ea e acontece logo ap\u00f3s Nelson Leal integrar a pr\u00e9-campanha do ex-prefeito<\/p>\n","protected":false},"author":4,"featured_media":18784,"comment_status":"open","ping_status":"open","sticky":false,"template":"","format":"standard","meta":{"colormag_page_container_layout":"default_layout","colormag_page_sidebar_layout":"default_layout","_FSMCFIC_featured_image_caption":"","_FSMCFIC_featured_image_nocaption":"","_FSMCFIC_featured_image_hide":"","footnotes":""},"categories":[5,1],"tags":[],"class_list":["post-18783","post","type-post","status-publish","format-standard","has-post-thumbnail","hentry","category-politica","category-ultimas"],"yoast_head":"<!-- This site is optimized with the Yoast SEO plugin v27.1.1 - https:\/\/yoast.com\/product\/yoast-seo-wordpress\/ -->\n<title>Cafu Barreto deixa base de Jer\u00f4nimo e declara apoio a ACM Neto - Brasil not\u00edcias<\/title>\n<meta name=\"robots\" content=\"index, follow, max-snippet:-1, max-image-preview:large, max-video-preview:-1\" \/>\n<link rel=\"canonical\" href=\"https:\/\/brasilnoticias.org\/site\/cafu-barreto-deixa-base-de-jeronimo-e-declara-apoio-a-acm-neto\/\" \/>\n<meta property=\"og:locale\" content=\"pt_PT\" \/>\n<meta property=\"og:type\" content=\"article\" \/>\n<meta property=\"og:title\" content=\"Cafu Barreto deixa base de Jer\u00f4nimo e declara apoio a ACM Neto - Brasil not\u00edcias\" \/>\n<meta property=\"og:description\" content=\"Movimenta\u00e7\u00e3o refor\u00e7a estrat\u00e9gia da oposi\u00e7\u00e3o na regi\u00e3o de Irec\u00ea e acontece logo ap\u00f3s Nelson Leal integrar a pr\u00e9-campanha do ex-prefeito\" \/>\n<meta property=\"og:url\" content=\"https:\/\/brasilnoticias.org\/site\/cafu-barreto-deixa-base-de-jeronimo-e-declara-apoio-a-acm-neto\/\" \/>\n<meta property=\"og:site_name\" content=\"Brasil not\u00edcias\" \/>\n<meta property=\"article:published_time\" content=\"2025-11-17T19:11:55+00:00\" \/>\n<meta property=\"og:image\" content=\"https:\/\/brasilnoticias.org\/site\/wp-content\/uploads\/2025\/11\/54469849627_5e944399ed_o.jpg\" \/>\n\t<meta property=\"og:image:width\" content=\"1979\" \/>\n\t<meta property=\"og:image:height\" content=\"1113\" \/>\n\t<meta property=\"og:image:type\" content=\"image\/jpeg\" \/>\n<meta name=\"author\" content=\"Reda\u00e7\u00e3o\" \/>\n<meta name=\"twitter:card\" content=\"summary_large_image\" \/>\n<meta name=\"twitter:label1\" content=\"Escrito por\" \/>\n\t<meta name=\"twitter:data1\" content=\"Reda\u00e7\u00e3o\" \/>\n\t<meta name=\"twitter:label2\" content=\"Tempo estimado de leitura\" \/>\n\t<meta name=\"twitter:data2\" content=\"1 minuto\" \/>\n<script type=\"application\/ld+json\" class=\"yoast-schema-graph\">{\"@context\":\"https:\/\/schema.org\",\"@graph\":[{\"@type\":\"Article\",\"@id\":\"https:\/\/brasilnoticias.org\/site\/cafu-barreto-deixa-base-de-jeronimo-e-declara-apoio-a-acm-neto\/#article\",\"isPartOf\":{\"@id\":\"https:\/\/brasilnoticias.org\/site\/cafu-barreto-deixa-base-de-jeronimo-e-declara-apoio-a-acm-neto\/\"},\"author\":{\"name\":\"Reda\u00e7\u00e3o\",\"@id\":\"https:\/\/brasilnoticias.org\/site\/#\/schema\/person\/03bbbfe6c7634ad18c26444ea39049fa\"},\"headline\":\"Cafu Barreto deixa base de Jer\u00f4nimo e declara apoio a ACM Neto\",\"datePublished\":\"2025-11-17T19:11:55+00:00\",\"mainEntityOfPage\":{\"@id\":\"https:\/\/brasilnoticias.org\/site\/cafu-barreto-deixa-base-de-jeronimo-e-declara-apoio-a-acm-neto\/\"},\"wordCount\":263,\"commentCount\":0,\"publisher\":{\"@id\":\"https:\/\/brasilnoticias.org\/site\/#organization\"},\"image\":{\"@id\":\"https:\/\/brasilnoticias.org\/site\/cafu-barreto-deixa-base-de-jeronimo-e-declara-apoio-a-acm-neto\/#primaryimage\"},\"thumbnailUrl\":\"https:\/\/brasilnoticias.org\/site\/wp-content\/uploads\/2025\/11\/54469849627_5e944399ed_o.jpg\",\"articleSection\":[\"Pol\u00edtica\",\"\u00daltimas\"],\"inLanguage\":\"pt-PT\",\"potentialAction\":[{\"@type\":\"CommentAction\",\"name\":\"Comment\",\"target\":[\"https:\/\/brasilnoticias.org\/site\/cafu-barreto-deixa-base-de-jeronimo-e-declara-apoio-a-acm-neto\/#respond\"]}]},{\"@type\":\"WebPage\",\"@id\":\"https:\/\/brasilnoticias.org\/site\/cafu-barreto-deixa-base-de-jeronimo-e-declara-apoio-a-acm-neto\/\",\"url\":\"https:\/\/brasilnoticias.org\/site\/cafu-barreto-deixa-base-de-jeronimo-e-declara-apoio-a-acm-neto\/\",\"name\":\"Cafu Barreto deixa base de Jer\u00f4nimo e declara apoio a ACM Neto - Brasil not\u00edcias\",\"isPartOf\":{\"@id\":\"https:\/\/brasilnoticias.org\/site\/#website\"},\"primaryImageOfPage\":{\"@id\":\"https:\/\/brasilnoticias.org\/site\/cafu-barreto-deixa-base-de-jeronimo-e-declara-apoio-a-acm-neto\/#primaryimage\"},\"image\":{\"@id\":\"https:\/\/brasilnoticias.org\/site\/cafu-barreto-deixa-base-de-jeronimo-e-declara-apoio-a-acm-neto\/#primaryimage\"},\"thumbnailUrl\":\"https:\/\/brasilnoticias.org\/site\/wp-content\/uploads\/2025\/11\/54469849627_5e944399ed_o.jpg\",\"datePublished\":\"2025-11-17T19:11:55+00:00\",\"breadcrumb\":{\"@id\":\"https:\/\/brasilnoticias.org\/site\/cafu-barreto-deixa-base-de-jeronimo-e-declara-apoio-a-acm-neto\/#breadcrumb\"},\"inLanguage\":\"pt-PT\",\"potentialAction\":[{\"@type\":\"ReadAction\",\"target\":[\"https:\/\/brasilnoticias.org\/site\/cafu-barreto-deixa-base-de-jeronimo-e-declara-apoio-a-acm-neto\/\"]}]},{\"@type\":\"ImageObject\",\"inLanguage\":\"pt-PT\",\"@id\":\"https:\/\/brasilnoticias.org\/site\/cafu-barreto-deixa-base-de-jeronimo-e-declara-apoio-a-acm-neto\/#primaryimage\",\"url\":\"https:\/\/brasilnoticias.org\/site\/wp-content\/uploads\/2025\/11\/54469849627_5e944399ed_o.jpg\",\"contentUrl\":\"https:\/\/brasilnoticias.org\/site\/wp-content\/uploads\/2025\/11\/54469849627_5e944399ed_o.jpg\",\"width\":1979,\"height\":1113},{\"@type\":\"BreadcrumbList\",\"@id\":\"https:\/\/brasilnoticias.org\/site\/cafu-barreto-deixa-base-de-jeronimo-e-declara-apoio-a-acm-neto\/#breadcrumb\",\"itemListElement\":[{\"@type\":\"ListItem\",\"position\":1,\"name\":\"In\u00edcio\",\"item\":\"https:\/\/brasilnoticias.org\/site\/\"},{\"@type\":\"ListItem\",\"position\":2,\"name\":\"Cafu Barreto deixa base de Jer\u00f4nimo e declara apoio a ACM Neto\"}]},{\"@type\":\"WebSite\",\"@id\":\"https:\/\/brasilnoticias.org\/site\/#website\",\"url\":\"https:\/\/brasilnoticias.org\/site\/\",\"name\":\"Brasil not\u00edcias\",\"description\":\"Brasil not\u00edcias\",\"publisher\":{\"@id\":\"https:\/\/brasilnoticias.org\/site\/#organization\"},\"potentialAction\":[{\"@type\":\"SearchAction\",\"target\":{\"@type\":\"EntryPoint\",\"urlTemplate\":\"https:\/\/brasilnoticias.org\/site\/?s={search_term_string}\"},\"query-input\":{\"@type\":\"PropertyValueSpecification\",\"valueRequired\":true,\"valueName\":\"search_term_string\"}}],\"inLanguage\":\"pt-PT\"},{\"@type\":\"Organization\",\"@id\":\"https:\/\/brasilnoticias.org\/site\/#organization\",\"name\":\"Brasil not\u00edcias\",\"url\":\"https:\/\/brasilnoticias.org\/site\/\",\"logo\":{\"@type\":\"ImageObject\",\"inLanguage\":\"pt-PT\",\"@id\":\"https:\/\/brasilnoticias.org\/site\/#\/schema\/logo\/image\/\",\"url\":\"https:\/\/brasilnoticias.org\/site\/wp-content\/uploads\/2022\/05\/cropped-brasilnoticias-mini.jpg\",\"contentUrl\":\"https:\/\/brasilnoticias.org\/site\/wp-content\/uploads\/2022\/05\/cropped-brasilnoticias-mini.jpg\",\"width\":314,\"height\":86,\"caption\":\"Brasil not\u00edcias\"},\"image\":{\"@id\":\"https:\/\/brasilnoticias.org\/site\/#\/schema\/logo\/image\/\"}},{\"@type\":\"Person\",\"@id\":\"https:\/\/brasilnoticias.org\/site\/#\/schema\/person\/03bbbfe6c7634ad18c26444ea39049fa\",\"name\":\"Reda\u00e7\u00e3o\",\"image\":{\"@type\":\"ImageObject\",\"inLanguage\":\"pt-PT\",\"@id\":\"https:\/\/brasilnoticias.org\/site\/#\/schema\/person\/image\/\",\"url\":\"https:\/\/secure.gravatar.com\/avatar\/9ecaf7327a696cb23ad926fedded5f1f04d7049de9e445375d55b48c001a6e42?s=96&d=mm&r=g\",\"contentUrl\":\"https:\/\/secure.gravatar.com\/avatar\/9ecaf7327a696cb23ad926fedded5f1f04d7049de9e445375d55b48c001a6e42?s=96&d=mm&r=g\",\"caption\":\"Reda\u00e7\u00e3o\"},\"url\":\"https:\/\/brasilnoticias.org\/site\/author\/henrique\/\"}]}<\/script>\n<!-- \/ Yoast SEO plugin. -->","yoast_head_json":{"title":"Cafu Barreto deixa base de Jer\u00f4nimo e declara apoio a ACM Neto - Brasil not\u00edcias","robots":{"index":"index","follow":"follow","max-snippet":"max-snippet:-1","max-image-preview":"max-image-preview:large","max-video-preview":"max-video-preview:-1"},"canonical":"https:\/\/brasilnoticias.org\/site\/cafu-barreto-deixa-base-de-jeronimo-e-declara-apoio-a-acm-neto\/","og_locale":"pt_PT","og_type":"article","og_title":"Cafu Barreto deixa base de Jer\u00f4nimo e declara apoio a ACM Neto - Brasil not\u00edcias","og_description":"Movimenta\u00e7\u00e3o refor\u00e7a estrat\u00e9gia da oposi\u00e7\u00e3o na regi\u00e3o de Irec\u00ea e acontece logo ap\u00f3s Nelson Leal integrar a pr\u00e9-campanha do ex-prefeito","og_url":"https:\/\/brasilnoticias.org\/site\/cafu-barreto-deixa-base-de-jeronimo-e-declara-apoio-a-acm-neto\/","og_site_name":"Brasil not\u00edcias","article_published_time":"2025-11-17T19:11:55+00:00","og_image":[{"width":1979,"height":1113,"url":"https:\/\/brasilnoticias.org\/site\/wp-content\/uploads\/2025\/11\/54469849627_5e944399ed_o.jpg","type":"image\/jpeg"}],"author":"Reda\u00e7\u00e3o","twitter_card":"summary_large_image","twitter_misc":{"Escrito por":"Reda\u00e7\u00e3o","Tempo estimado de leitura":"1 minuto"},"schema":{"@context":"https:\/\/schema.org","@graph":[{"@type":"Article","@id":"https:\/\/brasilnoticias.org\/site\/cafu-barreto-deixa-base-de-jeronimo-e-declara-apoio-a-acm-neto\/#article","isPartOf":{"@id":"https:\/\/brasilnoticias.org\/site\/cafu-barreto-deixa-base-de-jeronimo-e-declara-apoio-a-acm-neto\/"},"author":{"name":"Reda\u00e7\u00e3o","@id":"https:\/\/brasilnoticias.org\/site\/#\/schema\/person\/03bbbfe6c7634ad18c26444ea39049fa"},"headline":"Cafu Barreto deixa base de Jer\u00f4nimo e declara apoio a ACM Neto","datePublished":"2025-11-17T19:11:55+00:00","mainEntityOfPage":{"@id":"https:\/\/brasilnoticias.org\/site\/cafu-barreto-deixa-base-de-jeronimo-e-declara-apoio-a-acm-neto\/"},"wordCount":263,"commentCount":0,"publisher":{"@id":"https:\/\/brasilnoticias.org\/site\/#organization"},"image":{"@id":"https:\/\/brasilnoticias.org\/site\/cafu-barreto-deixa-base-de-jeronimo-e-declara-apoio-a-acm-neto\/#primaryimage"},"thumbnailUrl":"https:\/\/brasilnoticias.org\/site\/wp-content\/uploads\/2025\/11\/54469849627_5e944399ed_o.jpg","articleSection":["Pol\u00edtica","\u00daltimas"],"inLanguage":"pt-PT","potentialAction":[{"@type":"CommentAction","name":"Comment","target":["https:\/\/brasilnoticias.org\/site\/cafu-barreto-deixa-base-de-jeronimo-e-declara-apoio-a-acm-neto\/#respond"]}]},{"@type":"WebPage","@id":"https:\/\/brasilnoticias.org\/site\/cafu-barreto-deixa-base-de-jeronimo-e-declara-apoio-a-acm-neto\/","url":"https:\/\/brasilnoticias.org\/site\/cafu-barreto-deixa-base-de-jeronimo-e-declara-apoio-a-acm-neto\/","name":"Cafu Barreto deixa base de Jer\u00f4nimo e declara apoio a ACM Neto - Brasil not\u00edcias","isPartOf":{"@id":"https:\/\/brasilnoticias.org\/site\/#website"},"primaryImageOfPage":{"@id":"https:\/\/brasilnoticias.org\/site\/cafu-barreto-deixa-base-de-jeronimo-e-declara-apoio-a-acm-neto\/#primaryimage"},"image":{"@id":"https:\/\/brasilnoticias.org\/site\/cafu-barreto-deixa-base-de-jeronimo-e-declara-apoio-a-acm-neto\/#primaryimage"},"thumbnailUrl":"https:\/\/brasilnoticias.org\/site\/wp-content\/uploads\/2025\/11\/54469849627_5e944399ed_o.jpg","datePublished":"2025-11-17T19:11:55+00:00","breadcrumb":{"@id":"https:\/\/brasilnoticias.org\/site\/cafu-barreto-deixa-base-de-jeronimo-e-declara-apoio-a-acm-neto\/#breadcrumb"},"inLanguage":"pt-PT","potentialAction":[{"@type":"ReadAction","target":["https:\/\/brasilnoticias.org\/site\/cafu-barreto-deixa-base-de-jeronimo-e-declara-apoio-a-acm-neto\/"]}]},{"@type":"ImageObject","inLanguage":"pt-PT","@id":"https:\/\/brasilnoticias.org\/site\/cafu-barreto-deixa-base-de-jeronimo-e-declara-apoio-a-acm-neto\/#primaryimage","url":"https:\/\/brasilnoticias.org\/site\/wp-content\/uploads\/2025\/11\/54469849627_5e944399ed_o.jpg","contentUrl":"https:\/\/brasilnoticias.org\/site\/wp-content\/uploads\/2025\/11\/54469849627_5e944399ed_o.jpg","width":1979,"height":1113},{"@type":"BreadcrumbList","@id":"https:\/\/brasilnoticias.org\/site\/cafu-barreto-deixa-base-de-jeronimo-e-declara-apoio-a-acm-neto\/#breadcrumb","itemListElement":[{"@type":"ListItem","position":1,"name":"In\u00edcio","item":"https:\/\/brasilnoticias.org\/site\/"},{"@type":"ListItem","position":2,"name":"Cafu Barreto deixa base de Jer\u00f4nimo e declara apoio a ACM Neto"}]},{"@type":"WebSite","@id":"https:\/\/brasilnoticias.org\/site\/#website","url":"https:\/\/brasilnoticias.org\/site\/","name":"Brasil not\u00edcias","description":"Brasil not\u00edcias","publisher":{"@id":"https:\/\/brasilnoticias.org\/site\/#organization"},"potentialAction":[{"@type":"SearchAction","target":{"@type":"EntryPoint","urlTemplate":"https:\/\/brasilnoticias.org\/site\/?s={search_term_string}"},"query-input":{"@type":"PropertyValueSpecification","valueRequired":true,"valueName":"search_term_string"}}],"inLanguage":"pt-PT"},{"@type":"Organization","@id":"https:\/\/brasilnoticias.org\/site\/#organization","name":"Brasil not\u00edcias","url":"https:\/\/brasilnoticias.org\/site\/","logo":{"@type":"ImageObject","inLanguage":"pt-PT","@id":"https:\/\/brasilnoticias.org\/site\/#\/schema\/logo\/image\/","url":"https:\/\/brasilnoticias.org\/site\/wp-content\/uploads\/2022\/05\/cropped-brasilnoticias-mini.jpg","contentUrl":"https:\/\/brasilnoticias.org\/site\/wp-content\/uploads\/2022\/05\/cropped-brasilnoticias-mini.jpg","width":314,"height":86,"caption":"Brasil not\u00edcias"},"image":{"@id":"https:\/\/brasilnoticias.org\/site\/#\/schema\/logo\/image\/"}},{"@type":"Person","@id":"https:\/\/brasilnoticias.org\/site\/#\/schema\/person\/03bbbfe6c7634ad18c26444ea39049fa","name":"Reda\u00e7\u00e3o","image":{"@type":"ImageObject","inLanguage":"pt-PT","@id":"https:\/\/brasilnoticias.org\/site\/#\/schema\/person\/image\/","url":"https:\/\/secure.gravatar.com\/avatar\/9ecaf7327a696cb23ad926fedded5f1f04d7049de9e445375d55b48c001a6e42?s=96&d=mm&r=g","contentUrl":"https:\/\/secure.gravatar.com\/avatar\/9ecaf7327a696cb23ad926fedded5f1f04d7049de9e445375d55b48c001a6e42?s=96&d=mm&r=g","caption":"Reda\u00e7\u00e3o"},"url":"https:\/\/brasilnoticias.org\/site\/author\/henrique\/"}]}},"_links":{"self":[{"href":"https:\/\/brasilnoticias.org\/site\/wp-json\/wp\/v2\/posts\/18783","targetHints":{"allow":["GET"]}}],"collection":[{"href":"https:\/\/brasilnoticias.org\/site\/wp-json\/wp\/v2\/posts"}],"about":[{"href":"https:\/\/brasilnoticias.org\/site\/wp-json\/wp\/v2\/types\/post"}],"author":[{"embeddable":true,"href":"https:\/\/brasilnoticias.org\/site\/wp-json\/wp\/v2\/users\/4"}],"replies":[{"embeddable":true,"href":"https:\/\/brasilnoticias.org\/site\/wp-json\/wp\/v2\/comments?post=18783"}],"version-history":[{"count":1,"href":"https:\/\/brasilnoticias.org\/site\/wp-json\/wp\/v2\/posts\/18783\/revisions"}],"predecessor-version":[{"id":18785,"href":"https:\/\/brasilnoticias.org\/site\/wp-json\/wp\/v2\/posts\/18783\/revisions\/18785"}],"wp:featuredmedia":[{"embeddable":true,"href":"https:\/\/brasilnoticias.org\/site\/wp-json\/wp\/v2\/media\/18784"}],"wp:attachment":[{"href":"https:\/\/brasilnoticias.org\/site\/wp-json\/wp\/v2\/media?parent=18783"}],"wp:term":[{"taxonomy":"category","embeddable":true,"href":"https:\/\/brasilnoticias.org\/site\/wp-json\/wp\/v2\/categories?post=18783"},{"taxonomy":"post_tag","embeddable":true,"href":"https:\/\/brasilnoticias.org\/site\/wp-json\/wp\/v2\/tags?post=18783"}],"curies":[{"name":"wp","href":"https:\/\/api.w.org\/{rel}","templated":true}]}}