{"id":18795,"date":"2025-11-17T18:18:14","date_gmt":"2025-11-17T21:18:14","guid":{"rendered":"https:\/\/brasilnoticias.org\/site\/?p=18795"},"modified":"2025-11-17T18:18:14","modified_gmt":"2025-11-17T21:18:14","slug":"considerar-este-vendas-no-mes-da-black-friday-devem-subir-3-na-bahia-estima-fecomercio-ba","status":"publish","type":"post","link":"https:\/\/brasilnoticias.org\/site\/considerar-este-vendas-no-mes-da-black-friday-devem-subir-3-na-bahia-estima-fecomercio-ba\/","title":{"rendered":"CONSIDERAR ESTE \u2013 Vendas no m\u00eas da Black Friday devem subir 3% na Bahia, estima Fecom\u00e9rcio BA"},"content":{"rendered":"<p>                                Os setores de supermercados e farm\u00e1cias devem se destacar no per\u00edodo.<\/p>\n<p>O m\u00eas de novembro, quando ocorrem as ofertas da Black Friday, deve registrar um aumento m\u00e9dio de 3% nas vendas do varejo f\u00edsico, de acordo com proje\u00e7\u00f5es da Fecom\u00e9rcio BA. Para o c\u00e1lculo, foram consideradas apenas as atividades que possuem alguma rela\u00e7\u00e3o com o per\u00edodo. Caso a tend\u00eancia se confirme, o resultado ser\u00e1 muito positivo para o setor, uma vez que o crescimento ocorrer\u00e1 sobre uma base forte: no ano passado, esse mesmo conjunto de setores apresentou um aumento m\u00e9dio de 5,7%. <\/p>\n<p>\u201cEmbora a data espec\u00edfica do evento seja 28 de novembro, o varejo costuma divulgar e realizar promo\u00e7\u00f5es desde o final de outubro, buscando aproveitar ao m\u00e1ximo o potencial do m\u00eas. Um ponto importante \u00e9 que a data coincide com o fim do prazo para o pagamento da primeira parcela do 13\u00ba sal\u00e1rio. Como a Bahia conta atualmente com mais v\u00ednculos formais do que no ano passado, o volume financeiro dispon\u00edvel para as fam\u00edlias ser\u00e1 maior, elevando o potencial de consumo no per\u00edodo\u201d, destaca o presidente do Sistema Com\u00e9rcio BA, Kelsor Fernandes. <\/p>\n<p>Entre as atividades, os setores b\u00e1sicos de consumo devem se destacar, com farm\u00e1cias e perfumarias apresentando crescimento estimado de 9,3%, e supermercados com alta anual de 4,7%. <\/p>\n<p>\u201cO setor mais associado \u00e0 data, o de eletrodom\u00e9sticos e eletr\u00f4nicos, tende a registrar aumento de 2,9%. Apesar de muitos consumidores estarem migrando para as compras online, o varejo f\u00edsico mant\u00e9m estrat\u00e9gias competitivas de pre\u00e7os e oferece a vantagem de o consumidor poder verificar o produto no ato e lev\u00e1-lo imediatamente para casa, excetuando itens maiores, como televisores e aparelhos de ar-condicionado, que geralmente s\u00e3o entregues por transportadoras\u201d, esclarece o consultor econ\u00f4mico Guilherme Dietze. <\/p>\n<p>Outra eleva\u00e7\u00e3o esperada em novembro \u00e9 no setor de vestu\u00e1rio, tecidos e cal\u00e7ados, com previs\u00e3o de crescimento de 0,6%. <\/p>\n<p>No sentido oposto, a Fecom\u00e9rcio BA estima que o setor de m\u00f3veis e decora\u00e7\u00e3o apresente recuo de 6% nas vendas do m\u00eas, enquanto o grupo \u201coutras atividades\u201d \u2014 que inclui lojas de artigos esportivos, joalherias, petshops, entre outros \u2014 deve ter queda de 3,1%. <\/p>\n<p>Dicas para os empres\u00e1rios: <\/p>\n<p>\u00c9 fundamental que as estrat\u00e9gias tenham sido planejadas com anteced\u00eancia, considerando volume ofertado com desconto, sele\u00e7\u00e3o de itens, formas de pagamento e margens de lucro. O objetivo \u00e9 evitar vendas sem retorno efetivo para o neg\u00f3cio. Vale lembrar que a Black Friday tamb\u00e9m fortalece o relacionamento com os consumidores para o Natal, sendo, portanto, um momento que exige aten\u00e7\u00e3o especial dos gestores. <\/p>\n<p>Dicas para os consumidores:  <\/p>\n<p>\u00c9 importante ficarem atentos \u00e0s promo\u00e7\u00f5es online e verificar se conseguem condi\u00e7\u00f5es ainda melhores nas lojas f\u00edsicas. Al\u00e9m disso, \u00e9 necess\u00e1rio redobrar os cuidados com golpes, que aumentam nesse per\u00edodo. Pre\u00e7os muito abaixo do padr\u00e3o devem ser analisados com cautela, realizando sempre uma dupla verifica\u00e7\u00e3o. Pesquisar em diferentes estabelecimentos tamb\u00e9m \u00e9 essencial, j\u00e1 que a concorr\u00eancia gera varia\u00e7\u00f5es significativas no varejo. <\/p>\n<p><img loading=\"lazy\" decoding=\"async\" src=\"https:\/\/midiaescrita.com\/wp-content\/uploads\/2025\/11\/Imagem1-300x142.png\" alt=\"\" width=\"300\" height=\"142\" class=\"alignnone size-medium wp-image-1251\" \/><\/p>\n<p>foto: Divulga\u00e7\u00e3o<br \/>\nFonte: Fecomercio BA<\/p>\n","protected":false},"excerpt":{"rendered":"<p>Os setores de supermercados e farm\u00e1cias devem se destacar no per\u00edodo. O m\u00eas de novembro, quando ocorrem as ofertas da<\/p>\n","protected":false},"author":4,"featured_media":18796,"comment_status":"open","ping_status":"open","sticky":false,"template":"","format":"standard","meta":{"colormag_page_container_layout":"default_layout","colormag_page_sidebar_layout":"default_layout","_FSMCFIC_featured_image_caption":"","_FSMCFIC_featured_image_nocaption":"","_FSMCFIC_featured_image_hide":"","footnotes":""},"categories":[2,1],"tags":[],"class_list":["post-18795","post","type-post","status-publish","format-standard","has-post-thumbnail","hentry","category-noticias","category-ultimas"],"yoast_head":"<!-- This site is optimized with the Yoast SEO plugin v27.1.1 - https:\/\/yoast.com\/product\/yoast-seo-wordpress\/ -->\n<title>CONSIDERAR ESTE \u2013 Vendas no m\u00eas da Black Friday devem subir 3% na Bahia, estima Fecom\u00e9rcio BA - Brasil not\u00edcias<\/title>\n<meta name=\"robots\" content=\"index, follow, max-snippet:-1, max-image-preview:large, max-video-preview:-1\" \/>\n<link rel=\"canonical\" href=\"https:\/\/brasilnoticias.org\/site\/considerar-este-vendas-no-mes-da-black-friday-devem-subir-3-na-bahia-estima-fecomercio-ba\/\" \/>\n<meta property=\"og:locale\" content=\"pt_PT\" \/>\n<meta property=\"og:type\" content=\"article\" \/>\n<meta property=\"og:title\" content=\"CONSIDERAR ESTE \u2013 Vendas no m\u00eas da Black Friday devem subir 3% na Bahia, estima Fecom\u00e9rcio BA - Brasil not\u00edcias\" \/>\n<meta property=\"og:description\" content=\"Os setores de supermercados e farm\u00e1cias devem se destacar no per\u00edodo. O m\u00eas de novembro, quando ocorrem as ofertas da\" \/>\n<meta property=\"og:url\" content=\"https:\/\/brasilnoticias.org\/site\/considerar-este-vendas-no-mes-da-black-friday-devem-subir-3-na-bahia-estima-fecomercio-ba\/\" \/>\n<meta property=\"og:site_name\" content=\"Brasil not\u00edcias\" \/>\n<meta property=\"article:published_time\" content=\"2025-11-17T21:18:14+00:00\" \/>\n<meta property=\"og:image\" content=\"https:\/\/brasilnoticias.org\/site\/wp-content\/uploads\/2025\/11\/GettyImages-1343651278-1300x560-2.jpg\" \/>\n\t<meta property=\"og:image:width\" content=\"1300\" \/>\n\t<meta property=\"og:image:height\" content=\"560\" \/>\n\t<meta property=\"og:image:type\" content=\"image\/jpeg\" \/>\n<meta name=\"author\" content=\"Reda\u00e7\u00e3o\" \/>\n<meta name=\"twitter:card\" content=\"summary_large_image\" \/>\n<meta name=\"twitter:label1\" content=\"Escrito por\" \/>\n\t<meta name=\"twitter:data1\" content=\"Reda\u00e7\u00e3o\" \/>\n\t<meta name=\"twitter:label2\" content=\"Tempo estimado de leitura\" \/>\n\t<meta name=\"twitter:data2\" content=\"1 minuto\" \/>\n<script type=\"application\/ld+json\" class=\"yoast-schema-graph\">{\"@context\":\"https:\/\/schema.org\",\"@graph\":[{\"@type\":\"Article\",\"@id\":\"https:\/\/brasilnoticias.org\/site\/considerar-este-vendas-no-mes-da-black-friday-devem-subir-3-na-bahia-estima-fecomercio-ba\/#article\",\"isPartOf\":{\"@id\":\"https:\/\/brasilnoticias.org\/site\/considerar-este-vendas-no-mes-da-black-friday-devem-subir-3-na-bahia-estima-fecomercio-ba\/\"},\"author\":{\"name\":\"Reda\u00e7\u00e3o\",\"@id\":\"https:\/\/brasilnoticias.org\/site\/#\/schema\/person\/03bbbfe6c7634ad18c26444ea39049fa\"},\"headline\":\"CONSIDERAR ESTE \u2013 Vendas no m\u00eas da Black Friday devem subir 3% na Bahia, estima Fecom\u00e9rcio BA\",\"datePublished\":\"2025-11-17T21:18:14+00:00\",\"mainEntityOfPage\":{\"@id\":\"https:\/\/brasilnoticias.org\/site\/considerar-este-vendas-no-mes-da-black-friday-devem-subir-3-na-bahia-estima-fecomercio-ba\/\"},\"wordCount\":542,\"commentCount\":0,\"publisher\":{\"@id\":\"https:\/\/brasilnoticias.org\/site\/#organization\"},\"image\":{\"@id\":\"https:\/\/brasilnoticias.org\/site\/considerar-este-vendas-no-mes-da-black-friday-devem-subir-3-na-bahia-estima-fecomercio-ba\/#primaryimage\"},\"thumbnailUrl\":\"https:\/\/brasilnoticias.org\/site\/wp-content\/uploads\/2025\/11\/GettyImages-1343651278-1300x560-2.jpg\",\"articleSection\":[\"Not\u00edcias\",\"\u00daltimas\"],\"inLanguage\":\"pt-PT\",\"potentialAction\":[{\"@type\":\"CommentAction\",\"name\":\"Comment\",\"target\":[\"https:\/\/brasilnoticias.org\/site\/considerar-este-vendas-no-mes-da-black-friday-devem-subir-3-na-bahia-estima-fecomercio-ba\/#respond\"]}]},{\"@type\":\"WebPage\",\"@id\":\"https:\/\/brasilnoticias.org\/site\/considerar-este-vendas-no-mes-da-black-friday-devem-subir-3-na-bahia-estima-fecomercio-ba\/\",\"url\":\"https:\/\/brasilnoticias.org\/site\/considerar-este-vendas-no-mes-da-black-friday-devem-subir-3-na-bahia-estima-fecomercio-ba\/\",\"name\":\"CONSIDERAR ESTE \u2013 Vendas no m\u00eas da Black Friday devem subir 3% na Bahia, estima Fecom\u00e9rcio BA - Brasil not\u00edcias\",\"isPartOf\":{\"@id\":\"https:\/\/brasilnoticias.org\/site\/#website\"},\"primaryImageOfPage\":{\"@id\":\"https:\/\/brasilnoticias.org\/site\/considerar-este-vendas-no-mes-da-black-friday-devem-subir-3-na-bahia-estima-fecomercio-ba\/#primaryimage\"},\"image\":{\"@id\":\"https:\/\/brasilnoticias.org\/site\/considerar-este-vendas-no-mes-da-black-friday-devem-subir-3-na-bahia-estima-fecomercio-ba\/#primaryimage\"},\"thumbnailUrl\":\"https:\/\/brasilnoticias.org\/site\/wp-content\/uploads\/2025\/11\/GettyImages-1343651278-1300x560-2.jpg\",\"datePublished\":\"2025-11-17T21:18:14+00:00\",\"breadcrumb\":{\"@id\":\"https:\/\/brasilnoticias.org\/site\/considerar-este-vendas-no-mes-da-black-friday-devem-subir-3-na-bahia-estima-fecomercio-ba\/#breadcrumb\"},\"inLanguage\":\"pt-PT\",\"potentialAction\":[{\"@type\":\"ReadAction\",\"target\":[\"https:\/\/brasilnoticias.org\/site\/considerar-este-vendas-no-mes-da-black-friday-devem-subir-3-na-bahia-estima-fecomercio-ba\/\"]}]},{\"@type\":\"ImageObject\",\"inLanguage\":\"pt-PT\",\"@id\":\"https:\/\/brasilnoticias.org\/site\/considerar-este-vendas-no-mes-da-black-friday-devem-subir-3-na-bahia-estima-fecomercio-ba\/#primaryimage\",\"url\":\"https:\/\/brasilnoticias.org\/site\/wp-content\/uploads\/2025\/11\/GettyImages-1343651278-1300x560-2.jpg\",\"contentUrl\":\"https:\/\/brasilnoticias.org\/site\/wp-content\/uploads\/2025\/11\/GettyImages-1343651278-1300x560-2.jpg\",\"width\":1300,\"height\":560},{\"@type\":\"BreadcrumbList\",\"@id\":\"https:\/\/brasilnoticias.org\/site\/considerar-este-vendas-no-mes-da-black-friday-devem-subir-3-na-bahia-estima-fecomercio-ba\/#breadcrumb\",\"itemListElement\":[{\"@type\":\"ListItem\",\"position\":1,\"name\":\"In\u00edcio\",\"item\":\"https:\/\/brasilnoticias.org\/site\/\"},{\"@type\":\"ListItem\",\"position\":2,\"name\":\"CONSIDERAR ESTE \u2013 Vendas no m\u00eas da Black Friday devem subir 3% na Bahia, estima Fecom\u00e9rcio BA\"}]},{\"@type\":\"WebSite\",\"@id\":\"https:\/\/brasilnoticias.org\/site\/#website\",\"url\":\"https:\/\/brasilnoticias.org\/site\/\",\"name\":\"Brasil not\u00edcias\",\"description\":\"Brasil not\u00edcias\",\"publisher\":{\"@id\":\"https:\/\/brasilnoticias.org\/site\/#organization\"},\"potentialAction\":[{\"@type\":\"SearchAction\",\"target\":{\"@type\":\"EntryPoint\",\"urlTemplate\":\"https:\/\/brasilnoticias.org\/site\/?s={search_term_string}\"},\"query-input\":{\"@type\":\"PropertyValueSpecification\",\"valueRequired\":true,\"valueName\":\"search_term_string\"}}],\"inLanguage\":\"pt-PT\"},{\"@type\":\"Organization\",\"@id\":\"https:\/\/brasilnoticias.org\/site\/#organization\",\"name\":\"Brasil not\u00edcias\",\"url\":\"https:\/\/brasilnoticias.org\/site\/\",\"logo\":{\"@type\":\"ImageObject\",\"inLanguage\":\"pt-PT\",\"@id\":\"https:\/\/brasilnoticias.org\/site\/#\/schema\/logo\/image\/\",\"url\":\"https:\/\/brasilnoticias.org\/site\/wp-content\/uploads\/2022\/05\/cropped-brasilnoticias-mini.jpg\",\"contentUrl\":\"https:\/\/brasilnoticias.org\/site\/wp-content\/uploads\/2022\/05\/cropped-brasilnoticias-mini.jpg\",\"width\":314,\"height\":86,\"caption\":\"Brasil not\u00edcias\"},\"image\":{\"@id\":\"https:\/\/brasilnoticias.org\/site\/#\/schema\/logo\/image\/\"}},{\"@type\":\"Person\",\"@id\":\"https:\/\/brasilnoticias.org\/site\/#\/schema\/person\/03bbbfe6c7634ad18c26444ea39049fa\",\"name\":\"Reda\u00e7\u00e3o\",\"image\":{\"@type\":\"ImageObject\",\"inLanguage\":\"pt-PT\",\"@id\":\"https:\/\/brasilnoticias.org\/site\/#\/schema\/person\/image\/\",\"url\":\"https:\/\/secure.gravatar.com\/avatar\/9ecaf7327a696cb23ad926fedded5f1f04d7049de9e445375d55b48c001a6e42?s=96&d=mm&r=g\",\"contentUrl\":\"https:\/\/secure.gravatar.com\/avatar\/9ecaf7327a696cb23ad926fedded5f1f04d7049de9e445375d55b48c001a6e42?s=96&d=mm&r=g\",\"caption\":\"Reda\u00e7\u00e3o\"},\"url\":\"https:\/\/brasilnoticias.org\/site\/author\/henrique\/\"}]}<\/script>\n<!-- \/ Yoast SEO plugin. -->","yoast_head_json":{"title":"CONSIDERAR ESTE \u2013 Vendas no m\u00eas da Black Friday devem subir 3% na Bahia, estima Fecom\u00e9rcio BA - Brasil not\u00edcias","robots":{"index":"index","follow":"follow","max-snippet":"max-snippet:-1","max-image-preview":"max-image-preview:large","max-video-preview":"max-video-preview:-1"},"canonical":"https:\/\/brasilnoticias.org\/site\/considerar-este-vendas-no-mes-da-black-friday-devem-subir-3-na-bahia-estima-fecomercio-ba\/","og_locale":"pt_PT","og_type":"article","og_title":"CONSIDERAR ESTE \u2013 Vendas no m\u00eas da Black Friday devem subir 3% na Bahia, estima Fecom\u00e9rcio BA - Brasil not\u00edcias","og_description":"Os setores de supermercados e farm\u00e1cias devem se destacar no per\u00edodo. O m\u00eas de novembro, quando ocorrem as ofertas da","og_url":"https:\/\/brasilnoticias.org\/site\/considerar-este-vendas-no-mes-da-black-friday-devem-subir-3-na-bahia-estima-fecomercio-ba\/","og_site_name":"Brasil not\u00edcias","article_published_time":"2025-11-17T21:18:14+00:00","og_image":[{"width":1300,"height":560,"url":"https:\/\/brasilnoticias.org\/site\/wp-content\/uploads\/2025\/11\/GettyImages-1343651278-1300x560-2.jpg","type":"image\/jpeg"}],"author":"Reda\u00e7\u00e3o","twitter_card":"summary_large_image","twitter_misc":{"Escrito por":"Reda\u00e7\u00e3o","Tempo estimado de leitura":"1 minuto"},"schema":{"@context":"https:\/\/schema.org","@graph":[{"@type":"Article","@id":"https:\/\/brasilnoticias.org\/site\/considerar-este-vendas-no-mes-da-black-friday-devem-subir-3-na-bahia-estima-fecomercio-ba\/#article","isPartOf":{"@id":"https:\/\/brasilnoticias.org\/site\/considerar-este-vendas-no-mes-da-black-friday-devem-subir-3-na-bahia-estima-fecomercio-ba\/"},"author":{"name":"Reda\u00e7\u00e3o","@id":"https:\/\/brasilnoticias.org\/site\/#\/schema\/person\/03bbbfe6c7634ad18c26444ea39049fa"},"headline":"CONSIDERAR ESTE \u2013 Vendas no m\u00eas da Black Friday devem subir 3% na Bahia, estima Fecom\u00e9rcio BA","datePublished":"2025-11-17T21:18:14+00:00","mainEntityOfPage":{"@id":"https:\/\/brasilnoticias.org\/site\/considerar-este-vendas-no-mes-da-black-friday-devem-subir-3-na-bahia-estima-fecomercio-ba\/"},"wordCount":542,"commentCount":0,"publisher":{"@id":"https:\/\/brasilnoticias.org\/site\/#organization"},"image":{"@id":"https:\/\/brasilnoticias.org\/site\/considerar-este-vendas-no-mes-da-black-friday-devem-subir-3-na-bahia-estima-fecomercio-ba\/#primaryimage"},"thumbnailUrl":"https:\/\/brasilnoticias.org\/site\/wp-content\/uploads\/2025\/11\/GettyImages-1343651278-1300x560-2.jpg","articleSection":["Not\u00edcias","\u00daltimas"],"inLanguage":"pt-PT","potentialAction":[{"@type":"CommentAction","name":"Comment","target":["https:\/\/brasilnoticias.org\/site\/considerar-este-vendas-no-mes-da-black-friday-devem-subir-3-na-bahia-estima-fecomercio-ba\/#respond"]}]},{"@type":"WebPage","@id":"https:\/\/brasilnoticias.org\/site\/considerar-este-vendas-no-mes-da-black-friday-devem-subir-3-na-bahia-estima-fecomercio-ba\/","url":"https:\/\/brasilnoticias.org\/site\/considerar-este-vendas-no-mes-da-black-friday-devem-subir-3-na-bahia-estima-fecomercio-ba\/","name":"CONSIDERAR ESTE \u2013 Vendas no m\u00eas da Black Friday devem subir 3% na Bahia, estima Fecom\u00e9rcio BA - Brasil not\u00edcias","isPartOf":{"@id":"https:\/\/brasilnoticias.org\/site\/#website"},"primaryImageOfPage":{"@id":"https:\/\/brasilnoticias.org\/site\/considerar-este-vendas-no-mes-da-black-friday-devem-subir-3-na-bahia-estima-fecomercio-ba\/#primaryimage"},"image":{"@id":"https:\/\/brasilnoticias.org\/site\/considerar-este-vendas-no-mes-da-black-friday-devem-subir-3-na-bahia-estima-fecomercio-ba\/#primaryimage"},"thumbnailUrl":"https:\/\/brasilnoticias.org\/site\/wp-content\/uploads\/2025\/11\/GettyImages-1343651278-1300x560-2.jpg","datePublished":"2025-11-17T21:18:14+00:00","breadcrumb":{"@id":"https:\/\/brasilnoticias.org\/site\/considerar-este-vendas-no-mes-da-black-friday-devem-subir-3-na-bahia-estima-fecomercio-ba\/#breadcrumb"},"inLanguage":"pt-PT","potentialAction":[{"@type":"ReadAction","target":["https:\/\/brasilnoticias.org\/site\/considerar-este-vendas-no-mes-da-black-friday-devem-subir-3-na-bahia-estima-fecomercio-ba\/"]}]},{"@type":"ImageObject","inLanguage":"pt-PT","@id":"https:\/\/brasilnoticias.org\/site\/considerar-este-vendas-no-mes-da-black-friday-devem-subir-3-na-bahia-estima-fecomercio-ba\/#primaryimage","url":"https:\/\/brasilnoticias.org\/site\/wp-content\/uploads\/2025\/11\/GettyImages-1343651278-1300x560-2.jpg","contentUrl":"https:\/\/brasilnoticias.org\/site\/wp-content\/uploads\/2025\/11\/GettyImages-1343651278-1300x560-2.jpg","width":1300,"height":560},{"@type":"BreadcrumbList","@id":"https:\/\/brasilnoticias.org\/site\/considerar-este-vendas-no-mes-da-black-friday-devem-subir-3-na-bahia-estima-fecomercio-ba\/#breadcrumb","itemListElement":[{"@type":"ListItem","position":1,"name":"In\u00edcio","item":"https:\/\/brasilnoticias.org\/site\/"},{"@type":"ListItem","position":2,"name":"CONSIDERAR ESTE \u2013 Vendas no m\u00eas da Black Friday devem subir 3% na Bahia, estima Fecom\u00e9rcio BA"}]},{"@type":"WebSite","@id":"https:\/\/brasilnoticias.org\/site\/#website","url":"https:\/\/brasilnoticias.org\/site\/","name":"Brasil not\u00edcias","description":"Brasil not\u00edcias","publisher":{"@id":"https:\/\/brasilnoticias.org\/site\/#organization"},"potentialAction":[{"@type":"SearchAction","target":{"@type":"EntryPoint","urlTemplate":"https:\/\/brasilnoticias.org\/site\/?s={search_term_string}"},"query-input":{"@type":"PropertyValueSpecification","valueRequired":true,"valueName":"search_term_string"}}],"inLanguage":"pt-PT"},{"@type":"Organization","@id":"https:\/\/brasilnoticias.org\/site\/#organization","name":"Brasil not\u00edcias","url":"https:\/\/brasilnoticias.org\/site\/","logo":{"@type":"ImageObject","inLanguage":"pt-PT","@id":"https:\/\/brasilnoticias.org\/site\/#\/schema\/logo\/image\/","url":"https:\/\/brasilnoticias.org\/site\/wp-content\/uploads\/2022\/05\/cropped-brasilnoticias-mini.jpg","contentUrl":"https:\/\/brasilnoticias.org\/site\/wp-content\/uploads\/2022\/05\/cropped-brasilnoticias-mini.jpg","width":314,"height":86,"caption":"Brasil not\u00edcias"},"image":{"@id":"https:\/\/brasilnoticias.org\/site\/#\/schema\/logo\/image\/"}},{"@type":"Person","@id":"https:\/\/brasilnoticias.org\/site\/#\/schema\/person\/03bbbfe6c7634ad18c26444ea39049fa","name":"Reda\u00e7\u00e3o","image":{"@type":"ImageObject","inLanguage":"pt-PT","@id":"https:\/\/brasilnoticias.org\/site\/#\/schema\/person\/image\/","url":"https:\/\/secure.gravatar.com\/avatar\/9ecaf7327a696cb23ad926fedded5f1f04d7049de9e445375d55b48c001a6e42?s=96&d=mm&r=g","contentUrl":"https:\/\/secure.gravatar.com\/avatar\/9ecaf7327a696cb23ad926fedded5f1f04d7049de9e445375d55b48c001a6e42?s=96&d=mm&r=g","caption":"Reda\u00e7\u00e3o"},"url":"https:\/\/brasilnoticias.org\/site\/author\/henrique\/"}]}},"_links":{"self":[{"href":"https:\/\/brasilnoticias.org\/site\/wp-json\/wp\/v2\/posts\/18795","targetHints":{"allow":["GET"]}}],"collection":[{"href":"https:\/\/brasilnoticias.org\/site\/wp-json\/wp\/v2\/posts"}],"about":[{"href":"https:\/\/brasilnoticias.org\/site\/wp-json\/wp\/v2\/types\/post"}],"author":[{"embeddable":true,"href":"https:\/\/brasilnoticias.org\/site\/wp-json\/wp\/v2\/users\/4"}],"replies":[{"embeddable":true,"href":"https:\/\/brasilnoticias.org\/site\/wp-json\/wp\/v2\/comments?post=18795"}],"version-history":[{"count":1,"href":"https:\/\/brasilnoticias.org\/site\/wp-json\/wp\/v2\/posts\/18795\/revisions"}],"predecessor-version":[{"id":18797,"href":"https:\/\/brasilnoticias.org\/site\/wp-json\/wp\/v2\/posts\/18795\/revisions\/18797"}],"wp:featuredmedia":[{"embeddable":true,"href":"https:\/\/brasilnoticias.org\/site\/wp-json\/wp\/v2\/media\/18796"}],"wp:attachment":[{"href":"https:\/\/brasilnoticias.org\/site\/wp-json\/wp\/v2\/media?parent=18795"}],"wp:term":[{"taxonomy":"category","embeddable":true,"href":"https:\/\/brasilnoticias.org\/site\/wp-json\/wp\/v2\/categories?post=18795"},{"taxonomy":"post_tag","embeddable":true,"href":"https:\/\/brasilnoticias.org\/site\/wp-json\/wp\/v2\/tags?post=18795"}],"curies":[{"name":"wp","href":"https:\/\/api.w.org\/{rel}","templated":true}]}}