{"id":18836,"date":"2025-11-20T09:57:07","date_gmt":"2025-11-20T12:57:07","guid":{"rendered":"https:\/\/brasilnoticias.org\/site\/?p=18836"},"modified":"2025-11-20T09:57:07","modified_gmt":"2025-11-20T12:57:07","slug":"xama-relata-dificuldades-antes-da-fama-era-muito-dificil","status":"publish","type":"post","link":"https:\/\/brasilnoticias.org\/site\/xama-relata-dificuldades-antes-da-fama-era-muito-dificil\/","title":{"rendered":"Xam\u00e3 relata dificuldades antes da fama: &#8220;Era muito dif\u00edcil&#8221;"},"content":{"rendered":"<div>\n<p>Na segunda-feira (17), durante o programa &#8220;Papo de Segunda&#8221;, do GNT, o ator e cantor Xam\u00e3<\/a> refletiu sobre o personagem que ele interpreta na novela &#8220;Tr\u00eas Gra\u00e7as&#8221;, da Globo. O artista destacou como viveu experi\u00eancias semelhantes \u00e0s do traficante Bagd\u00e1 antes da fama.<\/p>\n<blockquote class=\"citacao\"><p>&#8220;Antes de trabalhar com a m\u00fasica, eu sempre ia a bailes de favela. Sempre tinha um amigo que \u00e0s vezes estava envolvido, era muito dif\u00edcil n\u00e3o presenciar a viol\u00eancia em quase todos os lugares aonde a gente ia. Eu fui pegando um pouco de uma coisa, emprestado de outra. Eu nasci na Zona Oeste do Rio, em Sepetiba. Santa Cruz, ali na Favela do Rodo, Ces\u00e1rio de Melo, Cesar\u00e3o\u2026 Trouxe muito disso, dessa realidade, das coisas que eu vi, que eu presenciava, para o personagem&#8221;, declarou.<\/p><\/blockquote>\n<p>Xam\u00e3 refletiu<\/a> sobre o baque da mudan\u00e7a de realidade ap\u00f3s fazer sucesso com a m\u00fasica. &#8220;No in\u00edcio foi complicado porque eu estava no trem o tempo todo, na rua, s\u00f3 sabia essa realidade. Eu s\u00f3 vivia aquilo. Quando comecei a fazer m\u00fasica, vi uma outra realidade. As pessoas me conheciam. Sempre achava que tinha algu\u00e9m me olhando no trem, que ia dar merda, que o cara estava me seguindo. Quando eu parei de andar de \u00f4nibus, eu fiquei um pouco triste. Eu estava acostumado a ter uma realidade: sa\u00eda de casa, falava com todo mundo, entrava no \u00f4nibus, passava o dia na rua vendendo, voltava para casa. Meu corpo j\u00e1 estava acostumado a essa realidade. Quando foi mudando, eu ficava com um pouco de saudade. At\u00e9 a hora de escrever era diferente. Eu entrava no \u00f4nibus, no trem, olhava para a janela, mudava o ambiente, eu escrevia. Escutava a conversa das pessoas e escrevia uma m\u00fasica. Foi dif\u00edcil a primeira mudan\u00e7a. Aos poucos eu fui me acostumando. Quando a fama come\u00e7ou a acontecer, eu estava com 24 anos. Agora estou com 36. Eu sinto muita falta da primeira inspira\u00e7\u00e3o, mudou muito a forma como eu escrevo&#8221;, relatou.<\/p>\n<p>O artista<\/a> ainda refletiu como foi encontrar com pessoas das quais era f\u00e3. &#8220;No in\u00edcio foi muito assustador. Voc\u00ea assistia \u00e0 pessoa na TV e depois estava no mesmo lugar que ela, trocando uma ideia. No in\u00edcio, eu fiquei bem perdido. Como eu tenho que agir perto do cara de quem eu sou f\u00e3? Hoje em dia eu n\u00e3o ligo muito para isso. J\u00e1 chego e falo: &#8216;P\u00f4, cara, sou seu f\u00e3&#8217;. Eu era f\u00e3 de quase todo mundo e estava com a galera ali do meu lado. Isso afetava a forma como eu me vestia, como eu tinha que agir&#8221;, comentou.<\/p>\n<\/p><\/div>\n","protected":false},"excerpt":{"rendered":"<p>Na segunda-feira (17), durante o programa &#8220;Papo de Segunda&#8221;, do GNT, o ator e cantor Xam\u00e3 refletiu sobre o personagem<\/p>\n","protected":false},"author":7,"featured_media":18837,"comment_status":"open","ping_status":"open","sticky":false,"template":"","format":"standard","meta":{"colormag_page_container_layout":"default_layout","colormag_page_sidebar_layout":"default_layout","_FSMCFIC_featured_image_caption":"","_FSMCFIC_featured_image_nocaption":"","_FSMCFIC_featured_image_hide":"","footnotes":""},"categories":[1],"tags":[],"class_list":["post-18836","post","type-post","status-publish","format-standard","has-post-thumbnail","hentry","category-ultimas"],"yoast_head":"<!-- This site is optimized with the Yoast SEO plugin v27.1.1 - https:\/\/yoast.com\/product\/yoast-seo-wordpress\/ -->\n<title>Xam\u00e3 relata dificuldades antes da fama: &quot;Era muito dif\u00edcil&quot; - Brasil not\u00edcias<\/title>\n<meta name=\"robots\" content=\"index, follow, max-snippet:-1, max-image-preview:large, max-video-preview:-1\" \/>\n<link rel=\"canonical\" href=\"https:\/\/brasilnoticias.org\/site\/xama-relata-dificuldades-antes-da-fama-era-muito-dificil\/\" \/>\n<meta property=\"og:locale\" content=\"pt_PT\" \/>\n<meta property=\"og:type\" content=\"article\" \/>\n<meta property=\"og:title\" content=\"Xam\u00e3 relata dificuldades antes da fama: &quot;Era muito dif\u00edcil&quot; - Brasil not\u00edcias\" \/>\n<meta property=\"og:description\" content=\"Na segunda-feira (17), durante o programa &#8220;Papo de Segunda&#8221;, do GNT, o ator e cantor Xam\u00e3 refletiu sobre o personagem\" \/>\n<meta property=\"og:url\" content=\"https:\/\/brasilnoticias.org\/site\/xama-relata-dificuldades-antes-da-fama-era-muito-dificil\/\" \/>\n<meta property=\"og:site_name\" content=\"Brasil not\u00edcias\" \/>\n<meta property=\"article:published_time\" content=\"2025-11-20T12:57:07+00:00\" \/>\n<meta property=\"og:image\" content=\"https:\/\/brasilnoticias.org\/site\/wp-content\/uploads\/2025\/11\/copia-de-capa-posts-5_pd1x1jdw_widelg.jpg\" \/>\n\t<meta property=\"og:image:width\" content=\"800\" \/>\n\t<meta property=\"og:image:height\" content=\"450\" \/>\n\t<meta property=\"og:image:type\" content=\"image\/jpeg\" \/>\n<meta name=\"author\" content=\"Natane Ramos\" \/>\n<meta name=\"twitter:card\" content=\"summary_large_image\" \/>\n<meta name=\"twitter:label1\" content=\"Escrito por\" \/>\n\t<meta name=\"twitter:data1\" content=\"Natane Ramos\" \/>\n\t<meta name=\"twitter:label2\" content=\"Tempo estimado de leitura\" \/>\n\t<meta name=\"twitter:data2\" content=\"2 minutos\" \/>\n<script type=\"application\/ld+json\" class=\"yoast-schema-graph\">{\"@context\":\"https:\/\/schema.org\",\"@graph\":[{\"@type\":\"Article\",\"@id\":\"https:\/\/brasilnoticias.org\/site\/xama-relata-dificuldades-antes-da-fama-era-muito-dificil\/#article\",\"isPartOf\":{\"@id\":\"https:\/\/brasilnoticias.org\/site\/xama-relata-dificuldades-antes-da-fama-era-muito-dificil\/\"},\"author\":{\"name\":\"Natane Ramos\",\"@id\":\"https:\/\/brasilnoticias.org\/site\/#\/schema\/person\/fcb783e56cf2d4837ff34fab5319a5e2\"},\"headline\":\"Xam\u00e3 relata dificuldades antes da fama: &#8220;Era muito dif\u00edcil&#8221;\",\"datePublished\":\"2025-11-20T12:57:07+00:00\",\"mainEntityOfPage\":{\"@id\":\"https:\/\/brasilnoticias.org\/site\/xama-relata-dificuldades-antes-da-fama-era-muito-dificil\/\"},\"wordCount\":459,\"commentCount\":0,\"publisher\":{\"@id\":\"https:\/\/brasilnoticias.org\/site\/#organization\"},\"image\":{\"@id\":\"https:\/\/brasilnoticias.org\/site\/xama-relata-dificuldades-antes-da-fama-era-muito-dificil\/#primaryimage\"},\"thumbnailUrl\":\"https:\/\/brasilnoticias.org\/site\/wp-content\/uploads\/2025\/11\/copia-de-capa-posts-5_pd1x1jdw_widelg.jpg\",\"articleSection\":[\"\u00daltimas\"],\"inLanguage\":\"pt-PT\",\"potentialAction\":[{\"@type\":\"CommentAction\",\"name\":\"Comment\",\"target\":[\"https:\/\/brasilnoticias.org\/site\/xama-relata-dificuldades-antes-da-fama-era-muito-dificil\/#respond\"]}]},{\"@type\":\"WebPage\",\"@id\":\"https:\/\/brasilnoticias.org\/site\/xama-relata-dificuldades-antes-da-fama-era-muito-dificil\/\",\"url\":\"https:\/\/brasilnoticias.org\/site\/xama-relata-dificuldades-antes-da-fama-era-muito-dificil\/\",\"name\":\"Xam\u00e3 relata dificuldades antes da fama: \\\"Era muito dif\u00edcil\\\" - Brasil not\u00edcias\",\"isPartOf\":{\"@id\":\"https:\/\/brasilnoticias.org\/site\/#website\"},\"primaryImageOfPage\":{\"@id\":\"https:\/\/brasilnoticias.org\/site\/xama-relata-dificuldades-antes-da-fama-era-muito-dificil\/#primaryimage\"},\"image\":{\"@id\":\"https:\/\/brasilnoticias.org\/site\/xama-relata-dificuldades-antes-da-fama-era-muito-dificil\/#primaryimage\"},\"thumbnailUrl\":\"https:\/\/brasilnoticias.org\/site\/wp-content\/uploads\/2025\/11\/copia-de-capa-posts-5_pd1x1jdw_widelg.jpg\",\"datePublished\":\"2025-11-20T12:57:07+00:00\",\"breadcrumb\":{\"@id\":\"https:\/\/brasilnoticias.org\/site\/xama-relata-dificuldades-antes-da-fama-era-muito-dificil\/#breadcrumb\"},\"inLanguage\":\"pt-PT\",\"potentialAction\":[{\"@type\":\"ReadAction\",\"target\":[\"https:\/\/brasilnoticias.org\/site\/xama-relata-dificuldades-antes-da-fama-era-muito-dificil\/\"]}]},{\"@type\":\"ImageObject\",\"inLanguage\":\"pt-PT\",\"@id\":\"https:\/\/brasilnoticias.org\/site\/xama-relata-dificuldades-antes-da-fama-era-muito-dificil\/#primaryimage\",\"url\":\"https:\/\/brasilnoticias.org\/site\/wp-content\/uploads\/2025\/11\/copia-de-capa-posts-5_pd1x1jdw_widelg.jpg\",\"contentUrl\":\"https:\/\/brasilnoticias.org\/site\/wp-content\/uploads\/2025\/11\/copia-de-capa-posts-5_pd1x1jdw_widelg.jpg\",\"width\":800,\"height\":450,\"caption\":\"Xam\u00e3 relata dificuldades antes da fama: \\\"Era muito dif\u00edcil\\\"\"},{\"@type\":\"BreadcrumbList\",\"@id\":\"https:\/\/brasilnoticias.org\/site\/xama-relata-dificuldades-antes-da-fama-era-muito-dificil\/#breadcrumb\",\"itemListElement\":[{\"@type\":\"ListItem\",\"position\":1,\"name\":\"In\u00edcio\",\"item\":\"https:\/\/brasilnoticias.org\/site\/\"},{\"@type\":\"ListItem\",\"position\":2,\"name\":\"Xam\u00e3 relata dificuldades antes da fama: &#8220;Era muito dif\u00edcil&#8221;\"}]},{\"@type\":\"WebSite\",\"@id\":\"https:\/\/brasilnoticias.org\/site\/#website\",\"url\":\"https:\/\/brasilnoticias.org\/site\/\",\"name\":\"Brasil not\u00edcias\",\"description\":\"Brasil not\u00edcias\",\"publisher\":{\"@id\":\"https:\/\/brasilnoticias.org\/site\/#organization\"},\"potentialAction\":[{\"@type\":\"SearchAction\",\"target\":{\"@type\":\"EntryPoint\",\"urlTemplate\":\"https:\/\/brasilnoticias.org\/site\/?s={search_term_string}\"},\"query-input\":{\"@type\":\"PropertyValueSpecification\",\"valueRequired\":true,\"valueName\":\"search_term_string\"}}],\"inLanguage\":\"pt-PT\"},{\"@type\":\"Organization\",\"@id\":\"https:\/\/brasilnoticias.org\/site\/#organization\",\"name\":\"Brasil not\u00edcias\",\"url\":\"https:\/\/brasilnoticias.org\/site\/\",\"logo\":{\"@type\":\"ImageObject\",\"inLanguage\":\"pt-PT\",\"@id\":\"https:\/\/brasilnoticias.org\/site\/#\/schema\/logo\/image\/\",\"url\":\"https:\/\/brasilnoticias.org\/site\/wp-content\/uploads\/2022\/05\/cropped-brasilnoticias-mini.jpg\",\"contentUrl\":\"https:\/\/brasilnoticias.org\/site\/wp-content\/uploads\/2022\/05\/cropped-brasilnoticias-mini.jpg\",\"width\":314,\"height\":86,\"caption\":\"Brasil not\u00edcias\"},\"image\":{\"@id\":\"https:\/\/brasilnoticias.org\/site\/#\/schema\/logo\/image\/\"}},{\"@type\":\"Person\",\"@id\":\"https:\/\/brasilnoticias.org\/site\/#\/schema\/person\/fcb783e56cf2d4837ff34fab5319a5e2\",\"name\":\"Natane Ramos\",\"image\":{\"@type\":\"ImageObject\",\"inLanguage\":\"pt-PT\",\"@id\":\"https:\/\/brasilnoticias.org\/site\/#\/schema\/person\/image\/\",\"url\":\"https:\/\/secure.gravatar.com\/avatar\/?s=96&d=mm&r=g\",\"contentUrl\":\"https:\/\/secure.gravatar.com\/avatar\/?s=96&d=mm&r=g\",\"caption\":\"Natane Ramos\"},\"url\":\"https:\/\/brasilnoticias.org\/site\/author\/natane_ramos\/\"}]}<\/script>\n<!-- \/ Yoast SEO plugin. -->","yoast_head_json":{"title":"Xam\u00e3 relata dificuldades antes da fama: \"Era muito dif\u00edcil\" - Brasil not\u00edcias","robots":{"index":"index","follow":"follow","max-snippet":"max-snippet:-1","max-image-preview":"max-image-preview:large","max-video-preview":"max-video-preview:-1"},"canonical":"https:\/\/brasilnoticias.org\/site\/xama-relata-dificuldades-antes-da-fama-era-muito-dificil\/","og_locale":"pt_PT","og_type":"article","og_title":"Xam\u00e3 relata dificuldades antes da fama: \"Era muito dif\u00edcil\" - Brasil not\u00edcias","og_description":"Na segunda-feira (17), durante o programa &#8220;Papo de Segunda&#8221;, do GNT, o ator e cantor Xam\u00e3 refletiu sobre o personagem","og_url":"https:\/\/brasilnoticias.org\/site\/xama-relata-dificuldades-antes-da-fama-era-muito-dificil\/","og_site_name":"Brasil not\u00edcias","article_published_time":"2025-11-20T12:57:07+00:00","og_image":[{"width":800,"height":450,"url":"https:\/\/brasilnoticias.org\/site\/wp-content\/uploads\/2025\/11\/copia-de-capa-posts-5_pd1x1jdw_widelg.jpg","type":"image\/jpeg"}],"author":"Natane Ramos","twitter_card":"summary_large_image","twitter_misc":{"Escrito por":"Natane Ramos","Tempo estimado de leitura":"2 minutos"},"schema":{"@context":"https:\/\/schema.org","@graph":[{"@type":"Article","@id":"https:\/\/brasilnoticias.org\/site\/xama-relata-dificuldades-antes-da-fama-era-muito-dificil\/#article","isPartOf":{"@id":"https:\/\/brasilnoticias.org\/site\/xama-relata-dificuldades-antes-da-fama-era-muito-dificil\/"},"author":{"name":"Natane Ramos","@id":"https:\/\/brasilnoticias.org\/site\/#\/schema\/person\/fcb783e56cf2d4837ff34fab5319a5e2"},"headline":"Xam\u00e3 relata dificuldades antes da fama: &#8220;Era muito dif\u00edcil&#8221;","datePublished":"2025-11-20T12:57:07+00:00","mainEntityOfPage":{"@id":"https:\/\/brasilnoticias.org\/site\/xama-relata-dificuldades-antes-da-fama-era-muito-dificil\/"},"wordCount":459,"commentCount":0,"publisher":{"@id":"https:\/\/brasilnoticias.org\/site\/#organization"},"image":{"@id":"https:\/\/brasilnoticias.org\/site\/xama-relata-dificuldades-antes-da-fama-era-muito-dificil\/#primaryimage"},"thumbnailUrl":"https:\/\/brasilnoticias.org\/site\/wp-content\/uploads\/2025\/11\/copia-de-capa-posts-5_pd1x1jdw_widelg.jpg","articleSection":["\u00daltimas"],"inLanguage":"pt-PT","potentialAction":[{"@type":"CommentAction","name":"Comment","target":["https:\/\/brasilnoticias.org\/site\/xama-relata-dificuldades-antes-da-fama-era-muito-dificil\/#respond"]}]},{"@type":"WebPage","@id":"https:\/\/brasilnoticias.org\/site\/xama-relata-dificuldades-antes-da-fama-era-muito-dificil\/","url":"https:\/\/brasilnoticias.org\/site\/xama-relata-dificuldades-antes-da-fama-era-muito-dificil\/","name":"Xam\u00e3 relata dificuldades antes da fama: \"Era muito dif\u00edcil\" - Brasil not\u00edcias","isPartOf":{"@id":"https:\/\/brasilnoticias.org\/site\/#website"},"primaryImageOfPage":{"@id":"https:\/\/brasilnoticias.org\/site\/xama-relata-dificuldades-antes-da-fama-era-muito-dificil\/#primaryimage"},"image":{"@id":"https:\/\/brasilnoticias.org\/site\/xama-relata-dificuldades-antes-da-fama-era-muito-dificil\/#primaryimage"},"thumbnailUrl":"https:\/\/brasilnoticias.org\/site\/wp-content\/uploads\/2025\/11\/copia-de-capa-posts-5_pd1x1jdw_widelg.jpg","datePublished":"2025-11-20T12:57:07+00:00","breadcrumb":{"@id":"https:\/\/brasilnoticias.org\/site\/xama-relata-dificuldades-antes-da-fama-era-muito-dificil\/#breadcrumb"},"inLanguage":"pt-PT","potentialAction":[{"@type":"ReadAction","target":["https:\/\/brasilnoticias.org\/site\/xama-relata-dificuldades-antes-da-fama-era-muito-dificil\/"]}]},{"@type":"ImageObject","inLanguage":"pt-PT","@id":"https:\/\/brasilnoticias.org\/site\/xama-relata-dificuldades-antes-da-fama-era-muito-dificil\/#primaryimage","url":"https:\/\/brasilnoticias.org\/site\/wp-content\/uploads\/2025\/11\/copia-de-capa-posts-5_pd1x1jdw_widelg.jpg","contentUrl":"https:\/\/brasilnoticias.org\/site\/wp-content\/uploads\/2025\/11\/copia-de-capa-posts-5_pd1x1jdw_widelg.jpg","width":800,"height":450,"caption":"Xam\u00e3 relata dificuldades antes da fama: \"Era muito dif\u00edcil\""},{"@type":"BreadcrumbList","@id":"https:\/\/brasilnoticias.org\/site\/xama-relata-dificuldades-antes-da-fama-era-muito-dificil\/#breadcrumb","itemListElement":[{"@type":"ListItem","position":1,"name":"In\u00edcio","item":"https:\/\/brasilnoticias.org\/site\/"},{"@type":"ListItem","position":2,"name":"Xam\u00e3 relata dificuldades antes da fama: &#8220;Era muito dif\u00edcil&#8221;"}]},{"@type":"WebSite","@id":"https:\/\/brasilnoticias.org\/site\/#website","url":"https:\/\/brasilnoticias.org\/site\/","name":"Brasil not\u00edcias","description":"Brasil not\u00edcias","publisher":{"@id":"https:\/\/brasilnoticias.org\/site\/#organization"},"potentialAction":[{"@type":"SearchAction","target":{"@type":"EntryPoint","urlTemplate":"https:\/\/brasilnoticias.org\/site\/?s={search_term_string}"},"query-input":{"@type":"PropertyValueSpecification","valueRequired":true,"valueName":"search_term_string"}}],"inLanguage":"pt-PT"},{"@type":"Organization","@id":"https:\/\/brasilnoticias.org\/site\/#organization","name":"Brasil not\u00edcias","url":"https:\/\/brasilnoticias.org\/site\/","logo":{"@type":"ImageObject","inLanguage":"pt-PT","@id":"https:\/\/brasilnoticias.org\/site\/#\/schema\/logo\/image\/","url":"https:\/\/brasilnoticias.org\/site\/wp-content\/uploads\/2022\/05\/cropped-brasilnoticias-mini.jpg","contentUrl":"https:\/\/brasilnoticias.org\/site\/wp-content\/uploads\/2022\/05\/cropped-brasilnoticias-mini.jpg","width":314,"height":86,"caption":"Brasil not\u00edcias"},"image":{"@id":"https:\/\/brasilnoticias.org\/site\/#\/schema\/logo\/image\/"}},{"@type":"Person","@id":"https:\/\/brasilnoticias.org\/site\/#\/schema\/person\/fcb783e56cf2d4837ff34fab5319a5e2","name":"Natane Ramos","image":{"@type":"ImageObject","inLanguage":"pt-PT","@id":"https:\/\/brasilnoticias.org\/site\/#\/schema\/person\/image\/","url":"https:\/\/secure.gravatar.com\/avatar\/?s=96&d=mm&r=g","contentUrl":"https:\/\/secure.gravatar.com\/avatar\/?s=96&d=mm&r=g","caption":"Natane Ramos"},"url":"https:\/\/brasilnoticias.org\/site\/author\/natane_ramos\/"}]}},"_links":{"self":[{"href":"https:\/\/brasilnoticias.org\/site\/wp-json\/wp\/v2\/posts\/18836","targetHints":{"allow":["GET"]}}],"collection":[{"href":"https:\/\/brasilnoticias.org\/site\/wp-json\/wp\/v2\/posts"}],"about":[{"href":"https:\/\/brasilnoticias.org\/site\/wp-json\/wp\/v2\/types\/post"}],"author":[{"embeddable":true,"href":"https:\/\/brasilnoticias.org\/site\/wp-json\/wp\/v2\/users\/7"}],"replies":[{"embeddable":true,"href":"https:\/\/brasilnoticias.org\/site\/wp-json\/wp\/v2\/comments?post=18836"}],"version-history":[{"count":1,"href":"https:\/\/brasilnoticias.org\/site\/wp-json\/wp\/v2\/posts\/18836\/revisions"}],"predecessor-version":[{"id":18838,"href":"https:\/\/brasilnoticias.org\/site\/wp-json\/wp\/v2\/posts\/18836\/revisions\/18838"}],"wp:featuredmedia":[{"embeddable":true,"href":"https:\/\/brasilnoticias.org\/site\/wp-json\/wp\/v2\/media\/18837"}],"wp:attachment":[{"href":"https:\/\/brasilnoticias.org\/site\/wp-json\/wp\/v2\/media?parent=18836"}],"wp:term":[{"taxonomy":"category","embeddable":true,"href":"https:\/\/brasilnoticias.org\/site\/wp-json\/wp\/v2\/categories?post=18836"},{"taxonomy":"post_tag","embeddable":true,"href":"https:\/\/brasilnoticias.org\/site\/wp-json\/wp\/v2\/tags?post=18836"}],"curies":[{"name":"wp","href":"https:\/\/api.w.org\/{rel}","templated":true}]}}