{"id":18848,"date":"2025-11-21T19:02:12","date_gmt":"2025-11-21T22:02:12","guid":{"rendered":"https:\/\/brasilnoticias.org\/site\/?p=18848"},"modified":"2025-11-21T19:02:12","modified_gmt":"2025-11-21T22:02:12","slug":"alagamentos-deslizamento-e-queda-de-arvore-chuva-em-1h-atinge-75-do-previsto-para-o-mes-em-salvador","status":"publish","type":"post","link":"https:\/\/brasilnoticias.org\/site\/alagamentos-deslizamento-e-queda-de-arvore-chuva-em-1h-atinge-75-do-previsto-para-o-mes-em-salvador\/","title":{"rendered":"Alagamentos, deslizamento e queda de \u00e1rvore: chuva em 1h atinge 75% do previsto para o m\u00eas em Salvador"},"content":{"rendered":"<p>A chuva que caiu em Salvador na tarde desta quinta-feira (20), feriado do Dia da Consci\u00eancia Negra, provocou estragos em diversos pontos da cidade.<\/p>\n<p>H\u00e1 registros de alagamentos nas localidades do Iguatemi, Lucaia e Vale do Canela, al\u00e9m dos bairros Federa\u00e7\u00e3o, Barra e Rio Vermelho. Tamb\u00e9m houve um deslizamento de terra com queda de uma pequena \u00e1rvore na Avenida Lu\u00eds Eduardo Magalh\u00e3es.<\/p>\n<p>Segundo a Defesa Civil (Codesal), o acumulado de chuva em apenas uma hora foi de 80 mil\u00edmetros, o que equivale a 75% do previsto para todo o m\u00eas: 108,2 mil\u00edmetros.<\/p>\n<p>A orienta\u00e7\u00e3o \u00e9 de que, em caso de risco, a popula\u00e7\u00e3o se afaste e acione o \u00f3rg\u00e3o, via disque 199. &#8220;Todas as nossas equipes est\u00e3o em regime de plant\u00e3o, atuando 24 horas por dia&#8221;, destacou o diretor Sosthenes Macedo.<\/p>\n<p>At\u00e9 a \u00faltima atualiza\u00e7\u00e3o desta reportagem, 21 ocorr\u00eancias provocadas pela chuva tinham sido registradas pela Codesal no site que monitora a situa\u00e7\u00e3o.<\/p>\n<p>A maioria delas \u00e9 de amea\u00e7a de desabamento (7), seguido de desabamento de muro (4), deslizamento de terra (3), infiltra\u00e7\u00e3o (2), amea\u00e7a de deslizamento (1), destelhamento (1), desabamento parcial (1), avalia\u00e7\u00e3o de \u00e1rea (1) e orienta\u00e7\u00e3o t\u00e9cnica (1). Centro, Brotas e Pau da Lima s\u00e3o as \u00e1reas mais afetadas.<\/p>\n<p>Conforme a Capitania dos Portos, as travessias mar\u00edtimas entre Salvador e Mar Grande, na Ilha de Itaparica, e Morro de S\u00e3o Paulo, em Cairu, foram suspensas nesta tarde, por causa do temporal. N\u00e3o h\u00e1 previs\u00e3o de retomada.<\/p>\n<p>Os pontos de alagamento provocaram preju\u00edzos para moradores e comerciantes dos bairros afetados pela chuva na capital baiana. Nos bairros do Calabar e Sussuarana, o volume da \u00e1gua subiu e casas foram invadidas.<\/p>\n<p>Na rua Xang\u00f4, em Itapu\u00e3, moradores perderam m\u00f3veis. Alguns deles foram usados para apoiar e proteger eletrodom\u00e9sticos e animais de estima\u00e7\u00e3o.<\/p>\n<p>Uma loja de enxovais do bairro de Tancredo Neves tamb\u00e9m foi afetada. Imagens compartilhadas nas redes sociais mostram a \u00e1gua entrando no estabelecimento, que fica em um ponto rebaixado da rua. No mesmo bairro, um carro foi parcialmente submerso pela \u00e1gua.<\/p>\n<p>A chuva tamb\u00e9m provocou o cancelamento e adiamento de eventos que seriam realizados na capital baiana. Entre eles, o show em comemora\u00e7\u00e3o aos 20 anos de carreira do cantor L\u00e9o Santana.<\/p>\n<p>A apresenta\u00e7\u00e3o, que seria transformada em um DVD hist\u00f3rico, foi remarcada pelo artista para o pr\u00f3ximo domingo (23), depois de esperar cerca de 4 horas para fazer o an\u00fancio.<\/p>\n<p>A banda Di Bobeira cancelou o show que faria no bairro da Pituba. O Baile Charme Salvador que seria realizado no Pelourinho tamb\u00e9m. Outro evento cancelado foi a apresenta\u00e7\u00e3o de Jany, no Rio Vermelho.<\/p>\n<p>Segundo previs\u00f5es do Instituto Nacional de Meteorologia (Inmet), o feriado do Dia da Consci\u00eancia Negra ser\u00e1 de muita chuva em toda a Bahia.<\/p>\n<p>Um alerta laranja de perigo e um alerta amarelo de perigo potencial foram emitidos na quarta-feira (19) e ter\u00e3o validade at\u00e9 o fim da tarde desta quinta.<\/p>\n<p>Para a capital, o alerta \u00e9 laranja. S\u00e3o esperados 100 mm de acumulado de chuva. Tamb\u00e9m h\u00e1 risco de alagamentos, deslizamentos de encostas e transbordamentos de rios.<\/p>\n<p>Foto: Reprodu\u00e7\u00e3o\/Arquivo<\/p>\n","protected":false},"excerpt":{"rendered":"<p>A chuva que caiu em Salvador na tarde desta quinta-feira (20), feriado do Dia da Consci\u00eancia Negra, provocou estragos em<\/p>\n","protected":false},"author":4,"featured_media":18849,"comment_status":"open","ping_status":"open","sticky":false,"template":"","format":"standard","meta":{"colormag_page_container_layout":"default_layout","colormag_page_sidebar_layout":"default_layout","_FSMCFIC_featured_image_caption":"","_FSMCFIC_featured_image_nocaption":"","_FSMCFIC_featured_image_hide":"","footnotes":""},"categories":[7,1],"tags":[],"class_list":["post-18848","post","type-post","status-publish","format-standard","has-post-thumbnail","hentry","category-justica","category-ultimas"],"yoast_head":"<!-- This site is optimized with the Yoast SEO plugin v27.1.1 - https:\/\/yoast.com\/product\/yoast-seo-wordpress\/ -->\n<title>Alagamentos, deslizamento e queda de \u00e1rvore: chuva em 1h atinge 75% do previsto para o m\u00eas em Salvador - Brasil not\u00edcias<\/title>\n<meta name=\"robots\" content=\"index, follow, max-snippet:-1, max-image-preview:large, max-video-preview:-1\" \/>\n<link rel=\"canonical\" href=\"https:\/\/brasilnoticias.org\/site\/alagamentos-deslizamento-e-queda-de-arvore-chuva-em-1h-atinge-75-do-previsto-para-o-mes-em-salvador\/\" \/>\n<meta property=\"og:locale\" content=\"pt_PT\" \/>\n<meta property=\"og:type\" content=\"article\" \/>\n<meta property=\"og:title\" content=\"Alagamentos, deslizamento e queda de \u00e1rvore: chuva em 1h atinge 75% do previsto para o m\u00eas em Salvador - Brasil not\u00edcias\" \/>\n<meta property=\"og:description\" content=\"A chuva que caiu em Salvador na tarde desta quinta-feira (20), feriado do Dia da Consci\u00eancia Negra, provocou estragos em\" \/>\n<meta property=\"og:url\" content=\"https:\/\/brasilnoticias.org\/site\/alagamentos-deslizamento-e-queda-de-arvore-chuva-em-1h-atinge-75-do-previsto-para-o-mes-em-salvador\/\" \/>\n<meta property=\"og:site_name\" content=\"Brasil not\u00edcias\" \/>\n<meta property=\"article:published_time\" content=\"2025-11-21T22:02:12+00:00\" \/>\n<meta property=\"og:image\" content=\"https:\/\/brasilnoticias.org\/site\/wp-content\/uploads\/2025\/11\/Captura-de-tela-2025-11-21-083019.png\" \/>\n\t<meta property=\"og:image:width\" content=\"784\" \/>\n\t<meta property=\"og:image:height\" content=\"477\" \/>\n\t<meta property=\"og:image:type\" content=\"image\/png\" \/>\n<meta name=\"author\" content=\"Reda\u00e7\u00e3o\" \/>\n<meta name=\"twitter:card\" content=\"summary_large_image\" \/>\n<meta name=\"twitter:label1\" content=\"Escrito por\" \/>\n\t<meta name=\"twitter:data1\" content=\"Reda\u00e7\u00e3o\" \/>\n\t<meta name=\"twitter:label2\" content=\"Tempo estimado de leitura\" \/>\n\t<meta name=\"twitter:data2\" content=\"1 minuto\" \/>\n<script type=\"application\/ld+json\" class=\"yoast-schema-graph\">{\"@context\":\"https:\/\/schema.org\",\"@graph\":[{\"@type\":\"Article\",\"@id\":\"https:\/\/brasilnoticias.org\/site\/alagamentos-deslizamento-e-queda-de-arvore-chuva-em-1h-atinge-75-do-previsto-para-o-mes-em-salvador\/#article\",\"isPartOf\":{\"@id\":\"https:\/\/brasilnoticias.org\/site\/alagamentos-deslizamento-e-queda-de-arvore-chuva-em-1h-atinge-75-do-previsto-para-o-mes-em-salvador\/\"},\"author\":{\"name\":\"Reda\u00e7\u00e3o\",\"@id\":\"https:\/\/brasilnoticias.org\/site\/#\/schema\/person\/03bbbfe6c7634ad18c26444ea39049fa\"},\"headline\":\"Alagamentos, deslizamento e queda de \u00e1rvore: chuva em 1h atinge 75% do previsto para o m\u00eas em Salvador\",\"datePublished\":\"2025-11-21T22:02:12+00:00\",\"mainEntityOfPage\":{\"@id\":\"https:\/\/brasilnoticias.org\/site\/alagamentos-deslizamento-e-queda-de-arvore-chuva-em-1h-atinge-75-do-previsto-para-o-mes-em-salvador\/\"},\"wordCount\":550,\"commentCount\":0,\"publisher\":{\"@id\":\"https:\/\/brasilnoticias.org\/site\/#organization\"},\"image\":{\"@id\":\"https:\/\/brasilnoticias.org\/site\/alagamentos-deslizamento-e-queda-de-arvore-chuva-em-1h-atinge-75-do-previsto-para-o-mes-em-salvador\/#primaryimage\"},\"thumbnailUrl\":\"https:\/\/brasilnoticias.org\/site\/wp-content\/uploads\/2025\/11\/Captura-de-tela-2025-11-21-083019.png\",\"articleSection\":[\"Justi\u00e7a\",\"\u00daltimas\"],\"inLanguage\":\"pt-PT\",\"potentialAction\":[{\"@type\":\"CommentAction\",\"name\":\"Comment\",\"target\":[\"https:\/\/brasilnoticias.org\/site\/alagamentos-deslizamento-e-queda-de-arvore-chuva-em-1h-atinge-75-do-previsto-para-o-mes-em-salvador\/#respond\"]}]},{\"@type\":\"WebPage\",\"@id\":\"https:\/\/brasilnoticias.org\/site\/alagamentos-deslizamento-e-queda-de-arvore-chuva-em-1h-atinge-75-do-previsto-para-o-mes-em-salvador\/\",\"url\":\"https:\/\/brasilnoticias.org\/site\/alagamentos-deslizamento-e-queda-de-arvore-chuva-em-1h-atinge-75-do-previsto-para-o-mes-em-salvador\/\",\"name\":\"Alagamentos, deslizamento e queda de \u00e1rvore: chuva em 1h atinge 75% do previsto para o m\u00eas em Salvador - Brasil not\u00edcias\",\"isPartOf\":{\"@id\":\"https:\/\/brasilnoticias.org\/site\/#website\"},\"primaryImageOfPage\":{\"@id\":\"https:\/\/brasilnoticias.org\/site\/alagamentos-deslizamento-e-queda-de-arvore-chuva-em-1h-atinge-75-do-previsto-para-o-mes-em-salvador\/#primaryimage\"},\"image\":{\"@id\":\"https:\/\/brasilnoticias.org\/site\/alagamentos-deslizamento-e-queda-de-arvore-chuva-em-1h-atinge-75-do-previsto-para-o-mes-em-salvador\/#primaryimage\"},\"thumbnailUrl\":\"https:\/\/brasilnoticias.org\/site\/wp-content\/uploads\/2025\/11\/Captura-de-tela-2025-11-21-083019.png\",\"datePublished\":\"2025-11-21T22:02:12+00:00\",\"breadcrumb\":{\"@id\":\"https:\/\/brasilnoticias.org\/site\/alagamentos-deslizamento-e-queda-de-arvore-chuva-em-1h-atinge-75-do-previsto-para-o-mes-em-salvador\/#breadcrumb\"},\"inLanguage\":\"pt-PT\",\"potentialAction\":[{\"@type\":\"ReadAction\",\"target\":[\"https:\/\/brasilnoticias.org\/site\/alagamentos-deslizamento-e-queda-de-arvore-chuva-em-1h-atinge-75-do-previsto-para-o-mes-em-salvador\/\"]}]},{\"@type\":\"ImageObject\",\"inLanguage\":\"pt-PT\",\"@id\":\"https:\/\/brasilnoticias.org\/site\/alagamentos-deslizamento-e-queda-de-arvore-chuva-em-1h-atinge-75-do-previsto-para-o-mes-em-salvador\/#primaryimage\",\"url\":\"https:\/\/brasilnoticias.org\/site\/wp-content\/uploads\/2025\/11\/Captura-de-tela-2025-11-21-083019.png\",\"contentUrl\":\"https:\/\/brasilnoticias.org\/site\/wp-content\/uploads\/2025\/11\/Captura-de-tela-2025-11-21-083019.png\",\"width\":784,\"height\":477},{\"@type\":\"BreadcrumbList\",\"@id\":\"https:\/\/brasilnoticias.org\/site\/alagamentos-deslizamento-e-queda-de-arvore-chuva-em-1h-atinge-75-do-previsto-para-o-mes-em-salvador\/#breadcrumb\",\"itemListElement\":[{\"@type\":\"ListItem\",\"position\":1,\"name\":\"In\u00edcio\",\"item\":\"https:\/\/brasilnoticias.org\/site\/\"},{\"@type\":\"ListItem\",\"position\":2,\"name\":\"Alagamentos, deslizamento e queda de \u00e1rvore: chuva em 1h atinge 75% do previsto para o m\u00eas em Salvador\"}]},{\"@type\":\"WebSite\",\"@id\":\"https:\/\/brasilnoticias.org\/site\/#website\",\"url\":\"https:\/\/brasilnoticias.org\/site\/\",\"name\":\"Brasil not\u00edcias\",\"description\":\"Brasil not\u00edcias\",\"publisher\":{\"@id\":\"https:\/\/brasilnoticias.org\/site\/#organization\"},\"potentialAction\":[{\"@type\":\"SearchAction\",\"target\":{\"@type\":\"EntryPoint\",\"urlTemplate\":\"https:\/\/brasilnoticias.org\/site\/?s={search_term_string}\"},\"query-input\":{\"@type\":\"PropertyValueSpecification\",\"valueRequired\":true,\"valueName\":\"search_term_string\"}}],\"inLanguage\":\"pt-PT\"},{\"@type\":\"Organization\",\"@id\":\"https:\/\/brasilnoticias.org\/site\/#organization\",\"name\":\"Brasil not\u00edcias\",\"url\":\"https:\/\/brasilnoticias.org\/site\/\",\"logo\":{\"@type\":\"ImageObject\",\"inLanguage\":\"pt-PT\",\"@id\":\"https:\/\/brasilnoticias.org\/site\/#\/schema\/logo\/image\/\",\"url\":\"https:\/\/brasilnoticias.org\/site\/wp-content\/uploads\/2022\/05\/cropped-brasilnoticias-mini.jpg\",\"contentUrl\":\"https:\/\/brasilnoticias.org\/site\/wp-content\/uploads\/2022\/05\/cropped-brasilnoticias-mini.jpg\",\"width\":314,\"height\":86,\"caption\":\"Brasil not\u00edcias\"},\"image\":{\"@id\":\"https:\/\/brasilnoticias.org\/site\/#\/schema\/logo\/image\/\"}},{\"@type\":\"Person\",\"@id\":\"https:\/\/brasilnoticias.org\/site\/#\/schema\/person\/03bbbfe6c7634ad18c26444ea39049fa\",\"name\":\"Reda\u00e7\u00e3o\",\"image\":{\"@type\":\"ImageObject\",\"inLanguage\":\"pt-PT\",\"@id\":\"https:\/\/brasilnoticias.org\/site\/#\/schema\/person\/image\/\",\"url\":\"https:\/\/secure.gravatar.com\/avatar\/9ecaf7327a696cb23ad926fedded5f1f04d7049de9e445375d55b48c001a6e42?s=96&d=mm&r=g\",\"contentUrl\":\"https:\/\/secure.gravatar.com\/avatar\/9ecaf7327a696cb23ad926fedded5f1f04d7049de9e445375d55b48c001a6e42?s=96&d=mm&r=g\",\"caption\":\"Reda\u00e7\u00e3o\"},\"url\":\"https:\/\/brasilnoticias.org\/site\/author\/henrique\/\"}]}<\/script>\n<!-- \/ Yoast SEO plugin. -->","yoast_head_json":{"title":"Alagamentos, deslizamento e queda de \u00e1rvore: chuva em 1h atinge 75% do previsto para o m\u00eas em Salvador - Brasil not\u00edcias","robots":{"index":"index","follow":"follow","max-snippet":"max-snippet:-1","max-image-preview":"max-image-preview:large","max-video-preview":"max-video-preview:-1"},"canonical":"https:\/\/brasilnoticias.org\/site\/alagamentos-deslizamento-e-queda-de-arvore-chuva-em-1h-atinge-75-do-previsto-para-o-mes-em-salvador\/","og_locale":"pt_PT","og_type":"article","og_title":"Alagamentos, deslizamento e queda de \u00e1rvore: chuva em 1h atinge 75% do previsto para o m\u00eas em Salvador - Brasil not\u00edcias","og_description":"A chuva que caiu em Salvador na tarde desta quinta-feira (20), feriado do Dia da Consci\u00eancia Negra, provocou estragos em","og_url":"https:\/\/brasilnoticias.org\/site\/alagamentos-deslizamento-e-queda-de-arvore-chuva-em-1h-atinge-75-do-previsto-para-o-mes-em-salvador\/","og_site_name":"Brasil not\u00edcias","article_published_time":"2025-11-21T22:02:12+00:00","og_image":[{"width":784,"height":477,"url":"https:\/\/brasilnoticias.org\/site\/wp-content\/uploads\/2025\/11\/Captura-de-tela-2025-11-21-083019.png","type":"image\/png"}],"author":"Reda\u00e7\u00e3o","twitter_card":"summary_large_image","twitter_misc":{"Escrito por":"Reda\u00e7\u00e3o","Tempo estimado de leitura":"1 minuto"},"schema":{"@context":"https:\/\/schema.org","@graph":[{"@type":"Article","@id":"https:\/\/brasilnoticias.org\/site\/alagamentos-deslizamento-e-queda-de-arvore-chuva-em-1h-atinge-75-do-previsto-para-o-mes-em-salvador\/#article","isPartOf":{"@id":"https:\/\/brasilnoticias.org\/site\/alagamentos-deslizamento-e-queda-de-arvore-chuva-em-1h-atinge-75-do-previsto-para-o-mes-em-salvador\/"},"author":{"name":"Reda\u00e7\u00e3o","@id":"https:\/\/brasilnoticias.org\/site\/#\/schema\/person\/03bbbfe6c7634ad18c26444ea39049fa"},"headline":"Alagamentos, deslizamento e queda de \u00e1rvore: chuva em 1h atinge 75% do previsto para o m\u00eas em Salvador","datePublished":"2025-11-21T22:02:12+00:00","mainEntityOfPage":{"@id":"https:\/\/brasilnoticias.org\/site\/alagamentos-deslizamento-e-queda-de-arvore-chuva-em-1h-atinge-75-do-previsto-para-o-mes-em-salvador\/"},"wordCount":550,"commentCount":0,"publisher":{"@id":"https:\/\/brasilnoticias.org\/site\/#organization"},"image":{"@id":"https:\/\/brasilnoticias.org\/site\/alagamentos-deslizamento-e-queda-de-arvore-chuva-em-1h-atinge-75-do-previsto-para-o-mes-em-salvador\/#primaryimage"},"thumbnailUrl":"https:\/\/brasilnoticias.org\/site\/wp-content\/uploads\/2025\/11\/Captura-de-tela-2025-11-21-083019.png","articleSection":["Justi\u00e7a","\u00daltimas"],"inLanguage":"pt-PT","potentialAction":[{"@type":"CommentAction","name":"Comment","target":["https:\/\/brasilnoticias.org\/site\/alagamentos-deslizamento-e-queda-de-arvore-chuva-em-1h-atinge-75-do-previsto-para-o-mes-em-salvador\/#respond"]}]},{"@type":"WebPage","@id":"https:\/\/brasilnoticias.org\/site\/alagamentos-deslizamento-e-queda-de-arvore-chuva-em-1h-atinge-75-do-previsto-para-o-mes-em-salvador\/","url":"https:\/\/brasilnoticias.org\/site\/alagamentos-deslizamento-e-queda-de-arvore-chuva-em-1h-atinge-75-do-previsto-para-o-mes-em-salvador\/","name":"Alagamentos, deslizamento e queda de \u00e1rvore: chuva em 1h atinge 75% do previsto para o m\u00eas em Salvador - Brasil not\u00edcias","isPartOf":{"@id":"https:\/\/brasilnoticias.org\/site\/#website"},"primaryImageOfPage":{"@id":"https:\/\/brasilnoticias.org\/site\/alagamentos-deslizamento-e-queda-de-arvore-chuva-em-1h-atinge-75-do-previsto-para-o-mes-em-salvador\/#primaryimage"},"image":{"@id":"https:\/\/brasilnoticias.org\/site\/alagamentos-deslizamento-e-queda-de-arvore-chuva-em-1h-atinge-75-do-previsto-para-o-mes-em-salvador\/#primaryimage"},"thumbnailUrl":"https:\/\/brasilnoticias.org\/site\/wp-content\/uploads\/2025\/11\/Captura-de-tela-2025-11-21-083019.png","datePublished":"2025-11-21T22:02:12+00:00","breadcrumb":{"@id":"https:\/\/brasilnoticias.org\/site\/alagamentos-deslizamento-e-queda-de-arvore-chuva-em-1h-atinge-75-do-previsto-para-o-mes-em-salvador\/#breadcrumb"},"inLanguage":"pt-PT","potentialAction":[{"@type":"ReadAction","target":["https:\/\/brasilnoticias.org\/site\/alagamentos-deslizamento-e-queda-de-arvore-chuva-em-1h-atinge-75-do-previsto-para-o-mes-em-salvador\/"]}]},{"@type":"ImageObject","inLanguage":"pt-PT","@id":"https:\/\/brasilnoticias.org\/site\/alagamentos-deslizamento-e-queda-de-arvore-chuva-em-1h-atinge-75-do-previsto-para-o-mes-em-salvador\/#primaryimage","url":"https:\/\/brasilnoticias.org\/site\/wp-content\/uploads\/2025\/11\/Captura-de-tela-2025-11-21-083019.png","contentUrl":"https:\/\/brasilnoticias.org\/site\/wp-content\/uploads\/2025\/11\/Captura-de-tela-2025-11-21-083019.png","width":784,"height":477},{"@type":"BreadcrumbList","@id":"https:\/\/brasilnoticias.org\/site\/alagamentos-deslizamento-e-queda-de-arvore-chuva-em-1h-atinge-75-do-previsto-para-o-mes-em-salvador\/#breadcrumb","itemListElement":[{"@type":"ListItem","position":1,"name":"In\u00edcio","item":"https:\/\/brasilnoticias.org\/site\/"},{"@type":"ListItem","position":2,"name":"Alagamentos, deslizamento e queda de \u00e1rvore: chuva em 1h atinge 75% do previsto para o m\u00eas em Salvador"}]},{"@type":"WebSite","@id":"https:\/\/brasilnoticias.org\/site\/#website","url":"https:\/\/brasilnoticias.org\/site\/","name":"Brasil not\u00edcias","description":"Brasil not\u00edcias","publisher":{"@id":"https:\/\/brasilnoticias.org\/site\/#organization"},"potentialAction":[{"@type":"SearchAction","target":{"@type":"EntryPoint","urlTemplate":"https:\/\/brasilnoticias.org\/site\/?s={search_term_string}"},"query-input":{"@type":"PropertyValueSpecification","valueRequired":true,"valueName":"search_term_string"}}],"inLanguage":"pt-PT"},{"@type":"Organization","@id":"https:\/\/brasilnoticias.org\/site\/#organization","name":"Brasil not\u00edcias","url":"https:\/\/brasilnoticias.org\/site\/","logo":{"@type":"ImageObject","inLanguage":"pt-PT","@id":"https:\/\/brasilnoticias.org\/site\/#\/schema\/logo\/image\/","url":"https:\/\/brasilnoticias.org\/site\/wp-content\/uploads\/2022\/05\/cropped-brasilnoticias-mini.jpg","contentUrl":"https:\/\/brasilnoticias.org\/site\/wp-content\/uploads\/2022\/05\/cropped-brasilnoticias-mini.jpg","width":314,"height":86,"caption":"Brasil not\u00edcias"},"image":{"@id":"https:\/\/brasilnoticias.org\/site\/#\/schema\/logo\/image\/"}},{"@type":"Person","@id":"https:\/\/brasilnoticias.org\/site\/#\/schema\/person\/03bbbfe6c7634ad18c26444ea39049fa","name":"Reda\u00e7\u00e3o","image":{"@type":"ImageObject","inLanguage":"pt-PT","@id":"https:\/\/brasilnoticias.org\/site\/#\/schema\/person\/image\/","url":"https:\/\/secure.gravatar.com\/avatar\/9ecaf7327a696cb23ad926fedded5f1f04d7049de9e445375d55b48c001a6e42?s=96&d=mm&r=g","contentUrl":"https:\/\/secure.gravatar.com\/avatar\/9ecaf7327a696cb23ad926fedded5f1f04d7049de9e445375d55b48c001a6e42?s=96&d=mm&r=g","caption":"Reda\u00e7\u00e3o"},"url":"https:\/\/brasilnoticias.org\/site\/author\/henrique\/"}]}},"_links":{"self":[{"href":"https:\/\/brasilnoticias.org\/site\/wp-json\/wp\/v2\/posts\/18848","targetHints":{"allow":["GET"]}}],"collection":[{"href":"https:\/\/brasilnoticias.org\/site\/wp-json\/wp\/v2\/posts"}],"about":[{"href":"https:\/\/brasilnoticias.org\/site\/wp-json\/wp\/v2\/types\/post"}],"author":[{"embeddable":true,"href":"https:\/\/brasilnoticias.org\/site\/wp-json\/wp\/v2\/users\/4"}],"replies":[{"embeddable":true,"href":"https:\/\/brasilnoticias.org\/site\/wp-json\/wp\/v2\/comments?post=18848"}],"version-history":[{"count":1,"href":"https:\/\/brasilnoticias.org\/site\/wp-json\/wp\/v2\/posts\/18848\/revisions"}],"predecessor-version":[{"id":18850,"href":"https:\/\/brasilnoticias.org\/site\/wp-json\/wp\/v2\/posts\/18848\/revisions\/18850"}],"wp:featuredmedia":[{"embeddable":true,"href":"https:\/\/brasilnoticias.org\/site\/wp-json\/wp\/v2\/media\/18849"}],"wp:attachment":[{"href":"https:\/\/brasilnoticias.org\/site\/wp-json\/wp\/v2\/media?parent=18848"}],"wp:term":[{"taxonomy":"category","embeddable":true,"href":"https:\/\/brasilnoticias.org\/site\/wp-json\/wp\/v2\/categories?post=18848"},{"taxonomy":"post_tag","embeddable":true,"href":"https:\/\/brasilnoticias.org\/site\/wp-json\/wp\/v2\/tags?post=18848"}],"curies":[{"name":"wp","href":"https:\/\/api.w.org\/{rel}","templated":true}]}}