{"id":18857,"date":"2025-11-21T19:18:49","date_gmt":"2025-11-21T22:18:49","guid":{"rendered":"https:\/\/brasilnoticias.org\/site\/?p=18857"},"modified":"2025-11-21T19:18:49","modified_gmt":"2025-11-21T22:18:49","slug":"oposicao-em-chamas-o-xadrez-de-neto-o-espiral-do-psd-e-o-esquecimento-de-roma","status":"publish","type":"post","link":"https:\/\/brasilnoticias.org\/site\/oposicao-em-chamas-o-xadrez-de-neto-o-espiral-do-psd-e-o-esquecimento-de-roma\/","title":{"rendered":"Oposi\u00e7\u00e3o em chamas, o xadrez de Neto, o espiral do PSD e o esquecimento de Roma"},"content":{"rendered":"<p>A confus\u00e3o na vota\u00e7\u00e3o do empr\u00e9stimo de R$ 2 bilh\u00f5es abriu uma crise expl\u00edcita na bancada da minoria e exp\u00f4s rachaduras internas, justo no momento em que o ex-prefeito conquistou pe\u00e7as do campo advers\u00e1rio<\/p>\n<p>A bancada de oposi\u00e7\u00e3o na Assembleia Legislativa da Bahia (Alba) est\u00e1 em chamas. O sentimento de insatisfa\u00e7\u00e3o com a falta de posicionamentos mais incisivos virou foco de disputa ap\u00f3s a &#8220;comida de bola&#8221; da sess\u00e3o da \u00faltima ter\u00e7a-feira (18).<\/p>\n<p>O &#8220;vacilo&#8221; permitiu a aprova\u00e7\u00e3o do requerimento de urg\u00eancia de um empr\u00e9stimo de R$ 2 bilh\u00f5es solicitado pelo governo, apesar da presen\u00e7a de apenas 15 parlamentares da base no plen\u00e1rio.<\/p>\n<p>Ao Blog do Vila, o l\u00edder da ala da minoria, Tiago Correia (PSDB), admitiu &#8220;distra\u00e7\u00e3o&#8221; no momento da &#8220;manobra&#8221; do l\u00edder governista Rosemberg Pinto (PT). Ele afirmou que estava na \u00e1rea do &#8220;cafezinho&#8221; em conversa com um representante do Minist\u00e9rio P\u00fablico. O tucano classificou o epis\u00f3dio como &#8220;momento de desaten\u00e7\u00e3o&#8221;, mas reconheceu a &#8220;agilidade&#8221; da maioria como parte do &#8220;jogo parlamentar&#8221;.<\/p>\n<p>As queixas contra Tiago<\/p>\n<p>Deputados ouvidos pela coluna, no entanto, elencaram uma s\u00e9rie de queixas contra o atual comandante do grupo. <\/p>\n<p>&#8220;Ele tem um perfil muito conciliador. N\u00f3s precisamos de um perfil mais aguerrido. Ele combate com flores&#8221;, disse um aliado do tucano. &#8220;A situa\u00e7\u00e3o j\u00e1 n\u00e3o era boa e isso foi a gota d&#8217;\u00e1gua&#8221;, relatou outro, em refer\u00eancia \u00e0 \u00faltima sess\u00e3o na Casa. &#8220;O desconforto com Tiago \u00e9 geral. Ele simplesmente n\u00e3o \u00e9 l\u00edder. Isso \u00e9 fato, infelizmente. Negocia tudo, n\u00e3o obstrui nada e sempre abandona o plen\u00e1rio. Ou seja, responsabilidade zero&#8221;, reclamou um membro do grupo. &#8220;Zagueiro experiente que toma bola nas costas n\u00e3o merece estar no time principal da sele\u00e7\u00e3o. Tem que ir para o banco de reservas&#8221;, protestou outro.<\/p>\n<p>Em mensagem de \u00e1udio enviada no grupo dos opositores no WhatssApp, \u00e0 qual a coluna teve acesso, o deputado Robinho (Uni\u00e3o) chegou a contestar a conduta do l\u00edder e cogitar a possibilidade de um suposto acordo com a bancada de governo. <\/p>\n<p><img loading=\"lazy\" decoding=\"async\" src=\"https:\/\/midiaescrita.com\/wp-content\/uploads\/2025\/11\/WhatsApp-Image-2025-11-19-at-10.47.35-300x189.jpeg\" alt=\"\" width=\"300\" height=\"189\" class=\"alignnone size-medium wp-image-1317\" \/><br \/>\nA &#8220;foto da disc\u00f3rdia&#8221; e as suspeitas de acordo<\/p>\n<p>Em reservado, parlamentares associam uma foto postada no Instagram \u2013 protagonizada por Tiago, Rosemberg, a presidente da Alba, Ivana Bastos (PSD), e o secret\u00e1rio estadual de Rela\u00e7\u00f5es Institucionais, Adolpho Loyola (PT) \u2013 \u00e0 prova de que o l\u00edder fez acordo com a situa\u00e7\u00e3o. <\/p>\n<p>Na legenda da publica\u00e7\u00e3o, o titular da Serin descreveu a reuni\u00e3o como &#8220;alinhamentos necess\u00e1rios para que o trabalho pelo nosso Estado siga sendo conduzido com seriedade, responsabilidade e sem entraves&#8221;. O encontro aconteceu na \u00faltima segunda-feira (17), v\u00e9spera da vota\u00e7\u00e3o. <\/p>\n<p>&#8220;Isso foi acordo em troca de emenda, ambul\u00e2ncia, trator etc.&#8221;, acusou um parlamentar.<\/p>\n<p>A possibilidade de negocia\u00e7\u00e3o foi descartada pelos defensores do atual l\u00edder e tratada como &#8220;malvadeza&#8221; contra ele. &#8220;Ele apenas cumpriu o papel institucional de representar a bancada nas tratativas das pr\u00f3ximas pautas do ano&#8221;, assegurou um colega de Correia.<\/p>\n<p>Disputa pela lideran\u00e7a e futuro da bancada<\/p>\n<p>Independentemente das defesas e acusa\u00e7\u00f5es, o clima \u00e9 de apreens\u00e3o na bancada e expectativa de mudan\u00e7a em fevereiro, ap\u00f3s o fim do recesso parlamentar. <\/p>\n<p>Os nomes mais cotados internamente para assumir o posto s\u00e3o dos deputados Sandro R\u00e9gis (Uni\u00e3o) e Samuel J\u00fanior (Republicanos), al\u00e9m de Alan Sanches (Uni\u00e3o) e Robinho (Uni\u00e3o). Apesar de citados, os dois \u00faltimos dificilmente aceitariam a miss\u00e3o, pois estar\u00e3o imersos em suas candidaturas \u00e0 C\u00e2mara Federal em 2026. <\/p>\n<p>Entretanto, conforme os aliados mais pr\u00f3ximos do tucano, Tiago s\u00f3 deixa a lideran\u00e7a &#8220;se ele quiser&#8221;.<\/p>\n<p>Curioso \u00e9 que a crise se exacerbou no mesmo dia em que a bancada ganhou oficialmente o refor\u00e7o de Cafu Barreto (PSD) e cresceu para 20 representantes.<\/p>\n<p><img loading=\"lazy\" decoding=\"async\" src=\"https:\/\/midiaescrita.com\/wp-content\/uploads\/2025\/11\/ACM-Neto-1-800x445-1-300x167.jpg\" alt=\"\" width=\"300\" height=\"167\" class=\"alignnone size-medium wp-image-1318\" \/><br \/>\nFoto: Divulga\u00e7\u00e3o<\/p>\n<p>Neto e a estrat\u00e9gia do desembarque<\/p>\n<p>Aliados do vice-presidente nacional do Uni\u00e3o Brasil, ACM Neto, garantem que as idas dos deputados estaduais Nelson Leal (PP) e Cafu Barreto (PSD) para a oposi\u00e7\u00e3o n\u00e3o foram movimentos isolados.<\/p>\n<p>De acordo com interlocutores ouvidos pela coluna, o ex-prefeito tem &#8220;trabalhado muito para criar o clima de desembarque&#8221; no governo, como estrat\u00e9gia eleitoral para derrotar o atual governador Jer\u00f4nimo Rodrigues (PT) na disputa pelo Pal\u00e1cio de Ondina.<\/p>\n<p>Segundo parlamentares, todos os erros da elei\u00e7\u00e3o passada foram colocados na mesa para que n\u00e3o sejam repetidos em 2026. Uma das metas \u00e9 promover palanques com aliados fortes em todos os 417 munic\u00edpios baianos, a fim de potencializar a candidatura.<\/p>\n<p>A expectativa \u00e9 de que novos deputados federais e estaduais, al\u00e9m de prefeitos atualmente no campo petista, sejam anunciados como refor\u00e7os da oposi\u00e7\u00e3o nos pr\u00f3ximos dias. Os nomes s\u00e3o guardados a sete chaves, mas prometem &#8220;abalar&#8221; o grupo governista.<\/p>\n<p>Uma das formas de atra\u00e7\u00e3o \u00e9 convencer os postulantes de que a elei\u00e7\u00e3o ser\u00e1 mais dif\u00edcil no &#8220;lado de l\u00e1&#8221;, que sofreria dificuldades na montagem de nominatas, em fun\u00e7\u00e3o do grande n\u00famero de partidos para abrigar muitos candidatos competitivos.<\/p>\n<p>Como exemplo, foi citado o fato de que s\u00f3 entre Uni\u00e3o Brasil e PP h\u00e1 pelo menos sete vagas dispon\u00edveis para a Assembleia Legislativa. Manuel Rocha, Alan Sanches e Robinho ir\u00e3o concorrer a uma vaga em Bras\u00edlia, e quatro estaduais progressistas \u2013 Ant\u00f4nio Henrique J\u00fanior, Eduardo Salles, Hassan e Niltinho \u2013 est\u00e3o de sa\u00edda para o PSB.<\/p>\n<p>&#8220;Surpreendentemente, hoje Uni\u00e3o e PP s\u00e3o op\u00e7\u00f5es muito atraentes&#8221;, avaliou um aliado de Neto.<\/p>\n<p>A meta da federa\u00e7\u00e3o \u00e9 conquistar 12 cadeiras na Alba.<\/p>\n<p>PSD: surpresa, desgaste e sobreviv\u00eancia<\/p>\n<p>Se a ida de Cafu Barreto para a oposi\u00e7\u00e3o foi recebida com surpresa pela presidente da Alba, Ivana Bastos, e indigna\u00e7\u00e3o pelo comandante estadual do PSD, o senador Otto Alencar, internamente a mudan\u00e7a foi tratada como &#8220;quest\u00e3o de sobreviv\u00eancia&#8221;.<\/p>\n<p>Um integrante da c\u00fapula social-democrata afirmou ao blog que o parlamentar &#8220;j\u00e1 estava muito enfraquecido&#8221; e n\u00e3o teria boas condi\u00e7\u00f5es para se reeleger no campo do governo, mesmo com a for\u00e7a que teve outrora em sua regi\u00e3o. <\/p>\n<p>&#8220;O PSD de Irec\u00ea est\u00e1 quase todo com Ricardo Rodrigues. Ricardo tomou quase tudo de Cafu e ele teve que ir para a oposi\u00e7\u00e3o para sobreviver. Na pr\u00f3pria cidade dele, brigou e perdeu a elei\u00e7\u00e3o&#8221;, disse o correligion\u00e1rio, ao se referir \u00e0 \u00faltima disputa em Ibitit\u00e1. O pleito foi vencido por Dr. Afonso (MDB), com Nilvinha Barreto (Avante) em segundo e Celson (PSD), seu aliado, apenas no terceiro lugar. &#8220;Foi um livramento para Otto&#8221;, considerou o peessedista. <\/p>\n<p>J\u00e1 o deputado estadual Angelo Coronel Filho garantiu que n\u00e3o houve dedo do seu pai \u2013 e senador cortejado pela oposi\u00e7\u00e3o \u2013 na movimenta\u00e7\u00e3o. &#8220;Para o senador tamb\u00e9m foi uma surpresa. Cafu \u00e9 muito aliado nosso, mas ningu\u00e9m sabia&#8221;, declarou.<\/p>\n<p>O destino partid\u00e1rio de Cafu ainda \u00e9 uma inc\u00f3gnita, mas especula-se que ele possa ingressar na federa\u00e7\u00e3o Uni\u00e3o Progressista.<\/p>\n<p><img loading=\"lazy\" decoding=\"async\" src=\"https:\/\/midiaescrita.com\/wp-content\/uploads\/2025\/11\/54746434146_f06b2c31e4_c-300x215.jpg\" alt=\"\" width=\"300\" height=\"215\" class=\"alignnone size-medium wp-image-1319\" \/><br \/>\nFoto: Sandra Travassos \/ ALBA<\/p>\n<p>Ludmilla de malas prontas para o PSD<\/p>\n<p>Com a perda de Cafu, o PSD j\u00e1 encaminhou a filia\u00e7\u00e3o de outra parlamentar para n\u00e3o perder a cadeira no Legislativo baiano. Trata-se da deputada estadual Ludmilla Fiscina, que est\u00e1 de &#8220;malas prontas&#8221; para trocar o PV pelo partido liderado por Otto.<\/p>\n<p>Os verdes j\u00e1 foram comunicados do pedido de sa\u00edda, que deve se concretizar a partir de mar\u00e7o, no per\u00edodo da chamada &#8220;janela partid\u00e1ria&#8221;, que se encerra em 4 de abril. <\/p>\n<p>Ainda n\u00e3o se sabe se Vitor Bonfim, que tentar\u00e1 uma vaga na C\u00e2mara Federal, ficar\u00e1 na sigla ambientalista. J\u00e1 a perman\u00eancia de Marquinho Viana e Roberto Carlos \u00e9 avaliada, embora o PV assegure que n\u00e3o servir\u00e1 mais uma vez como &#8220;barriga de aluguel&#8221; para abrigar governistas sem espa\u00e7os em suas legendas ou mesmo adesistas. <\/p>\n<p>Roma esquecido<\/p>\n<p>O anivers\u00e1rio do presidente estadual do PL, Jo\u00e3o Roma, que completou 53 anos na \u00faltima segunda-feira (17), n\u00e3o foi lembrado nem pelo prefeito Bruno Reis nem por ACM Neto, principal pr\u00e9-candidato ao governo pela oposi\u00e7\u00e3o. <\/p>\n<p>Pelo menos, n\u00e3o houve qualquer men\u00e7\u00e3o \u00e0 data nas redes sociais da dupla do Uni\u00e3o Brasil, de acordo com integrantes do Partido Liberal. <\/p>\n<p>Roma recomp\u00f4s a alian\u00e7a com Neto este ano, ap\u00f3s ter rompido em 2021, quando aceitou o convite para ser ministro da Cidadania no governo de Jair Bolsonaro. <\/p>\n<p>Ap\u00f3s ficarem em campos distintos na elei\u00e7\u00e3o de 2022, o liberal \u00e9 cotado para compor a chapa da oposi\u00e7\u00e3o como candidato a senador no pr\u00f3ximo pleito.<\/p>\n<p>Foto: Sandra Travassos \/ AL-BA<br \/>\nFonte: <a href=\"https:\/\/www.blogdovila.com.br\/noticia\/oposicao-chamas\">Blog do Vila<\/a><\/p>\n","protected":false},"excerpt":{"rendered":"<p>A confus\u00e3o na vota\u00e7\u00e3o do empr\u00e9stimo de R$ 2 bilh\u00f5es abriu uma crise expl\u00edcita na bancada da minoria e exp\u00f4s<\/p>\n","protected":false},"author":4,"featured_media":18858,"comment_status":"open","ping_status":"open","sticky":false,"template":"","format":"standard","meta":{"colormag_page_container_layout":"default_layout","colormag_page_sidebar_layout":"default_layout","_FSMCFIC_featured_image_caption":"","_FSMCFIC_featured_image_nocaption":"","_FSMCFIC_featured_image_hide":"","footnotes":""},"categories":[7,1],"tags":[],"class_list":["post-18857","post","type-post","status-publish","format-standard","has-post-thumbnail","hentry","category-justica","category-ultimas"],"yoast_head":"<!-- This site is optimized with the Yoast SEO plugin v27.1.1 - https:\/\/yoast.com\/product\/yoast-seo-wordpress\/ -->\n<title>Oposi\u00e7\u00e3o em chamas, o xadrez de Neto, o espiral do PSD e o esquecimento de Roma - Brasil not\u00edcias<\/title>\n<meta name=\"robots\" content=\"index, follow, max-snippet:-1, max-image-preview:large, max-video-preview:-1\" \/>\n<link rel=\"canonical\" href=\"https:\/\/brasilnoticias.org\/site\/oposicao-em-chamas-o-xadrez-de-neto-o-espiral-do-psd-e-o-esquecimento-de-roma\/\" \/>\n<meta property=\"og:locale\" content=\"pt_PT\" \/>\n<meta property=\"og:type\" content=\"article\" \/>\n<meta property=\"og:title\" content=\"Oposi\u00e7\u00e3o em chamas, o xadrez de Neto, o espiral do PSD e o esquecimento de Roma - Brasil not\u00edcias\" \/>\n<meta property=\"og:description\" content=\"A confus\u00e3o na vota\u00e7\u00e3o do empr\u00e9stimo de R$ 2 bilh\u00f5es abriu uma crise expl\u00edcita na bancada da minoria e exp\u00f4s\" \/>\n<meta property=\"og:url\" content=\"https:\/\/brasilnoticias.org\/site\/oposicao-em-chamas-o-xadrez-de-neto-o-espiral-do-psd-e-o-esquecimento-de-roma\/\" \/>\n<meta property=\"og:site_name\" content=\"Brasil not\u00edcias\" \/>\n<meta property=\"article:published_time\" content=\"2025-11-21T22:18:49+00:00\" \/>\n<meta property=\"og:image\" content=\"https:\/\/brasilnoticias.org\/site\/wp-content\/uploads\/2025\/11\/WhatsApp-Image-2025-11-20-at-19.23.08.jpeg\" \/>\n\t<meta property=\"og:image:width\" content=\"1600\" \/>\n\t<meta property=\"og:image:height\" content=\"900\" \/>\n\t<meta property=\"og:image:type\" content=\"image\/jpeg\" \/>\n<meta name=\"author\" content=\"Reda\u00e7\u00e3o\" \/>\n<meta name=\"twitter:card\" content=\"summary_large_image\" \/>\n<meta name=\"twitter:label1\" content=\"Escrito por\" \/>\n\t<meta name=\"twitter:data1\" content=\"Reda\u00e7\u00e3o\" \/>\n\t<meta name=\"twitter:label2\" content=\"Tempo estimado de leitura\" \/>\n\t<meta name=\"twitter:data2\" content=\"1 minuto\" \/>\n<script type=\"application\/ld+json\" class=\"yoast-schema-graph\">{\"@context\":\"https:\/\/schema.org\",\"@graph\":[{\"@type\":\"Article\",\"@id\":\"https:\/\/brasilnoticias.org\/site\/oposicao-em-chamas-o-xadrez-de-neto-o-espiral-do-psd-e-o-esquecimento-de-roma\/#article\",\"isPartOf\":{\"@id\":\"https:\/\/brasilnoticias.org\/site\/oposicao-em-chamas-o-xadrez-de-neto-o-espiral-do-psd-e-o-esquecimento-de-roma\/\"},\"author\":{\"name\":\"Reda\u00e7\u00e3o\",\"@id\":\"https:\/\/brasilnoticias.org\/site\/#\/schema\/person\/03bbbfe6c7634ad18c26444ea39049fa\"},\"headline\":\"Oposi\u00e7\u00e3o em chamas, o xadrez de Neto, o espiral do PSD e o esquecimento de Roma\",\"datePublished\":\"2025-11-21T22:18:49+00:00\",\"mainEntityOfPage\":{\"@id\":\"https:\/\/brasilnoticias.org\/site\/oposicao-em-chamas-o-xadrez-de-neto-o-espiral-do-psd-e-o-esquecimento-de-roma\/\"},\"wordCount\":1476,\"commentCount\":0,\"publisher\":{\"@id\":\"https:\/\/brasilnoticias.org\/site\/#organization\"},\"image\":{\"@id\":\"https:\/\/brasilnoticias.org\/site\/oposicao-em-chamas-o-xadrez-de-neto-o-espiral-do-psd-e-o-esquecimento-de-roma\/#primaryimage\"},\"thumbnailUrl\":\"https:\/\/brasilnoticias.org\/site\/wp-content\/uploads\/2025\/11\/WhatsApp-Image-2025-11-20-at-19.23.08.jpeg\",\"articleSection\":[\"Justi\u00e7a\",\"\u00daltimas\"],\"inLanguage\":\"pt-PT\",\"potentialAction\":[{\"@type\":\"CommentAction\",\"name\":\"Comment\",\"target\":[\"https:\/\/brasilnoticias.org\/site\/oposicao-em-chamas-o-xadrez-de-neto-o-espiral-do-psd-e-o-esquecimento-de-roma\/#respond\"]}]},{\"@type\":\"WebPage\",\"@id\":\"https:\/\/brasilnoticias.org\/site\/oposicao-em-chamas-o-xadrez-de-neto-o-espiral-do-psd-e-o-esquecimento-de-roma\/\",\"url\":\"https:\/\/brasilnoticias.org\/site\/oposicao-em-chamas-o-xadrez-de-neto-o-espiral-do-psd-e-o-esquecimento-de-roma\/\",\"name\":\"Oposi\u00e7\u00e3o em chamas, o xadrez de Neto, o espiral do PSD e o esquecimento de Roma - Brasil not\u00edcias\",\"isPartOf\":{\"@id\":\"https:\/\/brasilnoticias.org\/site\/#website\"},\"primaryImageOfPage\":{\"@id\":\"https:\/\/brasilnoticias.org\/site\/oposicao-em-chamas-o-xadrez-de-neto-o-espiral-do-psd-e-o-esquecimento-de-roma\/#primaryimage\"},\"image\":{\"@id\":\"https:\/\/brasilnoticias.org\/site\/oposicao-em-chamas-o-xadrez-de-neto-o-espiral-do-psd-e-o-esquecimento-de-roma\/#primaryimage\"},\"thumbnailUrl\":\"https:\/\/brasilnoticias.org\/site\/wp-content\/uploads\/2025\/11\/WhatsApp-Image-2025-11-20-at-19.23.08.jpeg\",\"datePublished\":\"2025-11-21T22:18:49+00:00\",\"breadcrumb\":{\"@id\":\"https:\/\/brasilnoticias.org\/site\/oposicao-em-chamas-o-xadrez-de-neto-o-espiral-do-psd-e-o-esquecimento-de-roma\/#breadcrumb\"},\"inLanguage\":\"pt-PT\",\"potentialAction\":[{\"@type\":\"ReadAction\",\"target\":[\"https:\/\/brasilnoticias.org\/site\/oposicao-em-chamas-o-xadrez-de-neto-o-espiral-do-psd-e-o-esquecimento-de-roma\/\"]}]},{\"@type\":\"ImageObject\",\"inLanguage\":\"pt-PT\",\"@id\":\"https:\/\/brasilnoticias.org\/site\/oposicao-em-chamas-o-xadrez-de-neto-o-espiral-do-psd-e-o-esquecimento-de-roma\/#primaryimage\",\"url\":\"https:\/\/brasilnoticias.org\/site\/wp-content\/uploads\/2025\/11\/WhatsApp-Image-2025-11-20-at-19.23.08.jpeg\",\"contentUrl\":\"https:\/\/brasilnoticias.org\/site\/wp-content\/uploads\/2025\/11\/WhatsApp-Image-2025-11-20-at-19.23.08.jpeg\",\"width\":1600,\"height\":900},{\"@type\":\"BreadcrumbList\",\"@id\":\"https:\/\/brasilnoticias.org\/site\/oposicao-em-chamas-o-xadrez-de-neto-o-espiral-do-psd-e-o-esquecimento-de-roma\/#breadcrumb\",\"itemListElement\":[{\"@type\":\"ListItem\",\"position\":1,\"name\":\"In\u00edcio\",\"item\":\"https:\/\/brasilnoticias.org\/site\/\"},{\"@type\":\"ListItem\",\"position\":2,\"name\":\"Oposi\u00e7\u00e3o em chamas, o xadrez de Neto, o espiral do PSD e o esquecimento de Roma\"}]},{\"@type\":\"WebSite\",\"@id\":\"https:\/\/brasilnoticias.org\/site\/#website\",\"url\":\"https:\/\/brasilnoticias.org\/site\/\",\"name\":\"Brasil not\u00edcias\",\"description\":\"Brasil not\u00edcias\",\"publisher\":{\"@id\":\"https:\/\/brasilnoticias.org\/site\/#organization\"},\"potentialAction\":[{\"@type\":\"SearchAction\",\"target\":{\"@type\":\"EntryPoint\",\"urlTemplate\":\"https:\/\/brasilnoticias.org\/site\/?s={search_term_string}\"},\"query-input\":{\"@type\":\"PropertyValueSpecification\",\"valueRequired\":true,\"valueName\":\"search_term_string\"}}],\"inLanguage\":\"pt-PT\"},{\"@type\":\"Organization\",\"@id\":\"https:\/\/brasilnoticias.org\/site\/#organization\",\"name\":\"Brasil not\u00edcias\",\"url\":\"https:\/\/brasilnoticias.org\/site\/\",\"logo\":{\"@type\":\"ImageObject\",\"inLanguage\":\"pt-PT\",\"@id\":\"https:\/\/brasilnoticias.org\/site\/#\/schema\/logo\/image\/\",\"url\":\"https:\/\/brasilnoticias.org\/site\/wp-content\/uploads\/2022\/05\/cropped-brasilnoticias-mini.jpg\",\"contentUrl\":\"https:\/\/brasilnoticias.org\/site\/wp-content\/uploads\/2022\/05\/cropped-brasilnoticias-mini.jpg\",\"width\":314,\"height\":86,\"caption\":\"Brasil not\u00edcias\"},\"image\":{\"@id\":\"https:\/\/brasilnoticias.org\/site\/#\/schema\/logo\/image\/\"}},{\"@type\":\"Person\",\"@id\":\"https:\/\/brasilnoticias.org\/site\/#\/schema\/person\/03bbbfe6c7634ad18c26444ea39049fa\",\"name\":\"Reda\u00e7\u00e3o\",\"image\":{\"@type\":\"ImageObject\",\"inLanguage\":\"pt-PT\",\"@id\":\"https:\/\/brasilnoticias.org\/site\/#\/schema\/person\/image\/\",\"url\":\"https:\/\/secure.gravatar.com\/avatar\/9ecaf7327a696cb23ad926fedded5f1f04d7049de9e445375d55b48c001a6e42?s=96&d=mm&r=g\",\"contentUrl\":\"https:\/\/secure.gravatar.com\/avatar\/9ecaf7327a696cb23ad926fedded5f1f04d7049de9e445375d55b48c001a6e42?s=96&d=mm&r=g\",\"caption\":\"Reda\u00e7\u00e3o\"},\"url\":\"https:\/\/brasilnoticias.org\/site\/author\/henrique\/\"}]}<\/script>\n<!-- \/ Yoast SEO plugin. -->","yoast_head_json":{"title":"Oposi\u00e7\u00e3o em chamas, o xadrez de Neto, o espiral do PSD e o esquecimento de Roma - Brasil not\u00edcias","robots":{"index":"index","follow":"follow","max-snippet":"max-snippet:-1","max-image-preview":"max-image-preview:large","max-video-preview":"max-video-preview:-1"},"canonical":"https:\/\/brasilnoticias.org\/site\/oposicao-em-chamas-o-xadrez-de-neto-o-espiral-do-psd-e-o-esquecimento-de-roma\/","og_locale":"pt_PT","og_type":"article","og_title":"Oposi\u00e7\u00e3o em chamas, o xadrez de Neto, o espiral do PSD e o esquecimento de Roma - Brasil not\u00edcias","og_description":"A confus\u00e3o na vota\u00e7\u00e3o do empr\u00e9stimo de R$ 2 bilh\u00f5es abriu uma crise expl\u00edcita na bancada da minoria e exp\u00f4s","og_url":"https:\/\/brasilnoticias.org\/site\/oposicao-em-chamas-o-xadrez-de-neto-o-espiral-do-psd-e-o-esquecimento-de-roma\/","og_site_name":"Brasil not\u00edcias","article_published_time":"2025-11-21T22:18:49+00:00","og_image":[{"width":1600,"height":900,"url":"https:\/\/brasilnoticias.org\/site\/wp-content\/uploads\/2025\/11\/WhatsApp-Image-2025-11-20-at-19.23.08.jpeg","type":"image\/jpeg"}],"author":"Reda\u00e7\u00e3o","twitter_card":"summary_large_image","twitter_misc":{"Escrito por":"Reda\u00e7\u00e3o","Tempo estimado de leitura":"1 minuto"},"schema":{"@context":"https:\/\/schema.org","@graph":[{"@type":"Article","@id":"https:\/\/brasilnoticias.org\/site\/oposicao-em-chamas-o-xadrez-de-neto-o-espiral-do-psd-e-o-esquecimento-de-roma\/#article","isPartOf":{"@id":"https:\/\/brasilnoticias.org\/site\/oposicao-em-chamas-o-xadrez-de-neto-o-espiral-do-psd-e-o-esquecimento-de-roma\/"},"author":{"name":"Reda\u00e7\u00e3o","@id":"https:\/\/brasilnoticias.org\/site\/#\/schema\/person\/03bbbfe6c7634ad18c26444ea39049fa"},"headline":"Oposi\u00e7\u00e3o em chamas, o xadrez de Neto, o espiral do PSD e o esquecimento de Roma","datePublished":"2025-11-21T22:18:49+00:00","mainEntityOfPage":{"@id":"https:\/\/brasilnoticias.org\/site\/oposicao-em-chamas-o-xadrez-de-neto-o-espiral-do-psd-e-o-esquecimento-de-roma\/"},"wordCount":1476,"commentCount":0,"publisher":{"@id":"https:\/\/brasilnoticias.org\/site\/#organization"},"image":{"@id":"https:\/\/brasilnoticias.org\/site\/oposicao-em-chamas-o-xadrez-de-neto-o-espiral-do-psd-e-o-esquecimento-de-roma\/#primaryimage"},"thumbnailUrl":"https:\/\/brasilnoticias.org\/site\/wp-content\/uploads\/2025\/11\/WhatsApp-Image-2025-11-20-at-19.23.08.jpeg","articleSection":["Justi\u00e7a","\u00daltimas"],"inLanguage":"pt-PT","potentialAction":[{"@type":"CommentAction","name":"Comment","target":["https:\/\/brasilnoticias.org\/site\/oposicao-em-chamas-o-xadrez-de-neto-o-espiral-do-psd-e-o-esquecimento-de-roma\/#respond"]}]},{"@type":"WebPage","@id":"https:\/\/brasilnoticias.org\/site\/oposicao-em-chamas-o-xadrez-de-neto-o-espiral-do-psd-e-o-esquecimento-de-roma\/","url":"https:\/\/brasilnoticias.org\/site\/oposicao-em-chamas-o-xadrez-de-neto-o-espiral-do-psd-e-o-esquecimento-de-roma\/","name":"Oposi\u00e7\u00e3o em chamas, o xadrez de Neto, o espiral do PSD e o esquecimento de Roma - Brasil not\u00edcias","isPartOf":{"@id":"https:\/\/brasilnoticias.org\/site\/#website"},"primaryImageOfPage":{"@id":"https:\/\/brasilnoticias.org\/site\/oposicao-em-chamas-o-xadrez-de-neto-o-espiral-do-psd-e-o-esquecimento-de-roma\/#primaryimage"},"image":{"@id":"https:\/\/brasilnoticias.org\/site\/oposicao-em-chamas-o-xadrez-de-neto-o-espiral-do-psd-e-o-esquecimento-de-roma\/#primaryimage"},"thumbnailUrl":"https:\/\/brasilnoticias.org\/site\/wp-content\/uploads\/2025\/11\/WhatsApp-Image-2025-11-20-at-19.23.08.jpeg","datePublished":"2025-11-21T22:18:49+00:00","breadcrumb":{"@id":"https:\/\/brasilnoticias.org\/site\/oposicao-em-chamas-o-xadrez-de-neto-o-espiral-do-psd-e-o-esquecimento-de-roma\/#breadcrumb"},"inLanguage":"pt-PT","potentialAction":[{"@type":"ReadAction","target":["https:\/\/brasilnoticias.org\/site\/oposicao-em-chamas-o-xadrez-de-neto-o-espiral-do-psd-e-o-esquecimento-de-roma\/"]}]},{"@type":"ImageObject","inLanguage":"pt-PT","@id":"https:\/\/brasilnoticias.org\/site\/oposicao-em-chamas-o-xadrez-de-neto-o-espiral-do-psd-e-o-esquecimento-de-roma\/#primaryimage","url":"https:\/\/brasilnoticias.org\/site\/wp-content\/uploads\/2025\/11\/WhatsApp-Image-2025-11-20-at-19.23.08.jpeg","contentUrl":"https:\/\/brasilnoticias.org\/site\/wp-content\/uploads\/2025\/11\/WhatsApp-Image-2025-11-20-at-19.23.08.jpeg","width":1600,"height":900},{"@type":"BreadcrumbList","@id":"https:\/\/brasilnoticias.org\/site\/oposicao-em-chamas-o-xadrez-de-neto-o-espiral-do-psd-e-o-esquecimento-de-roma\/#breadcrumb","itemListElement":[{"@type":"ListItem","position":1,"name":"In\u00edcio","item":"https:\/\/brasilnoticias.org\/site\/"},{"@type":"ListItem","position":2,"name":"Oposi\u00e7\u00e3o em chamas, o xadrez de Neto, o espiral do PSD e o esquecimento de Roma"}]},{"@type":"WebSite","@id":"https:\/\/brasilnoticias.org\/site\/#website","url":"https:\/\/brasilnoticias.org\/site\/","name":"Brasil not\u00edcias","description":"Brasil not\u00edcias","publisher":{"@id":"https:\/\/brasilnoticias.org\/site\/#organization"},"potentialAction":[{"@type":"SearchAction","target":{"@type":"EntryPoint","urlTemplate":"https:\/\/brasilnoticias.org\/site\/?s={search_term_string}"},"query-input":{"@type":"PropertyValueSpecification","valueRequired":true,"valueName":"search_term_string"}}],"inLanguage":"pt-PT"},{"@type":"Organization","@id":"https:\/\/brasilnoticias.org\/site\/#organization","name":"Brasil not\u00edcias","url":"https:\/\/brasilnoticias.org\/site\/","logo":{"@type":"ImageObject","inLanguage":"pt-PT","@id":"https:\/\/brasilnoticias.org\/site\/#\/schema\/logo\/image\/","url":"https:\/\/brasilnoticias.org\/site\/wp-content\/uploads\/2022\/05\/cropped-brasilnoticias-mini.jpg","contentUrl":"https:\/\/brasilnoticias.org\/site\/wp-content\/uploads\/2022\/05\/cropped-brasilnoticias-mini.jpg","width":314,"height":86,"caption":"Brasil not\u00edcias"},"image":{"@id":"https:\/\/brasilnoticias.org\/site\/#\/schema\/logo\/image\/"}},{"@type":"Person","@id":"https:\/\/brasilnoticias.org\/site\/#\/schema\/person\/03bbbfe6c7634ad18c26444ea39049fa","name":"Reda\u00e7\u00e3o","image":{"@type":"ImageObject","inLanguage":"pt-PT","@id":"https:\/\/brasilnoticias.org\/site\/#\/schema\/person\/image\/","url":"https:\/\/secure.gravatar.com\/avatar\/9ecaf7327a696cb23ad926fedded5f1f04d7049de9e445375d55b48c001a6e42?s=96&d=mm&r=g","contentUrl":"https:\/\/secure.gravatar.com\/avatar\/9ecaf7327a696cb23ad926fedded5f1f04d7049de9e445375d55b48c001a6e42?s=96&d=mm&r=g","caption":"Reda\u00e7\u00e3o"},"url":"https:\/\/brasilnoticias.org\/site\/author\/henrique\/"}]}},"_links":{"self":[{"href":"https:\/\/brasilnoticias.org\/site\/wp-json\/wp\/v2\/posts\/18857","targetHints":{"allow":["GET"]}}],"collection":[{"href":"https:\/\/brasilnoticias.org\/site\/wp-json\/wp\/v2\/posts"}],"about":[{"href":"https:\/\/brasilnoticias.org\/site\/wp-json\/wp\/v2\/types\/post"}],"author":[{"embeddable":true,"href":"https:\/\/brasilnoticias.org\/site\/wp-json\/wp\/v2\/users\/4"}],"replies":[{"embeddable":true,"href":"https:\/\/brasilnoticias.org\/site\/wp-json\/wp\/v2\/comments?post=18857"}],"version-history":[{"count":1,"href":"https:\/\/brasilnoticias.org\/site\/wp-json\/wp\/v2\/posts\/18857\/revisions"}],"predecessor-version":[{"id":18859,"href":"https:\/\/brasilnoticias.org\/site\/wp-json\/wp\/v2\/posts\/18857\/revisions\/18859"}],"wp:featuredmedia":[{"embeddable":true,"href":"https:\/\/brasilnoticias.org\/site\/wp-json\/wp\/v2\/media\/18858"}],"wp:attachment":[{"href":"https:\/\/brasilnoticias.org\/site\/wp-json\/wp\/v2\/media?parent=18857"}],"wp:term":[{"taxonomy":"category","embeddable":true,"href":"https:\/\/brasilnoticias.org\/site\/wp-json\/wp\/v2\/categories?post=18857"},{"taxonomy":"post_tag","embeddable":true,"href":"https:\/\/brasilnoticias.org\/site\/wp-json\/wp\/v2\/tags?post=18857"}],"curies":[{"name":"wp","href":"https:\/\/api.w.org\/{rel}","templated":true}]}}