{"id":1886,"date":"2022-10-15T07:00:43","date_gmt":"2022-10-15T10:00:43","guid":{"rendered":"https:\/\/brasilnoticias.org\/site\/?p=1886"},"modified":"2022-10-14T15:16:09","modified_gmt":"2022-10-14T18:16:09","slug":"policial-militar-e-ex-pm-sao-presos-por-sequestro-de-comerciante-em-salvador","status":"publish","type":"post","link":"https:\/\/brasilnoticias.org\/site\/policial-militar-e-ex-pm-sao-presos-por-sequestro-de-comerciante-em-salvador\/","title":{"rendered":"Policial militar e ex-PM s\u00e3o presos por sequestro de comerciante em Salvador"},"content":{"rendered":"<p>Um policial militar, um ex-policial militar e um ex-socioeducador foram presos na manh\u00e3 desta sexta-feira (14), em uma opera\u00e7\u00e3o de combate a sequestros e extors\u00e3o em Salvador. Mandados foram cumpridos no Engenho Velho da Federa\u00e7\u00e3o, Garcia, Pernambu\u00e9s e Bairro da Paz.<\/p>\n<p>De acordo com a Pol\u00edcia Civil, o crime foi cometido contra um comerciante, em junho deste ano, no bairro de Sete de Abril. N\u00e3o h\u00e1 mais detalhes sobrea a\u00e7\u00e3o, no entanto, a pol\u00edcia informou que o grupo criminoso \u00e9 muito agressivo e extorquiu dinheiro da v\u00edtima, que ficou bastante machucada.<\/p>\n<p>Os nomes dos envolvidos n\u00e3o foram divulgados, por causa da Lei de Abuso de Autoridade. Ainda conforme a Pol\u00edcia Civil, mesmo n\u00e3o fazendo mais parte da corpora\u00e7\u00e3o, o ex-PM agia como se ainda fosse militar, inclusive com uso de fardas.<\/p>\n<p>Uma quarta pessoa tamb\u00e9m \u00e9 procurada pela pol\u00edcia, em outro estado \u2013 que ainda n\u00e3o foi divulgado. A pol\u00edcia informou que o PM e o ex-PM s\u00e3o os alvos mais importantes da a\u00e7\u00e3o. Batizada de WS, a opera\u00e7\u00e3o \u00e9 realizada pelo Departamento de Repress\u00e3o e Combate ao Crime Organizado (Draco).<\/p>\n<p>O carro usado no dia do crime foi apreendido. Armas, muni\u00e7\u00f5es, roupas, coletes \u00e0 prova de balas tamb\u00e9m foram encontrados pela pol\u00edcia, al\u00e9m de camisas do personagem Justiceiro, de hist\u00f3rias de quadrinhos da Marvel.<\/p>\n<p>G1<br \/>\nFoto M\u00fcller Nunes\/TV Bahia<\/p>\n","protected":false},"excerpt":{"rendered":"<p>Um policial militar, um ex-policial militar e um ex-socioeducador foram presos na manh\u00e3 desta sexta-feira (14), em uma opera\u00e7\u00e3o de<\/p>\n","protected":false},"author":1,"featured_media":1887,"comment_status":"open","ping_status":"open","sticky":false,"template":"","format":"standard","meta":{"colormag_page_container_layout":"default_layout","colormag_page_sidebar_layout":"default_layout","_FSMCFIC_featured_image_caption":"","_FSMCFIC_featured_image_nocaption":"","_FSMCFIC_featured_image_hide":"","footnotes":""},"categories":[3,1],"tags":[],"class_list":["post-1886","post","type-post","status-publish","format-standard","has-post-thumbnail","hentry","category-policia","category-ultimas"],"yoast_head":"<!-- This site is optimized with the Yoast SEO plugin v27.1.1 - https:\/\/yoast.com\/product\/yoast-seo-wordpress\/ -->\n<title>Policial militar e ex-PM s\u00e3o presos por sequestro de comerciante em Salvador - Brasil not\u00edcias<\/title>\n<meta name=\"robots\" content=\"index, follow, max-snippet:-1, max-image-preview:large, max-video-preview:-1\" \/>\n<link rel=\"canonical\" href=\"https:\/\/brasilnoticias.org\/site\/policial-militar-e-ex-pm-sao-presos-por-sequestro-de-comerciante-em-salvador\/\" \/>\n<meta property=\"og:locale\" content=\"pt_PT\" \/>\n<meta property=\"og:type\" content=\"article\" \/>\n<meta property=\"og:title\" content=\"Policial militar e ex-PM s\u00e3o presos por sequestro de comerciante em Salvador - Brasil not\u00edcias\" \/>\n<meta property=\"og:description\" content=\"Um policial militar, um ex-policial militar e um ex-socioeducador foram presos na manh\u00e3 desta sexta-feira (14), em uma opera\u00e7\u00e3o de\" \/>\n<meta property=\"og:url\" content=\"https:\/\/brasilnoticias.org\/site\/policial-militar-e-ex-pm-sao-presos-por-sequestro-de-comerciante-em-salvador\/\" \/>\n<meta property=\"og:site_name\" content=\"Brasil not\u00edcias\" \/>\n<meta property=\"article:published_time\" content=\"2022-10-15T10:00:43+00:00\" \/>\n<meta property=\"og:image\" content=\"https:\/\/brasilnoticias.org\/site\/wp-content\/uploads\/2022\/10\/Capturar-9.jpg\" \/>\n\t<meta property=\"og:image:width\" content=\"720\" \/>\n\t<meta property=\"og:image:height\" content=\"418\" \/>\n\t<meta property=\"og:image:type\" content=\"image\/jpeg\" \/>\n<meta name=\"author\" content=\"Reda\u00e7\u00e3o\" \/>\n<meta name=\"twitter:card\" content=\"summary_large_image\" \/>\n<meta name=\"twitter:label1\" content=\"Escrito por\" \/>\n\t<meta name=\"twitter:data1\" content=\"Reda\u00e7\u00e3o\" \/>\n\t<meta name=\"twitter:label2\" content=\"Tempo estimado de leitura\" \/>\n\t<meta name=\"twitter:data2\" content=\"1 minuto\" \/>\n<script type=\"application\/ld+json\" class=\"yoast-schema-graph\">{\"@context\":\"https:\/\/schema.org\",\"@graph\":[{\"@type\":\"Article\",\"@id\":\"https:\/\/brasilnoticias.org\/site\/policial-militar-e-ex-pm-sao-presos-por-sequestro-de-comerciante-em-salvador\/#article\",\"isPartOf\":{\"@id\":\"https:\/\/brasilnoticias.org\/site\/policial-militar-e-ex-pm-sao-presos-por-sequestro-de-comerciante-em-salvador\/\"},\"author\":{\"name\":\"Reda\u00e7\u00e3o\",\"@id\":\"https:\/\/brasilnoticias.org\/site\/#\/schema\/person\/a0e05b973ec4d15c658d51911e53507b\"},\"headline\":\"Policial militar e ex-PM s\u00e3o presos por sequestro de comerciante em Salvador\",\"datePublished\":\"2022-10-15T10:00:43+00:00\",\"mainEntityOfPage\":{\"@id\":\"https:\/\/brasilnoticias.org\/site\/policial-militar-e-ex-pm-sao-presos-por-sequestro-de-comerciante-em-salvador\/\"},\"wordCount\":255,\"commentCount\":0,\"publisher\":{\"@id\":\"https:\/\/brasilnoticias.org\/site\/#organization\"},\"image\":{\"@id\":\"https:\/\/brasilnoticias.org\/site\/policial-militar-e-ex-pm-sao-presos-por-sequestro-de-comerciante-em-salvador\/#primaryimage\"},\"thumbnailUrl\":\"https:\/\/brasilnoticias.org\/site\/wp-content\/uploads\/2022\/10\/Capturar-9.jpg\",\"articleSection\":[\"Pol\u00edcia\",\"\u00daltimas\"],\"inLanguage\":\"pt-PT\",\"potentialAction\":[{\"@type\":\"CommentAction\",\"name\":\"Comment\",\"target\":[\"https:\/\/brasilnoticias.org\/site\/policial-militar-e-ex-pm-sao-presos-por-sequestro-de-comerciante-em-salvador\/#respond\"]}]},{\"@type\":\"WebPage\",\"@id\":\"https:\/\/brasilnoticias.org\/site\/policial-militar-e-ex-pm-sao-presos-por-sequestro-de-comerciante-em-salvador\/\",\"url\":\"https:\/\/brasilnoticias.org\/site\/policial-militar-e-ex-pm-sao-presos-por-sequestro-de-comerciante-em-salvador\/\",\"name\":\"Policial militar e ex-PM s\u00e3o presos por sequestro de comerciante em Salvador - Brasil not\u00edcias\",\"isPartOf\":{\"@id\":\"https:\/\/brasilnoticias.org\/site\/#website\"},\"primaryImageOfPage\":{\"@id\":\"https:\/\/brasilnoticias.org\/site\/policial-militar-e-ex-pm-sao-presos-por-sequestro-de-comerciante-em-salvador\/#primaryimage\"},\"image\":{\"@id\":\"https:\/\/brasilnoticias.org\/site\/policial-militar-e-ex-pm-sao-presos-por-sequestro-de-comerciante-em-salvador\/#primaryimage\"},\"thumbnailUrl\":\"https:\/\/brasilnoticias.org\/site\/wp-content\/uploads\/2022\/10\/Capturar-9.jpg\",\"datePublished\":\"2022-10-15T10:00:43+00:00\",\"breadcrumb\":{\"@id\":\"https:\/\/brasilnoticias.org\/site\/policial-militar-e-ex-pm-sao-presos-por-sequestro-de-comerciante-em-salvador\/#breadcrumb\"},\"inLanguage\":\"pt-PT\",\"potentialAction\":[{\"@type\":\"ReadAction\",\"target\":[\"https:\/\/brasilnoticias.org\/site\/policial-militar-e-ex-pm-sao-presos-por-sequestro-de-comerciante-em-salvador\/\"]}]},{\"@type\":\"ImageObject\",\"inLanguage\":\"pt-PT\",\"@id\":\"https:\/\/brasilnoticias.org\/site\/policial-militar-e-ex-pm-sao-presos-por-sequestro-de-comerciante-em-salvador\/#primaryimage\",\"url\":\"https:\/\/brasilnoticias.org\/site\/wp-content\/uploads\/2022\/10\/Capturar-9.jpg\",\"contentUrl\":\"https:\/\/brasilnoticias.org\/site\/wp-content\/uploads\/2022\/10\/Capturar-9.jpg\",\"width\":720,\"height\":418},{\"@type\":\"BreadcrumbList\",\"@id\":\"https:\/\/brasilnoticias.org\/site\/policial-militar-e-ex-pm-sao-presos-por-sequestro-de-comerciante-em-salvador\/#breadcrumb\",\"itemListElement\":[{\"@type\":\"ListItem\",\"position\":1,\"name\":\"In\u00edcio\",\"item\":\"https:\/\/brasilnoticias.org\/site\/\"},{\"@type\":\"ListItem\",\"position\":2,\"name\":\"Policial militar e ex-PM s\u00e3o presos por sequestro de comerciante em Salvador\"}]},{\"@type\":\"WebSite\",\"@id\":\"https:\/\/brasilnoticias.org\/site\/#website\",\"url\":\"https:\/\/brasilnoticias.org\/site\/\",\"name\":\"Brasil not\u00edcias\",\"description\":\"Brasil not\u00edcias\",\"publisher\":{\"@id\":\"https:\/\/brasilnoticias.org\/site\/#organization\"},\"potentialAction\":[{\"@type\":\"SearchAction\",\"target\":{\"@type\":\"EntryPoint\",\"urlTemplate\":\"https:\/\/brasilnoticias.org\/site\/?s={search_term_string}\"},\"query-input\":{\"@type\":\"PropertyValueSpecification\",\"valueRequired\":true,\"valueName\":\"search_term_string\"}}],\"inLanguage\":\"pt-PT\"},{\"@type\":\"Organization\",\"@id\":\"https:\/\/brasilnoticias.org\/site\/#organization\",\"name\":\"Brasil not\u00edcias\",\"url\":\"https:\/\/brasilnoticias.org\/site\/\",\"logo\":{\"@type\":\"ImageObject\",\"inLanguage\":\"pt-PT\",\"@id\":\"https:\/\/brasilnoticias.org\/site\/#\/schema\/logo\/image\/\",\"url\":\"https:\/\/brasilnoticias.org\/site\/wp-content\/uploads\/2022\/05\/cropped-brasilnoticias-mini.jpg\",\"contentUrl\":\"https:\/\/brasilnoticias.org\/site\/wp-content\/uploads\/2022\/05\/cropped-brasilnoticias-mini.jpg\",\"width\":314,\"height\":86,\"caption\":\"Brasil not\u00edcias\"},\"image\":{\"@id\":\"https:\/\/brasilnoticias.org\/site\/#\/schema\/logo\/image\/\"}},{\"@type\":\"Person\",\"@id\":\"https:\/\/brasilnoticias.org\/site\/#\/schema\/person\/a0e05b973ec4d15c658d51911e53507b\",\"name\":\"Reda\u00e7\u00e3o\",\"image\":{\"@type\":\"ImageObject\",\"inLanguage\":\"pt-PT\",\"@id\":\"https:\/\/brasilnoticias.org\/site\/#\/schema\/person\/image\/\",\"url\":\"https:\/\/secure.gravatar.com\/avatar\/75d8b050df2de108b08ae78dfb8e374892df24a383c67db9c46a9c604f6aee9c?s=96&d=mm&r=g\",\"contentUrl\":\"https:\/\/secure.gravatar.com\/avatar\/75d8b050df2de108b08ae78dfb8e374892df24a383c67db9c46a9c604f6aee9c?s=96&d=mm&r=g\",\"caption\":\"Reda\u00e7\u00e3o\"},\"sameAs\":[\"https:\/\/brasilnoticias.org\/site\"],\"url\":\"https:\/\/brasilnoticias.org\/site\/author\/fernandozsngmail-com\/\"}]}<\/script>\n<!-- \/ Yoast SEO plugin. -->","yoast_head_json":{"title":"Policial militar e ex-PM s\u00e3o presos por sequestro de comerciante em Salvador - Brasil not\u00edcias","robots":{"index":"index","follow":"follow","max-snippet":"max-snippet:-1","max-image-preview":"max-image-preview:large","max-video-preview":"max-video-preview:-1"},"canonical":"https:\/\/brasilnoticias.org\/site\/policial-militar-e-ex-pm-sao-presos-por-sequestro-de-comerciante-em-salvador\/","og_locale":"pt_PT","og_type":"article","og_title":"Policial militar e ex-PM s\u00e3o presos por sequestro de comerciante em Salvador - Brasil not\u00edcias","og_description":"Um policial militar, um ex-policial militar e um ex-socioeducador foram presos na manh\u00e3 desta sexta-feira (14), em uma opera\u00e7\u00e3o de","og_url":"https:\/\/brasilnoticias.org\/site\/policial-militar-e-ex-pm-sao-presos-por-sequestro-de-comerciante-em-salvador\/","og_site_name":"Brasil not\u00edcias","article_published_time":"2022-10-15T10:00:43+00:00","og_image":[{"width":720,"height":418,"url":"https:\/\/brasilnoticias.org\/site\/wp-content\/uploads\/2022\/10\/Capturar-9.jpg","type":"image\/jpeg"}],"author":"Reda\u00e7\u00e3o","twitter_card":"summary_large_image","twitter_misc":{"Escrito por":"Reda\u00e7\u00e3o","Tempo estimado de leitura":"1 minuto"},"schema":{"@context":"https:\/\/schema.org","@graph":[{"@type":"Article","@id":"https:\/\/brasilnoticias.org\/site\/policial-militar-e-ex-pm-sao-presos-por-sequestro-de-comerciante-em-salvador\/#article","isPartOf":{"@id":"https:\/\/brasilnoticias.org\/site\/policial-militar-e-ex-pm-sao-presos-por-sequestro-de-comerciante-em-salvador\/"},"author":{"name":"Reda\u00e7\u00e3o","@id":"https:\/\/brasilnoticias.org\/site\/#\/schema\/person\/a0e05b973ec4d15c658d51911e53507b"},"headline":"Policial militar e ex-PM s\u00e3o presos por sequestro de comerciante em Salvador","datePublished":"2022-10-15T10:00:43+00:00","mainEntityOfPage":{"@id":"https:\/\/brasilnoticias.org\/site\/policial-militar-e-ex-pm-sao-presos-por-sequestro-de-comerciante-em-salvador\/"},"wordCount":255,"commentCount":0,"publisher":{"@id":"https:\/\/brasilnoticias.org\/site\/#organization"},"image":{"@id":"https:\/\/brasilnoticias.org\/site\/policial-militar-e-ex-pm-sao-presos-por-sequestro-de-comerciante-em-salvador\/#primaryimage"},"thumbnailUrl":"https:\/\/brasilnoticias.org\/site\/wp-content\/uploads\/2022\/10\/Capturar-9.jpg","articleSection":["Pol\u00edcia","\u00daltimas"],"inLanguage":"pt-PT","potentialAction":[{"@type":"CommentAction","name":"Comment","target":["https:\/\/brasilnoticias.org\/site\/policial-militar-e-ex-pm-sao-presos-por-sequestro-de-comerciante-em-salvador\/#respond"]}]},{"@type":"WebPage","@id":"https:\/\/brasilnoticias.org\/site\/policial-militar-e-ex-pm-sao-presos-por-sequestro-de-comerciante-em-salvador\/","url":"https:\/\/brasilnoticias.org\/site\/policial-militar-e-ex-pm-sao-presos-por-sequestro-de-comerciante-em-salvador\/","name":"Policial militar e ex-PM s\u00e3o presos por sequestro de comerciante em Salvador - Brasil not\u00edcias","isPartOf":{"@id":"https:\/\/brasilnoticias.org\/site\/#website"},"primaryImageOfPage":{"@id":"https:\/\/brasilnoticias.org\/site\/policial-militar-e-ex-pm-sao-presos-por-sequestro-de-comerciante-em-salvador\/#primaryimage"},"image":{"@id":"https:\/\/brasilnoticias.org\/site\/policial-militar-e-ex-pm-sao-presos-por-sequestro-de-comerciante-em-salvador\/#primaryimage"},"thumbnailUrl":"https:\/\/brasilnoticias.org\/site\/wp-content\/uploads\/2022\/10\/Capturar-9.jpg","datePublished":"2022-10-15T10:00:43+00:00","breadcrumb":{"@id":"https:\/\/brasilnoticias.org\/site\/policial-militar-e-ex-pm-sao-presos-por-sequestro-de-comerciante-em-salvador\/#breadcrumb"},"inLanguage":"pt-PT","potentialAction":[{"@type":"ReadAction","target":["https:\/\/brasilnoticias.org\/site\/policial-militar-e-ex-pm-sao-presos-por-sequestro-de-comerciante-em-salvador\/"]}]},{"@type":"ImageObject","inLanguage":"pt-PT","@id":"https:\/\/brasilnoticias.org\/site\/policial-militar-e-ex-pm-sao-presos-por-sequestro-de-comerciante-em-salvador\/#primaryimage","url":"https:\/\/brasilnoticias.org\/site\/wp-content\/uploads\/2022\/10\/Capturar-9.jpg","contentUrl":"https:\/\/brasilnoticias.org\/site\/wp-content\/uploads\/2022\/10\/Capturar-9.jpg","width":720,"height":418},{"@type":"BreadcrumbList","@id":"https:\/\/brasilnoticias.org\/site\/policial-militar-e-ex-pm-sao-presos-por-sequestro-de-comerciante-em-salvador\/#breadcrumb","itemListElement":[{"@type":"ListItem","position":1,"name":"In\u00edcio","item":"https:\/\/brasilnoticias.org\/site\/"},{"@type":"ListItem","position":2,"name":"Policial militar e ex-PM s\u00e3o presos por sequestro de comerciante em Salvador"}]},{"@type":"WebSite","@id":"https:\/\/brasilnoticias.org\/site\/#website","url":"https:\/\/brasilnoticias.org\/site\/","name":"Brasil not\u00edcias","description":"Brasil not\u00edcias","publisher":{"@id":"https:\/\/brasilnoticias.org\/site\/#organization"},"potentialAction":[{"@type":"SearchAction","target":{"@type":"EntryPoint","urlTemplate":"https:\/\/brasilnoticias.org\/site\/?s={search_term_string}"},"query-input":{"@type":"PropertyValueSpecification","valueRequired":true,"valueName":"search_term_string"}}],"inLanguage":"pt-PT"},{"@type":"Organization","@id":"https:\/\/brasilnoticias.org\/site\/#organization","name":"Brasil not\u00edcias","url":"https:\/\/brasilnoticias.org\/site\/","logo":{"@type":"ImageObject","inLanguage":"pt-PT","@id":"https:\/\/brasilnoticias.org\/site\/#\/schema\/logo\/image\/","url":"https:\/\/brasilnoticias.org\/site\/wp-content\/uploads\/2022\/05\/cropped-brasilnoticias-mini.jpg","contentUrl":"https:\/\/brasilnoticias.org\/site\/wp-content\/uploads\/2022\/05\/cropped-brasilnoticias-mini.jpg","width":314,"height":86,"caption":"Brasil not\u00edcias"},"image":{"@id":"https:\/\/brasilnoticias.org\/site\/#\/schema\/logo\/image\/"}},{"@type":"Person","@id":"https:\/\/brasilnoticias.org\/site\/#\/schema\/person\/a0e05b973ec4d15c658d51911e53507b","name":"Reda\u00e7\u00e3o","image":{"@type":"ImageObject","inLanguage":"pt-PT","@id":"https:\/\/brasilnoticias.org\/site\/#\/schema\/person\/image\/","url":"https:\/\/secure.gravatar.com\/avatar\/75d8b050df2de108b08ae78dfb8e374892df24a383c67db9c46a9c604f6aee9c?s=96&d=mm&r=g","contentUrl":"https:\/\/secure.gravatar.com\/avatar\/75d8b050df2de108b08ae78dfb8e374892df24a383c67db9c46a9c604f6aee9c?s=96&d=mm&r=g","caption":"Reda\u00e7\u00e3o"},"sameAs":["https:\/\/brasilnoticias.org\/site"],"url":"https:\/\/brasilnoticias.org\/site\/author\/fernandozsngmail-com\/"}]}},"_links":{"self":[{"href":"https:\/\/brasilnoticias.org\/site\/wp-json\/wp\/v2\/posts\/1886","targetHints":{"allow":["GET"]}}],"collection":[{"href":"https:\/\/brasilnoticias.org\/site\/wp-json\/wp\/v2\/posts"}],"about":[{"href":"https:\/\/brasilnoticias.org\/site\/wp-json\/wp\/v2\/types\/post"}],"author":[{"embeddable":true,"href":"https:\/\/brasilnoticias.org\/site\/wp-json\/wp\/v2\/users\/1"}],"replies":[{"embeddable":true,"href":"https:\/\/brasilnoticias.org\/site\/wp-json\/wp\/v2\/comments?post=1886"}],"version-history":[{"count":1,"href":"https:\/\/brasilnoticias.org\/site\/wp-json\/wp\/v2\/posts\/1886\/revisions"}],"predecessor-version":[{"id":1888,"href":"https:\/\/brasilnoticias.org\/site\/wp-json\/wp\/v2\/posts\/1886\/revisions\/1888"}],"wp:featuredmedia":[{"embeddable":true,"href":"https:\/\/brasilnoticias.org\/site\/wp-json\/wp\/v2\/media\/1887"}],"wp:attachment":[{"href":"https:\/\/brasilnoticias.org\/site\/wp-json\/wp\/v2\/media?parent=1886"}],"wp:term":[{"taxonomy":"category","embeddable":true,"href":"https:\/\/brasilnoticias.org\/site\/wp-json\/wp\/v2\/categories?post=1886"},{"taxonomy":"post_tag","embeddable":true,"href":"https:\/\/brasilnoticias.org\/site\/wp-json\/wp\/v2\/tags?post=1886"}],"curies":[{"name":"wp","href":"https:\/\/api.w.org\/{rel}","templated":true}]}}