{"id":18868,"date":"2025-11-22T10:02:12","date_gmt":"2025-11-22T13:02:12","guid":{"rendered":"https:\/\/brasilnoticias.org\/site\/?p=18868"},"modified":"2025-11-22T10:02:12","modified_gmt":"2025-11-22T13:02:12","slug":"prisao-de-bolsonaro-gera-reacao-imediata-na-bahia-e-amplia-tensao-politica","status":"publish","type":"post","link":"https:\/\/brasilnoticias.org\/site\/prisao-de-bolsonaro-gera-reacao-imediata-na-bahia-e-amplia-tensao-politica\/","title":{"rendered":"Pris\u00e3o de Bolsonaro gera rea\u00e7\u00e3o imediata na Bahia e amplia tens\u00e3o pol\u00edtica"},"content":{"rendered":"<p>Aliados baianos classificam decis\u00e3o do STF como \u201cpersegui\u00e7\u00e3o\u201d, \u201cato cruel\u201d e \u201cpsicopatia\u201d; clima nacional se agrava ap\u00f3s ruptura da tornozeleira e risco de fuga apontado por Moraes<\/p>\n<p>A pris\u00e3o preventiva do ex-presidente Jair Bolsonaro (PL), decretada pelo ministro do Supremo Tribunal Federal, Alexandre de Moraes, na manh\u00e3 deste s\u00e1bado (22), teve forte repercuss\u00e3o entre aliados na Bahia.<\/p>\n<p>O ex-chefe do Executivo foi detido ap\u00f3s a Pol\u00edcia Federal comunicar a viola\u00e7\u00e3o da tornozeleira eletr\u00f4nica e risco de fuga, agravado pela vig\u00edlia convocada pelo senador Fl\u00e1vio Bolsonaro (PL-RJ) em frente ao condom\u00ednio onde o pai cumpria pris\u00e3o domiciliar.<\/p>\n<p>Na decis\u00e3o, o magistrado citou a tentativa pr\u00e9via de buscar asilo na Embaixada da Argentina, a possibilidade de obstru\u00e7\u00e3o da fiscaliza\u00e7\u00e3o por meio da mobiliza\u00e7\u00e3o de apoiadores e a proximidade da resid\u00eancia de Bolsonaro com o setor das embaixadas em Bras\u00edlia.<\/p>\n<p>Na Bahia, o presidente estadual do PL, Jo\u00e3o Roma, reagiu com dureza. Para ele, a pris\u00e3o \u00e9 \u201cinjustific\u00e1vel, desproporcional e preocupante\u201d, parte de uma \u201cpersegui\u00e7\u00e3o evidente\u201d contra o ex-presidente. Roma afirmou que o epis\u00f3dio visa \u201cpressionar e destruir Bolsonaro\u201d e classificou a medida como um \u201cato de crueldade\u201d diante das condi\u00e7\u00f5es de sa\u00fade do aliado, ainda afetado pelas sequelas da facada de 2018.<\/p>\n<p>O deputado estadual Leandro de Jesus (PL) tamb\u00e9m criticou a decis\u00e3o. Ele chamou a a\u00e7\u00e3o de \u201cpersegui\u00e7\u00e3o pol\u00edtica\u201d, disse que Moraes protagoniza o \u201c\u00e1pice da psicopatia\u201d e afirmou que \u201co sistema tenta silenciar o maior l\u00edder da direita&#8221;. O parlamentar prometeu seguir mobilizado contra o que considera uma &#8220;injusti\u00e7a&#8221;.<\/p>\n<p>Bolsonaro permanece na Superintend\u00eancia da Pol\u00edcia Federal em Bras\u00edlia, em uma Sala de Estado, destinada a ex-presidentes.<\/p>\n<p>Foto: Divulga\u00e7\u00e3o<br \/>\nFonte: <a href=\"https:\/\/www.blogdovila.com.br\/noticia\/bolsonaro-preventiva\">Blog do Vila<\/a><\/p>\n","protected":false},"excerpt":{"rendered":"<p>Aliados baianos classificam decis\u00e3o do STF como \u201cpersegui\u00e7\u00e3o\u201d, \u201cato cruel\u201d e \u201cpsicopatia\u201d; clima nacional se agrava ap\u00f3s ruptura da tornozeleira<\/p>\n","protected":false},"author":4,"featured_media":18869,"comment_status":"open","ping_status":"open","sticky":false,"template":"","format":"standard","meta":{"colormag_page_container_layout":"default_layout","colormag_page_sidebar_layout":"default_layout","_FSMCFIC_featured_image_caption":"","_FSMCFIC_featured_image_nocaption":"","_FSMCFIC_featured_image_hide":"","footnotes":""},"categories":[7,1],"tags":[],"class_list":["post-18868","post","type-post","status-publish","format-standard","has-post-thumbnail","hentry","category-justica","category-ultimas"],"yoast_head":"<!-- This site is optimized with the Yoast SEO plugin v27.1.1 - https:\/\/yoast.com\/product\/yoast-seo-wordpress\/ -->\n<title>Pris\u00e3o de Bolsonaro gera rea\u00e7\u00e3o imediata na Bahia e amplia tens\u00e3o pol\u00edtica - Brasil not\u00edcias<\/title>\n<meta name=\"robots\" content=\"index, follow, max-snippet:-1, max-image-preview:large, max-video-preview:-1\" \/>\n<link rel=\"canonical\" href=\"https:\/\/brasilnoticias.org\/site\/prisao-de-bolsonaro-gera-reacao-imediata-na-bahia-e-amplia-tensao-politica\/\" \/>\n<meta property=\"og:locale\" content=\"pt_PT\" \/>\n<meta property=\"og:type\" content=\"article\" \/>\n<meta property=\"og:title\" content=\"Pris\u00e3o de Bolsonaro gera rea\u00e7\u00e3o imediata na Bahia e amplia tens\u00e3o pol\u00edtica - Brasil not\u00edcias\" \/>\n<meta property=\"og:description\" content=\"Aliados baianos classificam decis\u00e3o do STF como \u201cpersegui\u00e7\u00e3o\u201d, \u201cato cruel\u201d e \u201cpsicopatia\u201d; clima nacional se agrava ap\u00f3s ruptura da tornozeleira\" \/>\n<meta property=\"og:url\" content=\"https:\/\/brasilnoticias.org\/site\/prisao-de-bolsonaro-gera-reacao-imediata-na-bahia-e-amplia-tensao-politica\/\" \/>\n<meta property=\"og:site_name\" content=\"Brasil not\u00edcias\" \/>\n<meta property=\"article:published_time\" content=\"2025-11-22T13:02:12+00:00\" \/>\n<meta property=\"og:image\" content=\"https:\/\/brasilnoticias.org\/site\/wp-content\/uploads\/2025\/11\/foto1-10.jpg\" \/>\n\t<meta property=\"og:image:width\" content=\"703\" \/>\n\t<meta property=\"og:image:height\" content=\"396\" \/>\n\t<meta property=\"og:image:type\" content=\"image\/jpeg\" \/>\n<meta name=\"author\" content=\"Reda\u00e7\u00e3o\" \/>\n<meta name=\"twitter:card\" content=\"summary_large_image\" \/>\n<meta name=\"twitter:label1\" content=\"Escrito por\" \/>\n\t<meta name=\"twitter:data1\" content=\"Reda\u00e7\u00e3o\" \/>\n\t<meta name=\"twitter:label2\" content=\"Tempo estimado de leitura\" \/>\n\t<meta name=\"twitter:data2\" content=\"1 minuto\" \/>\n<script type=\"application\/ld+json\" class=\"yoast-schema-graph\">{\"@context\":\"https:\/\/schema.org\",\"@graph\":[{\"@type\":\"Article\",\"@id\":\"https:\/\/brasilnoticias.org\/site\/prisao-de-bolsonaro-gera-reacao-imediata-na-bahia-e-amplia-tensao-politica\/#article\",\"isPartOf\":{\"@id\":\"https:\/\/brasilnoticias.org\/site\/prisao-de-bolsonaro-gera-reacao-imediata-na-bahia-e-amplia-tensao-politica\/\"},\"author\":{\"name\":\"Reda\u00e7\u00e3o\",\"@id\":\"https:\/\/brasilnoticias.org\/site\/#\/schema\/person\/03bbbfe6c7634ad18c26444ea39049fa\"},\"headline\":\"Pris\u00e3o de Bolsonaro gera rea\u00e7\u00e3o imediata na Bahia e amplia tens\u00e3o pol\u00edtica\",\"datePublished\":\"2025-11-22T13:02:12+00:00\",\"mainEntityOfPage\":{\"@id\":\"https:\/\/brasilnoticias.org\/site\/prisao-de-bolsonaro-gera-reacao-imediata-na-bahia-e-amplia-tensao-politica\/\"},\"wordCount\":324,\"commentCount\":0,\"publisher\":{\"@id\":\"https:\/\/brasilnoticias.org\/site\/#organization\"},\"image\":{\"@id\":\"https:\/\/brasilnoticias.org\/site\/prisao-de-bolsonaro-gera-reacao-imediata-na-bahia-e-amplia-tensao-politica\/#primaryimage\"},\"thumbnailUrl\":\"https:\/\/brasilnoticias.org\/site\/wp-content\/uploads\/2025\/11\/foto1-10.jpg\",\"articleSection\":[\"Justi\u00e7a\",\"\u00daltimas\"],\"inLanguage\":\"pt-PT\",\"potentialAction\":[{\"@type\":\"CommentAction\",\"name\":\"Comment\",\"target\":[\"https:\/\/brasilnoticias.org\/site\/prisao-de-bolsonaro-gera-reacao-imediata-na-bahia-e-amplia-tensao-politica\/#respond\"]}]},{\"@type\":\"WebPage\",\"@id\":\"https:\/\/brasilnoticias.org\/site\/prisao-de-bolsonaro-gera-reacao-imediata-na-bahia-e-amplia-tensao-politica\/\",\"url\":\"https:\/\/brasilnoticias.org\/site\/prisao-de-bolsonaro-gera-reacao-imediata-na-bahia-e-amplia-tensao-politica\/\",\"name\":\"Pris\u00e3o de Bolsonaro gera rea\u00e7\u00e3o imediata na Bahia e amplia tens\u00e3o pol\u00edtica - Brasil not\u00edcias\",\"isPartOf\":{\"@id\":\"https:\/\/brasilnoticias.org\/site\/#website\"},\"primaryImageOfPage\":{\"@id\":\"https:\/\/brasilnoticias.org\/site\/prisao-de-bolsonaro-gera-reacao-imediata-na-bahia-e-amplia-tensao-politica\/#primaryimage\"},\"image\":{\"@id\":\"https:\/\/brasilnoticias.org\/site\/prisao-de-bolsonaro-gera-reacao-imediata-na-bahia-e-amplia-tensao-politica\/#primaryimage\"},\"thumbnailUrl\":\"https:\/\/brasilnoticias.org\/site\/wp-content\/uploads\/2025\/11\/foto1-10.jpg\",\"datePublished\":\"2025-11-22T13:02:12+00:00\",\"breadcrumb\":{\"@id\":\"https:\/\/brasilnoticias.org\/site\/prisao-de-bolsonaro-gera-reacao-imediata-na-bahia-e-amplia-tensao-politica\/#breadcrumb\"},\"inLanguage\":\"pt-PT\",\"potentialAction\":[{\"@type\":\"ReadAction\",\"target\":[\"https:\/\/brasilnoticias.org\/site\/prisao-de-bolsonaro-gera-reacao-imediata-na-bahia-e-amplia-tensao-politica\/\"]}]},{\"@type\":\"ImageObject\",\"inLanguage\":\"pt-PT\",\"@id\":\"https:\/\/brasilnoticias.org\/site\/prisao-de-bolsonaro-gera-reacao-imediata-na-bahia-e-amplia-tensao-politica\/#primaryimage\",\"url\":\"https:\/\/brasilnoticias.org\/site\/wp-content\/uploads\/2025\/11\/foto1-10.jpg\",\"contentUrl\":\"https:\/\/brasilnoticias.org\/site\/wp-content\/uploads\/2025\/11\/foto1-10.jpg\",\"width\":703,\"height\":396},{\"@type\":\"BreadcrumbList\",\"@id\":\"https:\/\/brasilnoticias.org\/site\/prisao-de-bolsonaro-gera-reacao-imediata-na-bahia-e-amplia-tensao-politica\/#breadcrumb\",\"itemListElement\":[{\"@type\":\"ListItem\",\"position\":1,\"name\":\"In\u00edcio\",\"item\":\"https:\/\/brasilnoticias.org\/site\/\"},{\"@type\":\"ListItem\",\"position\":2,\"name\":\"Pris\u00e3o de Bolsonaro gera rea\u00e7\u00e3o imediata na Bahia e amplia tens\u00e3o pol\u00edtica\"}]},{\"@type\":\"WebSite\",\"@id\":\"https:\/\/brasilnoticias.org\/site\/#website\",\"url\":\"https:\/\/brasilnoticias.org\/site\/\",\"name\":\"Brasil not\u00edcias\",\"description\":\"Brasil not\u00edcias\",\"publisher\":{\"@id\":\"https:\/\/brasilnoticias.org\/site\/#organization\"},\"potentialAction\":[{\"@type\":\"SearchAction\",\"target\":{\"@type\":\"EntryPoint\",\"urlTemplate\":\"https:\/\/brasilnoticias.org\/site\/?s={search_term_string}\"},\"query-input\":{\"@type\":\"PropertyValueSpecification\",\"valueRequired\":true,\"valueName\":\"search_term_string\"}}],\"inLanguage\":\"pt-PT\"},{\"@type\":\"Organization\",\"@id\":\"https:\/\/brasilnoticias.org\/site\/#organization\",\"name\":\"Brasil not\u00edcias\",\"url\":\"https:\/\/brasilnoticias.org\/site\/\",\"logo\":{\"@type\":\"ImageObject\",\"inLanguage\":\"pt-PT\",\"@id\":\"https:\/\/brasilnoticias.org\/site\/#\/schema\/logo\/image\/\",\"url\":\"https:\/\/brasilnoticias.org\/site\/wp-content\/uploads\/2022\/05\/cropped-brasilnoticias-mini.jpg\",\"contentUrl\":\"https:\/\/brasilnoticias.org\/site\/wp-content\/uploads\/2022\/05\/cropped-brasilnoticias-mini.jpg\",\"width\":314,\"height\":86,\"caption\":\"Brasil not\u00edcias\"},\"image\":{\"@id\":\"https:\/\/brasilnoticias.org\/site\/#\/schema\/logo\/image\/\"}},{\"@type\":\"Person\",\"@id\":\"https:\/\/brasilnoticias.org\/site\/#\/schema\/person\/03bbbfe6c7634ad18c26444ea39049fa\",\"name\":\"Reda\u00e7\u00e3o\",\"image\":{\"@type\":\"ImageObject\",\"inLanguage\":\"pt-PT\",\"@id\":\"https:\/\/brasilnoticias.org\/site\/#\/schema\/person\/image\/\",\"url\":\"https:\/\/secure.gravatar.com\/avatar\/9ecaf7327a696cb23ad926fedded5f1f04d7049de9e445375d55b48c001a6e42?s=96&d=mm&r=g\",\"contentUrl\":\"https:\/\/secure.gravatar.com\/avatar\/9ecaf7327a696cb23ad926fedded5f1f04d7049de9e445375d55b48c001a6e42?s=96&d=mm&r=g\",\"caption\":\"Reda\u00e7\u00e3o\"},\"url\":\"https:\/\/brasilnoticias.org\/site\/author\/henrique\/\"}]}<\/script>\n<!-- \/ Yoast SEO plugin. -->","yoast_head_json":{"title":"Pris\u00e3o de Bolsonaro gera rea\u00e7\u00e3o imediata na Bahia e amplia tens\u00e3o pol\u00edtica - Brasil not\u00edcias","robots":{"index":"index","follow":"follow","max-snippet":"max-snippet:-1","max-image-preview":"max-image-preview:large","max-video-preview":"max-video-preview:-1"},"canonical":"https:\/\/brasilnoticias.org\/site\/prisao-de-bolsonaro-gera-reacao-imediata-na-bahia-e-amplia-tensao-politica\/","og_locale":"pt_PT","og_type":"article","og_title":"Pris\u00e3o de Bolsonaro gera rea\u00e7\u00e3o imediata na Bahia e amplia tens\u00e3o pol\u00edtica - Brasil not\u00edcias","og_description":"Aliados baianos classificam decis\u00e3o do STF como \u201cpersegui\u00e7\u00e3o\u201d, \u201cato cruel\u201d e \u201cpsicopatia\u201d; clima nacional se agrava ap\u00f3s ruptura da tornozeleira","og_url":"https:\/\/brasilnoticias.org\/site\/prisao-de-bolsonaro-gera-reacao-imediata-na-bahia-e-amplia-tensao-politica\/","og_site_name":"Brasil not\u00edcias","article_published_time":"2025-11-22T13:02:12+00:00","og_image":[{"width":703,"height":396,"url":"https:\/\/brasilnoticias.org\/site\/wp-content\/uploads\/2025\/11\/foto1-10.jpg","type":"image\/jpeg"}],"author":"Reda\u00e7\u00e3o","twitter_card":"summary_large_image","twitter_misc":{"Escrito por":"Reda\u00e7\u00e3o","Tempo estimado de leitura":"1 minuto"},"schema":{"@context":"https:\/\/schema.org","@graph":[{"@type":"Article","@id":"https:\/\/brasilnoticias.org\/site\/prisao-de-bolsonaro-gera-reacao-imediata-na-bahia-e-amplia-tensao-politica\/#article","isPartOf":{"@id":"https:\/\/brasilnoticias.org\/site\/prisao-de-bolsonaro-gera-reacao-imediata-na-bahia-e-amplia-tensao-politica\/"},"author":{"name":"Reda\u00e7\u00e3o","@id":"https:\/\/brasilnoticias.org\/site\/#\/schema\/person\/03bbbfe6c7634ad18c26444ea39049fa"},"headline":"Pris\u00e3o de Bolsonaro gera rea\u00e7\u00e3o imediata na Bahia e amplia tens\u00e3o pol\u00edtica","datePublished":"2025-11-22T13:02:12+00:00","mainEntityOfPage":{"@id":"https:\/\/brasilnoticias.org\/site\/prisao-de-bolsonaro-gera-reacao-imediata-na-bahia-e-amplia-tensao-politica\/"},"wordCount":324,"commentCount":0,"publisher":{"@id":"https:\/\/brasilnoticias.org\/site\/#organization"},"image":{"@id":"https:\/\/brasilnoticias.org\/site\/prisao-de-bolsonaro-gera-reacao-imediata-na-bahia-e-amplia-tensao-politica\/#primaryimage"},"thumbnailUrl":"https:\/\/brasilnoticias.org\/site\/wp-content\/uploads\/2025\/11\/foto1-10.jpg","articleSection":["Justi\u00e7a","\u00daltimas"],"inLanguage":"pt-PT","potentialAction":[{"@type":"CommentAction","name":"Comment","target":["https:\/\/brasilnoticias.org\/site\/prisao-de-bolsonaro-gera-reacao-imediata-na-bahia-e-amplia-tensao-politica\/#respond"]}]},{"@type":"WebPage","@id":"https:\/\/brasilnoticias.org\/site\/prisao-de-bolsonaro-gera-reacao-imediata-na-bahia-e-amplia-tensao-politica\/","url":"https:\/\/brasilnoticias.org\/site\/prisao-de-bolsonaro-gera-reacao-imediata-na-bahia-e-amplia-tensao-politica\/","name":"Pris\u00e3o de Bolsonaro gera rea\u00e7\u00e3o imediata na Bahia e amplia tens\u00e3o pol\u00edtica - Brasil not\u00edcias","isPartOf":{"@id":"https:\/\/brasilnoticias.org\/site\/#website"},"primaryImageOfPage":{"@id":"https:\/\/brasilnoticias.org\/site\/prisao-de-bolsonaro-gera-reacao-imediata-na-bahia-e-amplia-tensao-politica\/#primaryimage"},"image":{"@id":"https:\/\/brasilnoticias.org\/site\/prisao-de-bolsonaro-gera-reacao-imediata-na-bahia-e-amplia-tensao-politica\/#primaryimage"},"thumbnailUrl":"https:\/\/brasilnoticias.org\/site\/wp-content\/uploads\/2025\/11\/foto1-10.jpg","datePublished":"2025-11-22T13:02:12+00:00","breadcrumb":{"@id":"https:\/\/brasilnoticias.org\/site\/prisao-de-bolsonaro-gera-reacao-imediata-na-bahia-e-amplia-tensao-politica\/#breadcrumb"},"inLanguage":"pt-PT","potentialAction":[{"@type":"ReadAction","target":["https:\/\/brasilnoticias.org\/site\/prisao-de-bolsonaro-gera-reacao-imediata-na-bahia-e-amplia-tensao-politica\/"]}]},{"@type":"ImageObject","inLanguage":"pt-PT","@id":"https:\/\/brasilnoticias.org\/site\/prisao-de-bolsonaro-gera-reacao-imediata-na-bahia-e-amplia-tensao-politica\/#primaryimage","url":"https:\/\/brasilnoticias.org\/site\/wp-content\/uploads\/2025\/11\/foto1-10.jpg","contentUrl":"https:\/\/brasilnoticias.org\/site\/wp-content\/uploads\/2025\/11\/foto1-10.jpg","width":703,"height":396},{"@type":"BreadcrumbList","@id":"https:\/\/brasilnoticias.org\/site\/prisao-de-bolsonaro-gera-reacao-imediata-na-bahia-e-amplia-tensao-politica\/#breadcrumb","itemListElement":[{"@type":"ListItem","position":1,"name":"In\u00edcio","item":"https:\/\/brasilnoticias.org\/site\/"},{"@type":"ListItem","position":2,"name":"Pris\u00e3o de Bolsonaro gera rea\u00e7\u00e3o imediata na Bahia e amplia tens\u00e3o pol\u00edtica"}]},{"@type":"WebSite","@id":"https:\/\/brasilnoticias.org\/site\/#website","url":"https:\/\/brasilnoticias.org\/site\/","name":"Brasil not\u00edcias","description":"Brasil not\u00edcias","publisher":{"@id":"https:\/\/brasilnoticias.org\/site\/#organization"},"potentialAction":[{"@type":"SearchAction","target":{"@type":"EntryPoint","urlTemplate":"https:\/\/brasilnoticias.org\/site\/?s={search_term_string}"},"query-input":{"@type":"PropertyValueSpecification","valueRequired":true,"valueName":"search_term_string"}}],"inLanguage":"pt-PT"},{"@type":"Organization","@id":"https:\/\/brasilnoticias.org\/site\/#organization","name":"Brasil not\u00edcias","url":"https:\/\/brasilnoticias.org\/site\/","logo":{"@type":"ImageObject","inLanguage":"pt-PT","@id":"https:\/\/brasilnoticias.org\/site\/#\/schema\/logo\/image\/","url":"https:\/\/brasilnoticias.org\/site\/wp-content\/uploads\/2022\/05\/cropped-brasilnoticias-mini.jpg","contentUrl":"https:\/\/brasilnoticias.org\/site\/wp-content\/uploads\/2022\/05\/cropped-brasilnoticias-mini.jpg","width":314,"height":86,"caption":"Brasil not\u00edcias"},"image":{"@id":"https:\/\/brasilnoticias.org\/site\/#\/schema\/logo\/image\/"}},{"@type":"Person","@id":"https:\/\/brasilnoticias.org\/site\/#\/schema\/person\/03bbbfe6c7634ad18c26444ea39049fa","name":"Reda\u00e7\u00e3o","image":{"@type":"ImageObject","inLanguage":"pt-PT","@id":"https:\/\/brasilnoticias.org\/site\/#\/schema\/person\/image\/","url":"https:\/\/secure.gravatar.com\/avatar\/9ecaf7327a696cb23ad926fedded5f1f04d7049de9e445375d55b48c001a6e42?s=96&d=mm&r=g","contentUrl":"https:\/\/secure.gravatar.com\/avatar\/9ecaf7327a696cb23ad926fedded5f1f04d7049de9e445375d55b48c001a6e42?s=96&d=mm&r=g","caption":"Reda\u00e7\u00e3o"},"url":"https:\/\/brasilnoticias.org\/site\/author\/henrique\/"}]}},"_links":{"self":[{"href":"https:\/\/brasilnoticias.org\/site\/wp-json\/wp\/v2\/posts\/18868","targetHints":{"allow":["GET"]}}],"collection":[{"href":"https:\/\/brasilnoticias.org\/site\/wp-json\/wp\/v2\/posts"}],"about":[{"href":"https:\/\/brasilnoticias.org\/site\/wp-json\/wp\/v2\/types\/post"}],"author":[{"embeddable":true,"href":"https:\/\/brasilnoticias.org\/site\/wp-json\/wp\/v2\/users\/4"}],"replies":[{"embeddable":true,"href":"https:\/\/brasilnoticias.org\/site\/wp-json\/wp\/v2\/comments?post=18868"}],"version-history":[{"count":1,"href":"https:\/\/brasilnoticias.org\/site\/wp-json\/wp\/v2\/posts\/18868\/revisions"}],"predecessor-version":[{"id":18870,"href":"https:\/\/brasilnoticias.org\/site\/wp-json\/wp\/v2\/posts\/18868\/revisions\/18870"}],"wp:featuredmedia":[{"embeddable":true,"href":"https:\/\/brasilnoticias.org\/site\/wp-json\/wp\/v2\/media\/18869"}],"wp:attachment":[{"href":"https:\/\/brasilnoticias.org\/site\/wp-json\/wp\/v2\/media?parent=18868"}],"wp:term":[{"taxonomy":"category","embeddable":true,"href":"https:\/\/brasilnoticias.org\/site\/wp-json\/wp\/v2\/categories?post=18868"},{"taxonomy":"post_tag","embeddable":true,"href":"https:\/\/brasilnoticias.org\/site\/wp-json\/wp\/v2\/tags?post=18868"}],"curies":[{"name":"wp","href":"https:\/\/api.w.org\/{rel}","templated":true}]}}