{"id":18889,"date":"2025-11-24T09:57:06","date_gmt":"2025-11-24T12:57:06","guid":{"rendered":"https:\/\/brasilnoticias.org\/site\/?p=18889"},"modified":"2025-11-24T09:57:06","modified_gmt":"2025-11-24T12:57:06","slug":"quais-clubes-sao-mais-odiados-do-brasileirao-segundo-pesquisa-confira-posicao-da-dupla-bavi","status":"publish","type":"post","link":"https:\/\/brasilnoticias.org\/site\/quais-clubes-sao-mais-odiados-do-brasileirao-segundo-pesquisa-confira-posicao-da-dupla-bavi\/","title":{"rendered":"Quais clubes s\u00e3o mais odiados do Brasileir\u00e3o segundo pesquisa? Confira posi\u00e7\u00e3o da dupla BaVi"},"content":{"rendered":"<div>\n<p>Uma pesquisa realizada pelo instituto Paran\u00e1 Pesquisas e encomendada pela revista Veja, entre os \u00faltimos dias 6 e 10 de novembro, revelou quais s\u00e3o os clubes mais odiados do Brasil.<\/p>\n<p>Inscreva-se no canal do Bnews no Youtube.<\/a><\/p>\n<p>Entre os escolhidos colocados, est\u00e3o tr\u00eas clubes cariocas, quatro paulistas, dois mineiros, dois ga\u00fachos, a dupla BaVi, um paranaense e um pernambucano.<\/p>\n<p>O levantamento ouviu presencialmente 2020 pessoas acima dos 16 anos, em 26 estados do Brasil, para saber quais equipes s\u00e3o as mais odiadas.<\/p>\n<p><strong>Confira a lista do percentual da posi\u00e7\u00e3o de cada clube do Brasil:<\/strong><\/p>\n<ol>\n<li>Flamengo (RJ)- 13,5%;<\/li>\n<li>Corinthians (SP)- 11,1%;<\/li>\n<li>Palmeiras (SP)- 7,7%;<\/li>\n<li>Vasco da Gama (RJ)- 4,6%;<\/li>\n<li>S\u00e3o Paulo (SP)- 1,7%;<\/li>\n<li>Atl\u00e9tico MG (MG)- 1,5%;<\/li>\n<li>Cruzeiro (MG)- 1,2%;<\/li>\n<li>Gr\u00eamio (RS)- 1,2%;<\/li>\n<li>Internacional (RS)- 1%;<\/li>\n<li><strong>Bahia (BA)- 0,7%;<\/strong><\/a><\/li>\n<li>Sport (PE)- 0,6%;<\/li>\n<li><strong>Vit\u00f3ria (BA)- 0,6%;<\/strong><\/a><\/li>\n<li>Fluminense (RJ)- 0,5%;<\/li>\n<li>Santos (SP)- 0,5%;<\/li>\n<li>Athletico- PR (PR)- 0,4%;<\/li>\n<li>Demais clubes citados juntos- 2,8%.<\/li>\n<\/ol><\/div>\n","protected":false},"excerpt":{"rendered":"<p>Uma pesquisa realizada pelo instituto Paran\u00e1 Pesquisas e encomendada pela revista Veja, entre os \u00faltimos dias 6 e 10 de<\/p>\n","protected":false},"author":20,"featured_media":18890,"comment_status":"open","ping_status":"open","sticky":false,"template":"","format":"standard","meta":{"colormag_page_container_layout":"default_layout","colormag_page_sidebar_layout":"default_layout","_FSMCFIC_featured_image_caption":"","_FSMCFIC_featured_image_nocaption":"","_FSMCFIC_featured_image_hide":"","footnotes":""},"categories":[1],"tags":[],"class_list":["post-18889","post","type-post","status-publish","format-standard","has-post-thumbnail","hentry","category-ultimas"],"yoast_head":"<!-- This site is optimized with the Yoast SEO plugin v27.1.1 - https:\/\/yoast.com\/product\/yoast-seo-wordpress\/ -->\n<title>Quais clubes s\u00e3o mais odiados do Brasileir\u00e3o segundo pesquisa? Confira posi\u00e7\u00e3o da dupla BaVi - Brasil not\u00edcias<\/title>\n<meta name=\"robots\" content=\"index, follow, max-snippet:-1, max-image-preview:large, max-video-preview:-1\" \/>\n<link rel=\"canonical\" href=\"https:\/\/brasilnoticias.org\/site\/quais-clubes-sao-mais-odiados-do-brasileirao-segundo-pesquisa-confira-posicao-da-dupla-bavi\/\" \/>\n<meta property=\"og:locale\" content=\"pt_PT\" \/>\n<meta property=\"og:type\" content=\"article\" \/>\n<meta property=\"og:title\" content=\"Quais clubes s\u00e3o mais odiados do Brasileir\u00e3o segundo pesquisa? Confira posi\u00e7\u00e3o da dupla BaVi - Brasil not\u00edcias\" \/>\n<meta property=\"og:description\" content=\"Uma pesquisa realizada pelo instituto Paran\u00e1 Pesquisas e encomendada pela revista Veja, entre os \u00faltimos dias 6 e 10 de\" \/>\n<meta property=\"og:url\" content=\"https:\/\/brasilnoticias.org\/site\/quais-clubes-sao-mais-odiados-do-brasileirao-segundo-pesquisa-confira-posicao-da-dupla-bavi\/\" \/>\n<meta property=\"og:site_name\" content=\"Brasil not\u00edcias\" \/>\n<meta property=\"article:published_time\" content=\"2025-11-24T12:57:06+00:00\" \/>\n<meta property=\"og:image\" content=\"https:\/\/brasilnoticias.org\/site\/wp-content\/uploads\/2025\/11\/bavi_widelg.png\" \/>\n\t<meta property=\"og:image:width\" content=\"601\" \/>\n\t<meta property=\"og:image:height\" content=\"339\" \/>\n\t<meta property=\"og:image:type\" content=\"image\/png\" \/>\n<meta name=\"author\" content=\"Gabriel Santana\" \/>\n<meta name=\"twitter:card\" content=\"summary_large_image\" \/>\n<meta name=\"twitter:label1\" content=\"Escrito por\" \/>\n\t<meta name=\"twitter:data1\" content=\"Gabriel Santana\" \/>\n\t<meta name=\"twitter:label2\" content=\"Tempo estimado de leitura\" \/>\n\t<meta name=\"twitter:data2\" content=\"1 minuto\" \/>\n<script type=\"application\/ld+json\" class=\"yoast-schema-graph\">{\"@context\":\"https:\/\/schema.org\",\"@graph\":[{\"@type\":\"Article\",\"@id\":\"https:\/\/brasilnoticias.org\/site\/quais-clubes-sao-mais-odiados-do-brasileirao-segundo-pesquisa-confira-posicao-da-dupla-bavi\/#article\",\"isPartOf\":{\"@id\":\"https:\/\/brasilnoticias.org\/site\/quais-clubes-sao-mais-odiados-do-brasileirao-segundo-pesquisa-confira-posicao-da-dupla-bavi\/\"},\"author\":{\"name\":\"Gabriel Santana\",\"@id\":\"https:\/\/brasilnoticias.org\/site\/#\/schema\/person\/c42dbe0d83f6dd5d232e76cd3093a5b2\"},\"headline\":\"Quais clubes s\u00e3o mais odiados do Brasileir\u00e3o segundo pesquisa? Confira posi\u00e7\u00e3o da dupla BaVi\",\"datePublished\":\"2025-11-24T12:57:06+00:00\",\"mainEntityOfPage\":{\"@id\":\"https:\/\/brasilnoticias.org\/site\/quais-clubes-sao-mais-odiados-do-brasileirao-segundo-pesquisa-confira-posicao-da-dupla-bavi\/\"},\"wordCount\":170,\"commentCount\":0,\"publisher\":{\"@id\":\"https:\/\/brasilnoticias.org\/site\/#organization\"},\"image\":{\"@id\":\"https:\/\/brasilnoticias.org\/site\/quais-clubes-sao-mais-odiados-do-brasileirao-segundo-pesquisa-confira-posicao-da-dupla-bavi\/#primaryimage\"},\"thumbnailUrl\":\"https:\/\/brasilnoticias.org\/site\/wp-content\/uploads\/2025\/11\/bavi_widelg.png\",\"articleSection\":[\"\u00daltimas\"],\"inLanguage\":\"pt-PT\",\"potentialAction\":[{\"@type\":\"CommentAction\",\"name\":\"Comment\",\"target\":[\"https:\/\/brasilnoticias.org\/site\/quais-clubes-sao-mais-odiados-do-brasileirao-segundo-pesquisa-confira-posicao-da-dupla-bavi\/#respond\"]}]},{\"@type\":\"WebPage\",\"@id\":\"https:\/\/brasilnoticias.org\/site\/quais-clubes-sao-mais-odiados-do-brasileirao-segundo-pesquisa-confira-posicao-da-dupla-bavi\/\",\"url\":\"https:\/\/brasilnoticias.org\/site\/quais-clubes-sao-mais-odiados-do-brasileirao-segundo-pesquisa-confira-posicao-da-dupla-bavi\/\",\"name\":\"Quais clubes s\u00e3o mais odiados do Brasileir\u00e3o segundo pesquisa? Confira posi\u00e7\u00e3o da dupla BaVi - Brasil not\u00edcias\",\"isPartOf\":{\"@id\":\"https:\/\/brasilnoticias.org\/site\/#website\"},\"primaryImageOfPage\":{\"@id\":\"https:\/\/brasilnoticias.org\/site\/quais-clubes-sao-mais-odiados-do-brasileirao-segundo-pesquisa-confira-posicao-da-dupla-bavi\/#primaryimage\"},\"image\":{\"@id\":\"https:\/\/brasilnoticias.org\/site\/quais-clubes-sao-mais-odiados-do-brasileirao-segundo-pesquisa-confira-posicao-da-dupla-bavi\/#primaryimage\"},\"thumbnailUrl\":\"https:\/\/brasilnoticias.org\/site\/wp-content\/uploads\/2025\/11\/bavi_widelg.png\",\"datePublished\":\"2025-11-24T12:57:06+00:00\",\"breadcrumb\":{\"@id\":\"https:\/\/brasilnoticias.org\/site\/quais-clubes-sao-mais-odiados-do-brasileirao-segundo-pesquisa-confira-posicao-da-dupla-bavi\/#breadcrumb\"},\"inLanguage\":\"pt-PT\",\"potentialAction\":[{\"@type\":\"ReadAction\",\"target\":[\"https:\/\/brasilnoticias.org\/site\/quais-clubes-sao-mais-odiados-do-brasileirao-segundo-pesquisa-confira-posicao-da-dupla-bavi\/\"]}]},{\"@type\":\"ImageObject\",\"inLanguage\":\"pt-PT\",\"@id\":\"https:\/\/brasilnoticias.org\/site\/quais-clubes-sao-mais-odiados-do-brasileirao-segundo-pesquisa-confira-posicao-da-dupla-bavi\/#primaryimage\",\"url\":\"https:\/\/brasilnoticias.org\/site\/wp-content\/uploads\/2025\/11\/bavi_widelg.png\",\"contentUrl\":\"https:\/\/brasilnoticias.org\/site\/wp-content\/uploads\/2025\/11\/bavi_widelg.png\",\"width\":601,\"height\":339,\"caption\":\"Quais clubes s\u00e3o mais odiados do Brasileir\u00e3o segundo pesquisa? Confira posi\u00e7\u00e3o da dupla BaVi\"},{\"@type\":\"BreadcrumbList\",\"@id\":\"https:\/\/brasilnoticias.org\/site\/quais-clubes-sao-mais-odiados-do-brasileirao-segundo-pesquisa-confira-posicao-da-dupla-bavi\/#breadcrumb\",\"itemListElement\":[{\"@type\":\"ListItem\",\"position\":1,\"name\":\"In\u00edcio\",\"item\":\"https:\/\/brasilnoticias.org\/site\/\"},{\"@type\":\"ListItem\",\"position\":2,\"name\":\"Quais clubes s\u00e3o mais odiados do Brasileir\u00e3o segundo pesquisa? Confira posi\u00e7\u00e3o da dupla BaVi\"}]},{\"@type\":\"WebSite\",\"@id\":\"https:\/\/brasilnoticias.org\/site\/#website\",\"url\":\"https:\/\/brasilnoticias.org\/site\/\",\"name\":\"Brasil not\u00edcias\",\"description\":\"Brasil not\u00edcias\",\"publisher\":{\"@id\":\"https:\/\/brasilnoticias.org\/site\/#organization\"},\"potentialAction\":[{\"@type\":\"SearchAction\",\"target\":{\"@type\":\"EntryPoint\",\"urlTemplate\":\"https:\/\/brasilnoticias.org\/site\/?s={search_term_string}\"},\"query-input\":{\"@type\":\"PropertyValueSpecification\",\"valueRequired\":true,\"valueName\":\"search_term_string\"}}],\"inLanguage\":\"pt-PT\"},{\"@type\":\"Organization\",\"@id\":\"https:\/\/brasilnoticias.org\/site\/#organization\",\"name\":\"Brasil not\u00edcias\",\"url\":\"https:\/\/brasilnoticias.org\/site\/\",\"logo\":{\"@type\":\"ImageObject\",\"inLanguage\":\"pt-PT\",\"@id\":\"https:\/\/brasilnoticias.org\/site\/#\/schema\/logo\/image\/\",\"url\":\"https:\/\/brasilnoticias.org\/site\/wp-content\/uploads\/2022\/05\/cropped-brasilnoticias-mini.jpg\",\"contentUrl\":\"https:\/\/brasilnoticias.org\/site\/wp-content\/uploads\/2022\/05\/cropped-brasilnoticias-mini.jpg\",\"width\":314,\"height\":86,\"caption\":\"Brasil not\u00edcias\"},\"image\":{\"@id\":\"https:\/\/brasilnoticias.org\/site\/#\/schema\/logo\/image\/\"}},{\"@type\":\"Person\",\"@id\":\"https:\/\/brasilnoticias.org\/site\/#\/schema\/person\/c42dbe0d83f6dd5d232e76cd3093a5b2\",\"name\":\"Gabriel Santana\",\"image\":{\"@type\":\"ImageObject\",\"inLanguage\":\"pt-PT\",\"@id\":\"https:\/\/brasilnoticias.org\/site\/#\/schema\/person\/image\/\",\"url\":\"https:\/\/secure.gravatar.com\/avatar\/?s=96&d=mm&r=g\",\"contentUrl\":\"https:\/\/secure.gravatar.com\/avatar\/?s=96&d=mm&r=g\",\"caption\":\"Gabriel Santana\"},\"url\":\"https:\/\/brasilnoticias.org\/site\/author\/gabriel_santana\/\"}]}<\/script>\n<!-- \/ Yoast SEO plugin. -->","yoast_head_json":{"title":"Quais clubes s\u00e3o mais odiados do Brasileir\u00e3o segundo pesquisa? Confira posi\u00e7\u00e3o da dupla BaVi - Brasil not\u00edcias","robots":{"index":"index","follow":"follow","max-snippet":"max-snippet:-1","max-image-preview":"max-image-preview:large","max-video-preview":"max-video-preview:-1"},"canonical":"https:\/\/brasilnoticias.org\/site\/quais-clubes-sao-mais-odiados-do-brasileirao-segundo-pesquisa-confira-posicao-da-dupla-bavi\/","og_locale":"pt_PT","og_type":"article","og_title":"Quais clubes s\u00e3o mais odiados do Brasileir\u00e3o segundo pesquisa? Confira posi\u00e7\u00e3o da dupla BaVi - Brasil not\u00edcias","og_description":"Uma pesquisa realizada pelo instituto Paran\u00e1 Pesquisas e encomendada pela revista Veja, entre os \u00faltimos dias 6 e 10 de","og_url":"https:\/\/brasilnoticias.org\/site\/quais-clubes-sao-mais-odiados-do-brasileirao-segundo-pesquisa-confira-posicao-da-dupla-bavi\/","og_site_name":"Brasil not\u00edcias","article_published_time":"2025-11-24T12:57:06+00:00","og_image":[{"width":601,"height":339,"url":"https:\/\/brasilnoticias.org\/site\/wp-content\/uploads\/2025\/11\/bavi_widelg.png","type":"image\/png"}],"author":"Gabriel Santana","twitter_card":"summary_large_image","twitter_misc":{"Escrito por":"Gabriel Santana","Tempo estimado de leitura":"1 minuto"},"schema":{"@context":"https:\/\/schema.org","@graph":[{"@type":"Article","@id":"https:\/\/brasilnoticias.org\/site\/quais-clubes-sao-mais-odiados-do-brasileirao-segundo-pesquisa-confira-posicao-da-dupla-bavi\/#article","isPartOf":{"@id":"https:\/\/brasilnoticias.org\/site\/quais-clubes-sao-mais-odiados-do-brasileirao-segundo-pesquisa-confira-posicao-da-dupla-bavi\/"},"author":{"name":"Gabriel Santana","@id":"https:\/\/brasilnoticias.org\/site\/#\/schema\/person\/c42dbe0d83f6dd5d232e76cd3093a5b2"},"headline":"Quais clubes s\u00e3o mais odiados do Brasileir\u00e3o segundo pesquisa? Confira posi\u00e7\u00e3o da dupla BaVi","datePublished":"2025-11-24T12:57:06+00:00","mainEntityOfPage":{"@id":"https:\/\/brasilnoticias.org\/site\/quais-clubes-sao-mais-odiados-do-brasileirao-segundo-pesquisa-confira-posicao-da-dupla-bavi\/"},"wordCount":170,"commentCount":0,"publisher":{"@id":"https:\/\/brasilnoticias.org\/site\/#organization"},"image":{"@id":"https:\/\/brasilnoticias.org\/site\/quais-clubes-sao-mais-odiados-do-brasileirao-segundo-pesquisa-confira-posicao-da-dupla-bavi\/#primaryimage"},"thumbnailUrl":"https:\/\/brasilnoticias.org\/site\/wp-content\/uploads\/2025\/11\/bavi_widelg.png","articleSection":["\u00daltimas"],"inLanguage":"pt-PT","potentialAction":[{"@type":"CommentAction","name":"Comment","target":["https:\/\/brasilnoticias.org\/site\/quais-clubes-sao-mais-odiados-do-brasileirao-segundo-pesquisa-confira-posicao-da-dupla-bavi\/#respond"]}]},{"@type":"WebPage","@id":"https:\/\/brasilnoticias.org\/site\/quais-clubes-sao-mais-odiados-do-brasileirao-segundo-pesquisa-confira-posicao-da-dupla-bavi\/","url":"https:\/\/brasilnoticias.org\/site\/quais-clubes-sao-mais-odiados-do-brasileirao-segundo-pesquisa-confira-posicao-da-dupla-bavi\/","name":"Quais clubes s\u00e3o mais odiados do Brasileir\u00e3o segundo pesquisa? Confira posi\u00e7\u00e3o da dupla BaVi - Brasil not\u00edcias","isPartOf":{"@id":"https:\/\/brasilnoticias.org\/site\/#website"},"primaryImageOfPage":{"@id":"https:\/\/brasilnoticias.org\/site\/quais-clubes-sao-mais-odiados-do-brasileirao-segundo-pesquisa-confira-posicao-da-dupla-bavi\/#primaryimage"},"image":{"@id":"https:\/\/brasilnoticias.org\/site\/quais-clubes-sao-mais-odiados-do-brasileirao-segundo-pesquisa-confira-posicao-da-dupla-bavi\/#primaryimage"},"thumbnailUrl":"https:\/\/brasilnoticias.org\/site\/wp-content\/uploads\/2025\/11\/bavi_widelg.png","datePublished":"2025-11-24T12:57:06+00:00","breadcrumb":{"@id":"https:\/\/brasilnoticias.org\/site\/quais-clubes-sao-mais-odiados-do-brasileirao-segundo-pesquisa-confira-posicao-da-dupla-bavi\/#breadcrumb"},"inLanguage":"pt-PT","potentialAction":[{"@type":"ReadAction","target":["https:\/\/brasilnoticias.org\/site\/quais-clubes-sao-mais-odiados-do-brasileirao-segundo-pesquisa-confira-posicao-da-dupla-bavi\/"]}]},{"@type":"ImageObject","inLanguage":"pt-PT","@id":"https:\/\/brasilnoticias.org\/site\/quais-clubes-sao-mais-odiados-do-brasileirao-segundo-pesquisa-confira-posicao-da-dupla-bavi\/#primaryimage","url":"https:\/\/brasilnoticias.org\/site\/wp-content\/uploads\/2025\/11\/bavi_widelg.png","contentUrl":"https:\/\/brasilnoticias.org\/site\/wp-content\/uploads\/2025\/11\/bavi_widelg.png","width":601,"height":339,"caption":"Quais clubes s\u00e3o mais odiados do Brasileir\u00e3o segundo pesquisa? Confira posi\u00e7\u00e3o da dupla BaVi"},{"@type":"BreadcrumbList","@id":"https:\/\/brasilnoticias.org\/site\/quais-clubes-sao-mais-odiados-do-brasileirao-segundo-pesquisa-confira-posicao-da-dupla-bavi\/#breadcrumb","itemListElement":[{"@type":"ListItem","position":1,"name":"In\u00edcio","item":"https:\/\/brasilnoticias.org\/site\/"},{"@type":"ListItem","position":2,"name":"Quais clubes s\u00e3o mais odiados do Brasileir\u00e3o segundo pesquisa? Confira posi\u00e7\u00e3o da dupla BaVi"}]},{"@type":"WebSite","@id":"https:\/\/brasilnoticias.org\/site\/#website","url":"https:\/\/brasilnoticias.org\/site\/","name":"Brasil not\u00edcias","description":"Brasil not\u00edcias","publisher":{"@id":"https:\/\/brasilnoticias.org\/site\/#organization"},"potentialAction":[{"@type":"SearchAction","target":{"@type":"EntryPoint","urlTemplate":"https:\/\/brasilnoticias.org\/site\/?s={search_term_string}"},"query-input":{"@type":"PropertyValueSpecification","valueRequired":true,"valueName":"search_term_string"}}],"inLanguage":"pt-PT"},{"@type":"Organization","@id":"https:\/\/brasilnoticias.org\/site\/#organization","name":"Brasil not\u00edcias","url":"https:\/\/brasilnoticias.org\/site\/","logo":{"@type":"ImageObject","inLanguage":"pt-PT","@id":"https:\/\/brasilnoticias.org\/site\/#\/schema\/logo\/image\/","url":"https:\/\/brasilnoticias.org\/site\/wp-content\/uploads\/2022\/05\/cropped-brasilnoticias-mini.jpg","contentUrl":"https:\/\/brasilnoticias.org\/site\/wp-content\/uploads\/2022\/05\/cropped-brasilnoticias-mini.jpg","width":314,"height":86,"caption":"Brasil not\u00edcias"},"image":{"@id":"https:\/\/brasilnoticias.org\/site\/#\/schema\/logo\/image\/"}},{"@type":"Person","@id":"https:\/\/brasilnoticias.org\/site\/#\/schema\/person\/c42dbe0d83f6dd5d232e76cd3093a5b2","name":"Gabriel Santana","image":{"@type":"ImageObject","inLanguage":"pt-PT","@id":"https:\/\/brasilnoticias.org\/site\/#\/schema\/person\/image\/","url":"https:\/\/secure.gravatar.com\/avatar\/?s=96&d=mm&r=g","contentUrl":"https:\/\/secure.gravatar.com\/avatar\/?s=96&d=mm&r=g","caption":"Gabriel Santana"},"url":"https:\/\/brasilnoticias.org\/site\/author\/gabriel_santana\/"}]}},"_links":{"self":[{"href":"https:\/\/brasilnoticias.org\/site\/wp-json\/wp\/v2\/posts\/18889","targetHints":{"allow":["GET"]}}],"collection":[{"href":"https:\/\/brasilnoticias.org\/site\/wp-json\/wp\/v2\/posts"}],"about":[{"href":"https:\/\/brasilnoticias.org\/site\/wp-json\/wp\/v2\/types\/post"}],"author":[{"embeddable":true,"href":"https:\/\/brasilnoticias.org\/site\/wp-json\/wp\/v2\/users\/20"}],"replies":[{"embeddable":true,"href":"https:\/\/brasilnoticias.org\/site\/wp-json\/wp\/v2\/comments?post=18889"}],"version-history":[{"count":1,"href":"https:\/\/brasilnoticias.org\/site\/wp-json\/wp\/v2\/posts\/18889\/revisions"}],"predecessor-version":[{"id":18891,"href":"https:\/\/brasilnoticias.org\/site\/wp-json\/wp\/v2\/posts\/18889\/revisions\/18891"}],"wp:featuredmedia":[{"embeddable":true,"href":"https:\/\/brasilnoticias.org\/site\/wp-json\/wp\/v2\/media\/18890"}],"wp:attachment":[{"href":"https:\/\/brasilnoticias.org\/site\/wp-json\/wp\/v2\/media?parent=18889"}],"wp:term":[{"taxonomy":"category","embeddable":true,"href":"https:\/\/brasilnoticias.org\/site\/wp-json\/wp\/v2\/categories?post=18889"},{"taxonomy":"post_tag","embeddable":true,"href":"https:\/\/brasilnoticias.org\/site\/wp-json\/wp\/v2\/tags?post=18889"}],"curies":[{"name":"wp","href":"https:\/\/api.w.org\/{rel}","templated":true}]}}