{"id":1889,"date":"2022-10-15T07:10:46","date_gmt":"2022-10-15T10:10:46","guid":{"rendered":"https:\/\/brasilnoticias.org\/site\/?p=1889"},"modified":"2022-10-14T15:19:09","modified_gmt":"2022-10-14T18:19:09","slug":"mae-e-filha-sao-presas-suspeitas-de-trafico-de-drogas-no-reconcavo","status":"publish","type":"post","link":"https:\/\/brasilnoticias.org\/site\/mae-e-filha-sao-presas-suspeitas-de-trafico-de-drogas-no-reconcavo\/","title":{"rendered":"M\u00e3e e filha s\u00e3o presas suspeitas de tr\u00e1fico de drogas no rec\u00f4ncavo"},"content":{"rendered":"<p>Duas mulheres, que s\u00e3o m\u00e3e e filha, foram presas em flagrante por suspeita de tr\u00e1fico de drogas, na quinta-feira (13). O caso ocorreu em Santo Ant\u00f4nio de Jesus, no rec\u00f4ncavo baiano .<\/p>\n<p>De acordo com o coordenador regional de Santo Ant\u00f4nio de Jesus, delegado Joaquim Jos\u00e9 Pereira de Souza, os investigadores receberam uma informa\u00e7\u00e3o de que moradoras de uma casa na Rua da Acerola, bairro Madalena, estavam guardando e distribuindo entorpecentes para um traficante.<\/p>\n<p>No im\u00f3vel indicado, os agentes encontraram a dupla com um tablete grande e papelotes de maconha, al\u00e9m de por\u00e7\u00f5es de coca\u00edna, uma balan\u00e7a, um celular, uma motocicleta, e R$ 55 em esp\u00e9cie.<\/p>\n<p>Horas antes, os policiais prenderam um homem em flagrante, tamb\u00e9m por suspeita de tr\u00e1fico de drogas. Em uma casa no bairro Cajueiro, as equipes acharam maconha, uma balan\u00e7a e a quantia de R$ 150.<\/p>\n<p>As tr\u00eas pessoas foram conduzidas para a 1\u00aa Delegacia Territorial de Santo Ant\u00f4nio de Jesus, onde est\u00e1 \u00e0 disposi\u00e7\u00e3o da Justi\u00e7a, aguardando pela audi\u00eancia de cust\u00f3dia. Todo o material apreendido seguiu para o Departamento de Pol\u00edcia T\u00e9cnica, para ser periciado. Os nomes dos suspeitos n\u00e3o foram divulgados.<\/p>\n<p>Foto: Ascom\/PC<\/p>\n<p>G1<\/p>\n","protected":false},"excerpt":{"rendered":"<p>Duas mulheres, que s\u00e3o m\u00e3e e filha, foram presas em flagrante por suspeita de tr\u00e1fico de drogas, na quinta-feira (13).<\/p>\n","protected":false},"author":1,"featured_media":1890,"comment_status":"open","ping_status":"open","sticky":false,"template":"","format":"standard","meta":{"colormag_page_container_layout":"default_layout","colormag_page_sidebar_layout":"default_layout","_FSMCFIC_featured_image_caption":"","_FSMCFIC_featured_image_nocaption":"","_FSMCFIC_featured_image_hide":"","footnotes":""},"categories":[3,1],"tags":[],"class_list":["post-1889","post","type-post","status-publish","format-standard","has-post-thumbnail","hentry","category-policia","category-ultimas"],"yoast_head":"<!-- This site is optimized with the Yoast SEO plugin v27.1.1 - https:\/\/yoast.com\/product\/yoast-seo-wordpress\/ -->\n<title>M\u00e3e e filha s\u00e3o presas suspeitas de tr\u00e1fico de drogas no rec\u00f4ncavo - Brasil not\u00edcias<\/title>\n<meta name=\"robots\" content=\"index, follow, max-snippet:-1, max-image-preview:large, max-video-preview:-1\" \/>\n<link rel=\"canonical\" href=\"https:\/\/brasilnoticias.org\/site\/mae-e-filha-sao-presas-suspeitas-de-trafico-de-drogas-no-reconcavo\/\" \/>\n<meta property=\"og:locale\" content=\"pt_PT\" \/>\n<meta property=\"og:type\" content=\"article\" \/>\n<meta property=\"og:title\" content=\"M\u00e3e e filha s\u00e3o presas suspeitas de tr\u00e1fico de drogas no rec\u00f4ncavo - Brasil not\u00edcias\" \/>\n<meta property=\"og:description\" content=\"Duas mulheres, que s\u00e3o m\u00e3e e filha, foram presas em flagrante por suspeita de tr\u00e1fico de drogas, na quinta-feira (13).\" \/>\n<meta property=\"og:url\" content=\"https:\/\/brasilnoticias.org\/site\/mae-e-filha-sao-presas-suspeitas-de-trafico-de-drogas-no-reconcavo\/\" \/>\n<meta property=\"og:site_name\" content=\"Brasil not\u00edcias\" \/>\n<meta property=\"article:published_time\" content=\"2022-10-15T10:10:46+00:00\" \/>\n<meta property=\"og:image\" content=\"https:\/\/brasilnoticias.org\/site\/wp-content\/uploads\/2022\/10\/Capturar-10.jpg\" \/>\n\t<meta property=\"og:image:width\" content=\"733\" \/>\n\t<meta property=\"og:image:height\" content=\"495\" \/>\n\t<meta property=\"og:image:type\" content=\"image\/jpeg\" \/>\n<meta name=\"author\" content=\"Reda\u00e7\u00e3o\" \/>\n<meta name=\"twitter:card\" content=\"summary_large_image\" \/>\n<meta name=\"twitter:label1\" content=\"Escrito por\" \/>\n\t<meta name=\"twitter:data1\" content=\"Reda\u00e7\u00e3o\" \/>\n\t<meta name=\"twitter:label2\" content=\"Tempo estimado de leitura\" \/>\n\t<meta name=\"twitter:data2\" content=\"1 minuto\" \/>\n<script type=\"application\/ld+json\" class=\"yoast-schema-graph\">{\"@context\":\"https:\/\/schema.org\",\"@graph\":[{\"@type\":\"Article\",\"@id\":\"https:\/\/brasilnoticias.org\/site\/mae-e-filha-sao-presas-suspeitas-de-trafico-de-drogas-no-reconcavo\/#article\",\"isPartOf\":{\"@id\":\"https:\/\/brasilnoticias.org\/site\/mae-e-filha-sao-presas-suspeitas-de-trafico-de-drogas-no-reconcavo\/\"},\"author\":{\"name\":\"Reda\u00e7\u00e3o\",\"@id\":\"https:\/\/brasilnoticias.org\/site\/#\/schema\/person\/a0e05b973ec4d15c658d51911e53507b\"},\"headline\":\"M\u00e3e e filha s\u00e3o presas suspeitas de tr\u00e1fico de drogas no rec\u00f4ncavo\",\"datePublished\":\"2022-10-15T10:10:46+00:00\",\"mainEntityOfPage\":{\"@id\":\"https:\/\/brasilnoticias.org\/site\/mae-e-filha-sao-presas-suspeitas-de-trafico-de-drogas-no-reconcavo\/\"},\"wordCount\":226,\"commentCount\":0,\"publisher\":{\"@id\":\"https:\/\/brasilnoticias.org\/site\/#organization\"},\"image\":{\"@id\":\"https:\/\/brasilnoticias.org\/site\/mae-e-filha-sao-presas-suspeitas-de-trafico-de-drogas-no-reconcavo\/#primaryimage\"},\"thumbnailUrl\":\"https:\/\/brasilnoticias.org\/site\/wp-content\/uploads\/2022\/10\/Capturar-10.jpg\",\"articleSection\":[\"Pol\u00edcia\",\"\u00daltimas\"],\"inLanguage\":\"pt-PT\",\"potentialAction\":[{\"@type\":\"CommentAction\",\"name\":\"Comment\",\"target\":[\"https:\/\/brasilnoticias.org\/site\/mae-e-filha-sao-presas-suspeitas-de-trafico-de-drogas-no-reconcavo\/#respond\"]}]},{\"@type\":\"WebPage\",\"@id\":\"https:\/\/brasilnoticias.org\/site\/mae-e-filha-sao-presas-suspeitas-de-trafico-de-drogas-no-reconcavo\/\",\"url\":\"https:\/\/brasilnoticias.org\/site\/mae-e-filha-sao-presas-suspeitas-de-trafico-de-drogas-no-reconcavo\/\",\"name\":\"M\u00e3e e filha s\u00e3o presas suspeitas de tr\u00e1fico de drogas no rec\u00f4ncavo - Brasil not\u00edcias\",\"isPartOf\":{\"@id\":\"https:\/\/brasilnoticias.org\/site\/#website\"},\"primaryImageOfPage\":{\"@id\":\"https:\/\/brasilnoticias.org\/site\/mae-e-filha-sao-presas-suspeitas-de-trafico-de-drogas-no-reconcavo\/#primaryimage\"},\"image\":{\"@id\":\"https:\/\/brasilnoticias.org\/site\/mae-e-filha-sao-presas-suspeitas-de-trafico-de-drogas-no-reconcavo\/#primaryimage\"},\"thumbnailUrl\":\"https:\/\/brasilnoticias.org\/site\/wp-content\/uploads\/2022\/10\/Capturar-10.jpg\",\"datePublished\":\"2022-10-15T10:10:46+00:00\",\"breadcrumb\":{\"@id\":\"https:\/\/brasilnoticias.org\/site\/mae-e-filha-sao-presas-suspeitas-de-trafico-de-drogas-no-reconcavo\/#breadcrumb\"},\"inLanguage\":\"pt-PT\",\"potentialAction\":[{\"@type\":\"ReadAction\",\"target\":[\"https:\/\/brasilnoticias.org\/site\/mae-e-filha-sao-presas-suspeitas-de-trafico-de-drogas-no-reconcavo\/\"]}]},{\"@type\":\"ImageObject\",\"inLanguage\":\"pt-PT\",\"@id\":\"https:\/\/brasilnoticias.org\/site\/mae-e-filha-sao-presas-suspeitas-de-trafico-de-drogas-no-reconcavo\/#primaryimage\",\"url\":\"https:\/\/brasilnoticias.org\/site\/wp-content\/uploads\/2022\/10\/Capturar-10.jpg\",\"contentUrl\":\"https:\/\/brasilnoticias.org\/site\/wp-content\/uploads\/2022\/10\/Capturar-10.jpg\",\"width\":733,\"height\":495},{\"@type\":\"BreadcrumbList\",\"@id\":\"https:\/\/brasilnoticias.org\/site\/mae-e-filha-sao-presas-suspeitas-de-trafico-de-drogas-no-reconcavo\/#breadcrumb\",\"itemListElement\":[{\"@type\":\"ListItem\",\"position\":1,\"name\":\"In\u00edcio\",\"item\":\"https:\/\/brasilnoticias.org\/site\/\"},{\"@type\":\"ListItem\",\"position\":2,\"name\":\"M\u00e3e e filha s\u00e3o presas suspeitas de tr\u00e1fico de drogas no rec\u00f4ncavo\"}]},{\"@type\":\"WebSite\",\"@id\":\"https:\/\/brasilnoticias.org\/site\/#website\",\"url\":\"https:\/\/brasilnoticias.org\/site\/\",\"name\":\"Brasil not\u00edcias\",\"description\":\"Brasil not\u00edcias\",\"publisher\":{\"@id\":\"https:\/\/brasilnoticias.org\/site\/#organization\"},\"potentialAction\":[{\"@type\":\"SearchAction\",\"target\":{\"@type\":\"EntryPoint\",\"urlTemplate\":\"https:\/\/brasilnoticias.org\/site\/?s={search_term_string}\"},\"query-input\":{\"@type\":\"PropertyValueSpecification\",\"valueRequired\":true,\"valueName\":\"search_term_string\"}}],\"inLanguage\":\"pt-PT\"},{\"@type\":\"Organization\",\"@id\":\"https:\/\/brasilnoticias.org\/site\/#organization\",\"name\":\"Brasil not\u00edcias\",\"url\":\"https:\/\/brasilnoticias.org\/site\/\",\"logo\":{\"@type\":\"ImageObject\",\"inLanguage\":\"pt-PT\",\"@id\":\"https:\/\/brasilnoticias.org\/site\/#\/schema\/logo\/image\/\",\"url\":\"https:\/\/brasilnoticias.org\/site\/wp-content\/uploads\/2022\/05\/cropped-brasilnoticias-mini.jpg\",\"contentUrl\":\"https:\/\/brasilnoticias.org\/site\/wp-content\/uploads\/2022\/05\/cropped-brasilnoticias-mini.jpg\",\"width\":314,\"height\":86,\"caption\":\"Brasil not\u00edcias\"},\"image\":{\"@id\":\"https:\/\/brasilnoticias.org\/site\/#\/schema\/logo\/image\/\"}},{\"@type\":\"Person\",\"@id\":\"https:\/\/brasilnoticias.org\/site\/#\/schema\/person\/a0e05b973ec4d15c658d51911e53507b\",\"name\":\"Reda\u00e7\u00e3o\",\"image\":{\"@type\":\"ImageObject\",\"inLanguage\":\"pt-PT\",\"@id\":\"https:\/\/brasilnoticias.org\/site\/#\/schema\/person\/image\/\",\"url\":\"https:\/\/secure.gravatar.com\/avatar\/75d8b050df2de108b08ae78dfb8e374892df24a383c67db9c46a9c604f6aee9c?s=96&d=mm&r=g\",\"contentUrl\":\"https:\/\/secure.gravatar.com\/avatar\/75d8b050df2de108b08ae78dfb8e374892df24a383c67db9c46a9c604f6aee9c?s=96&d=mm&r=g\",\"caption\":\"Reda\u00e7\u00e3o\"},\"sameAs\":[\"https:\/\/brasilnoticias.org\/site\"],\"url\":\"https:\/\/brasilnoticias.org\/site\/author\/fernandozsngmail-com\/\"}]}<\/script>\n<!-- \/ Yoast SEO plugin. -->","yoast_head_json":{"title":"M\u00e3e e filha s\u00e3o presas suspeitas de tr\u00e1fico de drogas no rec\u00f4ncavo - Brasil not\u00edcias","robots":{"index":"index","follow":"follow","max-snippet":"max-snippet:-1","max-image-preview":"max-image-preview:large","max-video-preview":"max-video-preview:-1"},"canonical":"https:\/\/brasilnoticias.org\/site\/mae-e-filha-sao-presas-suspeitas-de-trafico-de-drogas-no-reconcavo\/","og_locale":"pt_PT","og_type":"article","og_title":"M\u00e3e e filha s\u00e3o presas suspeitas de tr\u00e1fico de drogas no rec\u00f4ncavo - Brasil not\u00edcias","og_description":"Duas mulheres, que s\u00e3o m\u00e3e e filha, foram presas em flagrante por suspeita de tr\u00e1fico de drogas, na quinta-feira (13).","og_url":"https:\/\/brasilnoticias.org\/site\/mae-e-filha-sao-presas-suspeitas-de-trafico-de-drogas-no-reconcavo\/","og_site_name":"Brasil not\u00edcias","article_published_time":"2022-10-15T10:10:46+00:00","og_image":[{"width":733,"height":495,"url":"https:\/\/brasilnoticias.org\/site\/wp-content\/uploads\/2022\/10\/Capturar-10.jpg","type":"image\/jpeg"}],"author":"Reda\u00e7\u00e3o","twitter_card":"summary_large_image","twitter_misc":{"Escrito por":"Reda\u00e7\u00e3o","Tempo estimado de leitura":"1 minuto"},"schema":{"@context":"https:\/\/schema.org","@graph":[{"@type":"Article","@id":"https:\/\/brasilnoticias.org\/site\/mae-e-filha-sao-presas-suspeitas-de-trafico-de-drogas-no-reconcavo\/#article","isPartOf":{"@id":"https:\/\/brasilnoticias.org\/site\/mae-e-filha-sao-presas-suspeitas-de-trafico-de-drogas-no-reconcavo\/"},"author":{"name":"Reda\u00e7\u00e3o","@id":"https:\/\/brasilnoticias.org\/site\/#\/schema\/person\/a0e05b973ec4d15c658d51911e53507b"},"headline":"M\u00e3e e filha s\u00e3o presas suspeitas de tr\u00e1fico de drogas no rec\u00f4ncavo","datePublished":"2022-10-15T10:10:46+00:00","mainEntityOfPage":{"@id":"https:\/\/brasilnoticias.org\/site\/mae-e-filha-sao-presas-suspeitas-de-trafico-de-drogas-no-reconcavo\/"},"wordCount":226,"commentCount":0,"publisher":{"@id":"https:\/\/brasilnoticias.org\/site\/#organization"},"image":{"@id":"https:\/\/brasilnoticias.org\/site\/mae-e-filha-sao-presas-suspeitas-de-trafico-de-drogas-no-reconcavo\/#primaryimage"},"thumbnailUrl":"https:\/\/brasilnoticias.org\/site\/wp-content\/uploads\/2022\/10\/Capturar-10.jpg","articleSection":["Pol\u00edcia","\u00daltimas"],"inLanguage":"pt-PT","potentialAction":[{"@type":"CommentAction","name":"Comment","target":["https:\/\/brasilnoticias.org\/site\/mae-e-filha-sao-presas-suspeitas-de-trafico-de-drogas-no-reconcavo\/#respond"]}]},{"@type":"WebPage","@id":"https:\/\/brasilnoticias.org\/site\/mae-e-filha-sao-presas-suspeitas-de-trafico-de-drogas-no-reconcavo\/","url":"https:\/\/brasilnoticias.org\/site\/mae-e-filha-sao-presas-suspeitas-de-trafico-de-drogas-no-reconcavo\/","name":"M\u00e3e e filha s\u00e3o presas suspeitas de tr\u00e1fico de drogas no rec\u00f4ncavo - Brasil not\u00edcias","isPartOf":{"@id":"https:\/\/brasilnoticias.org\/site\/#website"},"primaryImageOfPage":{"@id":"https:\/\/brasilnoticias.org\/site\/mae-e-filha-sao-presas-suspeitas-de-trafico-de-drogas-no-reconcavo\/#primaryimage"},"image":{"@id":"https:\/\/brasilnoticias.org\/site\/mae-e-filha-sao-presas-suspeitas-de-trafico-de-drogas-no-reconcavo\/#primaryimage"},"thumbnailUrl":"https:\/\/brasilnoticias.org\/site\/wp-content\/uploads\/2022\/10\/Capturar-10.jpg","datePublished":"2022-10-15T10:10:46+00:00","breadcrumb":{"@id":"https:\/\/brasilnoticias.org\/site\/mae-e-filha-sao-presas-suspeitas-de-trafico-de-drogas-no-reconcavo\/#breadcrumb"},"inLanguage":"pt-PT","potentialAction":[{"@type":"ReadAction","target":["https:\/\/brasilnoticias.org\/site\/mae-e-filha-sao-presas-suspeitas-de-trafico-de-drogas-no-reconcavo\/"]}]},{"@type":"ImageObject","inLanguage":"pt-PT","@id":"https:\/\/brasilnoticias.org\/site\/mae-e-filha-sao-presas-suspeitas-de-trafico-de-drogas-no-reconcavo\/#primaryimage","url":"https:\/\/brasilnoticias.org\/site\/wp-content\/uploads\/2022\/10\/Capturar-10.jpg","contentUrl":"https:\/\/brasilnoticias.org\/site\/wp-content\/uploads\/2022\/10\/Capturar-10.jpg","width":733,"height":495},{"@type":"BreadcrumbList","@id":"https:\/\/brasilnoticias.org\/site\/mae-e-filha-sao-presas-suspeitas-de-trafico-de-drogas-no-reconcavo\/#breadcrumb","itemListElement":[{"@type":"ListItem","position":1,"name":"In\u00edcio","item":"https:\/\/brasilnoticias.org\/site\/"},{"@type":"ListItem","position":2,"name":"M\u00e3e e filha s\u00e3o presas suspeitas de tr\u00e1fico de drogas no rec\u00f4ncavo"}]},{"@type":"WebSite","@id":"https:\/\/brasilnoticias.org\/site\/#website","url":"https:\/\/brasilnoticias.org\/site\/","name":"Brasil not\u00edcias","description":"Brasil not\u00edcias","publisher":{"@id":"https:\/\/brasilnoticias.org\/site\/#organization"},"potentialAction":[{"@type":"SearchAction","target":{"@type":"EntryPoint","urlTemplate":"https:\/\/brasilnoticias.org\/site\/?s={search_term_string}"},"query-input":{"@type":"PropertyValueSpecification","valueRequired":true,"valueName":"search_term_string"}}],"inLanguage":"pt-PT"},{"@type":"Organization","@id":"https:\/\/brasilnoticias.org\/site\/#organization","name":"Brasil not\u00edcias","url":"https:\/\/brasilnoticias.org\/site\/","logo":{"@type":"ImageObject","inLanguage":"pt-PT","@id":"https:\/\/brasilnoticias.org\/site\/#\/schema\/logo\/image\/","url":"https:\/\/brasilnoticias.org\/site\/wp-content\/uploads\/2022\/05\/cropped-brasilnoticias-mini.jpg","contentUrl":"https:\/\/brasilnoticias.org\/site\/wp-content\/uploads\/2022\/05\/cropped-brasilnoticias-mini.jpg","width":314,"height":86,"caption":"Brasil not\u00edcias"},"image":{"@id":"https:\/\/brasilnoticias.org\/site\/#\/schema\/logo\/image\/"}},{"@type":"Person","@id":"https:\/\/brasilnoticias.org\/site\/#\/schema\/person\/a0e05b973ec4d15c658d51911e53507b","name":"Reda\u00e7\u00e3o","image":{"@type":"ImageObject","inLanguage":"pt-PT","@id":"https:\/\/brasilnoticias.org\/site\/#\/schema\/person\/image\/","url":"https:\/\/secure.gravatar.com\/avatar\/75d8b050df2de108b08ae78dfb8e374892df24a383c67db9c46a9c604f6aee9c?s=96&d=mm&r=g","contentUrl":"https:\/\/secure.gravatar.com\/avatar\/75d8b050df2de108b08ae78dfb8e374892df24a383c67db9c46a9c604f6aee9c?s=96&d=mm&r=g","caption":"Reda\u00e7\u00e3o"},"sameAs":["https:\/\/brasilnoticias.org\/site"],"url":"https:\/\/brasilnoticias.org\/site\/author\/fernandozsngmail-com\/"}]}},"_links":{"self":[{"href":"https:\/\/brasilnoticias.org\/site\/wp-json\/wp\/v2\/posts\/1889","targetHints":{"allow":["GET"]}}],"collection":[{"href":"https:\/\/brasilnoticias.org\/site\/wp-json\/wp\/v2\/posts"}],"about":[{"href":"https:\/\/brasilnoticias.org\/site\/wp-json\/wp\/v2\/types\/post"}],"author":[{"embeddable":true,"href":"https:\/\/brasilnoticias.org\/site\/wp-json\/wp\/v2\/users\/1"}],"replies":[{"embeddable":true,"href":"https:\/\/brasilnoticias.org\/site\/wp-json\/wp\/v2\/comments?post=1889"}],"version-history":[{"count":1,"href":"https:\/\/brasilnoticias.org\/site\/wp-json\/wp\/v2\/posts\/1889\/revisions"}],"predecessor-version":[{"id":1891,"href":"https:\/\/brasilnoticias.org\/site\/wp-json\/wp\/v2\/posts\/1889\/revisions\/1891"}],"wp:featuredmedia":[{"embeddable":true,"href":"https:\/\/brasilnoticias.org\/site\/wp-json\/wp\/v2\/media\/1890"}],"wp:attachment":[{"href":"https:\/\/brasilnoticias.org\/site\/wp-json\/wp\/v2\/media?parent=1889"}],"wp:term":[{"taxonomy":"category","embeddable":true,"href":"https:\/\/brasilnoticias.org\/site\/wp-json\/wp\/v2\/categories?post=1889"},{"taxonomy":"post_tag","embeddable":true,"href":"https:\/\/brasilnoticias.org\/site\/wp-json\/wp\/v2\/tags?post=1889"}],"curies":[{"name":"wp","href":"https:\/\/api.w.org\/{rel}","templated":true}]}}