{"id":18892,"date":"2025-11-24T15:51:36","date_gmt":"2025-11-24T18:51:36","guid":{"rendered":"https:\/\/brasilnoticias.org\/site\/?p=18892"},"modified":"2025-11-24T15:51:36","modified_gmt":"2025-11-24T18:51:36","slug":"cbn-salvador-se-destaca-no-jornalismo-baiano-com-premiacoes-a-andre-spinola-e-evilasio-junior","status":"publish","type":"post","link":"https:\/\/brasilnoticias.org\/site\/cbn-salvador-se-destaca-no-jornalismo-baiano-com-premiacoes-a-andre-spinola-e-evilasio-junior\/","title":{"rendered":"CBN Salvador se destaca no jornalismo baiano com premia\u00e7\u00f5es a Andr\u00e9 Sp\u00ednola e Evil\u00e1sio J\u00fanior"},"content":{"rendered":"<p>A R\u00e1dio CBN Salvador, agora na frequ\u00eancia 107,9 FM, vive mais uma vez um momento de grande reconhecimento no jornalismo baiano. <\/p>\n<p>O sucesso do programa CBN Bahia reflete-se diretamente no desempenho de seus profissionais, que v\u00eam sendo destaque nas principais premia\u00e7\u00f5es do estado. O programa, apresentado por Andr\u00e9 Sp\u00ednola, Evilasio Junior e Fernanda Cruz, consolidou-se como uma das principais refer\u00eancias de jornalismo no r\u00e1dio baiano, unindo credibilidade, agilidade e aprofundamento na cobertura cotidiana.<\/p>\n<p>O \u00e2ncora da emissora, Andr\u00e9 Sp\u00ednola, radiodifusor, radialista raiz e diretor da CBN Salvador, foi o grande vencedor da categoria R\u00e1dio no Pr\u00eamio J\u00e2nio Lopo de Jornalismo, concedido pela C\u00e2mara Municipal de Salvador. Herdeiro de uma tradi\u00e7\u00e3o familiar na comunica\u00e7\u00e3o, Andr\u00e9 \u00e9 filho de Rui Sp\u00ednola, profissional que marcou \u00e9poca no r\u00e1dio baiano, reconhecido pela for\u00e7a, firmeza e d\u00e9cadas de atua\u00e7\u00e3o consistente.<\/p>\n<p>A trajet\u00f3ria de Andr\u00e9 tamb\u00e9m \u00e9 influenciada por outra refer\u00eancia da fam\u00edlia: seu tio, Newton Sp\u00ednola, um dos radialistas mais conhecidos da Bahia nas d\u00e9cadas de 1960 e 1970.<br \/>\nFoi ele quem comandou o ic\u00f4nico programa policial \u201cNa Pol\u00edcia e nas Ruas\u201d, que alcan\u00e7ou a maior audi\u00eancia de r\u00e1dio j\u00e1 registrada no estado \u00e0 \u00e9poca.<\/p>\n<p>A premia\u00e7\u00e3o elegeu os profissionais que mais se destacaram na cobertura dos trabalhos legislativos, em uma vota\u00e7\u00e3o que contou com ampla participa\u00e7\u00e3o dos vereadores.<br \/>\nA vit\u00f3ria de Andr\u00e9 refor\u00e7a o impacto da CBN Salvador 107,9 FM no jornalismo pol\u00edtico e legislativo da capital, consolidando a emissora como uma refer\u00eancia na informa\u00e7\u00e3o de credibilidade.<\/p>\n<p>Na Assembleia Legislativa da Bahia (ALBA), quem brilhou foi Evil\u00e1sio J\u00fanior, que conquistou o tradicional Pr\u00eamio Wilson Menezes, consolidando-se como uma das vozes mais influentes do jornalismo baiano. Reconhecido pelos furos jornal\u00edsticos di\u00e1rios e pela cobertura sempre \u00e1gil e precisa, Evil\u00e1sio se destaca ainda mais na bancada do CBN Bahia.<br \/>\nSua atua\u00e7\u00e3o no programa vem sendo marcada pela precis\u00e3o, profundidade anal\u00edtica e forte conex\u00e3o com a audi\u00eancia, elementos que refor\u00e7am o sucesso da r\u00e1dio CBN Salvador 107,9 FM e o impacto do seu jornalismo em toda a Bahia.<\/p>\n<p>Com duas das principais premia\u00e7\u00f5es do cen\u00e1rio pol\u00edtico conquistadas pelos jornalistas Andr\u00e9 Sp\u00ednola e Evil\u00e1sio J\u00fanior, a CBN Salvador reafirma seu compromisso com o jornalismo profissional, \u00e9tico e de alta qualidade.<br \/>\nO reconhecimento aos dois integrantes da bancada do CBN Bahia confirma o sucesso do programa, que se firma como refer\u00eancia na cobertura dos acontecimentos que moldam a Bahia.<\/p>\n<p>A emissora celebra n\u00e3o apenas as premia\u00e7\u00f5es, mas tamb\u00e9m o fortalecimento de seu projeto editorial, que coloca a CBN Salvador em posi\u00e7\u00e3o de lideran\u00e7a na informa\u00e7\u00e3o qualificada e na credibilidade junto ao p\u00fablico.<\/p>\n","protected":false},"excerpt":{"rendered":"<p>A R\u00e1dio CBN Salvador, agora na frequ\u00eancia 107,9 FM, vive mais uma vez um momento de grande reconhecimento no jornalismo<\/p>\n","protected":false},"author":4,"featured_media":18893,"comment_status":"open","ping_status":"open","sticky":false,"template":"","format":"standard","meta":{"colormag_page_container_layout":"default_layout","colormag_page_sidebar_layout":"default_layout","_FSMCFIC_featured_image_caption":"","_FSMCFIC_featured_image_nocaption":"","_FSMCFIC_featured_image_hide":"","footnotes":""},"categories":[8,1],"tags":[],"class_list":["post-18892","post","type-post","status-publish","format-standard","has-post-thumbnail","hentry","category-entretenimento","category-ultimas"],"yoast_head":"<!-- This site is optimized with the Yoast SEO plugin v27.1.1 - https:\/\/yoast.com\/product\/yoast-seo-wordpress\/ -->\n<title>CBN Salvador se destaca no jornalismo baiano com premia\u00e7\u00f5es a Andr\u00e9 Sp\u00ednola e Evil\u00e1sio J\u00fanior - Brasil not\u00edcias<\/title>\n<meta name=\"robots\" content=\"index, follow, max-snippet:-1, max-image-preview:large, max-video-preview:-1\" \/>\n<link rel=\"canonical\" href=\"https:\/\/brasilnoticias.org\/site\/cbn-salvador-se-destaca-no-jornalismo-baiano-com-premiacoes-a-andre-spinola-e-evilasio-junior\/\" \/>\n<meta property=\"og:locale\" content=\"pt_PT\" \/>\n<meta property=\"og:type\" content=\"article\" \/>\n<meta property=\"og:title\" content=\"CBN Salvador se destaca no jornalismo baiano com premia\u00e7\u00f5es a Andr\u00e9 Sp\u00ednola e Evil\u00e1sio J\u00fanior - Brasil not\u00edcias\" \/>\n<meta property=\"og:description\" content=\"A R\u00e1dio CBN Salvador, agora na frequ\u00eancia 107,9 FM, vive mais uma vez um momento de grande reconhecimento no jornalismo\" \/>\n<meta property=\"og:url\" content=\"https:\/\/brasilnoticias.org\/site\/cbn-salvador-se-destaca-no-jornalismo-baiano-com-premiacoes-a-andre-spinola-e-evilasio-junior\/\" \/>\n<meta property=\"og:site_name\" content=\"Brasil not\u00edcias\" \/>\n<meta property=\"article:published_time\" content=\"2025-11-24T18:51:36+00:00\" \/>\n<meta property=\"og:image\" content=\"https:\/\/brasilnoticias.org\/site\/wp-content\/uploads\/2025\/11\/WhatsApp-Image-2025-11-24-at-12.15.12.jpeg\" \/>\n\t<meta property=\"og:image:width\" content=\"1280\" \/>\n\t<meta property=\"og:image:height\" content=\"960\" \/>\n\t<meta property=\"og:image:type\" content=\"image\/jpeg\" \/>\n<meta name=\"author\" content=\"Reda\u00e7\u00e3o\" \/>\n<meta name=\"twitter:card\" content=\"summary_large_image\" \/>\n<meta name=\"twitter:label1\" content=\"Escrito por\" \/>\n\t<meta name=\"twitter:data1\" content=\"Reda\u00e7\u00e3o\" \/>\n\t<meta name=\"twitter:label2\" content=\"Tempo estimado de leitura\" \/>\n\t<meta name=\"twitter:data2\" content=\"1 minuto\" \/>\n<script type=\"application\/ld+json\" class=\"yoast-schema-graph\">{\"@context\":\"https:\/\/schema.org\",\"@graph\":[{\"@type\":\"Article\",\"@id\":\"https:\/\/brasilnoticias.org\/site\/cbn-salvador-se-destaca-no-jornalismo-baiano-com-premiacoes-a-andre-spinola-e-evilasio-junior\/#article\",\"isPartOf\":{\"@id\":\"https:\/\/brasilnoticias.org\/site\/cbn-salvador-se-destaca-no-jornalismo-baiano-com-premiacoes-a-andre-spinola-e-evilasio-junior\/\"},\"author\":{\"name\":\"Reda\u00e7\u00e3o\",\"@id\":\"https:\/\/brasilnoticias.org\/site\/#\/schema\/person\/03bbbfe6c7634ad18c26444ea39049fa\"},\"headline\":\"CBN Salvador se destaca no jornalismo baiano com premia\u00e7\u00f5es a Andr\u00e9 Sp\u00ednola e Evil\u00e1sio J\u00fanior\",\"datePublished\":\"2025-11-24T18:51:36+00:00\",\"mainEntityOfPage\":{\"@id\":\"https:\/\/brasilnoticias.org\/site\/cbn-salvador-se-destaca-no-jornalismo-baiano-com-premiacoes-a-andre-spinola-e-evilasio-junior\/\"},\"wordCount\":499,\"commentCount\":0,\"publisher\":{\"@id\":\"https:\/\/brasilnoticias.org\/site\/#organization\"},\"image\":{\"@id\":\"https:\/\/brasilnoticias.org\/site\/cbn-salvador-se-destaca-no-jornalismo-baiano-com-premiacoes-a-andre-spinola-e-evilasio-junior\/#primaryimage\"},\"thumbnailUrl\":\"https:\/\/brasilnoticias.org\/site\/wp-content\/uploads\/2025\/11\/WhatsApp-Image-2025-11-24-at-12.15.12.jpeg\",\"articleSection\":[\"Entretenimento\",\"\u00daltimas\"],\"inLanguage\":\"pt-PT\",\"potentialAction\":[{\"@type\":\"CommentAction\",\"name\":\"Comment\",\"target\":[\"https:\/\/brasilnoticias.org\/site\/cbn-salvador-se-destaca-no-jornalismo-baiano-com-premiacoes-a-andre-spinola-e-evilasio-junior\/#respond\"]}]},{\"@type\":\"WebPage\",\"@id\":\"https:\/\/brasilnoticias.org\/site\/cbn-salvador-se-destaca-no-jornalismo-baiano-com-premiacoes-a-andre-spinola-e-evilasio-junior\/\",\"url\":\"https:\/\/brasilnoticias.org\/site\/cbn-salvador-se-destaca-no-jornalismo-baiano-com-premiacoes-a-andre-spinola-e-evilasio-junior\/\",\"name\":\"CBN Salvador se destaca no jornalismo baiano com premia\u00e7\u00f5es a Andr\u00e9 Sp\u00ednola e Evil\u00e1sio J\u00fanior - Brasil not\u00edcias\",\"isPartOf\":{\"@id\":\"https:\/\/brasilnoticias.org\/site\/#website\"},\"primaryImageOfPage\":{\"@id\":\"https:\/\/brasilnoticias.org\/site\/cbn-salvador-se-destaca-no-jornalismo-baiano-com-premiacoes-a-andre-spinola-e-evilasio-junior\/#primaryimage\"},\"image\":{\"@id\":\"https:\/\/brasilnoticias.org\/site\/cbn-salvador-se-destaca-no-jornalismo-baiano-com-premiacoes-a-andre-spinola-e-evilasio-junior\/#primaryimage\"},\"thumbnailUrl\":\"https:\/\/brasilnoticias.org\/site\/wp-content\/uploads\/2025\/11\/WhatsApp-Image-2025-11-24-at-12.15.12.jpeg\",\"datePublished\":\"2025-11-24T18:51:36+00:00\",\"breadcrumb\":{\"@id\":\"https:\/\/brasilnoticias.org\/site\/cbn-salvador-se-destaca-no-jornalismo-baiano-com-premiacoes-a-andre-spinola-e-evilasio-junior\/#breadcrumb\"},\"inLanguage\":\"pt-PT\",\"potentialAction\":[{\"@type\":\"ReadAction\",\"target\":[\"https:\/\/brasilnoticias.org\/site\/cbn-salvador-se-destaca-no-jornalismo-baiano-com-premiacoes-a-andre-spinola-e-evilasio-junior\/\"]}]},{\"@type\":\"ImageObject\",\"inLanguage\":\"pt-PT\",\"@id\":\"https:\/\/brasilnoticias.org\/site\/cbn-salvador-se-destaca-no-jornalismo-baiano-com-premiacoes-a-andre-spinola-e-evilasio-junior\/#primaryimage\",\"url\":\"https:\/\/brasilnoticias.org\/site\/wp-content\/uploads\/2025\/11\/WhatsApp-Image-2025-11-24-at-12.15.12.jpeg\",\"contentUrl\":\"https:\/\/brasilnoticias.org\/site\/wp-content\/uploads\/2025\/11\/WhatsApp-Image-2025-11-24-at-12.15.12.jpeg\",\"width\":1280,\"height\":960},{\"@type\":\"BreadcrumbList\",\"@id\":\"https:\/\/brasilnoticias.org\/site\/cbn-salvador-se-destaca-no-jornalismo-baiano-com-premiacoes-a-andre-spinola-e-evilasio-junior\/#breadcrumb\",\"itemListElement\":[{\"@type\":\"ListItem\",\"position\":1,\"name\":\"In\u00edcio\",\"item\":\"https:\/\/brasilnoticias.org\/site\/\"},{\"@type\":\"ListItem\",\"position\":2,\"name\":\"CBN Salvador se destaca no jornalismo baiano com premia\u00e7\u00f5es a Andr\u00e9 Sp\u00ednola e Evil\u00e1sio J\u00fanior\"}]},{\"@type\":\"WebSite\",\"@id\":\"https:\/\/brasilnoticias.org\/site\/#website\",\"url\":\"https:\/\/brasilnoticias.org\/site\/\",\"name\":\"Brasil not\u00edcias\",\"description\":\"Brasil not\u00edcias\",\"publisher\":{\"@id\":\"https:\/\/brasilnoticias.org\/site\/#organization\"},\"potentialAction\":[{\"@type\":\"SearchAction\",\"target\":{\"@type\":\"EntryPoint\",\"urlTemplate\":\"https:\/\/brasilnoticias.org\/site\/?s={search_term_string}\"},\"query-input\":{\"@type\":\"PropertyValueSpecification\",\"valueRequired\":true,\"valueName\":\"search_term_string\"}}],\"inLanguage\":\"pt-PT\"},{\"@type\":\"Organization\",\"@id\":\"https:\/\/brasilnoticias.org\/site\/#organization\",\"name\":\"Brasil not\u00edcias\",\"url\":\"https:\/\/brasilnoticias.org\/site\/\",\"logo\":{\"@type\":\"ImageObject\",\"inLanguage\":\"pt-PT\",\"@id\":\"https:\/\/brasilnoticias.org\/site\/#\/schema\/logo\/image\/\",\"url\":\"https:\/\/brasilnoticias.org\/site\/wp-content\/uploads\/2022\/05\/cropped-brasilnoticias-mini.jpg\",\"contentUrl\":\"https:\/\/brasilnoticias.org\/site\/wp-content\/uploads\/2022\/05\/cropped-brasilnoticias-mini.jpg\",\"width\":314,\"height\":86,\"caption\":\"Brasil not\u00edcias\"},\"image\":{\"@id\":\"https:\/\/brasilnoticias.org\/site\/#\/schema\/logo\/image\/\"}},{\"@type\":\"Person\",\"@id\":\"https:\/\/brasilnoticias.org\/site\/#\/schema\/person\/03bbbfe6c7634ad18c26444ea39049fa\",\"name\":\"Reda\u00e7\u00e3o\",\"image\":{\"@type\":\"ImageObject\",\"inLanguage\":\"pt-PT\",\"@id\":\"https:\/\/brasilnoticias.org\/site\/#\/schema\/person\/image\/\",\"url\":\"https:\/\/secure.gravatar.com\/avatar\/9ecaf7327a696cb23ad926fedded5f1f04d7049de9e445375d55b48c001a6e42?s=96&d=mm&r=g\",\"contentUrl\":\"https:\/\/secure.gravatar.com\/avatar\/9ecaf7327a696cb23ad926fedded5f1f04d7049de9e445375d55b48c001a6e42?s=96&d=mm&r=g\",\"caption\":\"Reda\u00e7\u00e3o\"},\"url\":\"https:\/\/brasilnoticias.org\/site\/author\/henrique\/\"}]}<\/script>\n<!-- \/ Yoast SEO plugin. -->","yoast_head_json":{"title":"CBN Salvador se destaca no jornalismo baiano com premia\u00e7\u00f5es a Andr\u00e9 Sp\u00ednola e Evil\u00e1sio J\u00fanior - Brasil not\u00edcias","robots":{"index":"index","follow":"follow","max-snippet":"max-snippet:-1","max-image-preview":"max-image-preview:large","max-video-preview":"max-video-preview:-1"},"canonical":"https:\/\/brasilnoticias.org\/site\/cbn-salvador-se-destaca-no-jornalismo-baiano-com-premiacoes-a-andre-spinola-e-evilasio-junior\/","og_locale":"pt_PT","og_type":"article","og_title":"CBN Salvador se destaca no jornalismo baiano com premia\u00e7\u00f5es a Andr\u00e9 Sp\u00ednola e Evil\u00e1sio J\u00fanior - Brasil not\u00edcias","og_description":"A R\u00e1dio CBN Salvador, agora na frequ\u00eancia 107,9 FM, vive mais uma vez um momento de grande reconhecimento no jornalismo","og_url":"https:\/\/brasilnoticias.org\/site\/cbn-salvador-se-destaca-no-jornalismo-baiano-com-premiacoes-a-andre-spinola-e-evilasio-junior\/","og_site_name":"Brasil not\u00edcias","article_published_time":"2025-11-24T18:51:36+00:00","og_image":[{"width":1280,"height":960,"url":"https:\/\/brasilnoticias.org\/site\/wp-content\/uploads\/2025\/11\/WhatsApp-Image-2025-11-24-at-12.15.12.jpeg","type":"image\/jpeg"}],"author":"Reda\u00e7\u00e3o","twitter_card":"summary_large_image","twitter_misc":{"Escrito por":"Reda\u00e7\u00e3o","Tempo estimado de leitura":"1 minuto"},"schema":{"@context":"https:\/\/schema.org","@graph":[{"@type":"Article","@id":"https:\/\/brasilnoticias.org\/site\/cbn-salvador-se-destaca-no-jornalismo-baiano-com-premiacoes-a-andre-spinola-e-evilasio-junior\/#article","isPartOf":{"@id":"https:\/\/brasilnoticias.org\/site\/cbn-salvador-se-destaca-no-jornalismo-baiano-com-premiacoes-a-andre-spinola-e-evilasio-junior\/"},"author":{"name":"Reda\u00e7\u00e3o","@id":"https:\/\/brasilnoticias.org\/site\/#\/schema\/person\/03bbbfe6c7634ad18c26444ea39049fa"},"headline":"CBN Salvador se destaca no jornalismo baiano com premia\u00e7\u00f5es a Andr\u00e9 Sp\u00ednola e Evil\u00e1sio J\u00fanior","datePublished":"2025-11-24T18:51:36+00:00","mainEntityOfPage":{"@id":"https:\/\/brasilnoticias.org\/site\/cbn-salvador-se-destaca-no-jornalismo-baiano-com-premiacoes-a-andre-spinola-e-evilasio-junior\/"},"wordCount":499,"commentCount":0,"publisher":{"@id":"https:\/\/brasilnoticias.org\/site\/#organization"},"image":{"@id":"https:\/\/brasilnoticias.org\/site\/cbn-salvador-se-destaca-no-jornalismo-baiano-com-premiacoes-a-andre-spinola-e-evilasio-junior\/#primaryimage"},"thumbnailUrl":"https:\/\/brasilnoticias.org\/site\/wp-content\/uploads\/2025\/11\/WhatsApp-Image-2025-11-24-at-12.15.12.jpeg","articleSection":["Entretenimento","\u00daltimas"],"inLanguage":"pt-PT","potentialAction":[{"@type":"CommentAction","name":"Comment","target":["https:\/\/brasilnoticias.org\/site\/cbn-salvador-se-destaca-no-jornalismo-baiano-com-premiacoes-a-andre-spinola-e-evilasio-junior\/#respond"]}]},{"@type":"WebPage","@id":"https:\/\/brasilnoticias.org\/site\/cbn-salvador-se-destaca-no-jornalismo-baiano-com-premiacoes-a-andre-spinola-e-evilasio-junior\/","url":"https:\/\/brasilnoticias.org\/site\/cbn-salvador-se-destaca-no-jornalismo-baiano-com-premiacoes-a-andre-spinola-e-evilasio-junior\/","name":"CBN Salvador se destaca no jornalismo baiano com premia\u00e7\u00f5es a Andr\u00e9 Sp\u00ednola e Evil\u00e1sio J\u00fanior - Brasil not\u00edcias","isPartOf":{"@id":"https:\/\/brasilnoticias.org\/site\/#website"},"primaryImageOfPage":{"@id":"https:\/\/brasilnoticias.org\/site\/cbn-salvador-se-destaca-no-jornalismo-baiano-com-premiacoes-a-andre-spinola-e-evilasio-junior\/#primaryimage"},"image":{"@id":"https:\/\/brasilnoticias.org\/site\/cbn-salvador-se-destaca-no-jornalismo-baiano-com-premiacoes-a-andre-spinola-e-evilasio-junior\/#primaryimage"},"thumbnailUrl":"https:\/\/brasilnoticias.org\/site\/wp-content\/uploads\/2025\/11\/WhatsApp-Image-2025-11-24-at-12.15.12.jpeg","datePublished":"2025-11-24T18:51:36+00:00","breadcrumb":{"@id":"https:\/\/brasilnoticias.org\/site\/cbn-salvador-se-destaca-no-jornalismo-baiano-com-premiacoes-a-andre-spinola-e-evilasio-junior\/#breadcrumb"},"inLanguage":"pt-PT","potentialAction":[{"@type":"ReadAction","target":["https:\/\/brasilnoticias.org\/site\/cbn-salvador-se-destaca-no-jornalismo-baiano-com-premiacoes-a-andre-spinola-e-evilasio-junior\/"]}]},{"@type":"ImageObject","inLanguage":"pt-PT","@id":"https:\/\/brasilnoticias.org\/site\/cbn-salvador-se-destaca-no-jornalismo-baiano-com-premiacoes-a-andre-spinola-e-evilasio-junior\/#primaryimage","url":"https:\/\/brasilnoticias.org\/site\/wp-content\/uploads\/2025\/11\/WhatsApp-Image-2025-11-24-at-12.15.12.jpeg","contentUrl":"https:\/\/brasilnoticias.org\/site\/wp-content\/uploads\/2025\/11\/WhatsApp-Image-2025-11-24-at-12.15.12.jpeg","width":1280,"height":960},{"@type":"BreadcrumbList","@id":"https:\/\/brasilnoticias.org\/site\/cbn-salvador-se-destaca-no-jornalismo-baiano-com-premiacoes-a-andre-spinola-e-evilasio-junior\/#breadcrumb","itemListElement":[{"@type":"ListItem","position":1,"name":"In\u00edcio","item":"https:\/\/brasilnoticias.org\/site\/"},{"@type":"ListItem","position":2,"name":"CBN Salvador se destaca no jornalismo baiano com premia\u00e7\u00f5es a Andr\u00e9 Sp\u00ednola e Evil\u00e1sio J\u00fanior"}]},{"@type":"WebSite","@id":"https:\/\/brasilnoticias.org\/site\/#website","url":"https:\/\/brasilnoticias.org\/site\/","name":"Brasil not\u00edcias","description":"Brasil not\u00edcias","publisher":{"@id":"https:\/\/brasilnoticias.org\/site\/#organization"},"potentialAction":[{"@type":"SearchAction","target":{"@type":"EntryPoint","urlTemplate":"https:\/\/brasilnoticias.org\/site\/?s={search_term_string}"},"query-input":{"@type":"PropertyValueSpecification","valueRequired":true,"valueName":"search_term_string"}}],"inLanguage":"pt-PT"},{"@type":"Organization","@id":"https:\/\/brasilnoticias.org\/site\/#organization","name":"Brasil not\u00edcias","url":"https:\/\/brasilnoticias.org\/site\/","logo":{"@type":"ImageObject","inLanguage":"pt-PT","@id":"https:\/\/brasilnoticias.org\/site\/#\/schema\/logo\/image\/","url":"https:\/\/brasilnoticias.org\/site\/wp-content\/uploads\/2022\/05\/cropped-brasilnoticias-mini.jpg","contentUrl":"https:\/\/brasilnoticias.org\/site\/wp-content\/uploads\/2022\/05\/cropped-brasilnoticias-mini.jpg","width":314,"height":86,"caption":"Brasil not\u00edcias"},"image":{"@id":"https:\/\/brasilnoticias.org\/site\/#\/schema\/logo\/image\/"}},{"@type":"Person","@id":"https:\/\/brasilnoticias.org\/site\/#\/schema\/person\/03bbbfe6c7634ad18c26444ea39049fa","name":"Reda\u00e7\u00e3o","image":{"@type":"ImageObject","inLanguage":"pt-PT","@id":"https:\/\/brasilnoticias.org\/site\/#\/schema\/person\/image\/","url":"https:\/\/secure.gravatar.com\/avatar\/9ecaf7327a696cb23ad926fedded5f1f04d7049de9e445375d55b48c001a6e42?s=96&d=mm&r=g","contentUrl":"https:\/\/secure.gravatar.com\/avatar\/9ecaf7327a696cb23ad926fedded5f1f04d7049de9e445375d55b48c001a6e42?s=96&d=mm&r=g","caption":"Reda\u00e7\u00e3o"},"url":"https:\/\/brasilnoticias.org\/site\/author\/henrique\/"}]}},"_links":{"self":[{"href":"https:\/\/brasilnoticias.org\/site\/wp-json\/wp\/v2\/posts\/18892","targetHints":{"allow":["GET"]}}],"collection":[{"href":"https:\/\/brasilnoticias.org\/site\/wp-json\/wp\/v2\/posts"}],"about":[{"href":"https:\/\/brasilnoticias.org\/site\/wp-json\/wp\/v2\/types\/post"}],"author":[{"embeddable":true,"href":"https:\/\/brasilnoticias.org\/site\/wp-json\/wp\/v2\/users\/4"}],"replies":[{"embeddable":true,"href":"https:\/\/brasilnoticias.org\/site\/wp-json\/wp\/v2\/comments?post=18892"}],"version-history":[{"count":1,"href":"https:\/\/brasilnoticias.org\/site\/wp-json\/wp\/v2\/posts\/18892\/revisions"}],"predecessor-version":[{"id":18894,"href":"https:\/\/brasilnoticias.org\/site\/wp-json\/wp\/v2\/posts\/18892\/revisions\/18894"}],"wp:featuredmedia":[{"embeddable":true,"href":"https:\/\/brasilnoticias.org\/site\/wp-json\/wp\/v2\/media\/18893"}],"wp:attachment":[{"href":"https:\/\/brasilnoticias.org\/site\/wp-json\/wp\/v2\/media?parent=18892"}],"wp:term":[{"taxonomy":"category","embeddable":true,"href":"https:\/\/brasilnoticias.org\/site\/wp-json\/wp\/v2\/categories?post=18892"},{"taxonomy":"post_tag","embeddable":true,"href":"https:\/\/brasilnoticias.org\/site\/wp-json\/wp\/v2\/tags?post=18892"}],"curies":[{"name":"wp","href":"https:\/\/api.w.org\/{rel}","templated":true}]}}