{"id":18917,"date":"2025-11-27T15:12:36","date_gmt":"2025-11-27T18:12:36","guid":{"rendered":"https:\/\/brasilnoticias.org\/site\/?p=18917"},"modified":"2025-11-27T15:12:36","modified_gmt":"2025-11-27T18:12:36","slug":"diego-castro-propoe-dia-do-orgulho-heterossexual-na-bahia-e-provoca-novo-debate-na-alba","status":"publish","type":"post","link":"https:\/\/brasilnoticias.org\/site\/diego-castro-propoe-dia-do-orgulho-heterossexual-na-bahia-e-provoca-novo-debate-na-alba\/","title":{"rendered":"Diego Castro prop\u00f5e &#8216;Dia do Orgulho Heterossexual&#8217; na Bahia e provoca novo debate na Alba"},"content":{"rendered":"<p>Projeto do deputado do PL quer instituir data oficial em 17 de junho e afirma defender \u201cisonomia\u201d entre orienta\u00e7\u00f5es sexuais. Proposta j\u00e1 repercute entre parlamentares<\/p>\n<p>A Assembleia Legislativa da Bahia (Alba) passou a analisar um projeto de lei incomum apresentado pelo deputado Diego Castro (PL): a cria\u00e7\u00e3o do \u201cDia do Orgulho Heterossexual\u201d, a ser celebrado anualmente em 17 de junho.<\/p>\n<p>A proposta foi protocolada na \u00faltima ter\u00e7a-feira (25) e, segundo o parlamentar, busca reconhecer que \u201cpessoas heterossexuais tamb\u00e9m merecem pleno respeito e valoriza\u00e7\u00e3o, em igualdade com todas as demais orienta\u00e7\u00f5es sexuais\u201d.<\/p>\n<p>Para Diego Castro, a iniciativa n\u00e3o tem car\u00e1ter confrontador. \u201cA proposi\u00e7\u00e3o n\u00e3o pretende refor\u00e7ar preconceitos nem criar antagonismos. \u00c9 um reconhecimento simb\u00f3lico da identidade de milh\u00f5es de cidad\u00e3os baianos\u201d, afirma.<\/p>\n<p>O deputado argumenta ainda que heterossexuais seriam \u201cinjustamente criticados ou constrangidos\u201d ao manifestarem opini\u00f5es relacionadas \u00e0 fam\u00edlia e valores pessoais no debate p\u00fablico. \u201cSe existem datas voltadas \u00e0 visibilidade de outras orienta\u00e7\u00f5es sexuais, tamb\u00e9m \u00e9 leg\u00edtimo que pessoas heterossexuais celebrem a pr\u00f3pria identidade dentro de um ambiente democr\u00e1tico\u201d, acrescenta.<\/p>\n<p>O texto compara a proposta ao calend\u00e1rio LGBTQIAPN+, lembrando que junho \u00e9 reconhecido mundialmente como o m\u00eas do orgulho e que o Dia Internacional do Orgulho \u00e9 celebrado em 28 de junho.<\/p>\n<p>Para Castro, a nova data buscaria \u201creafirmar a liberdade de express\u00e3o e a igualdade de direitos\u201d, o que contribuiria, segundo ele, para um ambiente \u201cmais equilibrado e harmonioso\u201d.<\/p>\n<p>O projeto agora ser\u00e1 distribu\u00eddo para as comiss\u00f5es tem\u00e1ticas antes de ser votado no plen\u00e1rio da Alba.<\/p>\n<p>Foto: Sandra Travassos \/ Alba<br \/>\nFonte: <a href=\"https:\/\/www.blogdovila.com.br\/noticia\/orgulho-hetero\">Blog do Vila<\/a><\/p>\n","protected":false},"excerpt":{"rendered":"<p>Projeto do deputado do PL quer instituir data oficial em 17 de junho e afirma defender \u201cisonomia\u201d entre orienta\u00e7\u00f5es sexuais.<\/p>\n","protected":false},"author":4,"featured_media":18918,"comment_status":"open","ping_status":"open","sticky":false,"template":"","format":"standard","meta":{"colormag_page_container_layout":"default_layout","colormag_page_sidebar_layout":"default_layout","_FSMCFIC_featured_image_caption":"","_FSMCFIC_featured_image_nocaption":"","_FSMCFIC_featured_image_hide":"","footnotes":""},"categories":[5,1],"tags":[],"class_list":["post-18917","post","type-post","status-publish","format-standard","has-post-thumbnail","hentry","category-politica","category-ultimas"],"yoast_head":"<!-- This site is optimized with the Yoast SEO plugin v27.1.1 - https:\/\/yoast.com\/product\/yoast-seo-wordpress\/ -->\n<title>Diego Castro prop\u00f5e &#039;Dia do Orgulho Heterossexual&#039; na Bahia e provoca novo debate na Alba - Brasil not\u00edcias<\/title>\n<meta name=\"robots\" content=\"index, follow, max-snippet:-1, max-image-preview:large, max-video-preview:-1\" \/>\n<link rel=\"canonical\" href=\"https:\/\/brasilnoticias.org\/site\/diego-castro-propoe-dia-do-orgulho-heterossexual-na-bahia-e-provoca-novo-debate-na-alba\/\" \/>\n<meta property=\"og:locale\" content=\"pt_PT\" \/>\n<meta property=\"og:type\" content=\"article\" \/>\n<meta property=\"og:title\" content=\"Diego Castro prop\u00f5e &#039;Dia do Orgulho Heterossexual&#039; na Bahia e provoca novo debate na Alba - Brasil not\u00edcias\" \/>\n<meta property=\"og:description\" content=\"Projeto do deputado do PL quer instituir data oficial em 17 de junho e afirma defender \u201cisonomia\u201d entre orienta\u00e7\u00f5es sexuais.\" \/>\n<meta property=\"og:url\" content=\"https:\/\/brasilnoticias.org\/site\/diego-castro-propoe-dia-do-orgulho-heterossexual-na-bahia-e-provoca-novo-debate-na-alba\/\" \/>\n<meta property=\"og:site_name\" content=\"Brasil not\u00edcias\" \/>\n<meta property=\"article:published_time\" content=\"2025-11-27T18:12:36+00:00\" \/>\n<meta property=\"og:image\" content=\"https:\/\/brasilnoticias.org\/site\/wp-content\/uploads\/2025\/11\/WhatsApp-Image-2025-11-27-at-07.59.17-1.jpeg\" \/>\n\t<meta property=\"og:image:width\" content=\"1600\" \/>\n\t<meta property=\"og:image:height\" content=\"900\" \/>\n\t<meta property=\"og:image:type\" content=\"image\/jpeg\" \/>\n<meta name=\"author\" content=\"Reda\u00e7\u00e3o\" \/>\n<meta name=\"twitter:card\" content=\"summary_large_image\" \/>\n<meta name=\"twitter:label1\" content=\"Escrito por\" \/>\n\t<meta name=\"twitter:data1\" content=\"Reda\u00e7\u00e3o\" \/>\n\t<meta name=\"twitter:label2\" content=\"Tempo estimado de leitura\" \/>\n\t<meta name=\"twitter:data2\" content=\"1 minuto\" \/>\n<script type=\"application\/ld+json\" class=\"yoast-schema-graph\">{\"@context\":\"https:\/\/schema.org\",\"@graph\":[{\"@type\":\"Article\",\"@id\":\"https:\/\/brasilnoticias.org\/site\/diego-castro-propoe-dia-do-orgulho-heterossexual-na-bahia-e-provoca-novo-debate-na-alba\/#article\",\"isPartOf\":{\"@id\":\"https:\/\/brasilnoticias.org\/site\/diego-castro-propoe-dia-do-orgulho-heterossexual-na-bahia-e-provoca-novo-debate-na-alba\/\"},\"author\":{\"name\":\"Reda\u00e7\u00e3o\",\"@id\":\"https:\/\/brasilnoticias.org\/site\/#\/schema\/person\/03bbbfe6c7634ad18c26444ea39049fa\"},\"headline\":\"Diego Castro prop\u00f5e &#8216;Dia do Orgulho Heterossexual&#8217; na Bahia e provoca novo debate na Alba\",\"datePublished\":\"2025-11-27T18:12:36+00:00\",\"mainEntityOfPage\":{\"@id\":\"https:\/\/brasilnoticias.org\/site\/diego-castro-propoe-dia-do-orgulho-heterossexual-na-bahia-e-provoca-novo-debate-na-alba\/\"},\"wordCount\":290,\"commentCount\":0,\"publisher\":{\"@id\":\"https:\/\/brasilnoticias.org\/site\/#organization\"},\"image\":{\"@id\":\"https:\/\/brasilnoticias.org\/site\/diego-castro-propoe-dia-do-orgulho-heterossexual-na-bahia-e-provoca-novo-debate-na-alba\/#primaryimage\"},\"thumbnailUrl\":\"https:\/\/brasilnoticias.org\/site\/wp-content\/uploads\/2025\/11\/WhatsApp-Image-2025-11-27-at-07.59.17-1.jpeg\",\"articleSection\":[\"Pol\u00edtica\",\"\u00daltimas\"],\"inLanguage\":\"pt-PT\",\"potentialAction\":[{\"@type\":\"CommentAction\",\"name\":\"Comment\",\"target\":[\"https:\/\/brasilnoticias.org\/site\/diego-castro-propoe-dia-do-orgulho-heterossexual-na-bahia-e-provoca-novo-debate-na-alba\/#respond\"]}]},{\"@type\":\"WebPage\",\"@id\":\"https:\/\/brasilnoticias.org\/site\/diego-castro-propoe-dia-do-orgulho-heterossexual-na-bahia-e-provoca-novo-debate-na-alba\/\",\"url\":\"https:\/\/brasilnoticias.org\/site\/diego-castro-propoe-dia-do-orgulho-heterossexual-na-bahia-e-provoca-novo-debate-na-alba\/\",\"name\":\"Diego Castro prop\u00f5e 'Dia do Orgulho Heterossexual' na Bahia e provoca novo debate na Alba - Brasil not\u00edcias\",\"isPartOf\":{\"@id\":\"https:\/\/brasilnoticias.org\/site\/#website\"},\"primaryImageOfPage\":{\"@id\":\"https:\/\/brasilnoticias.org\/site\/diego-castro-propoe-dia-do-orgulho-heterossexual-na-bahia-e-provoca-novo-debate-na-alba\/#primaryimage\"},\"image\":{\"@id\":\"https:\/\/brasilnoticias.org\/site\/diego-castro-propoe-dia-do-orgulho-heterossexual-na-bahia-e-provoca-novo-debate-na-alba\/#primaryimage\"},\"thumbnailUrl\":\"https:\/\/brasilnoticias.org\/site\/wp-content\/uploads\/2025\/11\/WhatsApp-Image-2025-11-27-at-07.59.17-1.jpeg\",\"datePublished\":\"2025-11-27T18:12:36+00:00\",\"breadcrumb\":{\"@id\":\"https:\/\/brasilnoticias.org\/site\/diego-castro-propoe-dia-do-orgulho-heterossexual-na-bahia-e-provoca-novo-debate-na-alba\/#breadcrumb\"},\"inLanguage\":\"pt-PT\",\"potentialAction\":[{\"@type\":\"ReadAction\",\"target\":[\"https:\/\/brasilnoticias.org\/site\/diego-castro-propoe-dia-do-orgulho-heterossexual-na-bahia-e-provoca-novo-debate-na-alba\/\"]}]},{\"@type\":\"ImageObject\",\"inLanguage\":\"pt-PT\",\"@id\":\"https:\/\/brasilnoticias.org\/site\/diego-castro-propoe-dia-do-orgulho-heterossexual-na-bahia-e-provoca-novo-debate-na-alba\/#primaryimage\",\"url\":\"https:\/\/brasilnoticias.org\/site\/wp-content\/uploads\/2025\/11\/WhatsApp-Image-2025-11-27-at-07.59.17-1.jpeg\",\"contentUrl\":\"https:\/\/brasilnoticias.org\/site\/wp-content\/uploads\/2025\/11\/WhatsApp-Image-2025-11-27-at-07.59.17-1.jpeg\",\"width\":1600,\"height\":900},{\"@type\":\"BreadcrumbList\",\"@id\":\"https:\/\/brasilnoticias.org\/site\/diego-castro-propoe-dia-do-orgulho-heterossexual-na-bahia-e-provoca-novo-debate-na-alba\/#breadcrumb\",\"itemListElement\":[{\"@type\":\"ListItem\",\"position\":1,\"name\":\"In\u00edcio\",\"item\":\"https:\/\/brasilnoticias.org\/site\/\"},{\"@type\":\"ListItem\",\"position\":2,\"name\":\"Diego Castro prop\u00f5e &#8216;Dia do Orgulho Heterossexual&#8217; na Bahia e provoca novo debate na Alba\"}]},{\"@type\":\"WebSite\",\"@id\":\"https:\/\/brasilnoticias.org\/site\/#website\",\"url\":\"https:\/\/brasilnoticias.org\/site\/\",\"name\":\"Brasil not\u00edcias\",\"description\":\"Brasil not\u00edcias\",\"publisher\":{\"@id\":\"https:\/\/brasilnoticias.org\/site\/#organization\"},\"potentialAction\":[{\"@type\":\"SearchAction\",\"target\":{\"@type\":\"EntryPoint\",\"urlTemplate\":\"https:\/\/brasilnoticias.org\/site\/?s={search_term_string}\"},\"query-input\":{\"@type\":\"PropertyValueSpecification\",\"valueRequired\":true,\"valueName\":\"search_term_string\"}}],\"inLanguage\":\"pt-PT\"},{\"@type\":\"Organization\",\"@id\":\"https:\/\/brasilnoticias.org\/site\/#organization\",\"name\":\"Brasil not\u00edcias\",\"url\":\"https:\/\/brasilnoticias.org\/site\/\",\"logo\":{\"@type\":\"ImageObject\",\"inLanguage\":\"pt-PT\",\"@id\":\"https:\/\/brasilnoticias.org\/site\/#\/schema\/logo\/image\/\",\"url\":\"https:\/\/brasilnoticias.org\/site\/wp-content\/uploads\/2022\/05\/cropped-brasilnoticias-mini.jpg\",\"contentUrl\":\"https:\/\/brasilnoticias.org\/site\/wp-content\/uploads\/2022\/05\/cropped-brasilnoticias-mini.jpg\",\"width\":314,\"height\":86,\"caption\":\"Brasil not\u00edcias\"},\"image\":{\"@id\":\"https:\/\/brasilnoticias.org\/site\/#\/schema\/logo\/image\/\"}},{\"@type\":\"Person\",\"@id\":\"https:\/\/brasilnoticias.org\/site\/#\/schema\/person\/03bbbfe6c7634ad18c26444ea39049fa\",\"name\":\"Reda\u00e7\u00e3o\",\"image\":{\"@type\":\"ImageObject\",\"inLanguage\":\"pt-PT\",\"@id\":\"https:\/\/brasilnoticias.org\/site\/#\/schema\/person\/image\/\",\"url\":\"https:\/\/secure.gravatar.com\/avatar\/9ecaf7327a696cb23ad926fedded5f1f04d7049de9e445375d55b48c001a6e42?s=96&d=mm&r=g\",\"contentUrl\":\"https:\/\/secure.gravatar.com\/avatar\/9ecaf7327a696cb23ad926fedded5f1f04d7049de9e445375d55b48c001a6e42?s=96&d=mm&r=g\",\"caption\":\"Reda\u00e7\u00e3o\"},\"url\":\"https:\/\/brasilnoticias.org\/site\/author\/henrique\/\"}]}<\/script>\n<!-- \/ Yoast SEO plugin. -->","yoast_head_json":{"title":"Diego Castro prop\u00f5e 'Dia do Orgulho Heterossexual' na Bahia e provoca novo debate na Alba - Brasil not\u00edcias","robots":{"index":"index","follow":"follow","max-snippet":"max-snippet:-1","max-image-preview":"max-image-preview:large","max-video-preview":"max-video-preview:-1"},"canonical":"https:\/\/brasilnoticias.org\/site\/diego-castro-propoe-dia-do-orgulho-heterossexual-na-bahia-e-provoca-novo-debate-na-alba\/","og_locale":"pt_PT","og_type":"article","og_title":"Diego Castro prop\u00f5e 'Dia do Orgulho Heterossexual' na Bahia e provoca novo debate na Alba - Brasil not\u00edcias","og_description":"Projeto do deputado do PL quer instituir data oficial em 17 de junho e afirma defender \u201cisonomia\u201d entre orienta\u00e7\u00f5es sexuais.","og_url":"https:\/\/brasilnoticias.org\/site\/diego-castro-propoe-dia-do-orgulho-heterossexual-na-bahia-e-provoca-novo-debate-na-alba\/","og_site_name":"Brasil not\u00edcias","article_published_time":"2025-11-27T18:12:36+00:00","og_image":[{"width":1600,"height":900,"url":"https:\/\/brasilnoticias.org\/site\/wp-content\/uploads\/2025\/11\/WhatsApp-Image-2025-11-27-at-07.59.17-1.jpeg","type":"image\/jpeg"}],"author":"Reda\u00e7\u00e3o","twitter_card":"summary_large_image","twitter_misc":{"Escrito por":"Reda\u00e7\u00e3o","Tempo estimado de leitura":"1 minuto"},"schema":{"@context":"https:\/\/schema.org","@graph":[{"@type":"Article","@id":"https:\/\/brasilnoticias.org\/site\/diego-castro-propoe-dia-do-orgulho-heterossexual-na-bahia-e-provoca-novo-debate-na-alba\/#article","isPartOf":{"@id":"https:\/\/brasilnoticias.org\/site\/diego-castro-propoe-dia-do-orgulho-heterossexual-na-bahia-e-provoca-novo-debate-na-alba\/"},"author":{"name":"Reda\u00e7\u00e3o","@id":"https:\/\/brasilnoticias.org\/site\/#\/schema\/person\/03bbbfe6c7634ad18c26444ea39049fa"},"headline":"Diego Castro prop\u00f5e &#8216;Dia do Orgulho Heterossexual&#8217; na Bahia e provoca novo debate na Alba","datePublished":"2025-11-27T18:12:36+00:00","mainEntityOfPage":{"@id":"https:\/\/brasilnoticias.org\/site\/diego-castro-propoe-dia-do-orgulho-heterossexual-na-bahia-e-provoca-novo-debate-na-alba\/"},"wordCount":290,"commentCount":0,"publisher":{"@id":"https:\/\/brasilnoticias.org\/site\/#organization"},"image":{"@id":"https:\/\/brasilnoticias.org\/site\/diego-castro-propoe-dia-do-orgulho-heterossexual-na-bahia-e-provoca-novo-debate-na-alba\/#primaryimage"},"thumbnailUrl":"https:\/\/brasilnoticias.org\/site\/wp-content\/uploads\/2025\/11\/WhatsApp-Image-2025-11-27-at-07.59.17-1.jpeg","articleSection":["Pol\u00edtica","\u00daltimas"],"inLanguage":"pt-PT","potentialAction":[{"@type":"CommentAction","name":"Comment","target":["https:\/\/brasilnoticias.org\/site\/diego-castro-propoe-dia-do-orgulho-heterossexual-na-bahia-e-provoca-novo-debate-na-alba\/#respond"]}]},{"@type":"WebPage","@id":"https:\/\/brasilnoticias.org\/site\/diego-castro-propoe-dia-do-orgulho-heterossexual-na-bahia-e-provoca-novo-debate-na-alba\/","url":"https:\/\/brasilnoticias.org\/site\/diego-castro-propoe-dia-do-orgulho-heterossexual-na-bahia-e-provoca-novo-debate-na-alba\/","name":"Diego Castro prop\u00f5e 'Dia do Orgulho Heterossexual' na Bahia e provoca novo debate na Alba - Brasil not\u00edcias","isPartOf":{"@id":"https:\/\/brasilnoticias.org\/site\/#website"},"primaryImageOfPage":{"@id":"https:\/\/brasilnoticias.org\/site\/diego-castro-propoe-dia-do-orgulho-heterossexual-na-bahia-e-provoca-novo-debate-na-alba\/#primaryimage"},"image":{"@id":"https:\/\/brasilnoticias.org\/site\/diego-castro-propoe-dia-do-orgulho-heterossexual-na-bahia-e-provoca-novo-debate-na-alba\/#primaryimage"},"thumbnailUrl":"https:\/\/brasilnoticias.org\/site\/wp-content\/uploads\/2025\/11\/WhatsApp-Image-2025-11-27-at-07.59.17-1.jpeg","datePublished":"2025-11-27T18:12:36+00:00","breadcrumb":{"@id":"https:\/\/brasilnoticias.org\/site\/diego-castro-propoe-dia-do-orgulho-heterossexual-na-bahia-e-provoca-novo-debate-na-alba\/#breadcrumb"},"inLanguage":"pt-PT","potentialAction":[{"@type":"ReadAction","target":["https:\/\/brasilnoticias.org\/site\/diego-castro-propoe-dia-do-orgulho-heterossexual-na-bahia-e-provoca-novo-debate-na-alba\/"]}]},{"@type":"ImageObject","inLanguage":"pt-PT","@id":"https:\/\/brasilnoticias.org\/site\/diego-castro-propoe-dia-do-orgulho-heterossexual-na-bahia-e-provoca-novo-debate-na-alba\/#primaryimage","url":"https:\/\/brasilnoticias.org\/site\/wp-content\/uploads\/2025\/11\/WhatsApp-Image-2025-11-27-at-07.59.17-1.jpeg","contentUrl":"https:\/\/brasilnoticias.org\/site\/wp-content\/uploads\/2025\/11\/WhatsApp-Image-2025-11-27-at-07.59.17-1.jpeg","width":1600,"height":900},{"@type":"BreadcrumbList","@id":"https:\/\/brasilnoticias.org\/site\/diego-castro-propoe-dia-do-orgulho-heterossexual-na-bahia-e-provoca-novo-debate-na-alba\/#breadcrumb","itemListElement":[{"@type":"ListItem","position":1,"name":"In\u00edcio","item":"https:\/\/brasilnoticias.org\/site\/"},{"@type":"ListItem","position":2,"name":"Diego Castro prop\u00f5e &#8216;Dia do Orgulho Heterossexual&#8217; na Bahia e provoca novo debate na Alba"}]},{"@type":"WebSite","@id":"https:\/\/brasilnoticias.org\/site\/#website","url":"https:\/\/brasilnoticias.org\/site\/","name":"Brasil not\u00edcias","description":"Brasil not\u00edcias","publisher":{"@id":"https:\/\/brasilnoticias.org\/site\/#organization"},"potentialAction":[{"@type":"SearchAction","target":{"@type":"EntryPoint","urlTemplate":"https:\/\/brasilnoticias.org\/site\/?s={search_term_string}"},"query-input":{"@type":"PropertyValueSpecification","valueRequired":true,"valueName":"search_term_string"}}],"inLanguage":"pt-PT"},{"@type":"Organization","@id":"https:\/\/brasilnoticias.org\/site\/#organization","name":"Brasil not\u00edcias","url":"https:\/\/brasilnoticias.org\/site\/","logo":{"@type":"ImageObject","inLanguage":"pt-PT","@id":"https:\/\/brasilnoticias.org\/site\/#\/schema\/logo\/image\/","url":"https:\/\/brasilnoticias.org\/site\/wp-content\/uploads\/2022\/05\/cropped-brasilnoticias-mini.jpg","contentUrl":"https:\/\/brasilnoticias.org\/site\/wp-content\/uploads\/2022\/05\/cropped-brasilnoticias-mini.jpg","width":314,"height":86,"caption":"Brasil not\u00edcias"},"image":{"@id":"https:\/\/brasilnoticias.org\/site\/#\/schema\/logo\/image\/"}},{"@type":"Person","@id":"https:\/\/brasilnoticias.org\/site\/#\/schema\/person\/03bbbfe6c7634ad18c26444ea39049fa","name":"Reda\u00e7\u00e3o","image":{"@type":"ImageObject","inLanguage":"pt-PT","@id":"https:\/\/brasilnoticias.org\/site\/#\/schema\/person\/image\/","url":"https:\/\/secure.gravatar.com\/avatar\/9ecaf7327a696cb23ad926fedded5f1f04d7049de9e445375d55b48c001a6e42?s=96&d=mm&r=g","contentUrl":"https:\/\/secure.gravatar.com\/avatar\/9ecaf7327a696cb23ad926fedded5f1f04d7049de9e445375d55b48c001a6e42?s=96&d=mm&r=g","caption":"Reda\u00e7\u00e3o"},"url":"https:\/\/brasilnoticias.org\/site\/author\/henrique\/"}]}},"_links":{"self":[{"href":"https:\/\/brasilnoticias.org\/site\/wp-json\/wp\/v2\/posts\/18917","targetHints":{"allow":["GET"]}}],"collection":[{"href":"https:\/\/brasilnoticias.org\/site\/wp-json\/wp\/v2\/posts"}],"about":[{"href":"https:\/\/brasilnoticias.org\/site\/wp-json\/wp\/v2\/types\/post"}],"author":[{"embeddable":true,"href":"https:\/\/brasilnoticias.org\/site\/wp-json\/wp\/v2\/users\/4"}],"replies":[{"embeddable":true,"href":"https:\/\/brasilnoticias.org\/site\/wp-json\/wp\/v2\/comments?post=18917"}],"version-history":[{"count":1,"href":"https:\/\/brasilnoticias.org\/site\/wp-json\/wp\/v2\/posts\/18917\/revisions"}],"predecessor-version":[{"id":18919,"href":"https:\/\/brasilnoticias.org\/site\/wp-json\/wp\/v2\/posts\/18917\/revisions\/18919"}],"wp:featuredmedia":[{"embeddable":true,"href":"https:\/\/brasilnoticias.org\/site\/wp-json\/wp\/v2\/media\/18918"}],"wp:attachment":[{"href":"https:\/\/brasilnoticias.org\/site\/wp-json\/wp\/v2\/media?parent=18917"}],"wp:term":[{"taxonomy":"category","embeddable":true,"href":"https:\/\/brasilnoticias.org\/site\/wp-json\/wp\/v2\/categories?post=18917"},{"taxonomy":"post_tag","embeddable":true,"href":"https:\/\/brasilnoticias.org\/site\/wp-json\/wp\/v2\/tags?post=18917"}],"curies":[{"name":"wp","href":"https:\/\/api.w.org\/{rel}","templated":true}]}}