{"id":1892,"date":"2022-10-15T07:20:14","date_gmt":"2022-10-15T10:20:14","guid":{"rendered":"https:\/\/brasilnoticias.org\/site\/?p=1892"},"modified":"2022-10-14T15:22:00","modified_gmt":"2022-10-14T18:22:00","slug":"quase-50-motociclistas-se-reunem-em-racha-na-acm-e-poem-em-risco-vida-das-pessoas","status":"publish","type":"post","link":"https:\/\/brasilnoticias.org\/site\/quase-50-motociclistas-se-reunem-em-racha-na-acm-e-poem-em-risco-vida-das-pessoas\/","title":{"rendered":"Quase 50 motociclistas se re\u00fanem em racha na ACM e p\u00f5em em risco vida das pessoas"},"content":{"rendered":"<p>Motoristas que passavam pela Avenida Ant\u00f4nio Carlos Magalh\u00e3es, entre a noite de quinta-feira (13) e a madrugada desta sexta-feira (14), se depararam com cenas, no m\u00ednimo, arriscadas. Um grupo formado por pelo menos 50 motociclistas disputava rachas na via que \u00e9 uma das mais movimentadas da capital baiana.<\/p>\n<p>Ao Metro1, uma moradora da regi\u00e3o afirmou que essa n\u00e3o \u00e9 a primeira vez que o grupo se encontra no local para realizar manobras arriscadas. \u00c0s quintas-feiras, segundo ela, o movimento de motociclistas costuma ficar ainda mais intenso.<\/p>\n<p>Em imagens gravadas pela moradora, \u00e9 poss\u00edvel ver um grupo parados em frente a uma rede de fast food da regi\u00e3o e outros circulando na via, sem se preocupar com a contram\u00e3o ou com a velocidade. Carros que passavam pelo local precisaram desviar das motos.<\/p>\n<p>Dez das motocicletas do grupo foram apreendidas durante a madrugada por equipes das 35\u00aa e 26\u00aa Companhias Independentes da Pol\u00edcia Militar (CIPMs\/Iguatemi e Brotas). A maioria das motos estava sem placa ou com documenta\u00e7\u00e3o irregular.<\/p>\n<p>O Centro Integrado de Comunica\u00e7\u00f5es (Cicom) da Secretaria de Seguran\u00e7a P\u00fablica foi acionado por moradores por volta das 2h da manh\u00e3. Ao perceberem a presen\u00e7a dos agentes, alguns motociclistas fugiram, mas dez foram alcan\u00e7ados.<\/p>\n<blockquote class=\"instagram-media\" style=\"background: #FFF; border: 0; border-radius: 3px; box-shadow: 0 0 1px 0 rgba(0,0,0,0.5),0 1px 10px 0 rgba(0,0,0,0.15); margin: 1px; max-width: 540px; min-width: 326px; padding: 0; width: calc(100% - 2px);\" data-instgrm-captioned=\"\" data-instgrm-permalink=\"https:\/\/www.instagram.com\/reel\/CjswJXpp4ab\/?utm_source=ig_embed&amp;utm_campaign=loading\" data-instgrm-version=\"14\">\n<div style=\"padding: 16px;\">\n<p>&nbsp;<\/p>\n<div style=\"display: flex; flex-direction: row; align-items: center;\">\n<div style=\"background-color: #f4f4f4; border-radius: 50%; flex-grow: 0; height: 40px; margin-right: 14px; width: 40px;\"><\/div>\n<div style=\"display: flex; flex-direction: column; flex-grow: 1; justify-content: center;\">\n<div style=\"background-color: #f4f4f4; border-radius: 4px; flex-grow: 0; height: 14px; margin-bottom: 6px; width: 100px;\"><\/div>\n<div style=\"background-color: #f4f4f4; border-radius: 4px; flex-grow: 0; height: 14px; width: 60px;\"><\/div>\n<\/div>\n<\/div>\n<div style=\"padding: 19% 0;\"><\/div>\n<div style=\"display: block; height: 50px; margin: 0 auto 12px; width: 50px;\"><\/div>\n<div style=\"padding-top: 8px;\">\n<div style=\"color: #3897f0; font-family: Arial,sans-serif; font-size: 14px; font-style: normal; font-weight: 550; line-height: 18px;\">Ver essa foto no Instagram<\/div>\n<\/div>\n<div style=\"padding: 12.5% 0;\"><\/div>\n<div style=\"display: flex; flex-direction: row; margin-bottom: 14px; align-items: center;\">\n<div>\n<div style=\"background-color: #f4f4f4; border-radius: 50%; height: 12.5px; width: 12.5px; transform: translateX(0px) translateY(7px);\"><\/div>\n<div style=\"background-color: #f4f4f4; height: 12.5px; transform: rotate(-45deg) translateX(3px) translateY(1px); width: 12.5px; flex-grow: 0; margin-right: 14px; margin-left: 2px;\"><\/div>\n<div style=\"background-color: #f4f4f4; border-radius: 50%; height: 12.5px; width: 12.5px; transform: translateX(9px) translateY(-18px);\"><\/div>\n<\/div>\n<div style=\"margin-left: 8px;\">\n<div style=\"background-color: #f4f4f4; border-radius: 50%; flex-grow: 0; height: 20px; width: 20px;\"><\/div>\n<div style=\"width: 0; height: 0; border-top: 2px solid transparent; border-left: 6px solid #f4f4f4; border-bottom: 2px solid transparent; transform: translateX(16px) translateY(-4px) rotate(30deg);\"><\/div>\n<\/div>\n<div style=\"margin-left: auto;\">\n<div style=\"width: 0px; border-top: 8px solid #F4F4F4; border-right: 8px solid transparent; transform: translateY(16px);\"><\/div>\n<div style=\"background-color: #f4f4f4; flex-grow: 0; height: 12px; width: 16px; transform: translateY(-4px);\"><\/div>\n<div style=\"width: 0; height: 0; border-top: 8px solid #F4F4F4; border-left: 8px solid transparent; transform: translateY(-4px) translateX(8px);\"><\/div>\n<\/div>\n<\/div>\n<div style=\"display: flex; flex-direction: column; flex-grow: 1; justify-content: center; margin-bottom: 24px;\">\n<div style=\"background-color: #f4f4f4; border-radius: 4px; flex-grow: 0; height: 14px; margin-bottom: 6px; width: 224px;\"><\/div>\n<div style=\"background-color: #f4f4f4; border-radius: 4px; flex-grow: 0; height: 14px; width: 144px;\"><\/div>\n<\/div>\n<p>&nbsp;<\/p>\n<p style=\"color: #c9c8cd; font-family: Arial,sans-serif; font-size: 14px; line-height: 17px; margin-bottom: 0; margin-top: 8px; overflow: hidden; padding: 8px 0 7px; text-align: center; text-overflow: ellipsis; white-space: nowrap;\"><a style=\"color: #c9c8cd; font-family: Arial,sans-serif; font-size: 14px; font-style: normal; font-weight: normal; line-height: 17px; text-decoration: none;\" href=\"https:\/\/www.instagram.com\/reel\/CjswJXpp4ab\/?utm_source=ig_embed&amp;utm_campaign=loading\" target=\"_blank\" rel=\"noopener\">Uma publica\u00e7\u00e3o compartilhada por Grupo Metropole (@grupo.metropole)<\/a><\/p>\n<\/div>\n<\/blockquote>\n<p><script async src=\"\/\/www.instagram.com\/embed.js\"><\/script><\/p>\n<p>Foto: Divulga\u00e7\u00e3o<\/p>\n<p>Por: Mariana Bamberg<\/p>\n","protected":false},"excerpt":{"rendered":"<p>Motoristas que passavam pela Avenida Ant\u00f4nio Carlos Magalh\u00e3es, entre a noite de quinta-feira (13) e a madrugada desta sexta-feira (14),<\/p>\n","protected":false},"author":1,"featured_media":1893,"comment_status":"open","ping_status":"open","sticky":false,"template":"","format":"standard","meta":{"colormag_page_container_layout":"default_layout","colormag_page_sidebar_layout":"default_layout","_FSMCFIC_featured_image_caption":"","_FSMCFIC_featured_image_nocaption":"","_FSMCFIC_featured_image_hide":"","footnotes":""},"categories":[2,1],"tags":[],"class_list":["post-1892","post","type-post","status-publish","format-standard","has-post-thumbnail","hentry","category-noticias","category-ultimas"],"yoast_head":"<!-- This site is optimized with the Yoast SEO plugin v27.1.1 - https:\/\/yoast.com\/product\/yoast-seo-wordpress\/ -->\n<title>Quase 50 motociclistas se re\u00fanem em racha na ACM e p\u00f5em em risco vida das pessoas - Brasil not\u00edcias<\/title>\n<meta name=\"robots\" content=\"index, follow, max-snippet:-1, max-image-preview:large, max-video-preview:-1\" \/>\n<link rel=\"canonical\" href=\"https:\/\/brasilnoticias.org\/site\/quase-50-motociclistas-se-reunem-em-racha-na-acm-e-poem-em-risco-vida-das-pessoas\/\" \/>\n<meta property=\"og:locale\" content=\"pt_PT\" \/>\n<meta property=\"og:type\" content=\"article\" \/>\n<meta property=\"og:title\" content=\"Quase 50 motociclistas se re\u00fanem em racha na ACM e p\u00f5em em risco vida das pessoas - Brasil not\u00edcias\" \/>\n<meta property=\"og:description\" content=\"Motoristas que passavam pela Avenida Ant\u00f4nio Carlos Magalh\u00e3es, entre a noite de quinta-feira (13) e a madrugada desta sexta-feira (14),\" \/>\n<meta property=\"og:url\" content=\"https:\/\/brasilnoticias.org\/site\/quase-50-motociclistas-se-reunem-em-racha-na-acm-e-poem-em-risco-vida-das-pessoas\/\" \/>\n<meta property=\"og:site_name\" content=\"Brasil not\u00edcias\" \/>\n<meta property=\"article:published_time\" content=\"2022-10-15T10:20:14+00:00\" \/>\n<meta property=\"og:image\" content=\"https:\/\/brasilnoticias.org\/site\/wp-content\/uploads\/2022\/10\/Capturar-11.jpg\" \/>\n\t<meta property=\"og:image:width\" content=\"593\" \/>\n\t<meta property=\"og:image:height\" content=\"278\" \/>\n\t<meta property=\"og:image:type\" content=\"image\/jpeg\" \/>\n<meta name=\"author\" content=\"Reda\u00e7\u00e3o\" \/>\n<meta name=\"twitter:card\" content=\"summary_large_image\" \/>\n<meta name=\"twitter:label1\" content=\"Escrito por\" \/>\n\t<meta name=\"twitter:data1\" content=\"Reda\u00e7\u00e3o\" \/>\n\t<meta name=\"twitter:label2\" content=\"Tempo estimado de leitura\" \/>\n\t<meta name=\"twitter:data2\" content=\"1 minuto\" \/>\n<script type=\"application\/ld+json\" class=\"yoast-schema-graph\">{\"@context\":\"https:\/\/schema.org\",\"@graph\":[{\"@type\":\"Article\",\"@id\":\"https:\/\/brasilnoticias.org\/site\/quase-50-motociclistas-se-reunem-em-racha-na-acm-e-poem-em-risco-vida-das-pessoas\/#article\",\"isPartOf\":{\"@id\":\"https:\/\/brasilnoticias.org\/site\/quase-50-motociclistas-se-reunem-em-racha-na-acm-e-poem-em-risco-vida-das-pessoas\/\"},\"author\":{\"name\":\"Reda\u00e7\u00e3o\",\"@id\":\"https:\/\/brasilnoticias.org\/site\/#\/schema\/person\/a0e05b973ec4d15c658d51911e53507b\"},\"headline\":\"Quase 50 motociclistas se re\u00fanem em racha na ACM e p\u00f5em em risco vida das pessoas\",\"datePublished\":\"2022-10-15T10:20:14+00:00\",\"mainEntityOfPage\":{\"@id\":\"https:\/\/brasilnoticias.org\/site\/quase-50-motociclistas-se-reunem-em-racha-na-acm-e-poem-em-risco-vida-das-pessoas\/\"},\"wordCount\":247,\"commentCount\":0,\"publisher\":{\"@id\":\"https:\/\/brasilnoticias.org\/site\/#organization\"},\"image\":{\"@id\":\"https:\/\/brasilnoticias.org\/site\/quase-50-motociclistas-se-reunem-em-racha-na-acm-e-poem-em-risco-vida-das-pessoas\/#primaryimage\"},\"thumbnailUrl\":\"https:\/\/brasilnoticias.org\/site\/wp-content\/uploads\/2022\/10\/Capturar-11.jpg\",\"articleSection\":[\"Not\u00edcias\",\"\u00daltimas\"],\"inLanguage\":\"pt-PT\",\"potentialAction\":[{\"@type\":\"CommentAction\",\"name\":\"Comment\",\"target\":[\"https:\/\/brasilnoticias.org\/site\/quase-50-motociclistas-se-reunem-em-racha-na-acm-e-poem-em-risco-vida-das-pessoas\/#respond\"]}]},{\"@type\":\"WebPage\",\"@id\":\"https:\/\/brasilnoticias.org\/site\/quase-50-motociclistas-se-reunem-em-racha-na-acm-e-poem-em-risco-vida-das-pessoas\/\",\"url\":\"https:\/\/brasilnoticias.org\/site\/quase-50-motociclistas-se-reunem-em-racha-na-acm-e-poem-em-risco-vida-das-pessoas\/\",\"name\":\"Quase 50 motociclistas se re\u00fanem em racha na ACM e p\u00f5em em risco vida das pessoas - Brasil not\u00edcias\",\"isPartOf\":{\"@id\":\"https:\/\/brasilnoticias.org\/site\/#website\"},\"primaryImageOfPage\":{\"@id\":\"https:\/\/brasilnoticias.org\/site\/quase-50-motociclistas-se-reunem-em-racha-na-acm-e-poem-em-risco-vida-das-pessoas\/#primaryimage\"},\"image\":{\"@id\":\"https:\/\/brasilnoticias.org\/site\/quase-50-motociclistas-se-reunem-em-racha-na-acm-e-poem-em-risco-vida-das-pessoas\/#primaryimage\"},\"thumbnailUrl\":\"https:\/\/brasilnoticias.org\/site\/wp-content\/uploads\/2022\/10\/Capturar-11.jpg\",\"datePublished\":\"2022-10-15T10:20:14+00:00\",\"breadcrumb\":{\"@id\":\"https:\/\/brasilnoticias.org\/site\/quase-50-motociclistas-se-reunem-em-racha-na-acm-e-poem-em-risco-vida-das-pessoas\/#breadcrumb\"},\"inLanguage\":\"pt-PT\",\"potentialAction\":[{\"@type\":\"ReadAction\",\"target\":[\"https:\/\/brasilnoticias.org\/site\/quase-50-motociclistas-se-reunem-em-racha-na-acm-e-poem-em-risco-vida-das-pessoas\/\"]}]},{\"@type\":\"ImageObject\",\"inLanguage\":\"pt-PT\",\"@id\":\"https:\/\/brasilnoticias.org\/site\/quase-50-motociclistas-se-reunem-em-racha-na-acm-e-poem-em-risco-vida-das-pessoas\/#primaryimage\",\"url\":\"https:\/\/brasilnoticias.org\/site\/wp-content\/uploads\/2022\/10\/Capturar-11.jpg\",\"contentUrl\":\"https:\/\/brasilnoticias.org\/site\/wp-content\/uploads\/2022\/10\/Capturar-11.jpg\",\"width\":593,\"height\":278},{\"@type\":\"BreadcrumbList\",\"@id\":\"https:\/\/brasilnoticias.org\/site\/quase-50-motociclistas-se-reunem-em-racha-na-acm-e-poem-em-risco-vida-das-pessoas\/#breadcrumb\",\"itemListElement\":[{\"@type\":\"ListItem\",\"position\":1,\"name\":\"In\u00edcio\",\"item\":\"https:\/\/brasilnoticias.org\/site\/\"},{\"@type\":\"ListItem\",\"position\":2,\"name\":\"Quase 50 motociclistas se re\u00fanem em racha na ACM e p\u00f5em em risco vida das pessoas\"}]},{\"@type\":\"WebSite\",\"@id\":\"https:\/\/brasilnoticias.org\/site\/#website\",\"url\":\"https:\/\/brasilnoticias.org\/site\/\",\"name\":\"Brasil not\u00edcias\",\"description\":\"Brasil not\u00edcias\",\"publisher\":{\"@id\":\"https:\/\/brasilnoticias.org\/site\/#organization\"},\"potentialAction\":[{\"@type\":\"SearchAction\",\"target\":{\"@type\":\"EntryPoint\",\"urlTemplate\":\"https:\/\/brasilnoticias.org\/site\/?s={search_term_string}\"},\"query-input\":{\"@type\":\"PropertyValueSpecification\",\"valueRequired\":true,\"valueName\":\"search_term_string\"}}],\"inLanguage\":\"pt-PT\"},{\"@type\":\"Organization\",\"@id\":\"https:\/\/brasilnoticias.org\/site\/#organization\",\"name\":\"Brasil not\u00edcias\",\"url\":\"https:\/\/brasilnoticias.org\/site\/\",\"logo\":{\"@type\":\"ImageObject\",\"inLanguage\":\"pt-PT\",\"@id\":\"https:\/\/brasilnoticias.org\/site\/#\/schema\/logo\/image\/\",\"url\":\"https:\/\/brasilnoticias.org\/site\/wp-content\/uploads\/2022\/05\/cropped-brasilnoticias-mini.jpg\",\"contentUrl\":\"https:\/\/brasilnoticias.org\/site\/wp-content\/uploads\/2022\/05\/cropped-brasilnoticias-mini.jpg\",\"width\":314,\"height\":86,\"caption\":\"Brasil not\u00edcias\"},\"image\":{\"@id\":\"https:\/\/brasilnoticias.org\/site\/#\/schema\/logo\/image\/\"}},{\"@type\":\"Person\",\"@id\":\"https:\/\/brasilnoticias.org\/site\/#\/schema\/person\/a0e05b973ec4d15c658d51911e53507b\",\"name\":\"Reda\u00e7\u00e3o\",\"image\":{\"@type\":\"ImageObject\",\"inLanguage\":\"pt-PT\",\"@id\":\"https:\/\/brasilnoticias.org\/site\/#\/schema\/person\/image\/\",\"url\":\"https:\/\/secure.gravatar.com\/avatar\/75d8b050df2de108b08ae78dfb8e374892df24a383c67db9c46a9c604f6aee9c?s=96&d=mm&r=g\",\"contentUrl\":\"https:\/\/secure.gravatar.com\/avatar\/75d8b050df2de108b08ae78dfb8e374892df24a383c67db9c46a9c604f6aee9c?s=96&d=mm&r=g\",\"caption\":\"Reda\u00e7\u00e3o\"},\"sameAs\":[\"https:\/\/brasilnoticias.org\/site\"],\"url\":\"https:\/\/brasilnoticias.org\/site\/author\/fernandozsngmail-com\/\"}]}<\/script>\n<!-- \/ Yoast SEO plugin. -->","yoast_head_json":{"title":"Quase 50 motociclistas se re\u00fanem em racha na ACM e p\u00f5em em risco vida das pessoas - Brasil not\u00edcias","robots":{"index":"index","follow":"follow","max-snippet":"max-snippet:-1","max-image-preview":"max-image-preview:large","max-video-preview":"max-video-preview:-1"},"canonical":"https:\/\/brasilnoticias.org\/site\/quase-50-motociclistas-se-reunem-em-racha-na-acm-e-poem-em-risco-vida-das-pessoas\/","og_locale":"pt_PT","og_type":"article","og_title":"Quase 50 motociclistas se re\u00fanem em racha na ACM e p\u00f5em em risco vida das pessoas - Brasil not\u00edcias","og_description":"Motoristas que passavam pela Avenida Ant\u00f4nio Carlos Magalh\u00e3es, entre a noite de quinta-feira (13) e a madrugada desta sexta-feira (14),","og_url":"https:\/\/brasilnoticias.org\/site\/quase-50-motociclistas-se-reunem-em-racha-na-acm-e-poem-em-risco-vida-das-pessoas\/","og_site_name":"Brasil not\u00edcias","article_published_time":"2022-10-15T10:20:14+00:00","og_image":[{"width":593,"height":278,"url":"https:\/\/brasilnoticias.org\/site\/wp-content\/uploads\/2022\/10\/Capturar-11.jpg","type":"image\/jpeg"}],"author":"Reda\u00e7\u00e3o","twitter_card":"summary_large_image","twitter_misc":{"Escrito por":"Reda\u00e7\u00e3o","Tempo estimado de leitura":"1 minuto"},"schema":{"@context":"https:\/\/schema.org","@graph":[{"@type":"Article","@id":"https:\/\/brasilnoticias.org\/site\/quase-50-motociclistas-se-reunem-em-racha-na-acm-e-poem-em-risco-vida-das-pessoas\/#article","isPartOf":{"@id":"https:\/\/brasilnoticias.org\/site\/quase-50-motociclistas-se-reunem-em-racha-na-acm-e-poem-em-risco-vida-das-pessoas\/"},"author":{"name":"Reda\u00e7\u00e3o","@id":"https:\/\/brasilnoticias.org\/site\/#\/schema\/person\/a0e05b973ec4d15c658d51911e53507b"},"headline":"Quase 50 motociclistas se re\u00fanem em racha na ACM e p\u00f5em em risco vida das pessoas","datePublished":"2022-10-15T10:20:14+00:00","mainEntityOfPage":{"@id":"https:\/\/brasilnoticias.org\/site\/quase-50-motociclistas-se-reunem-em-racha-na-acm-e-poem-em-risco-vida-das-pessoas\/"},"wordCount":247,"commentCount":0,"publisher":{"@id":"https:\/\/brasilnoticias.org\/site\/#organization"},"image":{"@id":"https:\/\/brasilnoticias.org\/site\/quase-50-motociclistas-se-reunem-em-racha-na-acm-e-poem-em-risco-vida-das-pessoas\/#primaryimage"},"thumbnailUrl":"https:\/\/brasilnoticias.org\/site\/wp-content\/uploads\/2022\/10\/Capturar-11.jpg","articleSection":["Not\u00edcias","\u00daltimas"],"inLanguage":"pt-PT","potentialAction":[{"@type":"CommentAction","name":"Comment","target":["https:\/\/brasilnoticias.org\/site\/quase-50-motociclistas-se-reunem-em-racha-na-acm-e-poem-em-risco-vida-das-pessoas\/#respond"]}]},{"@type":"WebPage","@id":"https:\/\/brasilnoticias.org\/site\/quase-50-motociclistas-se-reunem-em-racha-na-acm-e-poem-em-risco-vida-das-pessoas\/","url":"https:\/\/brasilnoticias.org\/site\/quase-50-motociclistas-se-reunem-em-racha-na-acm-e-poem-em-risco-vida-das-pessoas\/","name":"Quase 50 motociclistas se re\u00fanem em racha na ACM e p\u00f5em em risco vida das pessoas - Brasil not\u00edcias","isPartOf":{"@id":"https:\/\/brasilnoticias.org\/site\/#website"},"primaryImageOfPage":{"@id":"https:\/\/brasilnoticias.org\/site\/quase-50-motociclistas-se-reunem-em-racha-na-acm-e-poem-em-risco-vida-das-pessoas\/#primaryimage"},"image":{"@id":"https:\/\/brasilnoticias.org\/site\/quase-50-motociclistas-se-reunem-em-racha-na-acm-e-poem-em-risco-vida-das-pessoas\/#primaryimage"},"thumbnailUrl":"https:\/\/brasilnoticias.org\/site\/wp-content\/uploads\/2022\/10\/Capturar-11.jpg","datePublished":"2022-10-15T10:20:14+00:00","breadcrumb":{"@id":"https:\/\/brasilnoticias.org\/site\/quase-50-motociclistas-se-reunem-em-racha-na-acm-e-poem-em-risco-vida-das-pessoas\/#breadcrumb"},"inLanguage":"pt-PT","potentialAction":[{"@type":"ReadAction","target":["https:\/\/brasilnoticias.org\/site\/quase-50-motociclistas-se-reunem-em-racha-na-acm-e-poem-em-risco-vida-das-pessoas\/"]}]},{"@type":"ImageObject","inLanguage":"pt-PT","@id":"https:\/\/brasilnoticias.org\/site\/quase-50-motociclistas-se-reunem-em-racha-na-acm-e-poem-em-risco-vida-das-pessoas\/#primaryimage","url":"https:\/\/brasilnoticias.org\/site\/wp-content\/uploads\/2022\/10\/Capturar-11.jpg","contentUrl":"https:\/\/brasilnoticias.org\/site\/wp-content\/uploads\/2022\/10\/Capturar-11.jpg","width":593,"height":278},{"@type":"BreadcrumbList","@id":"https:\/\/brasilnoticias.org\/site\/quase-50-motociclistas-se-reunem-em-racha-na-acm-e-poem-em-risco-vida-das-pessoas\/#breadcrumb","itemListElement":[{"@type":"ListItem","position":1,"name":"In\u00edcio","item":"https:\/\/brasilnoticias.org\/site\/"},{"@type":"ListItem","position":2,"name":"Quase 50 motociclistas se re\u00fanem em racha na ACM e p\u00f5em em risco vida das pessoas"}]},{"@type":"WebSite","@id":"https:\/\/brasilnoticias.org\/site\/#website","url":"https:\/\/brasilnoticias.org\/site\/","name":"Brasil not\u00edcias","description":"Brasil not\u00edcias","publisher":{"@id":"https:\/\/brasilnoticias.org\/site\/#organization"},"potentialAction":[{"@type":"SearchAction","target":{"@type":"EntryPoint","urlTemplate":"https:\/\/brasilnoticias.org\/site\/?s={search_term_string}"},"query-input":{"@type":"PropertyValueSpecification","valueRequired":true,"valueName":"search_term_string"}}],"inLanguage":"pt-PT"},{"@type":"Organization","@id":"https:\/\/brasilnoticias.org\/site\/#organization","name":"Brasil not\u00edcias","url":"https:\/\/brasilnoticias.org\/site\/","logo":{"@type":"ImageObject","inLanguage":"pt-PT","@id":"https:\/\/brasilnoticias.org\/site\/#\/schema\/logo\/image\/","url":"https:\/\/brasilnoticias.org\/site\/wp-content\/uploads\/2022\/05\/cropped-brasilnoticias-mini.jpg","contentUrl":"https:\/\/brasilnoticias.org\/site\/wp-content\/uploads\/2022\/05\/cropped-brasilnoticias-mini.jpg","width":314,"height":86,"caption":"Brasil not\u00edcias"},"image":{"@id":"https:\/\/brasilnoticias.org\/site\/#\/schema\/logo\/image\/"}},{"@type":"Person","@id":"https:\/\/brasilnoticias.org\/site\/#\/schema\/person\/a0e05b973ec4d15c658d51911e53507b","name":"Reda\u00e7\u00e3o","image":{"@type":"ImageObject","inLanguage":"pt-PT","@id":"https:\/\/brasilnoticias.org\/site\/#\/schema\/person\/image\/","url":"https:\/\/secure.gravatar.com\/avatar\/75d8b050df2de108b08ae78dfb8e374892df24a383c67db9c46a9c604f6aee9c?s=96&d=mm&r=g","contentUrl":"https:\/\/secure.gravatar.com\/avatar\/75d8b050df2de108b08ae78dfb8e374892df24a383c67db9c46a9c604f6aee9c?s=96&d=mm&r=g","caption":"Reda\u00e7\u00e3o"},"sameAs":["https:\/\/brasilnoticias.org\/site"],"url":"https:\/\/brasilnoticias.org\/site\/author\/fernandozsngmail-com\/"}]}},"_links":{"self":[{"href":"https:\/\/brasilnoticias.org\/site\/wp-json\/wp\/v2\/posts\/1892","targetHints":{"allow":["GET"]}}],"collection":[{"href":"https:\/\/brasilnoticias.org\/site\/wp-json\/wp\/v2\/posts"}],"about":[{"href":"https:\/\/brasilnoticias.org\/site\/wp-json\/wp\/v2\/types\/post"}],"author":[{"embeddable":true,"href":"https:\/\/brasilnoticias.org\/site\/wp-json\/wp\/v2\/users\/1"}],"replies":[{"embeddable":true,"href":"https:\/\/brasilnoticias.org\/site\/wp-json\/wp\/v2\/comments?post=1892"}],"version-history":[{"count":1,"href":"https:\/\/brasilnoticias.org\/site\/wp-json\/wp\/v2\/posts\/1892\/revisions"}],"predecessor-version":[{"id":1894,"href":"https:\/\/brasilnoticias.org\/site\/wp-json\/wp\/v2\/posts\/1892\/revisions\/1894"}],"wp:featuredmedia":[{"embeddable":true,"href":"https:\/\/brasilnoticias.org\/site\/wp-json\/wp\/v2\/media\/1893"}],"wp:attachment":[{"href":"https:\/\/brasilnoticias.org\/site\/wp-json\/wp\/v2\/media?parent=1892"}],"wp:term":[{"taxonomy":"category","embeddable":true,"href":"https:\/\/brasilnoticias.org\/site\/wp-json\/wp\/v2\/categories?post=1892"},{"taxonomy":"post_tag","embeddable":true,"href":"https:\/\/brasilnoticias.org\/site\/wp-json\/wp\/v2\/tags?post=1892"}],"curies":[{"name":"wp","href":"https:\/\/api.w.org\/{rel}","templated":true}]}}