{"id":18940,"date":"2025-11-29T21:57:05","date_gmt":"2025-11-30T00:57:05","guid":{"rendered":"https:\/\/brasilnoticias.org\/site\/?p=18940"},"modified":"2025-11-29T21:57:05","modified_gmt":"2025-11-30T00:57:05","slug":"condenada-por-racismo-contra-filha-de-gagliasso-pode-ter-cartoes-bloqueados-divida-ultrapassa-r-500-mil","status":"publish","type":"post","link":"https:\/\/brasilnoticias.org\/site\/condenada-por-racismo-contra-filha-de-gagliasso-pode-ter-cartoes-bloqueados-divida-ultrapassa-r-500-mil\/","title":{"rendered":"Condenada por racismo contra filha de Gagliasso pode ter cart\u00f5es bloqueados; d\u00edvida ultrapassa R$ 500 mil"},"content":{"rendered":"<div>\n<p>Nesta ter\u00e7a-feira (18), uma peti\u00e7\u00e3o apresentada nos nomes de Bruno Gagliasso e Giovanna Ewbank<\/a> solicita \u00e0 Justi\u00e7a exige medidas contra Dayane Alcantara Couto de Andrade, condenada pelo crime de racismo contra a filha do casal, Chissomo. A a\u00e7\u00e3o pode fazer com que o cart\u00e3o de cr\u00e9dito da Day McCarthy seja bloqueado, al\u00e9m de suspender sua autoriza\u00e7\u00e3o para dirigir dos EUA e em pa\u00edses europeus.<\/p>\n<p>A a\u00e7\u00e3o ainda menciona um valor que ultrapassa R$ 500 mil referente a indeniza\u00e7\u00e3o que n\u00e3o foi paga por Dayane. O processo da fam\u00edlia Gagliasso Ewbank ocorreu ap\u00f3s o epis\u00f3dio de racismo que a menina sofreu em 2017,<\/a> ap\u00f3s McCarthy realizar ataques contra a crian\u00e7a nas redes sociais.<\/p>\n<p>Alexandre Celano, advogado de Bruno Gagliasso, comentou sobre a a\u00e7\u00e3o em entrevista ao colunista Ancelmo Gois, do jornal O Globo. &#8220;As medidas coercitivas alternativas est\u00e3o sendo tomadas pela Fam\u00edlia Gagliasso por conta de dois fatores: a inadimpl\u00eancia deliberada e a liberdade que ela ainda tem. As medidas coercitivas visam cercear esta liberdade bloqueando passaportes, a carteira de habilita\u00e7\u00e3o brasileira e uma eventual carteira emitida pelo governo dos Estados Unidos, al\u00e9m da eventual carteira emitida pela Uni\u00e3o Europeia&#8221;, declarou.<\/p>\n<p>Dayane Andrade deve pagar uma indeniza\u00e7\u00e3o<\/a> que ultrapassa R$ 518 mil, ap\u00f3s proferir coment\u00e1rios racistas contra a crian\u00e7a, como &#8220;macaca&#8221; e &#8220;nariz de preto horr\u00edvel&#8221;.<\/p>\n<\/p><\/div>\n","protected":false},"excerpt":{"rendered":"<p>Nesta ter\u00e7a-feira (18), uma peti\u00e7\u00e3o apresentada nos nomes de Bruno Gagliasso e Giovanna Ewbank solicita \u00e0 Justi\u00e7a exige medidas contra<\/p>\n","protected":false},"author":7,"featured_media":18941,"comment_status":"open","ping_status":"open","sticky":false,"template":"","format":"standard","meta":{"colormag_page_container_layout":"default_layout","colormag_page_sidebar_layout":"default_layout","_FSMCFIC_featured_image_caption":"","_FSMCFIC_featured_image_nocaption":"","_FSMCFIC_featured_image_hide":"","footnotes":""},"categories":[1],"tags":[],"class_list":["post-18940","post","type-post","status-publish","format-standard","has-post-thumbnail","hentry","category-ultimas"],"yoast_head":"<!-- This site is optimized with the Yoast SEO plugin v27.1.1 - https:\/\/yoast.com\/product\/yoast-seo-wordpress\/ -->\n<title>Condenada por racismo contra filha de Gagliasso pode ter cart\u00f5es bloqueados; d\u00edvida ultrapassa R$ 500 mil - Brasil not\u00edcias<\/title>\n<meta name=\"robots\" content=\"index, follow, max-snippet:-1, max-image-preview:large, max-video-preview:-1\" \/>\n<link rel=\"canonical\" href=\"https:\/\/brasilnoticias.org\/site\/condenada-por-racismo-contra-filha-de-gagliasso-pode-ter-cartoes-bloqueados-divida-ultrapassa-r-500-mil\/\" \/>\n<meta property=\"og:locale\" content=\"pt_PT\" \/>\n<meta property=\"og:type\" content=\"article\" \/>\n<meta property=\"og:title\" content=\"Condenada por racismo contra filha de Gagliasso pode ter cart\u00f5es bloqueados; d\u00edvida ultrapassa R$ 500 mil - Brasil not\u00edcias\" \/>\n<meta property=\"og:description\" content=\"Nesta ter\u00e7a-feira (18), uma peti\u00e7\u00e3o apresentada nos nomes de Bruno Gagliasso e Giovanna Ewbank solicita \u00e0 Justi\u00e7a exige medidas contra\" \/>\n<meta property=\"og:url\" content=\"https:\/\/brasilnoticias.org\/site\/condenada-por-racismo-contra-filha-de-gagliasso-pode-ter-cartoes-bloqueados-divida-ultrapassa-r-500-mil\/\" \/>\n<meta property=\"og:site_name\" content=\"Brasil not\u00edcias\" \/>\n<meta property=\"article:published_time\" content=\"2025-11-30T00:57:05+00:00\" \/>\n<meta property=\"og:image\" content=\"https:\/\/brasilnoticias.org\/site\/wp-content\/uploads\/2025\/11\/copia-de-capa-posts-1_snf07whz_widelg.jpg\" \/>\n\t<meta property=\"og:image:width\" content=\"800\" \/>\n\t<meta property=\"og:image:height\" content=\"450\" \/>\n\t<meta property=\"og:image:type\" content=\"image\/jpeg\" \/>\n<meta name=\"author\" content=\"Natane Ramos\" \/>\n<meta name=\"twitter:card\" content=\"summary_large_image\" \/>\n<meta name=\"twitter:label1\" content=\"Escrito por\" \/>\n\t<meta name=\"twitter:data1\" content=\"Natane Ramos\" \/>\n\t<meta name=\"twitter:label2\" content=\"Tempo estimado de leitura\" \/>\n\t<meta name=\"twitter:data2\" content=\"1 minuto\" \/>\n<script type=\"application\/ld+json\" class=\"yoast-schema-graph\">{\"@context\":\"https:\/\/schema.org\",\"@graph\":[{\"@type\":\"Article\",\"@id\":\"https:\/\/brasilnoticias.org\/site\/condenada-por-racismo-contra-filha-de-gagliasso-pode-ter-cartoes-bloqueados-divida-ultrapassa-r-500-mil\/#article\",\"isPartOf\":{\"@id\":\"https:\/\/brasilnoticias.org\/site\/condenada-por-racismo-contra-filha-de-gagliasso-pode-ter-cartoes-bloqueados-divida-ultrapassa-r-500-mil\/\"},\"author\":{\"name\":\"Natane Ramos\",\"@id\":\"https:\/\/brasilnoticias.org\/site\/#\/schema\/person\/fcb783e56cf2d4837ff34fab5319a5e2\"},\"headline\":\"Condenada por racismo contra filha de Gagliasso pode ter cart\u00f5es bloqueados; d\u00edvida ultrapassa R$ 500 mil\",\"datePublished\":\"2025-11-30T00:57:05+00:00\",\"mainEntityOfPage\":{\"@id\":\"https:\/\/brasilnoticias.org\/site\/condenada-por-racismo-contra-filha-de-gagliasso-pode-ter-cartoes-bloqueados-divida-ultrapassa-r-500-mil\/\"},\"wordCount\":256,\"commentCount\":0,\"publisher\":{\"@id\":\"https:\/\/brasilnoticias.org\/site\/#organization\"},\"image\":{\"@id\":\"https:\/\/brasilnoticias.org\/site\/condenada-por-racismo-contra-filha-de-gagliasso-pode-ter-cartoes-bloqueados-divida-ultrapassa-r-500-mil\/#primaryimage\"},\"thumbnailUrl\":\"https:\/\/brasilnoticias.org\/site\/wp-content\/uploads\/2025\/11\/copia-de-capa-posts-1_snf07whz_widelg.jpg\",\"articleSection\":[\"\u00daltimas\"],\"inLanguage\":\"pt-PT\",\"potentialAction\":[{\"@type\":\"CommentAction\",\"name\":\"Comment\",\"target\":[\"https:\/\/brasilnoticias.org\/site\/condenada-por-racismo-contra-filha-de-gagliasso-pode-ter-cartoes-bloqueados-divida-ultrapassa-r-500-mil\/#respond\"]}]},{\"@type\":\"WebPage\",\"@id\":\"https:\/\/brasilnoticias.org\/site\/condenada-por-racismo-contra-filha-de-gagliasso-pode-ter-cartoes-bloqueados-divida-ultrapassa-r-500-mil\/\",\"url\":\"https:\/\/brasilnoticias.org\/site\/condenada-por-racismo-contra-filha-de-gagliasso-pode-ter-cartoes-bloqueados-divida-ultrapassa-r-500-mil\/\",\"name\":\"Condenada por racismo contra filha de Gagliasso pode ter cart\u00f5es bloqueados; d\u00edvida ultrapassa R$ 500 mil - Brasil not\u00edcias\",\"isPartOf\":{\"@id\":\"https:\/\/brasilnoticias.org\/site\/#website\"},\"primaryImageOfPage\":{\"@id\":\"https:\/\/brasilnoticias.org\/site\/condenada-por-racismo-contra-filha-de-gagliasso-pode-ter-cartoes-bloqueados-divida-ultrapassa-r-500-mil\/#primaryimage\"},\"image\":{\"@id\":\"https:\/\/brasilnoticias.org\/site\/condenada-por-racismo-contra-filha-de-gagliasso-pode-ter-cartoes-bloqueados-divida-ultrapassa-r-500-mil\/#primaryimage\"},\"thumbnailUrl\":\"https:\/\/brasilnoticias.org\/site\/wp-content\/uploads\/2025\/11\/copia-de-capa-posts-1_snf07whz_widelg.jpg\",\"datePublished\":\"2025-11-30T00:57:05+00:00\",\"breadcrumb\":{\"@id\":\"https:\/\/brasilnoticias.org\/site\/condenada-por-racismo-contra-filha-de-gagliasso-pode-ter-cartoes-bloqueados-divida-ultrapassa-r-500-mil\/#breadcrumb\"},\"inLanguage\":\"pt-PT\",\"potentialAction\":[{\"@type\":\"ReadAction\",\"target\":[\"https:\/\/brasilnoticias.org\/site\/condenada-por-racismo-contra-filha-de-gagliasso-pode-ter-cartoes-bloqueados-divida-ultrapassa-r-500-mil\/\"]}]},{\"@type\":\"ImageObject\",\"inLanguage\":\"pt-PT\",\"@id\":\"https:\/\/brasilnoticias.org\/site\/condenada-por-racismo-contra-filha-de-gagliasso-pode-ter-cartoes-bloqueados-divida-ultrapassa-r-500-mil\/#primaryimage\",\"url\":\"https:\/\/brasilnoticias.org\/site\/wp-content\/uploads\/2025\/11\/copia-de-capa-posts-1_snf07whz_widelg.jpg\",\"contentUrl\":\"https:\/\/brasilnoticias.org\/site\/wp-content\/uploads\/2025\/11\/copia-de-capa-posts-1_snf07whz_widelg.jpg\",\"width\":800,\"height\":450,\"caption\":\"Condenada por racismo contra filha de Gagliasso pode ter cart\u00f5es bloqueados; d\u00edvida ultrapassa R$ 500 mil\"},{\"@type\":\"BreadcrumbList\",\"@id\":\"https:\/\/brasilnoticias.org\/site\/condenada-por-racismo-contra-filha-de-gagliasso-pode-ter-cartoes-bloqueados-divida-ultrapassa-r-500-mil\/#breadcrumb\",\"itemListElement\":[{\"@type\":\"ListItem\",\"position\":1,\"name\":\"In\u00edcio\",\"item\":\"https:\/\/brasilnoticias.org\/site\/\"},{\"@type\":\"ListItem\",\"position\":2,\"name\":\"Condenada por racismo contra filha de Gagliasso pode ter cart\u00f5es bloqueados; d\u00edvida ultrapassa R$ 500 mil\"}]},{\"@type\":\"WebSite\",\"@id\":\"https:\/\/brasilnoticias.org\/site\/#website\",\"url\":\"https:\/\/brasilnoticias.org\/site\/\",\"name\":\"Brasil not\u00edcias\",\"description\":\"Brasil not\u00edcias\",\"publisher\":{\"@id\":\"https:\/\/brasilnoticias.org\/site\/#organization\"},\"potentialAction\":[{\"@type\":\"SearchAction\",\"target\":{\"@type\":\"EntryPoint\",\"urlTemplate\":\"https:\/\/brasilnoticias.org\/site\/?s={search_term_string}\"},\"query-input\":{\"@type\":\"PropertyValueSpecification\",\"valueRequired\":true,\"valueName\":\"search_term_string\"}}],\"inLanguage\":\"pt-PT\"},{\"@type\":\"Organization\",\"@id\":\"https:\/\/brasilnoticias.org\/site\/#organization\",\"name\":\"Brasil not\u00edcias\",\"url\":\"https:\/\/brasilnoticias.org\/site\/\",\"logo\":{\"@type\":\"ImageObject\",\"inLanguage\":\"pt-PT\",\"@id\":\"https:\/\/brasilnoticias.org\/site\/#\/schema\/logo\/image\/\",\"url\":\"https:\/\/brasilnoticias.org\/site\/wp-content\/uploads\/2022\/05\/cropped-brasilnoticias-mini.jpg\",\"contentUrl\":\"https:\/\/brasilnoticias.org\/site\/wp-content\/uploads\/2022\/05\/cropped-brasilnoticias-mini.jpg\",\"width\":314,\"height\":86,\"caption\":\"Brasil not\u00edcias\"},\"image\":{\"@id\":\"https:\/\/brasilnoticias.org\/site\/#\/schema\/logo\/image\/\"}},{\"@type\":\"Person\",\"@id\":\"https:\/\/brasilnoticias.org\/site\/#\/schema\/person\/fcb783e56cf2d4837ff34fab5319a5e2\",\"name\":\"Natane Ramos\",\"image\":{\"@type\":\"ImageObject\",\"inLanguage\":\"pt-PT\",\"@id\":\"https:\/\/brasilnoticias.org\/site\/#\/schema\/person\/image\/\",\"url\":\"https:\/\/secure.gravatar.com\/avatar\/?s=96&d=mm&r=g\",\"contentUrl\":\"https:\/\/secure.gravatar.com\/avatar\/?s=96&d=mm&r=g\",\"caption\":\"Natane Ramos\"},\"url\":\"https:\/\/brasilnoticias.org\/site\/author\/natane_ramos\/\"}]}<\/script>\n<!-- \/ Yoast SEO plugin. -->","yoast_head_json":{"title":"Condenada por racismo contra filha de Gagliasso pode ter cart\u00f5es bloqueados; d\u00edvida ultrapassa R$ 500 mil - Brasil not\u00edcias","robots":{"index":"index","follow":"follow","max-snippet":"max-snippet:-1","max-image-preview":"max-image-preview:large","max-video-preview":"max-video-preview:-1"},"canonical":"https:\/\/brasilnoticias.org\/site\/condenada-por-racismo-contra-filha-de-gagliasso-pode-ter-cartoes-bloqueados-divida-ultrapassa-r-500-mil\/","og_locale":"pt_PT","og_type":"article","og_title":"Condenada por racismo contra filha de Gagliasso pode ter cart\u00f5es bloqueados; d\u00edvida ultrapassa R$ 500 mil - Brasil not\u00edcias","og_description":"Nesta ter\u00e7a-feira (18), uma peti\u00e7\u00e3o apresentada nos nomes de Bruno Gagliasso e Giovanna Ewbank solicita \u00e0 Justi\u00e7a exige medidas contra","og_url":"https:\/\/brasilnoticias.org\/site\/condenada-por-racismo-contra-filha-de-gagliasso-pode-ter-cartoes-bloqueados-divida-ultrapassa-r-500-mil\/","og_site_name":"Brasil not\u00edcias","article_published_time":"2025-11-30T00:57:05+00:00","og_image":[{"width":800,"height":450,"url":"https:\/\/brasilnoticias.org\/site\/wp-content\/uploads\/2025\/11\/copia-de-capa-posts-1_snf07whz_widelg.jpg","type":"image\/jpeg"}],"author":"Natane Ramos","twitter_card":"summary_large_image","twitter_misc":{"Escrito por":"Natane Ramos","Tempo estimado de leitura":"1 minuto"},"schema":{"@context":"https:\/\/schema.org","@graph":[{"@type":"Article","@id":"https:\/\/brasilnoticias.org\/site\/condenada-por-racismo-contra-filha-de-gagliasso-pode-ter-cartoes-bloqueados-divida-ultrapassa-r-500-mil\/#article","isPartOf":{"@id":"https:\/\/brasilnoticias.org\/site\/condenada-por-racismo-contra-filha-de-gagliasso-pode-ter-cartoes-bloqueados-divida-ultrapassa-r-500-mil\/"},"author":{"name":"Natane Ramos","@id":"https:\/\/brasilnoticias.org\/site\/#\/schema\/person\/fcb783e56cf2d4837ff34fab5319a5e2"},"headline":"Condenada por racismo contra filha de Gagliasso pode ter cart\u00f5es bloqueados; d\u00edvida ultrapassa R$ 500 mil","datePublished":"2025-11-30T00:57:05+00:00","mainEntityOfPage":{"@id":"https:\/\/brasilnoticias.org\/site\/condenada-por-racismo-contra-filha-de-gagliasso-pode-ter-cartoes-bloqueados-divida-ultrapassa-r-500-mil\/"},"wordCount":256,"commentCount":0,"publisher":{"@id":"https:\/\/brasilnoticias.org\/site\/#organization"},"image":{"@id":"https:\/\/brasilnoticias.org\/site\/condenada-por-racismo-contra-filha-de-gagliasso-pode-ter-cartoes-bloqueados-divida-ultrapassa-r-500-mil\/#primaryimage"},"thumbnailUrl":"https:\/\/brasilnoticias.org\/site\/wp-content\/uploads\/2025\/11\/copia-de-capa-posts-1_snf07whz_widelg.jpg","articleSection":["\u00daltimas"],"inLanguage":"pt-PT","potentialAction":[{"@type":"CommentAction","name":"Comment","target":["https:\/\/brasilnoticias.org\/site\/condenada-por-racismo-contra-filha-de-gagliasso-pode-ter-cartoes-bloqueados-divida-ultrapassa-r-500-mil\/#respond"]}]},{"@type":"WebPage","@id":"https:\/\/brasilnoticias.org\/site\/condenada-por-racismo-contra-filha-de-gagliasso-pode-ter-cartoes-bloqueados-divida-ultrapassa-r-500-mil\/","url":"https:\/\/brasilnoticias.org\/site\/condenada-por-racismo-contra-filha-de-gagliasso-pode-ter-cartoes-bloqueados-divida-ultrapassa-r-500-mil\/","name":"Condenada por racismo contra filha de Gagliasso pode ter cart\u00f5es bloqueados; d\u00edvida ultrapassa R$ 500 mil - Brasil not\u00edcias","isPartOf":{"@id":"https:\/\/brasilnoticias.org\/site\/#website"},"primaryImageOfPage":{"@id":"https:\/\/brasilnoticias.org\/site\/condenada-por-racismo-contra-filha-de-gagliasso-pode-ter-cartoes-bloqueados-divida-ultrapassa-r-500-mil\/#primaryimage"},"image":{"@id":"https:\/\/brasilnoticias.org\/site\/condenada-por-racismo-contra-filha-de-gagliasso-pode-ter-cartoes-bloqueados-divida-ultrapassa-r-500-mil\/#primaryimage"},"thumbnailUrl":"https:\/\/brasilnoticias.org\/site\/wp-content\/uploads\/2025\/11\/copia-de-capa-posts-1_snf07whz_widelg.jpg","datePublished":"2025-11-30T00:57:05+00:00","breadcrumb":{"@id":"https:\/\/brasilnoticias.org\/site\/condenada-por-racismo-contra-filha-de-gagliasso-pode-ter-cartoes-bloqueados-divida-ultrapassa-r-500-mil\/#breadcrumb"},"inLanguage":"pt-PT","potentialAction":[{"@type":"ReadAction","target":["https:\/\/brasilnoticias.org\/site\/condenada-por-racismo-contra-filha-de-gagliasso-pode-ter-cartoes-bloqueados-divida-ultrapassa-r-500-mil\/"]}]},{"@type":"ImageObject","inLanguage":"pt-PT","@id":"https:\/\/brasilnoticias.org\/site\/condenada-por-racismo-contra-filha-de-gagliasso-pode-ter-cartoes-bloqueados-divida-ultrapassa-r-500-mil\/#primaryimage","url":"https:\/\/brasilnoticias.org\/site\/wp-content\/uploads\/2025\/11\/copia-de-capa-posts-1_snf07whz_widelg.jpg","contentUrl":"https:\/\/brasilnoticias.org\/site\/wp-content\/uploads\/2025\/11\/copia-de-capa-posts-1_snf07whz_widelg.jpg","width":800,"height":450,"caption":"Condenada por racismo contra filha de Gagliasso pode ter cart\u00f5es bloqueados; d\u00edvida ultrapassa R$ 500 mil"},{"@type":"BreadcrumbList","@id":"https:\/\/brasilnoticias.org\/site\/condenada-por-racismo-contra-filha-de-gagliasso-pode-ter-cartoes-bloqueados-divida-ultrapassa-r-500-mil\/#breadcrumb","itemListElement":[{"@type":"ListItem","position":1,"name":"In\u00edcio","item":"https:\/\/brasilnoticias.org\/site\/"},{"@type":"ListItem","position":2,"name":"Condenada por racismo contra filha de Gagliasso pode ter cart\u00f5es bloqueados; d\u00edvida ultrapassa R$ 500 mil"}]},{"@type":"WebSite","@id":"https:\/\/brasilnoticias.org\/site\/#website","url":"https:\/\/brasilnoticias.org\/site\/","name":"Brasil not\u00edcias","description":"Brasil not\u00edcias","publisher":{"@id":"https:\/\/brasilnoticias.org\/site\/#organization"},"potentialAction":[{"@type":"SearchAction","target":{"@type":"EntryPoint","urlTemplate":"https:\/\/brasilnoticias.org\/site\/?s={search_term_string}"},"query-input":{"@type":"PropertyValueSpecification","valueRequired":true,"valueName":"search_term_string"}}],"inLanguage":"pt-PT"},{"@type":"Organization","@id":"https:\/\/brasilnoticias.org\/site\/#organization","name":"Brasil not\u00edcias","url":"https:\/\/brasilnoticias.org\/site\/","logo":{"@type":"ImageObject","inLanguage":"pt-PT","@id":"https:\/\/brasilnoticias.org\/site\/#\/schema\/logo\/image\/","url":"https:\/\/brasilnoticias.org\/site\/wp-content\/uploads\/2022\/05\/cropped-brasilnoticias-mini.jpg","contentUrl":"https:\/\/brasilnoticias.org\/site\/wp-content\/uploads\/2022\/05\/cropped-brasilnoticias-mini.jpg","width":314,"height":86,"caption":"Brasil not\u00edcias"},"image":{"@id":"https:\/\/brasilnoticias.org\/site\/#\/schema\/logo\/image\/"}},{"@type":"Person","@id":"https:\/\/brasilnoticias.org\/site\/#\/schema\/person\/fcb783e56cf2d4837ff34fab5319a5e2","name":"Natane Ramos","image":{"@type":"ImageObject","inLanguage":"pt-PT","@id":"https:\/\/brasilnoticias.org\/site\/#\/schema\/person\/image\/","url":"https:\/\/secure.gravatar.com\/avatar\/?s=96&d=mm&r=g","contentUrl":"https:\/\/secure.gravatar.com\/avatar\/?s=96&d=mm&r=g","caption":"Natane Ramos"},"url":"https:\/\/brasilnoticias.org\/site\/author\/natane_ramos\/"}]}},"_links":{"self":[{"href":"https:\/\/brasilnoticias.org\/site\/wp-json\/wp\/v2\/posts\/18940","targetHints":{"allow":["GET"]}}],"collection":[{"href":"https:\/\/brasilnoticias.org\/site\/wp-json\/wp\/v2\/posts"}],"about":[{"href":"https:\/\/brasilnoticias.org\/site\/wp-json\/wp\/v2\/types\/post"}],"author":[{"embeddable":true,"href":"https:\/\/brasilnoticias.org\/site\/wp-json\/wp\/v2\/users\/7"}],"replies":[{"embeddable":true,"href":"https:\/\/brasilnoticias.org\/site\/wp-json\/wp\/v2\/comments?post=18940"}],"version-history":[{"count":1,"href":"https:\/\/brasilnoticias.org\/site\/wp-json\/wp\/v2\/posts\/18940\/revisions"}],"predecessor-version":[{"id":18942,"href":"https:\/\/brasilnoticias.org\/site\/wp-json\/wp\/v2\/posts\/18940\/revisions\/18942"}],"wp:featuredmedia":[{"embeddable":true,"href":"https:\/\/brasilnoticias.org\/site\/wp-json\/wp\/v2\/media\/18941"}],"wp:attachment":[{"href":"https:\/\/brasilnoticias.org\/site\/wp-json\/wp\/v2\/media?parent=18940"}],"wp:term":[{"taxonomy":"category","embeddable":true,"href":"https:\/\/brasilnoticias.org\/site\/wp-json\/wp\/v2\/categories?post=18940"},{"taxonomy":"post_tag","embeddable":true,"href":"https:\/\/brasilnoticias.org\/site\/wp-json\/wp\/v2\/tags?post=18940"}],"curies":[{"name":"wp","href":"https:\/\/api.w.org\/{rel}","templated":true}]}}