{"id":18960,"date":"2025-11-30T17:49:04","date_gmt":"2025-11-30T20:49:04","guid":{"rendered":"https:\/\/brasilnoticias.org\/site\/?p=18960"},"modified":"2025-11-30T17:49:04","modified_gmt":"2025-11-30T20:49:04","slug":"festa-de-santa-barbara-movimenta-centro-historico-de-salvador-a-partir-de-segunda-feira-confira","status":"publish","type":"post","link":"https:\/\/brasilnoticias.org\/site\/festa-de-santa-barbara-movimenta-centro-historico-de-salvador-a-partir-de-segunda-feira-confira\/","title":{"rendered":"Festa de Santa B\u00e1rbara movimenta Centro Hist\u00f3rico de Salvador a partir de segunda-feira; confira"},"content":{"rendered":"<p>Tr\u00edduo, missas, prociss\u00e3o e apresenta\u00e7\u00f5es culturais integram a programa\u00e7\u00e3o organizada pela Irmandade dos Homens Pretos<\/p>\n<p>A Vener\u00e1vel Ordem Terceira de Nossa Senhora do Ros\u00e1rio dos Pretos realiza, em dezembro, a tradicional Festa de Santa B\u00e1rbara, no Centro Hist\u00f3rico de Salvador. Com o tema \u201cCom Santa B\u00e1rbara, de fronte erguida e rosto sereno, testemunhamos Jesus Cristo, nossa Esperan\u00e7a\u201d, a celebra\u00e7\u00e3o re\u00fane devotos na Igreja do Ros\u00e1rio dos Pretos.<\/p>\n<p>O tr\u00edduo preparat\u00f3rio come\u00e7a nesta segunda-feira (1\u00ba) e segue at\u00e9 quarta (3), sempre com reza do Santo Ter\u00e7o \u00e0s 17h e Santa Missa \u00e0s 18h.<\/p>\n<p>O ponto alto ocorre no dia 4. \u00c0s 6h, haver\u00e1 Alvorada de Fogos, seguida da Salva dos Clarins, \u00e0s 7h. A Missa campal ser\u00e1 celebrada \u00e0s 8h, dando in\u00edcio \u00e0 prociss\u00e3o pelo Pelourinho, passando por ruas como Greg\u00f3rio de Mattos, Jo\u00e3o de Deus, Terreiro de Jesus e Pra\u00e7a da S\u00e9 at\u00e9 a Ladeira da Pra\u00e7a. No Corpo de Bombeiros, na Barroquinha, o cortejo faz parada para homenagear a padroeira da corpora\u00e7\u00e3o antes de seguir para a Baixa dos Sapateiros e retornar \u00e0 igreja. \u00c0 tarde, \u00e0s 15h, ocorre uma apresenta\u00e7\u00e3o cultural.<\/p>\n<p>Santa B\u00e1rbara, uma das santas mais populares do cristianismo, \u00e9 s\u00edmbolo de coragem e resist\u00eancia. Seu mart\u00edrio no s\u00e9culo III alimenta a devo\u00e7\u00e3o que atravessou continentes e chegou ao Brasil com os colonizadores. Em Salvador, a festa \u00e9 marco do calend\u00e1rio religioso e cultural, reunindo milhares de pessoas no Centro Hist\u00f3rico.<\/p>\n<p>Foto: Bruno Concha\/Secom PMS<br \/>\nPor: Metro1<\/p>\n","protected":false},"excerpt":{"rendered":"<p>Tr\u00edduo, missas, prociss\u00e3o e apresenta\u00e7\u00f5es culturais integram a programa\u00e7\u00e3o organizada pela Irmandade dos Homens Pretos A Vener\u00e1vel Ordem Terceira de<\/p>\n","protected":false},"author":4,"featured_media":18961,"comment_status":"open","ping_status":"open","sticky":false,"template":"","format":"standard","meta":{"colormag_page_container_layout":"default_layout","colormag_page_sidebar_layout":"default_layout","_FSMCFIC_featured_image_caption":"","_FSMCFIC_featured_image_nocaption":"","_FSMCFIC_featured_image_hide":"","footnotes":""},"categories":[7,1],"tags":[],"class_list":["post-18960","post","type-post","status-publish","format-standard","has-post-thumbnail","hentry","category-justica","category-ultimas"],"yoast_head":"<!-- This site is optimized with the Yoast SEO plugin v27.1.1 - https:\/\/yoast.com\/product\/yoast-seo-wordpress\/ -->\n<title>Festa de Santa B\u00e1rbara movimenta Centro Hist\u00f3rico de Salvador a partir de segunda-feira; confira - Brasil not\u00edcias<\/title>\n<meta name=\"robots\" content=\"index, follow, max-snippet:-1, max-image-preview:large, max-video-preview:-1\" \/>\n<link rel=\"canonical\" href=\"https:\/\/brasilnoticias.org\/site\/festa-de-santa-barbara-movimenta-centro-historico-de-salvador-a-partir-de-segunda-feira-confira\/\" \/>\n<meta property=\"og:locale\" content=\"pt_PT\" \/>\n<meta property=\"og:type\" content=\"article\" \/>\n<meta property=\"og:title\" content=\"Festa de Santa B\u00e1rbara movimenta Centro Hist\u00f3rico de Salvador a partir de segunda-feira; confira - Brasil not\u00edcias\" \/>\n<meta property=\"og:description\" content=\"Tr\u00edduo, missas, prociss\u00e3o e apresenta\u00e7\u00f5es culturais integram a programa\u00e7\u00e3o organizada pela Irmandade dos Homens Pretos A Vener\u00e1vel Ordem Terceira de\" \/>\n<meta property=\"og:url\" content=\"https:\/\/brasilnoticias.org\/site\/festa-de-santa-barbara-movimenta-centro-historico-de-salvador-a-partir-de-segunda-feira-confira\/\" \/>\n<meta property=\"og:site_name\" content=\"Brasil not\u00edcias\" \/>\n<meta property=\"article:published_time\" content=\"2025-11-30T20:49:04+00:00\" \/>\n<meta property=\"og:image\" content=\"https:\/\/brasilnoticias.org\/site\/wp-content\/uploads\/2025\/11\/174013festa-de-santa-barbara-movimenta-centro-historico-de-salvador-a-partir-de-segunda-feira-confira-3.jpg\" \/>\n\t<meta property=\"og:image:width\" content=\"1600\" \/>\n\t<meta property=\"og:image:height\" content=\"752\" \/>\n\t<meta property=\"og:image:type\" content=\"image\/jpeg\" \/>\n<meta name=\"author\" content=\"Reda\u00e7\u00e3o\" \/>\n<meta name=\"twitter:card\" content=\"summary_large_image\" \/>\n<meta name=\"twitter:label1\" content=\"Escrito por\" \/>\n\t<meta name=\"twitter:data1\" content=\"Reda\u00e7\u00e3o\" \/>\n<script type=\"application\/ld+json\" class=\"yoast-schema-graph\">{\"@context\":\"https:\/\/schema.org\",\"@graph\":[{\"@type\":\"Article\",\"@id\":\"https:\/\/brasilnoticias.org\/site\/festa-de-santa-barbara-movimenta-centro-historico-de-salvador-a-partir-de-segunda-feira-confira\/#article\",\"isPartOf\":{\"@id\":\"https:\/\/brasilnoticias.org\/site\/festa-de-santa-barbara-movimenta-centro-historico-de-salvador-a-partir-de-segunda-feira-confira\/\"},\"author\":{\"name\":\"Reda\u00e7\u00e3o\",\"@id\":\"https:\/\/brasilnoticias.org\/site\/#\/schema\/person\/03bbbfe6c7634ad18c26444ea39049fa\"},\"headline\":\"Festa de Santa B\u00e1rbara movimenta Centro Hist\u00f3rico de Salvador a partir de segunda-feira; confira\",\"datePublished\":\"2025-11-30T20:49:04+00:00\",\"mainEntityOfPage\":{\"@id\":\"https:\/\/brasilnoticias.org\/site\/festa-de-santa-barbara-movimenta-centro-historico-de-salvador-a-partir-de-segunda-feira-confira\/\"},\"wordCount\":282,\"commentCount\":0,\"publisher\":{\"@id\":\"https:\/\/brasilnoticias.org\/site\/#organization\"},\"image\":{\"@id\":\"https:\/\/brasilnoticias.org\/site\/festa-de-santa-barbara-movimenta-centro-historico-de-salvador-a-partir-de-segunda-feira-confira\/#primaryimage\"},\"thumbnailUrl\":\"https:\/\/brasilnoticias.org\/site\/wp-content\/uploads\/2025\/11\/174013festa-de-santa-barbara-movimenta-centro-historico-de-salvador-a-partir-de-segunda-feira-confira-3.jpg\",\"articleSection\":[\"Justi\u00e7a\",\"\u00daltimas\"],\"inLanguage\":\"pt-PT\",\"potentialAction\":[{\"@type\":\"CommentAction\",\"name\":\"Comment\",\"target\":[\"https:\/\/brasilnoticias.org\/site\/festa-de-santa-barbara-movimenta-centro-historico-de-salvador-a-partir-de-segunda-feira-confira\/#respond\"]}]},{\"@type\":\"WebPage\",\"@id\":\"https:\/\/brasilnoticias.org\/site\/festa-de-santa-barbara-movimenta-centro-historico-de-salvador-a-partir-de-segunda-feira-confira\/\",\"url\":\"https:\/\/brasilnoticias.org\/site\/festa-de-santa-barbara-movimenta-centro-historico-de-salvador-a-partir-de-segunda-feira-confira\/\",\"name\":\"Festa de Santa B\u00e1rbara movimenta Centro Hist\u00f3rico de Salvador a partir de segunda-feira; confira - Brasil not\u00edcias\",\"isPartOf\":{\"@id\":\"https:\/\/brasilnoticias.org\/site\/#website\"},\"primaryImageOfPage\":{\"@id\":\"https:\/\/brasilnoticias.org\/site\/festa-de-santa-barbara-movimenta-centro-historico-de-salvador-a-partir-de-segunda-feira-confira\/#primaryimage\"},\"image\":{\"@id\":\"https:\/\/brasilnoticias.org\/site\/festa-de-santa-barbara-movimenta-centro-historico-de-salvador-a-partir-de-segunda-feira-confira\/#primaryimage\"},\"thumbnailUrl\":\"https:\/\/brasilnoticias.org\/site\/wp-content\/uploads\/2025\/11\/174013festa-de-santa-barbara-movimenta-centro-historico-de-salvador-a-partir-de-segunda-feira-confira-3.jpg\",\"datePublished\":\"2025-11-30T20:49:04+00:00\",\"breadcrumb\":{\"@id\":\"https:\/\/brasilnoticias.org\/site\/festa-de-santa-barbara-movimenta-centro-historico-de-salvador-a-partir-de-segunda-feira-confira\/#breadcrumb\"},\"inLanguage\":\"pt-PT\",\"potentialAction\":[{\"@type\":\"ReadAction\",\"target\":[\"https:\/\/brasilnoticias.org\/site\/festa-de-santa-barbara-movimenta-centro-historico-de-salvador-a-partir-de-segunda-feira-confira\/\"]}]},{\"@type\":\"ImageObject\",\"inLanguage\":\"pt-PT\",\"@id\":\"https:\/\/brasilnoticias.org\/site\/festa-de-santa-barbara-movimenta-centro-historico-de-salvador-a-partir-de-segunda-feira-confira\/#primaryimage\",\"url\":\"https:\/\/brasilnoticias.org\/site\/wp-content\/uploads\/2025\/11\/174013festa-de-santa-barbara-movimenta-centro-historico-de-salvador-a-partir-de-segunda-feira-confira-3.jpg\",\"contentUrl\":\"https:\/\/brasilnoticias.org\/site\/wp-content\/uploads\/2025\/11\/174013festa-de-santa-barbara-movimenta-centro-historico-de-salvador-a-partir-de-segunda-feira-confira-3.jpg\",\"width\":1600,\"height\":752},{\"@type\":\"BreadcrumbList\",\"@id\":\"https:\/\/brasilnoticias.org\/site\/festa-de-santa-barbara-movimenta-centro-historico-de-salvador-a-partir-de-segunda-feira-confira\/#breadcrumb\",\"itemListElement\":[{\"@type\":\"ListItem\",\"position\":1,\"name\":\"In\u00edcio\",\"item\":\"https:\/\/brasilnoticias.org\/site\/\"},{\"@type\":\"ListItem\",\"position\":2,\"name\":\"Festa de Santa B\u00e1rbara movimenta Centro Hist\u00f3rico de Salvador a partir de segunda-feira; confira\"}]},{\"@type\":\"WebSite\",\"@id\":\"https:\/\/brasilnoticias.org\/site\/#website\",\"url\":\"https:\/\/brasilnoticias.org\/site\/\",\"name\":\"Brasil not\u00edcias\",\"description\":\"Brasil not\u00edcias\",\"publisher\":{\"@id\":\"https:\/\/brasilnoticias.org\/site\/#organization\"},\"potentialAction\":[{\"@type\":\"SearchAction\",\"target\":{\"@type\":\"EntryPoint\",\"urlTemplate\":\"https:\/\/brasilnoticias.org\/site\/?s={search_term_string}\"},\"query-input\":{\"@type\":\"PropertyValueSpecification\",\"valueRequired\":true,\"valueName\":\"search_term_string\"}}],\"inLanguage\":\"pt-PT\"},{\"@type\":\"Organization\",\"@id\":\"https:\/\/brasilnoticias.org\/site\/#organization\",\"name\":\"Brasil not\u00edcias\",\"url\":\"https:\/\/brasilnoticias.org\/site\/\",\"logo\":{\"@type\":\"ImageObject\",\"inLanguage\":\"pt-PT\",\"@id\":\"https:\/\/brasilnoticias.org\/site\/#\/schema\/logo\/image\/\",\"url\":\"https:\/\/brasilnoticias.org\/site\/wp-content\/uploads\/2022\/05\/cropped-brasilnoticias-mini.jpg\",\"contentUrl\":\"https:\/\/brasilnoticias.org\/site\/wp-content\/uploads\/2022\/05\/cropped-brasilnoticias-mini.jpg\",\"width\":314,\"height\":86,\"caption\":\"Brasil not\u00edcias\"},\"image\":{\"@id\":\"https:\/\/brasilnoticias.org\/site\/#\/schema\/logo\/image\/\"}},{\"@type\":\"Person\",\"@id\":\"https:\/\/brasilnoticias.org\/site\/#\/schema\/person\/03bbbfe6c7634ad18c26444ea39049fa\",\"name\":\"Reda\u00e7\u00e3o\",\"image\":{\"@type\":\"ImageObject\",\"inLanguage\":\"pt-PT\",\"@id\":\"https:\/\/brasilnoticias.org\/site\/#\/schema\/person\/image\/\",\"url\":\"https:\/\/secure.gravatar.com\/avatar\/9ecaf7327a696cb23ad926fedded5f1f04d7049de9e445375d55b48c001a6e42?s=96&d=mm&r=g\",\"contentUrl\":\"https:\/\/secure.gravatar.com\/avatar\/9ecaf7327a696cb23ad926fedded5f1f04d7049de9e445375d55b48c001a6e42?s=96&d=mm&r=g\",\"caption\":\"Reda\u00e7\u00e3o\"},\"url\":\"https:\/\/brasilnoticias.org\/site\/author\/henrique\/\"}]}<\/script>\n<!-- \/ Yoast SEO plugin. -->","yoast_head_json":{"title":"Festa de Santa B\u00e1rbara movimenta Centro Hist\u00f3rico de Salvador a partir de segunda-feira; confira - Brasil not\u00edcias","robots":{"index":"index","follow":"follow","max-snippet":"max-snippet:-1","max-image-preview":"max-image-preview:large","max-video-preview":"max-video-preview:-1"},"canonical":"https:\/\/brasilnoticias.org\/site\/festa-de-santa-barbara-movimenta-centro-historico-de-salvador-a-partir-de-segunda-feira-confira\/","og_locale":"pt_PT","og_type":"article","og_title":"Festa de Santa B\u00e1rbara movimenta Centro Hist\u00f3rico de Salvador a partir de segunda-feira; confira - Brasil not\u00edcias","og_description":"Tr\u00edduo, missas, prociss\u00e3o e apresenta\u00e7\u00f5es culturais integram a programa\u00e7\u00e3o organizada pela Irmandade dos Homens Pretos A Vener\u00e1vel Ordem Terceira de","og_url":"https:\/\/brasilnoticias.org\/site\/festa-de-santa-barbara-movimenta-centro-historico-de-salvador-a-partir-de-segunda-feira-confira\/","og_site_name":"Brasil not\u00edcias","article_published_time":"2025-11-30T20:49:04+00:00","og_image":[{"width":1600,"height":752,"url":"https:\/\/brasilnoticias.org\/site\/wp-content\/uploads\/2025\/11\/174013festa-de-santa-barbara-movimenta-centro-historico-de-salvador-a-partir-de-segunda-feira-confira-3.jpg","type":"image\/jpeg"}],"author":"Reda\u00e7\u00e3o","twitter_card":"summary_large_image","twitter_misc":{"Escrito por":"Reda\u00e7\u00e3o"},"schema":{"@context":"https:\/\/schema.org","@graph":[{"@type":"Article","@id":"https:\/\/brasilnoticias.org\/site\/festa-de-santa-barbara-movimenta-centro-historico-de-salvador-a-partir-de-segunda-feira-confira\/#article","isPartOf":{"@id":"https:\/\/brasilnoticias.org\/site\/festa-de-santa-barbara-movimenta-centro-historico-de-salvador-a-partir-de-segunda-feira-confira\/"},"author":{"name":"Reda\u00e7\u00e3o","@id":"https:\/\/brasilnoticias.org\/site\/#\/schema\/person\/03bbbfe6c7634ad18c26444ea39049fa"},"headline":"Festa de Santa B\u00e1rbara movimenta Centro Hist\u00f3rico de Salvador a partir de segunda-feira; confira","datePublished":"2025-11-30T20:49:04+00:00","mainEntityOfPage":{"@id":"https:\/\/brasilnoticias.org\/site\/festa-de-santa-barbara-movimenta-centro-historico-de-salvador-a-partir-de-segunda-feira-confira\/"},"wordCount":282,"commentCount":0,"publisher":{"@id":"https:\/\/brasilnoticias.org\/site\/#organization"},"image":{"@id":"https:\/\/brasilnoticias.org\/site\/festa-de-santa-barbara-movimenta-centro-historico-de-salvador-a-partir-de-segunda-feira-confira\/#primaryimage"},"thumbnailUrl":"https:\/\/brasilnoticias.org\/site\/wp-content\/uploads\/2025\/11\/174013festa-de-santa-barbara-movimenta-centro-historico-de-salvador-a-partir-de-segunda-feira-confira-3.jpg","articleSection":["Justi\u00e7a","\u00daltimas"],"inLanguage":"pt-PT","potentialAction":[{"@type":"CommentAction","name":"Comment","target":["https:\/\/brasilnoticias.org\/site\/festa-de-santa-barbara-movimenta-centro-historico-de-salvador-a-partir-de-segunda-feira-confira\/#respond"]}]},{"@type":"WebPage","@id":"https:\/\/brasilnoticias.org\/site\/festa-de-santa-barbara-movimenta-centro-historico-de-salvador-a-partir-de-segunda-feira-confira\/","url":"https:\/\/brasilnoticias.org\/site\/festa-de-santa-barbara-movimenta-centro-historico-de-salvador-a-partir-de-segunda-feira-confira\/","name":"Festa de Santa B\u00e1rbara movimenta Centro Hist\u00f3rico de Salvador a partir de segunda-feira; confira - Brasil not\u00edcias","isPartOf":{"@id":"https:\/\/brasilnoticias.org\/site\/#website"},"primaryImageOfPage":{"@id":"https:\/\/brasilnoticias.org\/site\/festa-de-santa-barbara-movimenta-centro-historico-de-salvador-a-partir-de-segunda-feira-confira\/#primaryimage"},"image":{"@id":"https:\/\/brasilnoticias.org\/site\/festa-de-santa-barbara-movimenta-centro-historico-de-salvador-a-partir-de-segunda-feira-confira\/#primaryimage"},"thumbnailUrl":"https:\/\/brasilnoticias.org\/site\/wp-content\/uploads\/2025\/11\/174013festa-de-santa-barbara-movimenta-centro-historico-de-salvador-a-partir-de-segunda-feira-confira-3.jpg","datePublished":"2025-11-30T20:49:04+00:00","breadcrumb":{"@id":"https:\/\/brasilnoticias.org\/site\/festa-de-santa-barbara-movimenta-centro-historico-de-salvador-a-partir-de-segunda-feira-confira\/#breadcrumb"},"inLanguage":"pt-PT","potentialAction":[{"@type":"ReadAction","target":["https:\/\/brasilnoticias.org\/site\/festa-de-santa-barbara-movimenta-centro-historico-de-salvador-a-partir-de-segunda-feira-confira\/"]}]},{"@type":"ImageObject","inLanguage":"pt-PT","@id":"https:\/\/brasilnoticias.org\/site\/festa-de-santa-barbara-movimenta-centro-historico-de-salvador-a-partir-de-segunda-feira-confira\/#primaryimage","url":"https:\/\/brasilnoticias.org\/site\/wp-content\/uploads\/2025\/11\/174013festa-de-santa-barbara-movimenta-centro-historico-de-salvador-a-partir-de-segunda-feira-confira-3.jpg","contentUrl":"https:\/\/brasilnoticias.org\/site\/wp-content\/uploads\/2025\/11\/174013festa-de-santa-barbara-movimenta-centro-historico-de-salvador-a-partir-de-segunda-feira-confira-3.jpg","width":1600,"height":752},{"@type":"BreadcrumbList","@id":"https:\/\/brasilnoticias.org\/site\/festa-de-santa-barbara-movimenta-centro-historico-de-salvador-a-partir-de-segunda-feira-confira\/#breadcrumb","itemListElement":[{"@type":"ListItem","position":1,"name":"In\u00edcio","item":"https:\/\/brasilnoticias.org\/site\/"},{"@type":"ListItem","position":2,"name":"Festa de Santa B\u00e1rbara movimenta Centro Hist\u00f3rico de Salvador a partir de segunda-feira; confira"}]},{"@type":"WebSite","@id":"https:\/\/brasilnoticias.org\/site\/#website","url":"https:\/\/brasilnoticias.org\/site\/","name":"Brasil not\u00edcias","description":"Brasil not\u00edcias","publisher":{"@id":"https:\/\/brasilnoticias.org\/site\/#organization"},"potentialAction":[{"@type":"SearchAction","target":{"@type":"EntryPoint","urlTemplate":"https:\/\/brasilnoticias.org\/site\/?s={search_term_string}"},"query-input":{"@type":"PropertyValueSpecification","valueRequired":true,"valueName":"search_term_string"}}],"inLanguage":"pt-PT"},{"@type":"Organization","@id":"https:\/\/brasilnoticias.org\/site\/#organization","name":"Brasil not\u00edcias","url":"https:\/\/brasilnoticias.org\/site\/","logo":{"@type":"ImageObject","inLanguage":"pt-PT","@id":"https:\/\/brasilnoticias.org\/site\/#\/schema\/logo\/image\/","url":"https:\/\/brasilnoticias.org\/site\/wp-content\/uploads\/2022\/05\/cropped-brasilnoticias-mini.jpg","contentUrl":"https:\/\/brasilnoticias.org\/site\/wp-content\/uploads\/2022\/05\/cropped-brasilnoticias-mini.jpg","width":314,"height":86,"caption":"Brasil not\u00edcias"},"image":{"@id":"https:\/\/brasilnoticias.org\/site\/#\/schema\/logo\/image\/"}},{"@type":"Person","@id":"https:\/\/brasilnoticias.org\/site\/#\/schema\/person\/03bbbfe6c7634ad18c26444ea39049fa","name":"Reda\u00e7\u00e3o","image":{"@type":"ImageObject","inLanguage":"pt-PT","@id":"https:\/\/brasilnoticias.org\/site\/#\/schema\/person\/image\/","url":"https:\/\/secure.gravatar.com\/avatar\/9ecaf7327a696cb23ad926fedded5f1f04d7049de9e445375d55b48c001a6e42?s=96&d=mm&r=g","contentUrl":"https:\/\/secure.gravatar.com\/avatar\/9ecaf7327a696cb23ad926fedded5f1f04d7049de9e445375d55b48c001a6e42?s=96&d=mm&r=g","caption":"Reda\u00e7\u00e3o"},"url":"https:\/\/brasilnoticias.org\/site\/author\/henrique\/"}]}},"_links":{"self":[{"href":"https:\/\/brasilnoticias.org\/site\/wp-json\/wp\/v2\/posts\/18960","targetHints":{"allow":["GET"]}}],"collection":[{"href":"https:\/\/brasilnoticias.org\/site\/wp-json\/wp\/v2\/posts"}],"about":[{"href":"https:\/\/brasilnoticias.org\/site\/wp-json\/wp\/v2\/types\/post"}],"author":[{"embeddable":true,"href":"https:\/\/brasilnoticias.org\/site\/wp-json\/wp\/v2\/users\/4"}],"replies":[{"embeddable":true,"href":"https:\/\/brasilnoticias.org\/site\/wp-json\/wp\/v2\/comments?post=18960"}],"version-history":[{"count":1,"href":"https:\/\/brasilnoticias.org\/site\/wp-json\/wp\/v2\/posts\/18960\/revisions"}],"predecessor-version":[{"id":18962,"href":"https:\/\/brasilnoticias.org\/site\/wp-json\/wp\/v2\/posts\/18960\/revisions\/18962"}],"wp:featuredmedia":[{"embeddable":true,"href":"https:\/\/brasilnoticias.org\/site\/wp-json\/wp\/v2\/media\/18961"}],"wp:attachment":[{"href":"https:\/\/brasilnoticias.org\/site\/wp-json\/wp\/v2\/media?parent=18960"}],"wp:term":[{"taxonomy":"category","embeddable":true,"href":"https:\/\/brasilnoticias.org\/site\/wp-json\/wp\/v2\/categories?post=18960"},{"taxonomy":"post_tag","embeddable":true,"href":"https:\/\/brasilnoticias.org\/site\/wp-json\/wp\/v2\/tags?post=18960"}],"curies":[{"name":"wp","href":"https:\/\/api.w.org\/{rel}","templated":true}]}}