{"id":18963,"date":"2025-11-30T17:50:44","date_gmt":"2025-11-30T20:50:44","guid":{"rendered":"https:\/\/brasilnoticias.org\/site\/?p=18963"},"modified":"2025-11-30T17:50:44","modified_gmt":"2025-11-30T20:50:44","slug":"dal-barreto-nega-vinculo-com-refinaria-investigada-e-suspeita-de-ataque-de-concorrencia","status":"publish","type":"post","link":"https:\/\/brasilnoticias.org\/site\/dal-barreto-nega-vinculo-com-refinaria-investigada-e-suspeita-de-ataque-de-concorrencia\/","title":{"rendered":"Dal Barreto nega v\u00ednculo com refinaria investigada e suspeita de &#8216;ataque de concorr\u00eancia&#8217;"},"content":{"rendered":"<p>Deputado do Uni\u00e3o Brasil diz que nunca teve rela\u00e7\u00e3o com a Refit e afirma que sua rede de postos atua com fornecedores da Bahia; PF segue apura\u00e7\u00e3o no \u00e2mbito da Opera\u00e7\u00e3o Po\u00e7o do Lobato<\/p>\n<p>O deputado federal Dal Barreto (Uni\u00e3o Brasil-BA) se posicionou, neste domingo (30), ap\u00f3s ter o nome citado nas investiga\u00e7\u00f5es da Opera\u00e7\u00e3o Po\u00e7o do Lobato, da Pol\u00edcia Federal. Como revelou a Globonews, o nome do parlamentar apareceu assinado em uma das janelas de vidro do escrit\u00f3rio da Refit \u2014 empresa investigada no inqu\u00e9rito \u2014, no centro do Rio de Janeiro .<\/p>\n<p>O parlamentar baiano negou qualquer liga\u00e7\u00e3o com a refinaria. \u201cQuero deixar claro que n\u00e3o conhe\u00e7o essa empresa, n\u00e3o conhe\u00e7o seus dirigentes e seu propriet\u00e1rio. Nunca tive nenhum tipo de neg\u00f3cio com essa empresa\u201d, afirmou.<\/p>\n<p>O deputado declarou ainda que sua rede de postos de gasolina atua regularmente no mercado e compra combust\u00edveis de refinarias da Bahia. Ele sugeriu que o epis\u00f3dio pode ter sido provocado por interesses comerciais. \u201cSuspeito de um estudo de concorr\u00eancia, justamente por nossas empresas de postos de gasolina\u201d, disse.<\/p>\n<p>Mesmo assim, refor\u00e7ou que est\u00e1 \u00e0 disposi\u00e7\u00e3o das autoridades. \u201cReafirmo meu compromisso com a transpar\u00eancia e me coloco \u00e0 disposi\u00e7\u00e3o para todos os esclarecimentos. Confio no trabalho das institui\u00e7\u00f5es\u201d, concluiu.<\/p>\n<p>Entenda o caso<\/p>\n<p>Uma imagem apreendida pela Pol\u00edcia Federal na Opera\u00e7\u00e3o Po\u00e7o de Lobato mostra o nome do deputado Dal Barreto escrito em uma das janelas do escrit\u00f3rio da Refit, no Rio de Janeiro. A refinaria, antiga Manguinhos, \u00e9 uma das maiores devedoras de tributos do pa\u00eds e movimentou mais de R$ 70 bilh\u00f5es em um ano por meio de empresas e offshores. Investigadores apontam que as anota\u00e7\u00f5es \u2014 que incluem listas de pessoas, empresas, \u00f3rg\u00e3os p\u00fablicos e at\u00e9 \u201cmapeamentos\u201d do Judici\u00e1rio e de procuradorias \u2014 fazem parte de um levantamento interno da companhia.<\/p>\n<p>A PF ainda n\u00e3o sabe por que o nome do parlamentar aparece, mas a principal hip\u00f3tese \u00e9 de que ele tenha sido listado como concorrente comercial, j\u00e1 que Dal atua no mercado de combust\u00edveis no Nordeste, \u00e1rea onde o dono da Refit, Ricardo Magro, buscava expandir opera\u00e7\u00f5es. O deputado n\u00e3o \u00e9 alvo da Po\u00e7o de Lobato, mas responde a outra investiga\u00e7\u00e3o: a sexta fase da Opera\u00e7\u00e3o Overclean, na Bahia. Nessa a\u00e7\u00e3o, policiais apreenderam seu celular no aeroporto de Salvador e cumpriram mandados em im\u00f3veis e postos ligados ao parlamentar em Amargosa. A Overclean apura suspeitas de fraudes, desvios, corrup\u00e7\u00e3o e lavagem de dinheiro. Dal nega qualquer envolvimento e afirma estar \u00e0 disposi\u00e7\u00e3o das autoridades.<\/p>\n<p>Foto: Reprodu\u00e7\u00e3o \/ Globo News<br \/>\nFonte: <a href=\"https:\/\/www.blogdovila.com.br\/noticia\/dal-refit\">Blog do Vila<\/a><\/p>\n","protected":false},"excerpt":{"rendered":"<p>Deputado do Uni\u00e3o Brasil diz que nunca teve rela\u00e7\u00e3o com a Refit e afirma que sua rede de postos atua<\/p>\n","protected":false},"author":4,"featured_media":18964,"comment_status":"open","ping_status":"open","sticky":false,"template":"","format":"standard","meta":{"colormag_page_container_layout":"default_layout","colormag_page_sidebar_layout":"default_layout","_FSMCFIC_featured_image_caption":"","_FSMCFIC_featured_image_nocaption":"","_FSMCFIC_featured_image_hide":"","footnotes":""},"categories":[5,1],"tags":[],"class_list":["post-18963","post","type-post","status-publish","format-standard","has-post-thumbnail","hentry","category-politica","category-ultimas"],"yoast_head":"<!-- This site is optimized with the Yoast SEO plugin v27.1.1 - https:\/\/yoast.com\/product\/yoast-seo-wordpress\/ -->\n<title>Dal Barreto nega v\u00ednculo com refinaria investigada e suspeita de &#039;ataque de concorr\u00eancia&#039; - Brasil not\u00edcias<\/title>\n<meta name=\"robots\" content=\"index, follow, max-snippet:-1, max-image-preview:large, max-video-preview:-1\" \/>\n<link rel=\"canonical\" href=\"https:\/\/brasilnoticias.org\/site\/dal-barreto-nega-vinculo-com-refinaria-investigada-e-suspeita-de-ataque-de-concorrencia\/\" \/>\n<meta property=\"og:locale\" content=\"pt_PT\" \/>\n<meta property=\"og:type\" content=\"article\" \/>\n<meta property=\"og:title\" content=\"Dal Barreto nega v\u00ednculo com refinaria investigada e suspeita de &#039;ataque de concorr\u00eancia&#039; - Brasil not\u00edcias\" \/>\n<meta property=\"og:description\" content=\"Deputado do Uni\u00e3o Brasil diz que nunca teve rela\u00e7\u00e3o com a Refit e afirma que sua rede de postos atua\" \/>\n<meta property=\"og:url\" content=\"https:\/\/brasilnoticias.org\/site\/dal-barreto-nega-vinculo-com-refinaria-investigada-e-suspeita-de-ataque-de-concorrencia\/\" \/>\n<meta property=\"og:site_name\" content=\"Brasil not\u00edcias\" \/>\n<meta property=\"article:published_time\" content=\"2025-11-30T20:50:44+00:00\" \/>\n<meta property=\"og:image\" content=\"https:\/\/brasilnoticias.org\/site\/wp-content\/uploads\/2025\/11\/whatsapp-image-2025-11-28-at-15.37.33.jpg\" \/>\n\t<meta property=\"og:image:width\" content=\"984\" \/>\n\t<meta property=\"og:image:height\" content=\"554\" \/>\n\t<meta property=\"og:image:type\" content=\"image\/jpeg\" \/>\n<meta name=\"author\" content=\"Reda\u00e7\u00e3o\" \/>\n<meta name=\"twitter:card\" content=\"summary_large_image\" \/>\n<meta name=\"twitter:label1\" content=\"Escrito por\" \/>\n\t<meta name=\"twitter:data1\" content=\"Reda\u00e7\u00e3o\" \/>\n\t<meta name=\"twitter:label2\" content=\"Tempo estimado de leitura\" \/>\n\t<meta name=\"twitter:data2\" content=\"1 minuto\" \/>\n<script type=\"application\/ld+json\" class=\"yoast-schema-graph\">{\"@context\":\"https:\/\/schema.org\",\"@graph\":[{\"@type\":\"Article\",\"@id\":\"https:\/\/brasilnoticias.org\/site\/dal-barreto-nega-vinculo-com-refinaria-investigada-e-suspeita-de-ataque-de-concorrencia\/#article\",\"isPartOf\":{\"@id\":\"https:\/\/brasilnoticias.org\/site\/dal-barreto-nega-vinculo-com-refinaria-investigada-e-suspeita-de-ataque-de-concorrencia\/\"},\"author\":{\"name\":\"Reda\u00e7\u00e3o\",\"@id\":\"https:\/\/brasilnoticias.org\/site\/#\/schema\/person\/03bbbfe6c7634ad18c26444ea39049fa\"},\"headline\":\"Dal Barreto nega v\u00ednculo com refinaria investigada e suspeita de &#8216;ataque de concorr\u00eancia&#8217;\",\"datePublished\":\"2025-11-30T20:50:44+00:00\",\"mainEntityOfPage\":{\"@id\":\"https:\/\/brasilnoticias.org\/site\/dal-barreto-nega-vinculo-com-refinaria-investigada-e-suspeita-de-ataque-de-concorrencia\/\"},\"wordCount\":476,\"commentCount\":0,\"publisher\":{\"@id\":\"https:\/\/brasilnoticias.org\/site\/#organization\"},\"image\":{\"@id\":\"https:\/\/brasilnoticias.org\/site\/dal-barreto-nega-vinculo-com-refinaria-investigada-e-suspeita-de-ataque-de-concorrencia\/#primaryimage\"},\"thumbnailUrl\":\"https:\/\/brasilnoticias.org\/site\/wp-content\/uploads\/2025\/11\/whatsapp-image-2025-11-28-at-15.37.33.jpg\",\"articleSection\":[\"Pol\u00edtica\",\"\u00daltimas\"],\"inLanguage\":\"pt-PT\",\"potentialAction\":[{\"@type\":\"CommentAction\",\"name\":\"Comment\",\"target\":[\"https:\/\/brasilnoticias.org\/site\/dal-barreto-nega-vinculo-com-refinaria-investigada-e-suspeita-de-ataque-de-concorrencia\/#respond\"]}]},{\"@type\":\"WebPage\",\"@id\":\"https:\/\/brasilnoticias.org\/site\/dal-barreto-nega-vinculo-com-refinaria-investigada-e-suspeita-de-ataque-de-concorrencia\/\",\"url\":\"https:\/\/brasilnoticias.org\/site\/dal-barreto-nega-vinculo-com-refinaria-investigada-e-suspeita-de-ataque-de-concorrencia\/\",\"name\":\"Dal Barreto nega v\u00ednculo com refinaria investigada e suspeita de 'ataque de concorr\u00eancia' - Brasil not\u00edcias\",\"isPartOf\":{\"@id\":\"https:\/\/brasilnoticias.org\/site\/#website\"},\"primaryImageOfPage\":{\"@id\":\"https:\/\/brasilnoticias.org\/site\/dal-barreto-nega-vinculo-com-refinaria-investigada-e-suspeita-de-ataque-de-concorrencia\/#primaryimage\"},\"image\":{\"@id\":\"https:\/\/brasilnoticias.org\/site\/dal-barreto-nega-vinculo-com-refinaria-investigada-e-suspeita-de-ataque-de-concorrencia\/#primaryimage\"},\"thumbnailUrl\":\"https:\/\/brasilnoticias.org\/site\/wp-content\/uploads\/2025\/11\/whatsapp-image-2025-11-28-at-15.37.33.jpg\",\"datePublished\":\"2025-11-30T20:50:44+00:00\",\"breadcrumb\":{\"@id\":\"https:\/\/brasilnoticias.org\/site\/dal-barreto-nega-vinculo-com-refinaria-investigada-e-suspeita-de-ataque-de-concorrencia\/#breadcrumb\"},\"inLanguage\":\"pt-PT\",\"potentialAction\":[{\"@type\":\"ReadAction\",\"target\":[\"https:\/\/brasilnoticias.org\/site\/dal-barreto-nega-vinculo-com-refinaria-investigada-e-suspeita-de-ataque-de-concorrencia\/\"]}]},{\"@type\":\"ImageObject\",\"inLanguage\":\"pt-PT\",\"@id\":\"https:\/\/brasilnoticias.org\/site\/dal-barreto-nega-vinculo-com-refinaria-investigada-e-suspeita-de-ataque-de-concorrencia\/#primaryimage\",\"url\":\"https:\/\/brasilnoticias.org\/site\/wp-content\/uploads\/2025\/11\/whatsapp-image-2025-11-28-at-15.37.33.jpg\",\"contentUrl\":\"https:\/\/brasilnoticias.org\/site\/wp-content\/uploads\/2025\/11\/whatsapp-image-2025-11-28-at-15.37.33.jpg\",\"width\":984,\"height\":554},{\"@type\":\"BreadcrumbList\",\"@id\":\"https:\/\/brasilnoticias.org\/site\/dal-barreto-nega-vinculo-com-refinaria-investigada-e-suspeita-de-ataque-de-concorrencia\/#breadcrumb\",\"itemListElement\":[{\"@type\":\"ListItem\",\"position\":1,\"name\":\"In\u00edcio\",\"item\":\"https:\/\/brasilnoticias.org\/site\/\"},{\"@type\":\"ListItem\",\"position\":2,\"name\":\"Dal Barreto nega v\u00ednculo com refinaria investigada e suspeita de &#8216;ataque de concorr\u00eancia&#8217;\"}]},{\"@type\":\"WebSite\",\"@id\":\"https:\/\/brasilnoticias.org\/site\/#website\",\"url\":\"https:\/\/brasilnoticias.org\/site\/\",\"name\":\"Brasil not\u00edcias\",\"description\":\"Brasil not\u00edcias\",\"publisher\":{\"@id\":\"https:\/\/brasilnoticias.org\/site\/#organization\"},\"potentialAction\":[{\"@type\":\"SearchAction\",\"target\":{\"@type\":\"EntryPoint\",\"urlTemplate\":\"https:\/\/brasilnoticias.org\/site\/?s={search_term_string}\"},\"query-input\":{\"@type\":\"PropertyValueSpecification\",\"valueRequired\":true,\"valueName\":\"search_term_string\"}}],\"inLanguage\":\"pt-PT\"},{\"@type\":\"Organization\",\"@id\":\"https:\/\/brasilnoticias.org\/site\/#organization\",\"name\":\"Brasil not\u00edcias\",\"url\":\"https:\/\/brasilnoticias.org\/site\/\",\"logo\":{\"@type\":\"ImageObject\",\"inLanguage\":\"pt-PT\",\"@id\":\"https:\/\/brasilnoticias.org\/site\/#\/schema\/logo\/image\/\",\"url\":\"https:\/\/brasilnoticias.org\/site\/wp-content\/uploads\/2022\/05\/cropped-brasilnoticias-mini.jpg\",\"contentUrl\":\"https:\/\/brasilnoticias.org\/site\/wp-content\/uploads\/2022\/05\/cropped-brasilnoticias-mini.jpg\",\"width\":314,\"height\":86,\"caption\":\"Brasil not\u00edcias\"},\"image\":{\"@id\":\"https:\/\/brasilnoticias.org\/site\/#\/schema\/logo\/image\/\"}},{\"@type\":\"Person\",\"@id\":\"https:\/\/brasilnoticias.org\/site\/#\/schema\/person\/03bbbfe6c7634ad18c26444ea39049fa\",\"name\":\"Reda\u00e7\u00e3o\",\"image\":{\"@type\":\"ImageObject\",\"inLanguage\":\"pt-PT\",\"@id\":\"https:\/\/brasilnoticias.org\/site\/#\/schema\/person\/image\/\",\"url\":\"https:\/\/secure.gravatar.com\/avatar\/9ecaf7327a696cb23ad926fedded5f1f04d7049de9e445375d55b48c001a6e42?s=96&d=mm&r=g\",\"contentUrl\":\"https:\/\/secure.gravatar.com\/avatar\/9ecaf7327a696cb23ad926fedded5f1f04d7049de9e445375d55b48c001a6e42?s=96&d=mm&r=g\",\"caption\":\"Reda\u00e7\u00e3o\"},\"url\":\"https:\/\/brasilnoticias.org\/site\/author\/henrique\/\"}]}<\/script>\n<!-- \/ Yoast SEO plugin. -->","yoast_head_json":{"title":"Dal Barreto nega v\u00ednculo com refinaria investigada e suspeita de 'ataque de concorr\u00eancia' - Brasil not\u00edcias","robots":{"index":"index","follow":"follow","max-snippet":"max-snippet:-1","max-image-preview":"max-image-preview:large","max-video-preview":"max-video-preview:-1"},"canonical":"https:\/\/brasilnoticias.org\/site\/dal-barreto-nega-vinculo-com-refinaria-investigada-e-suspeita-de-ataque-de-concorrencia\/","og_locale":"pt_PT","og_type":"article","og_title":"Dal Barreto nega v\u00ednculo com refinaria investigada e suspeita de 'ataque de concorr\u00eancia' - Brasil not\u00edcias","og_description":"Deputado do Uni\u00e3o Brasil diz que nunca teve rela\u00e7\u00e3o com a Refit e afirma que sua rede de postos atua","og_url":"https:\/\/brasilnoticias.org\/site\/dal-barreto-nega-vinculo-com-refinaria-investigada-e-suspeita-de-ataque-de-concorrencia\/","og_site_name":"Brasil not\u00edcias","article_published_time":"2025-11-30T20:50:44+00:00","og_image":[{"width":984,"height":554,"url":"https:\/\/brasilnoticias.org\/site\/wp-content\/uploads\/2025\/11\/whatsapp-image-2025-11-28-at-15.37.33.jpg","type":"image\/jpeg"}],"author":"Reda\u00e7\u00e3o","twitter_card":"summary_large_image","twitter_misc":{"Escrito por":"Reda\u00e7\u00e3o","Tempo estimado de leitura":"1 minuto"},"schema":{"@context":"https:\/\/schema.org","@graph":[{"@type":"Article","@id":"https:\/\/brasilnoticias.org\/site\/dal-barreto-nega-vinculo-com-refinaria-investigada-e-suspeita-de-ataque-de-concorrencia\/#article","isPartOf":{"@id":"https:\/\/brasilnoticias.org\/site\/dal-barreto-nega-vinculo-com-refinaria-investigada-e-suspeita-de-ataque-de-concorrencia\/"},"author":{"name":"Reda\u00e7\u00e3o","@id":"https:\/\/brasilnoticias.org\/site\/#\/schema\/person\/03bbbfe6c7634ad18c26444ea39049fa"},"headline":"Dal Barreto nega v\u00ednculo com refinaria investigada e suspeita de &#8216;ataque de concorr\u00eancia&#8217;","datePublished":"2025-11-30T20:50:44+00:00","mainEntityOfPage":{"@id":"https:\/\/brasilnoticias.org\/site\/dal-barreto-nega-vinculo-com-refinaria-investigada-e-suspeita-de-ataque-de-concorrencia\/"},"wordCount":476,"commentCount":0,"publisher":{"@id":"https:\/\/brasilnoticias.org\/site\/#organization"},"image":{"@id":"https:\/\/brasilnoticias.org\/site\/dal-barreto-nega-vinculo-com-refinaria-investigada-e-suspeita-de-ataque-de-concorrencia\/#primaryimage"},"thumbnailUrl":"https:\/\/brasilnoticias.org\/site\/wp-content\/uploads\/2025\/11\/whatsapp-image-2025-11-28-at-15.37.33.jpg","articleSection":["Pol\u00edtica","\u00daltimas"],"inLanguage":"pt-PT","potentialAction":[{"@type":"CommentAction","name":"Comment","target":["https:\/\/brasilnoticias.org\/site\/dal-barreto-nega-vinculo-com-refinaria-investigada-e-suspeita-de-ataque-de-concorrencia\/#respond"]}]},{"@type":"WebPage","@id":"https:\/\/brasilnoticias.org\/site\/dal-barreto-nega-vinculo-com-refinaria-investigada-e-suspeita-de-ataque-de-concorrencia\/","url":"https:\/\/brasilnoticias.org\/site\/dal-barreto-nega-vinculo-com-refinaria-investigada-e-suspeita-de-ataque-de-concorrencia\/","name":"Dal Barreto nega v\u00ednculo com refinaria investigada e suspeita de 'ataque de concorr\u00eancia' - Brasil not\u00edcias","isPartOf":{"@id":"https:\/\/brasilnoticias.org\/site\/#website"},"primaryImageOfPage":{"@id":"https:\/\/brasilnoticias.org\/site\/dal-barreto-nega-vinculo-com-refinaria-investigada-e-suspeita-de-ataque-de-concorrencia\/#primaryimage"},"image":{"@id":"https:\/\/brasilnoticias.org\/site\/dal-barreto-nega-vinculo-com-refinaria-investigada-e-suspeita-de-ataque-de-concorrencia\/#primaryimage"},"thumbnailUrl":"https:\/\/brasilnoticias.org\/site\/wp-content\/uploads\/2025\/11\/whatsapp-image-2025-11-28-at-15.37.33.jpg","datePublished":"2025-11-30T20:50:44+00:00","breadcrumb":{"@id":"https:\/\/brasilnoticias.org\/site\/dal-barreto-nega-vinculo-com-refinaria-investigada-e-suspeita-de-ataque-de-concorrencia\/#breadcrumb"},"inLanguage":"pt-PT","potentialAction":[{"@type":"ReadAction","target":["https:\/\/brasilnoticias.org\/site\/dal-barreto-nega-vinculo-com-refinaria-investigada-e-suspeita-de-ataque-de-concorrencia\/"]}]},{"@type":"ImageObject","inLanguage":"pt-PT","@id":"https:\/\/brasilnoticias.org\/site\/dal-barreto-nega-vinculo-com-refinaria-investigada-e-suspeita-de-ataque-de-concorrencia\/#primaryimage","url":"https:\/\/brasilnoticias.org\/site\/wp-content\/uploads\/2025\/11\/whatsapp-image-2025-11-28-at-15.37.33.jpg","contentUrl":"https:\/\/brasilnoticias.org\/site\/wp-content\/uploads\/2025\/11\/whatsapp-image-2025-11-28-at-15.37.33.jpg","width":984,"height":554},{"@type":"BreadcrumbList","@id":"https:\/\/brasilnoticias.org\/site\/dal-barreto-nega-vinculo-com-refinaria-investigada-e-suspeita-de-ataque-de-concorrencia\/#breadcrumb","itemListElement":[{"@type":"ListItem","position":1,"name":"In\u00edcio","item":"https:\/\/brasilnoticias.org\/site\/"},{"@type":"ListItem","position":2,"name":"Dal Barreto nega v\u00ednculo com refinaria investigada e suspeita de &#8216;ataque de concorr\u00eancia&#8217;"}]},{"@type":"WebSite","@id":"https:\/\/brasilnoticias.org\/site\/#website","url":"https:\/\/brasilnoticias.org\/site\/","name":"Brasil not\u00edcias","description":"Brasil not\u00edcias","publisher":{"@id":"https:\/\/brasilnoticias.org\/site\/#organization"},"potentialAction":[{"@type":"SearchAction","target":{"@type":"EntryPoint","urlTemplate":"https:\/\/brasilnoticias.org\/site\/?s={search_term_string}"},"query-input":{"@type":"PropertyValueSpecification","valueRequired":true,"valueName":"search_term_string"}}],"inLanguage":"pt-PT"},{"@type":"Organization","@id":"https:\/\/brasilnoticias.org\/site\/#organization","name":"Brasil not\u00edcias","url":"https:\/\/brasilnoticias.org\/site\/","logo":{"@type":"ImageObject","inLanguage":"pt-PT","@id":"https:\/\/brasilnoticias.org\/site\/#\/schema\/logo\/image\/","url":"https:\/\/brasilnoticias.org\/site\/wp-content\/uploads\/2022\/05\/cropped-brasilnoticias-mini.jpg","contentUrl":"https:\/\/brasilnoticias.org\/site\/wp-content\/uploads\/2022\/05\/cropped-brasilnoticias-mini.jpg","width":314,"height":86,"caption":"Brasil not\u00edcias"},"image":{"@id":"https:\/\/brasilnoticias.org\/site\/#\/schema\/logo\/image\/"}},{"@type":"Person","@id":"https:\/\/brasilnoticias.org\/site\/#\/schema\/person\/03bbbfe6c7634ad18c26444ea39049fa","name":"Reda\u00e7\u00e3o","image":{"@type":"ImageObject","inLanguage":"pt-PT","@id":"https:\/\/brasilnoticias.org\/site\/#\/schema\/person\/image\/","url":"https:\/\/secure.gravatar.com\/avatar\/9ecaf7327a696cb23ad926fedded5f1f04d7049de9e445375d55b48c001a6e42?s=96&d=mm&r=g","contentUrl":"https:\/\/secure.gravatar.com\/avatar\/9ecaf7327a696cb23ad926fedded5f1f04d7049de9e445375d55b48c001a6e42?s=96&d=mm&r=g","caption":"Reda\u00e7\u00e3o"},"url":"https:\/\/brasilnoticias.org\/site\/author\/henrique\/"}]}},"_links":{"self":[{"href":"https:\/\/brasilnoticias.org\/site\/wp-json\/wp\/v2\/posts\/18963","targetHints":{"allow":["GET"]}}],"collection":[{"href":"https:\/\/brasilnoticias.org\/site\/wp-json\/wp\/v2\/posts"}],"about":[{"href":"https:\/\/brasilnoticias.org\/site\/wp-json\/wp\/v2\/types\/post"}],"author":[{"embeddable":true,"href":"https:\/\/brasilnoticias.org\/site\/wp-json\/wp\/v2\/users\/4"}],"replies":[{"embeddable":true,"href":"https:\/\/brasilnoticias.org\/site\/wp-json\/wp\/v2\/comments?post=18963"}],"version-history":[{"count":1,"href":"https:\/\/brasilnoticias.org\/site\/wp-json\/wp\/v2\/posts\/18963\/revisions"}],"predecessor-version":[{"id":18965,"href":"https:\/\/brasilnoticias.org\/site\/wp-json\/wp\/v2\/posts\/18963\/revisions\/18965"}],"wp:featuredmedia":[{"embeddable":true,"href":"https:\/\/brasilnoticias.org\/site\/wp-json\/wp\/v2\/media\/18964"}],"wp:attachment":[{"href":"https:\/\/brasilnoticias.org\/site\/wp-json\/wp\/v2\/media?parent=18963"}],"wp:term":[{"taxonomy":"category","embeddable":true,"href":"https:\/\/brasilnoticias.org\/site\/wp-json\/wp\/v2\/categories?post=18963"},{"taxonomy":"post_tag","embeddable":true,"href":"https:\/\/brasilnoticias.org\/site\/wp-json\/wp\/v2\/tags?post=18963"}],"curies":[{"name":"wp","href":"https:\/\/api.w.org\/{rel}","templated":true}]}}