{"id":18966,"date":"2025-11-30T21:57:07","date_gmt":"2025-12-01T00:57:07","guid":{"rendered":"https:\/\/brasilnoticias.org\/site\/?p=18966"},"modified":"2025-11-30T21:57:07","modified_gmt":"2025-12-01T00:57:07","slug":"vereadora-de-salvador-pode-entrar-na-disputa-pelo-senado-em-2026-saiba-quem","status":"publish","type":"post","link":"https:\/\/brasilnoticias.org\/site\/vereadora-de-salvador-pode-entrar-na-disputa-pelo-senado-em-2026-saiba-quem\/","title":{"rendered":"Vereadora de Salvador pode entrar na disputa pelo Senado em 2026; saiba quem"},"content":{"rendered":"<div>\n<p>A l\u00edder da oposi\u00e7\u00e3o na C\u00e2mara Municipal de Salvador (CMS), Aladilce Souza (PCdoB)<\/a>, pode ser mais um nome na disputa pelo Senado na Bahia em 2026.<\/p>\n<p>Informa\u00e7\u00f5es apuradas pelo<strong> BNews<\/strong> d\u00e3o conta que a ideia \u00e9 que Aladilce Souza traga alguma movimenta\u00e7\u00e3o para o cen\u00e1rio pol\u00edtico, principalmente, pela aus\u00eancia de mulheres na corrida pelo Senado.<\/p>\n<p>No entanto, nos bastidores, a avalia\u00e7\u00e3o \u00e9 que a aposta n\u00e3o ser\u00e1 nada f\u00e1cil, uma vez que a candidatura seria lan\u00e7ada de forma mais independente, sem entrar no imbr\u00f3glio envolvendo Angelo Coronel (PSD) e Rui Costa para chapa majorit\u00e1ria do grupo pol\u00edtico de Jer\u00f4nimo Rodrigues (PT).<\/a><\/p>\n<p>Os aliados da comunista t\u00eam trabalhado para conseguir apoio da dire\u00e7\u00e3o do partido para dar um \u201cg\u00e1s\u201d na candidatura.<\/p>\n<p>Conforme apurado pelo <strong>BNews<\/strong>, uma eventual entrada de Aladilce Souza para a C\u00e2mara dos Deputados est\u00e1 descartada devido ao compromissos da vereadora com correligion\u00e1rios como a deputada federal Alice Portugal, que tentar\u00e1 \u00e0 reelei\u00e7\u00e3o e 2026, e Ol\u00edvia Santana, que deixar\u00e1 a Assembleia Legislativa da Bahia (ALBA) para tentar uma cadeira na casa legislativa federal.<\/p>\n<blockquote class=\"instagram-media\" data-instgrm-captioned=\"\" data-instgrm-permalink=\"https:\/\/www.instagram.com\/reel\/DQmkYY0D4t6\/?utm_source=ig_embed&amp;utm_campaign=loading\" data-instgrm-version=\"14\" style=\"border: 0;border-radius: 3px;margin: 1px;max-width: 540px;min-width: 326px;padding: 0;width: calc(100% - 2px)\"><\/blockquote><\/div>\n","protected":false},"excerpt":{"rendered":"<p>A l\u00edder da oposi\u00e7\u00e3o na C\u00e2mara Municipal de Salvador (CMS), Aladilce Souza (PCdoB), pode ser mais um nome na disputa<\/p>\n","protected":false},"author":43,"featured_media":18967,"comment_status":"open","ping_status":"open","sticky":false,"template":"","format":"standard","meta":{"colormag_page_container_layout":"default_layout","colormag_page_sidebar_layout":"default_layout","_FSMCFIC_featured_image_caption":"","_FSMCFIC_featured_image_nocaption":"","_FSMCFIC_featured_image_hide":"","footnotes":""},"categories":[1],"tags":[],"class_list":["post-18966","post","type-post","status-publish","format-standard","has-post-thumbnail","hentry","category-ultimas"],"yoast_head":"<!-- This site is optimized with the Yoast SEO plugin v27.1.1 - https:\/\/yoast.com\/product\/yoast-seo-wordpress\/ -->\n<title>Vereadora de Salvador pode entrar na disputa pelo Senado em 2026; saiba quem - Brasil not\u00edcias<\/title>\n<meta name=\"robots\" content=\"index, follow, max-snippet:-1, max-image-preview:large, max-video-preview:-1\" \/>\n<link rel=\"canonical\" href=\"https:\/\/brasilnoticias.org\/site\/vereadora-de-salvador-pode-entrar-na-disputa-pelo-senado-em-2026-saiba-quem\/\" \/>\n<meta property=\"og:locale\" content=\"pt_PT\" \/>\n<meta property=\"og:type\" content=\"article\" \/>\n<meta property=\"og:title\" content=\"Vereadora de Salvador pode entrar na disputa pelo Senado em 2026; saiba quem - Brasil not\u00edcias\" \/>\n<meta property=\"og:description\" content=\"A l\u00edder da oposi\u00e7\u00e3o na C\u00e2mara Municipal de Salvador (CMS), Aladilce Souza (PCdoB), pode ser mais um nome na disputa\" \/>\n<meta property=\"og:url\" content=\"https:\/\/brasilnoticias.org\/site\/vereadora-de-salvador-pode-entrar-na-disputa-pelo-senado-em-2026-saiba-quem\/\" \/>\n<meta property=\"og:site_name\" content=\"Brasil not\u00edcias\" \/>\n<meta property=\"article:published_time\" content=\"2025-12-01T00:57:07+00:00\" \/>\n<meta property=\"og:image\" content=\"https:\/\/brasilnoticias.org\/site\/wp-content\/uploads\/2025\/11\/camaradesalvador-carolinapapa-1_widelg_widelg.jpeg\" \/>\n\t<meta property=\"og:image:width\" content=\"800\" \/>\n\t<meta property=\"og:image:height\" content=\"450\" \/>\n\t<meta property=\"og:image:type\" content=\"image\/jpeg\" \/>\n<meta name=\"author\" content=\"Carolina Papa\" \/>\n<meta name=\"twitter:card\" content=\"summary_large_image\" \/>\n<meta name=\"twitter:label1\" content=\"Escrito por\" \/>\n\t<meta name=\"twitter:data1\" content=\"Carolina Papa\" \/>\n\t<meta name=\"twitter:label2\" content=\"Tempo estimado de leitura\" \/>\n\t<meta name=\"twitter:data2\" content=\"1 minuto\" \/>\n<script type=\"application\/ld+json\" class=\"yoast-schema-graph\">{\"@context\":\"https:\/\/schema.org\",\"@graph\":[{\"@type\":\"Article\",\"@id\":\"https:\/\/brasilnoticias.org\/site\/vereadora-de-salvador-pode-entrar-na-disputa-pelo-senado-em-2026-saiba-quem\/#article\",\"isPartOf\":{\"@id\":\"https:\/\/brasilnoticias.org\/site\/vereadora-de-salvador-pode-entrar-na-disputa-pelo-senado-em-2026-saiba-quem\/\"},\"author\":{\"name\":\"Carolina Papa\",\"@id\":\"https:\/\/brasilnoticias.org\/site\/#\/schema\/person\/655d6e89e45ac1cdec70aa28b8c83291\"},\"headline\":\"Vereadora de Salvador pode entrar na disputa pelo Senado em 2026; saiba quem\",\"datePublished\":\"2025-12-01T00:57:07+00:00\",\"mainEntityOfPage\":{\"@id\":\"https:\/\/brasilnoticias.org\/site\/vereadora-de-salvador-pode-entrar-na-disputa-pelo-senado-em-2026-saiba-quem\/\"},\"wordCount\":206,\"commentCount\":0,\"publisher\":{\"@id\":\"https:\/\/brasilnoticias.org\/site\/#organization\"},\"image\":{\"@id\":\"https:\/\/brasilnoticias.org\/site\/vereadora-de-salvador-pode-entrar-na-disputa-pelo-senado-em-2026-saiba-quem\/#primaryimage\"},\"thumbnailUrl\":\"https:\/\/brasilnoticias.org\/site\/wp-content\/uploads\/2025\/11\/camaradesalvador-carolinapapa-1_widelg_widelg.jpeg\",\"articleSection\":[\"\u00daltimas\"],\"inLanguage\":\"pt-PT\",\"potentialAction\":[{\"@type\":\"CommentAction\",\"name\":\"Comment\",\"target\":[\"https:\/\/brasilnoticias.org\/site\/vereadora-de-salvador-pode-entrar-na-disputa-pelo-senado-em-2026-saiba-quem\/#respond\"]}]},{\"@type\":\"WebPage\",\"@id\":\"https:\/\/brasilnoticias.org\/site\/vereadora-de-salvador-pode-entrar-na-disputa-pelo-senado-em-2026-saiba-quem\/\",\"url\":\"https:\/\/brasilnoticias.org\/site\/vereadora-de-salvador-pode-entrar-na-disputa-pelo-senado-em-2026-saiba-quem\/\",\"name\":\"Vereadora de Salvador pode entrar na disputa pelo Senado em 2026; saiba quem - Brasil not\u00edcias\",\"isPartOf\":{\"@id\":\"https:\/\/brasilnoticias.org\/site\/#website\"},\"primaryImageOfPage\":{\"@id\":\"https:\/\/brasilnoticias.org\/site\/vereadora-de-salvador-pode-entrar-na-disputa-pelo-senado-em-2026-saiba-quem\/#primaryimage\"},\"image\":{\"@id\":\"https:\/\/brasilnoticias.org\/site\/vereadora-de-salvador-pode-entrar-na-disputa-pelo-senado-em-2026-saiba-quem\/#primaryimage\"},\"thumbnailUrl\":\"https:\/\/brasilnoticias.org\/site\/wp-content\/uploads\/2025\/11\/camaradesalvador-carolinapapa-1_widelg_widelg.jpeg\",\"datePublished\":\"2025-12-01T00:57:07+00:00\",\"breadcrumb\":{\"@id\":\"https:\/\/brasilnoticias.org\/site\/vereadora-de-salvador-pode-entrar-na-disputa-pelo-senado-em-2026-saiba-quem\/#breadcrumb\"},\"inLanguage\":\"pt-PT\",\"potentialAction\":[{\"@type\":\"ReadAction\",\"target\":[\"https:\/\/brasilnoticias.org\/site\/vereadora-de-salvador-pode-entrar-na-disputa-pelo-senado-em-2026-saiba-quem\/\"]}]},{\"@type\":\"ImageObject\",\"inLanguage\":\"pt-PT\",\"@id\":\"https:\/\/brasilnoticias.org\/site\/vereadora-de-salvador-pode-entrar-na-disputa-pelo-senado-em-2026-saiba-quem\/#primaryimage\",\"url\":\"https:\/\/brasilnoticias.org\/site\/wp-content\/uploads\/2025\/11\/camaradesalvador-carolinapapa-1_widelg_widelg.jpeg\",\"contentUrl\":\"https:\/\/brasilnoticias.org\/site\/wp-content\/uploads\/2025\/11\/camaradesalvador-carolinapapa-1_widelg_widelg.jpeg\",\"width\":800,\"height\":450,\"caption\":\"Vereadora de Salvador pode entrar na disputa pelo Senado em 2026; saiba quem\"},{\"@type\":\"BreadcrumbList\",\"@id\":\"https:\/\/brasilnoticias.org\/site\/vereadora-de-salvador-pode-entrar-na-disputa-pelo-senado-em-2026-saiba-quem\/#breadcrumb\",\"itemListElement\":[{\"@type\":\"ListItem\",\"position\":1,\"name\":\"In\u00edcio\",\"item\":\"https:\/\/brasilnoticias.org\/site\/\"},{\"@type\":\"ListItem\",\"position\":2,\"name\":\"Vereadora de Salvador pode entrar na disputa pelo Senado em 2026; saiba quem\"}]},{\"@type\":\"WebSite\",\"@id\":\"https:\/\/brasilnoticias.org\/site\/#website\",\"url\":\"https:\/\/brasilnoticias.org\/site\/\",\"name\":\"Brasil not\u00edcias\",\"description\":\"Brasil not\u00edcias\",\"publisher\":{\"@id\":\"https:\/\/brasilnoticias.org\/site\/#organization\"},\"potentialAction\":[{\"@type\":\"SearchAction\",\"target\":{\"@type\":\"EntryPoint\",\"urlTemplate\":\"https:\/\/brasilnoticias.org\/site\/?s={search_term_string}\"},\"query-input\":{\"@type\":\"PropertyValueSpecification\",\"valueRequired\":true,\"valueName\":\"search_term_string\"}}],\"inLanguage\":\"pt-PT\"},{\"@type\":\"Organization\",\"@id\":\"https:\/\/brasilnoticias.org\/site\/#organization\",\"name\":\"Brasil not\u00edcias\",\"url\":\"https:\/\/brasilnoticias.org\/site\/\",\"logo\":{\"@type\":\"ImageObject\",\"inLanguage\":\"pt-PT\",\"@id\":\"https:\/\/brasilnoticias.org\/site\/#\/schema\/logo\/image\/\",\"url\":\"https:\/\/brasilnoticias.org\/site\/wp-content\/uploads\/2022\/05\/cropped-brasilnoticias-mini.jpg\",\"contentUrl\":\"https:\/\/brasilnoticias.org\/site\/wp-content\/uploads\/2022\/05\/cropped-brasilnoticias-mini.jpg\",\"width\":314,\"height\":86,\"caption\":\"Brasil not\u00edcias\"},\"image\":{\"@id\":\"https:\/\/brasilnoticias.org\/site\/#\/schema\/logo\/image\/\"}},{\"@type\":\"Person\",\"@id\":\"https:\/\/brasilnoticias.org\/site\/#\/schema\/person\/655d6e89e45ac1cdec70aa28b8c83291\",\"name\":\"Carolina Papa\",\"image\":{\"@type\":\"ImageObject\",\"inLanguage\":\"pt-PT\",\"@id\":\"https:\/\/brasilnoticias.org\/site\/#\/schema\/person\/image\/\",\"url\":\"https:\/\/secure.gravatar.com\/avatar\/?s=96&d=mm&r=g\",\"contentUrl\":\"https:\/\/secure.gravatar.com\/avatar\/?s=96&d=mm&r=g\",\"caption\":\"Carolina Papa\"},\"url\":\"https:\/\/brasilnoticias.org\/site\/author\/carolina_papa\/\"}]}<\/script>\n<!-- \/ Yoast SEO plugin. -->","yoast_head_json":{"title":"Vereadora de Salvador pode entrar na disputa pelo Senado em 2026; saiba quem - Brasil not\u00edcias","robots":{"index":"index","follow":"follow","max-snippet":"max-snippet:-1","max-image-preview":"max-image-preview:large","max-video-preview":"max-video-preview:-1"},"canonical":"https:\/\/brasilnoticias.org\/site\/vereadora-de-salvador-pode-entrar-na-disputa-pelo-senado-em-2026-saiba-quem\/","og_locale":"pt_PT","og_type":"article","og_title":"Vereadora de Salvador pode entrar na disputa pelo Senado em 2026; saiba quem - Brasil not\u00edcias","og_description":"A l\u00edder da oposi\u00e7\u00e3o na C\u00e2mara Municipal de Salvador (CMS), Aladilce Souza (PCdoB), pode ser mais um nome na disputa","og_url":"https:\/\/brasilnoticias.org\/site\/vereadora-de-salvador-pode-entrar-na-disputa-pelo-senado-em-2026-saiba-quem\/","og_site_name":"Brasil not\u00edcias","article_published_time":"2025-12-01T00:57:07+00:00","og_image":[{"width":800,"height":450,"url":"https:\/\/brasilnoticias.org\/site\/wp-content\/uploads\/2025\/11\/camaradesalvador-carolinapapa-1_widelg_widelg.jpeg","type":"image\/jpeg"}],"author":"Carolina Papa","twitter_card":"summary_large_image","twitter_misc":{"Escrito por":"Carolina Papa","Tempo estimado de leitura":"1 minuto"},"schema":{"@context":"https:\/\/schema.org","@graph":[{"@type":"Article","@id":"https:\/\/brasilnoticias.org\/site\/vereadora-de-salvador-pode-entrar-na-disputa-pelo-senado-em-2026-saiba-quem\/#article","isPartOf":{"@id":"https:\/\/brasilnoticias.org\/site\/vereadora-de-salvador-pode-entrar-na-disputa-pelo-senado-em-2026-saiba-quem\/"},"author":{"name":"Carolina Papa","@id":"https:\/\/brasilnoticias.org\/site\/#\/schema\/person\/655d6e89e45ac1cdec70aa28b8c83291"},"headline":"Vereadora de Salvador pode entrar na disputa pelo Senado em 2026; saiba quem","datePublished":"2025-12-01T00:57:07+00:00","mainEntityOfPage":{"@id":"https:\/\/brasilnoticias.org\/site\/vereadora-de-salvador-pode-entrar-na-disputa-pelo-senado-em-2026-saiba-quem\/"},"wordCount":206,"commentCount":0,"publisher":{"@id":"https:\/\/brasilnoticias.org\/site\/#organization"},"image":{"@id":"https:\/\/brasilnoticias.org\/site\/vereadora-de-salvador-pode-entrar-na-disputa-pelo-senado-em-2026-saiba-quem\/#primaryimage"},"thumbnailUrl":"https:\/\/brasilnoticias.org\/site\/wp-content\/uploads\/2025\/11\/camaradesalvador-carolinapapa-1_widelg_widelg.jpeg","articleSection":["\u00daltimas"],"inLanguage":"pt-PT","potentialAction":[{"@type":"CommentAction","name":"Comment","target":["https:\/\/brasilnoticias.org\/site\/vereadora-de-salvador-pode-entrar-na-disputa-pelo-senado-em-2026-saiba-quem\/#respond"]}]},{"@type":"WebPage","@id":"https:\/\/brasilnoticias.org\/site\/vereadora-de-salvador-pode-entrar-na-disputa-pelo-senado-em-2026-saiba-quem\/","url":"https:\/\/brasilnoticias.org\/site\/vereadora-de-salvador-pode-entrar-na-disputa-pelo-senado-em-2026-saiba-quem\/","name":"Vereadora de Salvador pode entrar na disputa pelo Senado em 2026; saiba quem - Brasil not\u00edcias","isPartOf":{"@id":"https:\/\/brasilnoticias.org\/site\/#website"},"primaryImageOfPage":{"@id":"https:\/\/brasilnoticias.org\/site\/vereadora-de-salvador-pode-entrar-na-disputa-pelo-senado-em-2026-saiba-quem\/#primaryimage"},"image":{"@id":"https:\/\/brasilnoticias.org\/site\/vereadora-de-salvador-pode-entrar-na-disputa-pelo-senado-em-2026-saiba-quem\/#primaryimage"},"thumbnailUrl":"https:\/\/brasilnoticias.org\/site\/wp-content\/uploads\/2025\/11\/camaradesalvador-carolinapapa-1_widelg_widelg.jpeg","datePublished":"2025-12-01T00:57:07+00:00","breadcrumb":{"@id":"https:\/\/brasilnoticias.org\/site\/vereadora-de-salvador-pode-entrar-na-disputa-pelo-senado-em-2026-saiba-quem\/#breadcrumb"},"inLanguage":"pt-PT","potentialAction":[{"@type":"ReadAction","target":["https:\/\/brasilnoticias.org\/site\/vereadora-de-salvador-pode-entrar-na-disputa-pelo-senado-em-2026-saiba-quem\/"]}]},{"@type":"ImageObject","inLanguage":"pt-PT","@id":"https:\/\/brasilnoticias.org\/site\/vereadora-de-salvador-pode-entrar-na-disputa-pelo-senado-em-2026-saiba-quem\/#primaryimage","url":"https:\/\/brasilnoticias.org\/site\/wp-content\/uploads\/2025\/11\/camaradesalvador-carolinapapa-1_widelg_widelg.jpeg","contentUrl":"https:\/\/brasilnoticias.org\/site\/wp-content\/uploads\/2025\/11\/camaradesalvador-carolinapapa-1_widelg_widelg.jpeg","width":800,"height":450,"caption":"Vereadora de Salvador pode entrar na disputa pelo Senado em 2026; saiba quem"},{"@type":"BreadcrumbList","@id":"https:\/\/brasilnoticias.org\/site\/vereadora-de-salvador-pode-entrar-na-disputa-pelo-senado-em-2026-saiba-quem\/#breadcrumb","itemListElement":[{"@type":"ListItem","position":1,"name":"In\u00edcio","item":"https:\/\/brasilnoticias.org\/site\/"},{"@type":"ListItem","position":2,"name":"Vereadora de Salvador pode entrar na disputa pelo Senado em 2026; saiba quem"}]},{"@type":"WebSite","@id":"https:\/\/brasilnoticias.org\/site\/#website","url":"https:\/\/brasilnoticias.org\/site\/","name":"Brasil not\u00edcias","description":"Brasil not\u00edcias","publisher":{"@id":"https:\/\/brasilnoticias.org\/site\/#organization"},"potentialAction":[{"@type":"SearchAction","target":{"@type":"EntryPoint","urlTemplate":"https:\/\/brasilnoticias.org\/site\/?s={search_term_string}"},"query-input":{"@type":"PropertyValueSpecification","valueRequired":true,"valueName":"search_term_string"}}],"inLanguage":"pt-PT"},{"@type":"Organization","@id":"https:\/\/brasilnoticias.org\/site\/#organization","name":"Brasil not\u00edcias","url":"https:\/\/brasilnoticias.org\/site\/","logo":{"@type":"ImageObject","inLanguage":"pt-PT","@id":"https:\/\/brasilnoticias.org\/site\/#\/schema\/logo\/image\/","url":"https:\/\/brasilnoticias.org\/site\/wp-content\/uploads\/2022\/05\/cropped-brasilnoticias-mini.jpg","contentUrl":"https:\/\/brasilnoticias.org\/site\/wp-content\/uploads\/2022\/05\/cropped-brasilnoticias-mini.jpg","width":314,"height":86,"caption":"Brasil not\u00edcias"},"image":{"@id":"https:\/\/brasilnoticias.org\/site\/#\/schema\/logo\/image\/"}},{"@type":"Person","@id":"https:\/\/brasilnoticias.org\/site\/#\/schema\/person\/655d6e89e45ac1cdec70aa28b8c83291","name":"Carolina Papa","image":{"@type":"ImageObject","inLanguage":"pt-PT","@id":"https:\/\/brasilnoticias.org\/site\/#\/schema\/person\/image\/","url":"https:\/\/secure.gravatar.com\/avatar\/?s=96&d=mm&r=g","contentUrl":"https:\/\/secure.gravatar.com\/avatar\/?s=96&d=mm&r=g","caption":"Carolina Papa"},"url":"https:\/\/brasilnoticias.org\/site\/author\/carolina_papa\/"}]}},"_links":{"self":[{"href":"https:\/\/brasilnoticias.org\/site\/wp-json\/wp\/v2\/posts\/18966","targetHints":{"allow":["GET"]}}],"collection":[{"href":"https:\/\/brasilnoticias.org\/site\/wp-json\/wp\/v2\/posts"}],"about":[{"href":"https:\/\/brasilnoticias.org\/site\/wp-json\/wp\/v2\/types\/post"}],"author":[{"embeddable":true,"href":"https:\/\/brasilnoticias.org\/site\/wp-json\/wp\/v2\/users\/43"}],"replies":[{"embeddable":true,"href":"https:\/\/brasilnoticias.org\/site\/wp-json\/wp\/v2\/comments?post=18966"}],"version-history":[{"count":1,"href":"https:\/\/brasilnoticias.org\/site\/wp-json\/wp\/v2\/posts\/18966\/revisions"}],"predecessor-version":[{"id":18968,"href":"https:\/\/brasilnoticias.org\/site\/wp-json\/wp\/v2\/posts\/18966\/revisions\/18968"}],"wp:featuredmedia":[{"embeddable":true,"href":"https:\/\/brasilnoticias.org\/site\/wp-json\/wp\/v2\/media\/18967"}],"wp:attachment":[{"href":"https:\/\/brasilnoticias.org\/site\/wp-json\/wp\/v2\/media?parent=18966"}],"wp:term":[{"taxonomy":"category","embeddable":true,"href":"https:\/\/brasilnoticias.org\/site\/wp-json\/wp\/v2\/categories?post=18966"},{"taxonomy":"post_tag","embeddable":true,"href":"https:\/\/brasilnoticias.org\/site\/wp-json\/wp\/v2\/tags?post=18966"}],"curies":[{"name":"wp","href":"https:\/\/api.w.org\/{rel}","templated":true}]}}