{"id":18999,"date":"2025-12-04T19:59:09","date_gmt":"2025-12-04T22:59:09","guid":{"rendered":"https:\/\/brasilnoticias.org\/site\/?p=18999"},"modified":"2025-12-04T19:59:09","modified_gmt":"2025-12-04T22:59:09","slug":"senador-revela-desenho-para-josias-gomes-e-adolfo-menezes-assumirem-vagas-nos-tribunais-de-contas","status":"publish","type":"post","link":"https:\/\/brasilnoticias.org\/site\/senador-revela-desenho-para-josias-gomes-e-adolfo-menezes-assumirem-vagas-nos-tribunais-de-contas\/","title":{"rendered":"Senador revela &#8216;desenho&#8217; para Josias Gomes e Adolfo Menezes assumirem vagas nos tribunais de Contas"},"content":{"rendered":"<p>Angelo Coronel fala tamb\u00e9m da press\u00e3o pela vaga do TCM disputada por Camila V\u00e1squez, esposa do deputado federal M\u00e1rio Negromonte J\u00fanior, mas admite seu favoritismo<\/p>\n<p>O senador Angelo Coronel (PSD) abriu o jogo sobre o rearranjo das vagas nos Tribunais de Contas da Bahia previsto para 2026. Em entrevista \u00e0 CBN Salvador, o congressista revelou que tr\u00eas indica\u00e7\u00f5es est\u00e3o \u201cpraticamente desenhadas\u201d, que envolvem PT e PSD, mas tamb\u00e9m passam por interesses suprapartid\u00e1rios.<\/p>\n<p>Coronel explicou que a ida de Otto Alencar Filho ao Tribunal de Contas do Estado (TCE), cuja indica\u00e7\u00e3o j\u00e1 chegou oficialmente \u00e0 Assembleia Legislativa, n\u00e3o elimina outros movimentos em curso.<\/p>\n<p>A sabatina do parlamentar ocorrer\u00e1 no plen\u00e1rio, com necessidade de ao menos 32 votos, mas ainda sem data definida. O Blog do Vila apurou que n\u00e3o haver\u00e1 resist\u00eancias para a aprova\u00e7\u00e3o, mesmo no campo oposicionista.<\/p>\n<p>Otto Filho, Josias e Adolfo: as indica\u00e7\u00f5es colocadas na mesa <\/p>\n<p>Segundo o senador, o acordo pol\u00edtico prev\u00ea tr\u00eas preenchimentos:<\/p>\n<p>Otto Alencar Filho no TCE, na vaga do conselheiro Ant\u00f4nio Honorato;<br \/>\nJosias Gomes tamb\u00e9m no TCE, na vaga aberta do conselheiro Pedro Lino, desocupada desde a morte dele, em setembro de 2024;<br \/>\nAdolfo Menezes, ex-presidente da Assembleia, no TCM, na vaga do conselheiro Francisco Netto, que deve se aposentar no meio do pr\u00f3ximo ano.<br \/>\nEmbora Adolfo seja filiado ao PSD, Coronel sublinha que sua indica\u00e7\u00e3o \u00e9 \u201cpatrocinada por Rui Costa e Jaques Wagner\u201d, e n\u00e3o uma conquista do partido: \u201c\u00c9 uma vaga suprapartid\u00e1ria, n\u00e3o vai com a nossa grife\u201d.<\/p>\n<p>A disputa pela vaga do MPC no TCM: Camila Vasquez no jogo<\/p>\n<p>Questionado sobre o nome de Camila V\u00e1squez \u2014 procuradora do Minist\u00e9rio P\u00fablico de Contas e esposa do deputado M\u00e1rio Negromonte Jr. (PP) \u2014 Coronel disse que n\u00e3o houve atualiza\u00e7\u00e3o recente, mas reconheceu que ela aparece como nome favorito ao TCM.<\/p>\n<p>Aqui entra outro trecho sens\u00edvel da equa\u00e7\u00e3o: desde agosto, o governador Jer\u00f4nimo Rodrigues tem em m\u00e3os a lista tr\u00edplice para a vaga de auditor no TCM, composta por:<\/p>\n<p>Guilherme Costa Mac\u00eado;<br \/>\nAline Paim Monteiro do Rego;<br \/>\nCamila V\u00e1squez Gomes Negromonte.<br \/>\nCamila \u00e9 apoiada nos bastidores pelo marido, que preside o PP na Bahia e negocia sua perman\u00eancia na base governista, possivelmente com ingresso no PSB. A indica\u00e7\u00e3o da esposa \u00e9 tratada como uma moeda pol\u00edtica relevante nas tratativas.<\/p>\n<p>Coronel, entretanto, ressaltou que a vaga \u00e9 t\u00e9cnica: \u201cEla representa o Minist\u00e9rio P\u00fablico de Contas. N\u00e3o \u00e9 um cargo para ser preenchido com a pol\u00edtica\u201d.<\/p>\n<p>Cen\u00e1rio para 2026: acordos firmados, disputas latentes <\/p>\n<p>Com a oficializa\u00e7\u00e3o de Otto Filho e os acertos que envolvem Josias e Adolfo, o governador Jer\u00f4nimo e sua c\u00fapula pretendem fechar o ciclo de recomposi\u00e7\u00e3o dos tribunais em 2026. Mas a vaga de conselheiro no TCM segue como o ponto de maior tens\u00e3o \u2014 por envolver o PP, a lista tr\u00edplice e interesses cruzados no tabuleiro da base.<\/p>\n<p>Coronel fez quest\u00e3o de enfatizar que fala com base no que \u201cest\u00e1 desenhado\u201d at\u00e9 agora, ao indicar que o mapa pode mudar, mas s\u00f3 mediante decis\u00e3o pol\u00edtica de alto escal\u00e3o.<\/p>\n<p>Foto: Sandra Travassos \/ Alba<br \/>\nFonte: <a href=\"https:\/\/www.blogdovila.com.br\/noticia\/coronel-tribunais\">Blog do Vila<\/a><\/p>\n","protected":false},"excerpt":{"rendered":"<p>Angelo Coronel fala tamb\u00e9m da press\u00e3o pela vaga do TCM disputada por Camila V\u00e1squez, esposa do deputado federal M\u00e1rio Negromonte<\/p>\n","protected":false},"author":4,"featured_media":19000,"comment_status":"open","ping_status":"open","sticky":false,"template":"","format":"standard","meta":{"colormag_page_container_layout":"default_layout","colormag_page_sidebar_layout":"default_layout","_FSMCFIC_featured_image_caption":"","_FSMCFIC_featured_image_nocaption":"","_FSMCFIC_featured_image_hide":"","footnotes":""},"categories":[5,1],"tags":[],"class_list":["post-18999","post","type-post","status-publish","format-standard","has-post-thumbnail","hentry","category-politica","category-ultimas"],"yoast_head":"<!-- This site is optimized with the Yoast SEO plugin v27.1.1 - https:\/\/yoast.com\/product\/yoast-seo-wordpress\/ -->\n<title>Senador revela &#039;desenho&#039; para Josias Gomes e Adolfo Menezes assumirem vagas nos tribunais de Contas - Brasil not\u00edcias<\/title>\n<meta name=\"robots\" content=\"index, follow, max-snippet:-1, max-image-preview:large, max-video-preview:-1\" \/>\n<link rel=\"canonical\" href=\"https:\/\/brasilnoticias.org\/site\/senador-revela-desenho-para-josias-gomes-e-adolfo-menezes-assumirem-vagas-nos-tribunais-de-contas\/\" \/>\n<meta property=\"og:locale\" content=\"pt_PT\" \/>\n<meta property=\"og:type\" content=\"article\" \/>\n<meta property=\"og:title\" content=\"Senador revela &#039;desenho&#039; para Josias Gomes e Adolfo Menezes assumirem vagas nos tribunais de Contas - Brasil not\u00edcias\" \/>\n<meta property=\"og:description\" content=\"Angelo Coronel fala tamb\u00e9m da press\u00e3o pela vaga do TCM disputada por Camila V\u00e1squez, esposa do deputado federal M\u00e1rio Negromonte\" \/>\n<meta property=\"og:url\" content=\"https:\/\/brasilnoticias.org\/site\/senador-revela-desenho-para-josias-gomes-e-adolfo-menezes-assumirem-vagas-nos-tribunais-de-contas\/\" \/>\n<meta property=\"og:site_name\" content=\"Brasil not\u00edcias\" \/>\n<meta property=\"article:published_time\" content=\"2025-12-04T22:59:09+00:00\" \/>\n<meta property=\"og:image\" content=\"https:\/\/brasilnoticias.org\/site\/wp-content\/uploads\/2025\/12\/WhatsApp-Image-2025-12-04-at-08.33.40.jpeg\" \/>\n\t<meta property=\"og:image:width\" content=\"1600\" \/>\n\t<meta property=\"og:image:height\" content=\"899\" \/>\n\t<meta property=\"og:image:type\" content=\"image\/jpeg\" \/>\n<meta name=\"author\" content=\"Reda\u00e7\u00e3o\" \/>\n<meta name=\"twitter:card\" content=\"summary_large_image\" \/>\n<meta name=\"twitter:label1\" content=\"Escrito por\" \/>\n\t<meta name=\"twitter:data1\" content=\"Reda\u00e7\u00e3o\" \/>\n\t<meta name=\"twitter:label2\" content=\"Tempo estimado de leitura\" \/>\n\t<meta name=\"twitter:data2\" content=\"1 minuto\" \/>\n<script type=\"application\/ld+json\" class=\"yoast-schema-graph\">{\"@context\":\"https:\/\/schema.org\",\"@graph\":[{\"@type\":\"Article\",\"@id\":\"https:\/\/brasilnoticias.org\/site\/senador-revela-desenho-para-josias-gomes-e-adolfo-menezes-assumirem-vagas-nos-tribunais-de-contas\/#article\",\"isPartOf\":{\"@id\":\"https:\/\/brasilnoticias.org\/site\/senador-revela-desenho-para-josias-gomes-e-adolfo-menezes-assumirem-vagas-nos-tribunais-de-contas\/\"},\"author\":{\"name\":\"Reda\u00e7\u00e3o\",\"@id\":\"https:\/\/brasilnoticias.org\/site\/#\/schema\/person\/03bbbfe6c7634ad18c26444ea39049fa\"},\"headline\":\"Senador revela &#8216;desenho&#8217; para Josias Gomes e Adolfo Menezes assumirem vagas nos tribunais de Contas\",\"datePublished\":\"2025-12-04T22:59:09+00:00\",\"mainEntityOfPage\":{\"@id\":\"https:\/\/brasilnoticias.org\/site\/senador-revela-desenho-para-josias-gomes-e-adolfo-menezes-assumirem-vagas-nos-tribunais-de-contas\/\"},\"wordCount\":561,\"commentCount\":0,\"publisher\":{\"@id\":\"https:\/\/brasilnoticias.org\/site\/#organization\"},\"image\":{\"@id\":\"https:\/\/brasilnoticias.org\/site\/senador-revela-desenho-para-josias-gomes-e-adolfo-menezes-assumirem-vagas-nos-tribunais-de-contas\/#primaryimage\"},\"thumbnailUrl\":\"https:\/\/brasilnoticias.org\/site\/wp-content\/uploads\/2025\/12\/WhatsApp-Image-2025-12-04-at-08.33.40.jpeg\",\"articleSection\":[\"Pol\u00edtica\",\"\u00daltimas\"],\"inLanguage\":\"pt-PT\",\"potentialAction\":[{\"@type\":\"CommentAction\",\"name\":\"Comment\",\"target\":[\"https:\/\/brasilnoticias.org\/site\/senador-revela-desenho-para-josias-gomes-e-adolfo-menezes-assumirem-vagas-nos-tribunais-de-contas\/#respond\"]}]},{\"@type\":\"WebPage\",\"@id\":\"https:\/\/brasilnoticias.org\/site\/senador-revela-desenho-para-josias-gomes-e-adolfo-menezes-assumirem-vagas-nos-tribunais-de-contas\/\",\"url\":\"https:\/\/brasilnoticias.org\/site\/senador-revela-desenho-para-josias-gomes-e-adolfo-menezes-assumirem-vagas-nos-tribunais-de-contas\/\",\"name\":\"Senador revela 'desenho' para Josias Gomes e Adolfo Menezes assumirem vagas nos tribunais de Contas - Brasil not\u00edcias\",\"isPartOf\":{\"@id\":\"https:\/\/brasilnoticias.org\/site\/#website\"},\"primaryImageOfPage\":{\"@id\":\"https:\/\/brasilnoticias.org\/site\/senador-revela-desenho-para-josias-gomes-e-adolfo-menezes-assumirem-vagas-nos-tribunais-de-contas\/#primaryimage\"},\"image\":{\"@id\":\"https:\/\/brasilnoticias.org\/site\/senador-revela-desenho-para-josias-gomes-e-adolfo-menezes-assumirem-vagas-nos-tribunais-de-contas\/#primaryimage\"},\"thumbnailUrl\":\"https:\/\/brasilnoticias.org\/site\/wp-content\/uploads\/2025\/12\/WhatsApp-Image-2025-12-04-at-08.33.40.jpeg\",\"datePublished\":\"2025-12-04T22:59:09+00:00\",\"breadcrumb\":{\"@id\":\"https:\/\/brasilnoticias.org\/site\/senador-revela-desenho-para-josias-gomes-e-adolfo-menezes-assumirem-vagas-nos-tribunais-de-contas\/#breadcrumb\"},\"inLanguage\":\"pt-PT\",\"potentialAction\":[{\"@type\":\"ReadAction\",\"target\":[\"https:\/\/brasilnoticias.org\/site\/senador-revela-desenho-para-josias-gomes-e-adolfo-menezes-assumirem-vagas-nos-tribunais-de-contas\/\"]}]},{\"@type\":\"ImageObject\",\"inLanguage\":\"pt-PT\",\"@id\":\"https:\/\/brasilnoticias.org\/site\/senador-revela-desenho-para-josias-gomes-e-adolfo-menezes-assumirem-vagas-nos-tribunais-de-contas\/#primaryimage\",\"url\":\"https:\/\/brasilnoticias.org\/site\/wp-content\/uploads\/2025\/12\/WhatsApp-Image-2025-12-04-at-08.33.40.jpeg\",\"contentUrl\":\"https:\/\/brasilnoticias.org\/site\/wp-content\/uploads\/2025\/12\/WhatsApp-Image-2025-12-04-at-08.33.40.jpeg\",\"width\":1600,\"height\":899},{\"@type\":\"BreadcrumbList\",\"@id\":\"https:\/\/brasilnoticias.org\/site\/senador-revela-desenho-para-josias-gomes-e-adolfo-menezes-assumirem-vagas-nos-tribunais-de-contas\/#breadcrumb\",\"itemListElement\":[{\"@type\":\"ListItem\",\"position\":1,\"name\":\"In\u00edcio\",\"item\":\"https:\/\/brasilnoticias.org\/site\/\"},{\"@type\":\"ListItem\",\"position\":2,\"name\":\"Senador revela &#8216;desenho&#8217; para Josias Gomes e Adolfo Menezes assumirem vagas nos tribunais de Contas\"}]},{\"@type\":\"WebSite\",\"@id\":\"https:\/\/brasilnoticias.org\/site\/#website\",\"url\":\"https:\/\/brasilnoticias.org\/site\/\",\"name\":\"Brasil not\u00edcias\",\"description\":\"Brasil not\u00edcias\",\"publisher\":{\"@id\":\"https:\/\/brasilnoticias.org\/site\/#organization\"},\"potentialAction\":[{\"@type\":\"SearchAction\",\"target\":{\"@type\":\"EntryPoint\",\"urlTemplate\":\"https:\/\/brasilnoticias.org\/site\/?s={search_term_string}\"},\"query-input\":{\"@type\":\"PropertyValueSpecification\",\"valueRequired\":true,\"valueName\":\"search_term_string\"}}],\"inLanguage\":\"pt-PT\"},{\"@type\":\"Organization\",\"@id\":\"https:\/\/brasilnoticias.org\/site\/#organization\",\"name\":\"Brasil not\u00edcias\",\"url\":\"https:\/\/brasilnoticias.org\/site\/\",\"logo\":{\"@type\":\"ImageObject\",\"inLanguage\":\"pt-PT\",\"@id\":\"https:\/\/brasilnoticias.org\/site\/#\/schema\/logo\/image\/\",\"url\":\"https:\/\/brasilnoticias.org\/site\/wp-content\/uploads\/2022\/05\/cropped-brasilnoticias-mini.jpg\",\"contentUrl\":\"https:\/\/brasilnoticias.org\/site\/wp-content\/uploads\/2022\/05\/cropped-brasilnoticias-mini.jpg\",\"width\":314,\"height\":86,\"caption\":\"Brasil not\u00edcias\"},\"image\":{\"@id\":\"https:\/\/brasilnoticias.org\/site\/#\/schema\/logo\/image\/\"}},{\"@type\":\"Person\",\"@id\":\"https:\/\/brasilnoticias.org\/site\/#\/schema\/person\/03bbbfe6c7634ad18c26444ea39049fa\",\"name\":\"Reda\u00e7\u00e3o\",\"image\":{\"@type\":\"ImageObject\",\"inLanguage\":\"pt-PT\",\"@id\":\"https:\/\/brasilnoticias.org\/site\/#\/schema\/person\/image\/\",\"url\":\"https:\/\/secure.gravatar.com\/avatar\/9ecaf7327a696cb23ad926fedded5f1f04d7049de9e445375d55b48c001a6e42?s=96&d=mm&r=g\",\"contentUrl\":\"https:\/\/secure.gravatar.com\/avatar\/9ecaf7327a696cb23ad926fedded5f1f04d7049de9e445375d55b48c001a6e42?s=96&d=mm&r=g\",\"caption\":\"Reda\u00e7\u00e3o\"},\"url\":\"https:\/\/brasilnoticias.org\/site\/author\/henrique\/\"}]}<\/script>\n<!-- \/ Yoast SEO plugin. -->","yoast_head_json":{"title":"Senador revela 'desenho' para Josias Gomes e Adolfo Menezes assumirem vagas nos tribunais de Contas - Brasil not\u00edcias","robots":{"index":"index","follow":"follow","max-snippet":"max-snippet:-1","max-image-preview":"max-image-preview:large","max-video-preview":"max-video-preview:-1"},"canonical":"https:\/\/brasilnoticias.org\/site\/senador-revela-desenho-para-josias-gomes-e-adolfo-menezes-assumirem-vagas-nos-tribunais-de-contas\/","og_locale":"pt_PT","og_type":"article","og_title":"Senador revela 'desenho' para Josias Gomes e Adolfo Menezes assumirem vagas nos tribunais de Contas - Brasil not\u00edcias","og_description":"Angelo Coronel fala tamb\u00e9m da press\u00e3o pela vaga do TCM disputada por Camila V\u00e1squez, esposa do deputado federal M\u00e1rio Negromonte","og_url":"https:\/\/brasilnoticias.org\/site\/senador-revela-desenho-para-josias-gomes-e-adolfo-menezes-assumirem-vagas-nos-tribunais-de-contas\/","og_site_name":"Brasil not\u00edcias","article_published_time":"2025-12-04T22:59:09+00:00","og_image":[{"width":1600,"height":899,"url":"https:\/\/brasilnoticias.org\/site\/wp-content\/uploads\/2025\/12\/WhatsApp-Image-2025-12-04-at-08.33.40.jpeg","type":"image\/jpeg"}],"author":"Reda\u00e7\u00e3o","twitter_card":"summary_large_image","twitter_misc":{"Escrito por":"Reda\u00e7\u00e3o","Tempo estimado de leitura":"1 minuto"},"schema":{"@context":"https:\/\/schema.org","@graph":[{"@type":"Article","@id":"https:\/\/brasilnoticias.org\/site\/senador-revela-desenho-para-josias-gomes-e-adolfo-menezes-assumirem-vagas-nos-tribunais-de-contas\/#article","isPartOf":{"@id":"https:\/\/brasilnoticias.org\/site\/senador-revela-desenho-para-josias-gomes-e-adolfo-menezes-assumirem-vagas-nos-tribunais-de-contas\/"},"author":{"name":"Reda\u00e7\u00e3o","@id":"https:\/\/brasilnoticias.org\/site\/#\/schema\/person\/03bbbfe6c7634ad18c26444ea39049fa"},"headline":"Senador revela &#8216;desenho&#8217; para Josias Gomes e Adolfo Menezes assumirem vagas nos tribunais de Contas","datePublished":"2025-12-04T22:59:09+00:00","mainEntityOfPage":{"@id":"https:\/\/brasilnoticias.org\/site\/senador-revela-desenho-para-josias-gomes-e-adolfo-menezes-assumirem-vagas-nos-tribunais-de-contas\/"},"wordCount":561,"commentCount":0,"publisher":{"@id":"https:\/\/brasilnoticias.org\/site\/#organization"},"image":{"@id":"https:\/\/brasilnoticias.org\/site\/senador-revela-desenho-para-josias-gomes-e-adolfo-menezes-assumirem-vagas-nos-tribunais-de-contas\/#primaryimage"},"thumbnailUrl":"https:\/\/brasilnoticias.org\/site\/wp-content\/uploads\/2025\/12\/WhatsApp-Image-2025-12-04-at-08.33.40.jpeg","articleSection":["Pol\u00edtica","\u00daltimas"],"inLanguage":"pt-PT","potentialAction":[{"@type":"CommentAction","name":"Comment","target":["https:\/\/brasilnoticias.org\/site\/senador-revela-desenho-para-josias-gomes-e-adolfo-menezes-assumirem-vagas-nos-tribunais-de-contas\/#respond"]}]},{"@type":"WebPage","@id":"https:\/\/brasilnoticias.org\/site\/senador-revela-desenho-para-josias-gomes-e-adolfo-menezes-assumirem-vagas-nos-tribunais-de-contas\/","url":"https:\/\/brasilnoticias.org\/site\/senador-revela-desenho-para-josias-gomes-e-adolfo-menezes-assumirem-vagas-nos-tribunais-de-contas\/","name":"Senador revela 'desenho' para Josias Gomes e Adolfo Menezes assumirem vagas nos tribunais de Contas - Brasil not\u00edcias","isPartOf":{"@id":"https:\/\/brasilnoticias.org\/site\/#website"},"primaryImageOfPage":{"@id":"https:\/\/brasilnoticias.org\/site\/senador-revela-desenho-para-josias-gomes-e-adolfo-menezes-assumirem-vagas-nos-tribunais-de-contas\/#primaryimage"},"image":{"@id":"https:\/\/brasilnoticias.org\/site\/senador-revela-desenho-para-josias-gomes-e-adolfo-menezes-assumirem-vagas-nos-tribunais-de-contas\/#primaryimage"},"thumbnailUrl":"https:\/\/brasilnoticias.org\/site\/wp-content\/uploads\/2025\/12\/WhatsApp-Image-2025-12-04-at-08.33.40.jpeg","datePublished":"2025-12-04T22:59:09+00:00","breadcrumb":{"@id":"https:\/\/brasilnoticias.org\/site\/senador-revela-desenho-para-josias-gomes-e-adolfo-menezes-assumirem-vagas-nos-tribunais-de-contas\/#breadcrumb"},"inLanguage":"pt-PT","potentialAction":[{"@type":"ReadAction","target":["https:\/\/brasilnoticias.org\/site\/senador-revela-desenho-para-josias-gomes-e-adolfo-menezes-assumirem-vagas-nos-tribunais-de-contas\/"]}]},{"@type":"ImageObject","inLanguage":"pt-PT","@id":"https:\/\/brasilnoticias.org\/site\/senador-revela-desenho-para-josias-gomes-e-adolfo-menezes-assumirem-vagas-nos-tribunais-de-contas\/#primaryimage","url":"https:\/\/brasilnoticias.org\/site\/wp-content\/uploads\/2025\/12\/WhatsApp-Image-2025-12-04-at-08.33.40.jpeg","contentUrl":"https:\/\/brasilnoticias.org\/site\/wp-content\/uploads\/2025\/12\/WhatsApp-Image-2025-12-04-at-08.33.40.jpeg","width":1600,"height":899},{"@type":"BreadcrumbList","@id":"https:\/\/brasilnoticias.org\/site\/senador-revela-desenho-para-josias-gomes-e-adolfo-menezes-assumirem-vagas-nos-tribunais-de-contas\/#breadcrumb","itemListElement":[{"@type":"ListItem","position":1,"name":"In\u00edcio","item":"https:\/\/brasilnoticias.org\/site\/"},{"@type":"ListItem","position":2,"name":"Senador revela &#8216;desenho&#8217; para Josias Gomes e Adolfo Menezes assumirem vagas nos tribunais de Contas"}]},{"@type":"WebSite","@id":"https:\/\/brasilnoticias.org\/site\/#website","url":"https:\/\/brasilnoticias.org\/site\/","name":"Brasil not\u00edcias","description":"Brasil not\u00edcias","publisher":{"@id":"https:\/\/brasilnoticias.org\/site\/#organization"},"potentialAction":[{"@type":"SearchAction","target":{"@type":"EntryPoint","urlTemplate":"https:\/\/brasilnoticias.org\/site\/?s={search_term_string}"},"query-input":{"@type":"PropertyValueSpecification","valueRequired":true,"valueName":"search_term_string"}}],"inLanguage":"pt-PT"},{"@type":"Organization","@id":"https:\/\/brasilnoticias.org\/site\/#organization","name":"Brasil not\u00edcias","url":"https:\/\/brasilnoticias.org\/site\/","logo":{"@type":"ImageObject","inLanguage":"pt-PT","@id":"https:\/\/brasilnoticias.org\/site\/#\/schema\/logo\/image\/","url":"https:\/\/brasilnoticias.org\/site\/wp-content\/uploads\/2022\/05\/cropped-brasilnoticias-mini.jpg","contentUrl":"https:\/\/brasilnoticias.org\/site\/wp-content\/uploads\/2022\/05\/cropped-brasilnoticias-mini.jpg","width":314,"height":86,"caption":"Brasil not\u00edcias"},"image":{"@id":"https:\/\/brasilnoticias.org\/site\/#\/schema\/logo\/image\/"}},{"@type":"Person","@id":"https:\/\/brasilnoticias.org\/site\/#\/schema\/person\/03bbbfe6c7634ad18c26444ea39049fa","name":"Reda\u00e7\u00e3o","image":{"@type":"ImageObject","inLanguage":"pt-PT","@id":"https:\/\/brasilnoticias.org\/site\/#\/schema\/person\/image\/","url":"https:\/\/secure.gravatar.com\/avatar\/9ecaf7327a696cb23ad926fedded5f1f04d7049de9e445375d55b48c001a6e42?s=96&d=mm&r=g","contentUrl":"https:\/\/secure.gravatar.com\/avatar\/9ecaf7327a696cb23ad926fedded5f1f04d7049de9e445375d55b48c001a6e42?s=96&d=mm&r=g","caption":"Reda\u00e7\u00e3o"},"url":"https:\/\/brasilnoticias.org\/site\/author\/henrique\/"}]}},"_links":{"self":[{"href":"https:\/\/brasilnoticias.org\/site\/wp-json\/wp\/v2\/posts\/18999","targetHints":{"allow":["GET"]}}],"collection":[{"href":"https:\/\/brasilnoticias.org\/site\/wp-json\/wp\/v2\/posts"}],"about":[{"href":"https:\/\/brasilnoticias.org\/site\/wp-json\/wp\/v2\/types\/post"}],"author":[{"embeddable":true,"href":"https:\/\/brasilnoticias.org\/site\/wp-json\/wp\/v2\/users\/4"}],"replies":[{"embeddable":true,"href":"https:\/\/brasilnoticias.org\/site\/wp-json\/wp\/v2\/comments?post=18999"}],"version-history":[{"count":1,"href":"https:\/\/brasilnoticias.org\/site\/wp-json\/wp\/v2\/posts\/18999\/revisions"}],"predecessor-version":[{"id":19001,"href":"https:\/\/brasilnoticias.org\/site\/wp-json\/wp\/v2\/posts\/18999\/revisions\/19001"}],"wp:featuredmedia":[{"embeddable":true,"href":"https:\/\/brasilnoticias.org\/site\/wp-json\/wp\/v2\/media\/19000"}],"wp:attachment":[{"href":"https:\/\/brasilnoticias.org\/site\/wp-json\/wp\/v2\/media?parent=18999"}],"wp:term":[{"taxonomy":"category","embeddable":true,"href":"https:\/\/brasilnoticias.org\/site\/wp-json\/wp\/v2\/categories?post=18999"},{"taxonomy":"post_tag","embeddable":true,"href":"https:\/\/brasilnoticias.org\/site\/wp-json\/wp\/v2\/tags?post=18999"}],"curies":[{"name":"wp","href":"https:\/\/api.w.org\/{rel}","templated":true}]}}