{"id":19008,"date":"2025-12-04T20:07:28","date_gmt":"2025-12-04T23:07:28","guid":{"rendered":"https:\/\/brasilnoticias.org\/site\/?p=19008"},"modified":"2025-12-04T20:07:28","modified_gmt":"2025-12-04T23:07:28","slug":"comercio-baiano-pode-ter-o-melhor-natal-em-10-anos-estima-fecomercio-ba","status":"publish","type":"post","link":"https:\/\/brasilnoticias.org\/site\/comercio-baiano-pode-ter-o-melhor-natal-em-10-anos-estima-fecomercio-ba\/","title":{"rendered":"Com\u00e9rcio baiano pode ter o melhor Natal em 10 anos, estima Fecom\u00e9rcio BA"},"content":{"rendered":"<p>Expectativa da Entidade \u00e9 de um crescimento de 2% em rela\u00e7\u00e3o a 2024, com um faturamento total de R$ 22,6 bilh\u00f5es.<\/p>\n<p>O varejo baiano chega ao seu momento mais importante do ano: as vendas de Natal, per\u00edodo de maior movimenta\u00e7\u00e3o no setor. Segundo estimativa da Fecom\u00e9rcio BA, as vendas devem crescer 2% em dezembro em rela\u00e7\u00e3o ao mesmo per\u00edodo do ano passado, com faturamento atingindo R$ 22,6 bilh\u00f5es. Caso o resultado se confirme, ser\u00e1 o melhor desempenho para o m\u00eas desde 2015. No ano passado, o crescimento foi de 6,8%, o que mant\u00e9m o cen\u00e1rio positivo deste ano, superando um dezembro j\u00e1 muito bom.<\/p>\n<p>O maior crescimento previsto \u00e9 no segmento de farm\u00e1cias e perfumarias, que deve avan\u00e7ar 11% e faturar R$ 1,6 bilh\u00e3o, o maior valor mensal desde o in\u00edcio da s\u00e9rie hist\u00f3rica, em janeiro de 2011. Nesta \u00e9poca do ano, itens de cosm\u00e9ticos, higiene, beleza e perfumes ganham destaque.<\/p>\n<p>Outro crescimento importante deve ocorrer nos supermercados, com alta de 5% na compara\u00e7\u00e3o anual. Mesmo n\u00e3o sendo um setor ligado diretamente a compra de presentes, ele \u00e9 fundamental pela aquisi\u00e7\u00e3o de insumos, alimentos e bebidas para os encontros familiares e sociais de dezembro, especialmente o Natal.<\/p>\n<p>As lojas de eletrodom\u00e9sticos e eletr\u00f4nicos devem registrar alta anual de 3%, impulsionadas pela demanda por telefones, televisores, computadores e outros itens que costumam ter grande procura no per\u00edodo. Materiais de constru\u00e7\u00e3o e o grupo de outras atividades, que inclui artigos esportivos, joalherias, lojas de chocolates, petshops e similares, devem avan\u00e7ar 1% em rela\u00e7\u00e3o a dezembro de 2024.<\/p>\n<p>Para o presidente do Sistema Com\u00e9rcio BA, Kelsor Fernandes, o desempenho de dezembro \u00e9 fortemente impulsionado pela entrada do 13\u00ba sal\u00e1rio. Segundo proje\u00e7\u00e3o da Entidade, baseada em dados do DIEESE e de outras institui\u00e7\u00f5es, cerca de R$ 2,5 bilh\u00f5es devem ser destinados \u00e0s compras no varejo baiano neste m\u00eas.<\/p>\n<p>\u201cEsse valor representa o adicional t\u00edpico entre meses comuns e o per\u00edodo natalino, mostrando a relev\u00e2ncia do 13\u00ba para o desempenho do com\u00e9rcio. S\u00e3o quase 90 mil v\u00ednculos formais a mais do que no final do ano passado no estado, contribuindo para um 13\u00ba mais robusto\u201d, pontua o presidente.<\/p>\n<p>Esse montante, por\u00e9m, n\u00e3o ser\u00e1 ainda maior devido aos juros elevados e ao avan\u00e7o da inadimpl\u00eancia. Segundo o consultor econ\u00f4mico da Fecom\u00e9rcio BA, Guilherme Dietze, em novembro, 27,1% das as fam\u00edlias estavam com d\u00edvidas em atraso, o maior \u00edndice em quase dois anos; um ano antes, eram 22,4%. Com isso, parte dos recursos deve ser direcionada ao pagamento de d\u00e9bitos anteriores.<\/p>\n<p>\u201cPor outro lado, o mercado de trabalho aquecido ajuda a equilibrar o cen\u00e1rio, com a menor taxa de desemprego da s\u00e9rie hist\u00f3rica do estado, de 8,5% no terceiro trimestre. Al\u00e9m disso, a infla\u00e7\u00e3o na regi\u00e3o mant\u00e9m tend\u00eancia de arrefecimento, acumulando 4,40% em 12 meses\u201d, analisa o economista.<\/p>\n<p>Orienta\u00e7\u00f5es para empres\u00e1rios<\/p>\n<p>Vale oferecer formas de pagamento vantajosas, preferencialmente com desconto no PIX, que assegura recebimento imediato e sem custos. Uma boa divulga\u00e7\u00e3o nas redes sociais, com respostas r\u00e1pidas e informa\u00e7\u00f5es claras sobre localiza\u00e7\u00e3o e hor\u00e1rios especiais de atendimento no per\u00edodo natalino, tamb\u00e9m \u00e9 essencial.<\/p>\n<p>Orienta\u00e7\u00f5es para consumidores<\/p>\n<p>\u00c9 importante planejar bem os gastos com presentes para n\u00e3o extrapolar o or\u00e7amento e acabar inadimplente. As contas de in\u00edcio de ano pesam no bolso, e o equil\u00edbrio financeiro \u00e9 fundamental para garantir as compras de Natal sem comprometer os compromissos seguintes.<\/p>\n<p>Nota t\u00e9cnica da Fecom\u00e9rcio BA<\/p>\n<p>A Entidade realiza a estimativa para dezembro por ser o per\u00edodo do Natal, mas n\u00e3o h\u00e1 como separar tecnicamente o que \u00e9 venda da data das compras habituais. Ainda<\/p>\n<p>assim, dada a import\u00e2ncia do Natal, \u00e9 poss\u00edvel combinar tend\u00eancias: se as vendas do m\u00eas crescem, o resultado da data comemorativa tamb\u00e9m tende a ser satisfat\u00f3rio.<\/p>\n<p><img loading=\"lazy\" decoding=\"async\" src=\"https:\/\/midiaescrita.com\/wp-content\/uploads\/2025\/12\/NATAL-25-1-232x300.jpg\" alt=\"\" width=\"232\" height=\"300\" class=\"alignnone size-medium wp-image-1448\" \/><\/p>\n<p>Fotos: Divulga\u00e7\u00e3o<br \/>\nFonte: fecom\u00e9rcio BA<\/p>\n","protected":false},"excerpt":{"rendered":"<p>Expectativa da Entidade \u00e9 de um crescimento de 2% em rela\u00e7\u00e3o a 2024, com um faturamento total de R$ 22,6<\/p>\n","protected":false},"author":4,"featured_media":19009,"comment_status":"open","ping_status":"open","sticky":false,"template":"","format":"standard","meta":{"colormag_page_container_layout":"default_layout","colormag_page_sidebar_layout":"default_layout","_FSMCFIC_featured_image_caption":"","_FSMCFIC_featured_image_nocaption":"","_FSMCFIC_featured_image_hide":"","footnotes":""},"categories":[8,1],"tags":[],"class_list":["post-19008","post","type-post","status-publish","format-standard","has-post-thumbnail","hentry","category-entretenimento","category-ultimas"],"yoast_head":"<!-- This site is optimized with the Yoast SEO plugin v27.1.1 - https:\/\/yoast.com\/product\/yoast-seo-wordpress\/ -->\n<title>Com\u00e9rcio baiano pode ter o melhor Natal em 10 anos, estima Fecom\u00e9rcio BA - Brasil not\u00edcias<\/title>\n<meta name=\"robots\" content=\"index, follow, max-snippet:-1, max-image-preview:large, max-video-preview:-1\" \/>\n<link rel=\"canonical\" href=\"https:\/\/brasilnoticias.org\/site\/comercio-baiano-pode-ter-o-melhor-natal-em-10-anos-estima-fecomercio-ba\/\" \/>\n<meta property=\"og:locale\" content=\"pt_PT\" \/>\n<meta property=\"og:type\" content=\"article\" \/>\n<meta property=\"og:title\" content=\"Com\u00e9rcio baiano pode ter o melhor Natal em 10 anos, estima Fecom\u00e9rcio BA - Brasil not\u00edcias\" \/>\n<meta property=\"og:description\" content=\"Expectativa da Entidade \u00e9 de um crescimento de 2% em rela\u00e7\u00e3o a 2024, com um faturamento total de R$ 22,6\" \/>\n<meta property=\"og:url\" content=\"https:\/\/brasilnoticias.org\/site\/comercio-baiano-pode-ter-o-melhor-natal-em-10-anos-estima-fecomercio-ba\/\" \/>\n<meta property=\"og:site_name\" content=\"Brasil not\u00edcias\" \/>\n<meta property=\"article:published_time\" content=\"2025-12-04T23:07:28+00:00\" \/>\n<meta property=\"og:image\" content=\"https:\/\/brasilnoticias.org\/site\/wp-content\/uploads\/2025\/12\/GettyImages-500110954-1300x560-1.jpg\" \/>\n\t<meta property=\"og:image:width\" content=\"1300\" \/>\n\t<meta property=\"og:image:height\" content=\"560\" \/>\n\t<meta property=\"og:image:type\" content=\"image\/jpeg\" \/>\n<meta name=\"author\" content=\"Reda\u00e7\u00e3o\" \/>\n<meta name=\"twitter:card\" content=\"summary_large_image\" \/>\n<meta name=\"twitter:label1\" content=\"Escrito por\" \/>\n\t<meta name=\"twitter:data1\" content=\"Reda\u00e7\u00e3o\" \/>\n\t<meta name=\"twitter:label2\" content=\"Tempo estimado de leitura\" \/>\n\t<meta name=\"twitter:data2\" content=\"1 minuto\" \/>\n<script type=\"application\/ld+json\" class=\"yoast-schema-graph\">{\"@context\":\"https:\/\/schema.org\",\"@graph\":[{\"@type\":\"Article\",\"@id\":\"https:\/\/brasilnoticias.org\/site\/comercio-baiano-pode-ter-o-melhor-natal-em-10-anos-estima-fecomercio-ba\/#article\",\"isPartOf\":{\"@id\":\"https:\/\/brasilnoticias.org\/site\/comercio-baiano-pode-ter-o-melhor-natal-em-10-anos-estima-fecomercio-ba\/\"},\"author\":{\"name\":\"Reda\u00e7\u00e3o\",\"@id\":\"https:\/\/brasilnoticias.org\/site\/#\/schema\/person\/03bbbfe6c7634ad18c26444ea39049fa\"},\"headline\":\"Com\u00e9rcio baiano pode ter o melhor Natal em 10 anos, estima Fecom\u00e9rcio BA\",\"datePublished\":\"2025-12-04T23:07:28+00:00\",\"mainEntityOfPage\":{\"@id\":\"https:\/\/brasilnoticias.org\/site\/comercio-baiano-pode-ter-o-melhor-natal-em-10-anos-estima-fecomercio-ba\/\"},\"wordCount\":680,\"commentCount\":0,\"publisher\":{\"@id\":\"https:\/\/brasilnoticias.org\/site\/#organization\"},\"image\":{\"@id\":\"https:\/\/brasilnoticias.org\/site\/comercio-baiano-pode-ter-o-melhor-natal-em-10-anos-estima-fecomercio-ba\/#primaryimage\"},\"thumbnailUrl\":\"https:\/\/brasilnoticias.org\/site\/wp-content\/uploads\/2025\/12\/GettyImages-500110954-1300x560-1.jpg\",\"articleSection\":[\"Entretenimento\",\"\u00daltimas\"],\"inLanguage\":\"pt-PT\",\"potentialAction\":[{\"@type\":\"CommentAction\",\"name\":\"Comment\",\"target\":[\"https:\/\/brasilnoticias.org\/site\/comercio-baiano-pode-ter-o-melhor-natal-em-10-anos-estima-fecomercio-ba\/#respond\"]}]},{\"@type\":\"WebPage\",\"@id\":\"https:\/\/brasilnoticias.org\/site\/comercio-baiano-pode-ter-o-melhor-natal-em-10-anos-estima-fecomercio-ba\/\",\"url\":\"https:\/\/brasilnoticias.org\/site\/comercio-baiano-pode-ter-o-melhor-natal-em-10-anos-estima-fecomercio-ba\/\",\"name\":\"Com\u00e9rcio baiano pode ter o melhor Natal em 10 anos, estima Fecom\u00e9rcio BA - Brasil not\u00edcias\",\"isPartOf\":{\"@id\":\"https:\/\/brasilnoticias.org\/site\/#website\"},\"primaryImageOfPage\":{\"@id\":\"https:\/\/brasilnoticias.org\/site\/comercio-baiano-pode-ter-o-melhor-natal-em-10-anos-estima-fecomercio-ba\/#primaryimage\"},\"image\":{\"@id\":\"https:\/\/brasilnoticias.org\/site\/comercio-baiano-pode-ter-o-melhor-natal-em-10-anos-estima-fecomercio-ba\/#primaryimage\"},\"thumbnailUrl\":\"https:\/\/brasilnoticias.org\/site\/wp-content\/uploads\/2025\/12\/GettyImages-500110954-1300x560-1.jpg\",\"datePublished\":\"2025-12-04T23:07:28+00:00\",\"breadcrumb\":{\"@id\":\"https:\/\/brasilnoticias.org\/site\/comercio-baiano-pode-ter-o-melhor-natal-em-10-anos-estima-fecomercio-ba\/#breadcrumb\"},\"inLanguage\":\"pt-PT\",\"potentialAction\":[{\"@type\":\"ReadAction\",\"target\":[\"https:\/\/brasilnoticias.org\/site\/comercio-baiano-pode-ter-o-melhor-natal-em-10-anos-estima-fecomercio-ba\/\"]}]},{\"@type\":\"ImageObject\",\"inLanguage\":\"pt-PT\",\"@id\":\"https:\/\/brasilnoticias.org\/site\/comercio-baiano-pode-ter-o-melhor-natal-em-10-anos-estima-fecomercio-ba\/#primaryimage\",\"url\":\"https:\/\/brasilnoticias.org\/site\/wp-content\/uploads\/2025\/12\/GettyImages-500110954-1300x560-1.jpg\",\"contentUrl\":\"https:\/\/brasilnoticias.org\/site\/wp-content\/uploads\/2025\/12\/GettyImages-500110954-1300x560-1.jpg\",\"width\":1300,\"height\":560},{\"@type\":\"BreadcrumbList\",\"@id\":\"https:\/\/brasilnoticias.org\/site\/comercio-baiano-pode-ter-o-melhor-natal-em-10-anos-estima-fecomercio-ba\/#breadcrumb\",\"itemListElement\":[{\"@type\":\"ListItem\",\"position\":1,\"name\":\"In\u00edcio\",\"item\":\"https:\/\/brasilnoticias.org\/site\/\"},{\"@type\":\"ListItem\",\"position\":2,\"name\":\"Com\u00e9rcio baiano pode ter o melhor Natal em 10 anos, estima Fecom\u00e9rcio BA\"}]},{\"@type\":\"WebSite\",\"@id\":\"https:\/\/brasilnoticias.org\/site\/#website\",\"url\":\"https:\/\/brasilnoticias.org\/site\/\",\"name\":\"Brasil not\u00edcias\",\"description\":\"Brasil not\u00edcias\",\"publisher\":{\"@id\":\"https:\/\/brasilnoticias.org\/site\/#organization\"},\"potentialAction\":[{\"@type\":\"SearchAction\",\"target\":{\"@type\":\"EntryPoint\",\"urlTemplate\":\"https:\/\/brasilnoticias.org\/site\/?s={search_term_string}\"},\"query-input\":{\"@type\":\"PropertyValueSpecification\",\"valueRequired\":true,\"valueName\":\"search_term_string\"}}],\"inLanguage\":\"pt-PT\"},{\"@type\":\"Organization\",\"@id\":\"https:\/\/brasilnoticias.org\/site\/#organization\",\"name\":\"Brasil not\u00edcias\",\"url\":\"https:\/\/brasilnoticias.org\/site\/\",\"logo\":{\"@type\":\"ImageObject\",\"inLanguage\":\"pt-PT\",\"@id\":\"https:\/\/brasilnoticias.org\/site\/#\/schema\/logo\/image\/\",\"url\":\"https:\/\/brasilnoticias.org\/site\/wp-content\/uploads\/2022\/05\/cropped-brasilnoticias-mini.jpg\",\"contentUrl\":\"https:\/\/brasilnoticias.org\/site\/wp-content\/uploads\/2022\/05\/cropped-brasilnoticias-mini.jpg\",\"width\":314,\"height\":86,\"caption\":\"Brasil not\u00edcias\"},\"image\":{\"@id\":\"https:\/\/brasilnoticias.org\/site\/#\/schema\/logo\/image\/\"}},{\"@type\":\"Person\",\"@id\":\"https:\/\/brasilnoticias.org\/site\/#\/schema\/person\/03bbbfe6c7634ad18c26444ea39049fa\",\"name\":\"Reda\u00e7\u00e3o\",\"image\":{\"@type\":\"ImageObject\",\"inLanguage\":\"pt-PT\",\"@id\":\"https:\/\/brasilnoticias.org\/site\/#\/schema\/person\/image\/\",\"url\":\"https:\/\/secure.gravatar.com\/avatar\/9ecaf7327a696cb23ad926fedded5f1f04d7049de9e445375d55b48c001a6e42?s=96&d=mm&r=g\",\"contentUrl\":\"https:\/\/secure.gravatar.com\/avatar\/9ecaf7327a696cb23ad926fedded5f1f04d7049de9e445375d55b48c001a6e42?s=96&d=mm&r=g\",\"caption\":\"Reda\u00e7\u00e3o\"},\"url\":\"https:\/\/brasilnoticias.org\/site\/author\/henrique\/\"}]}<\/script>\n<!-- \/ Yoast SEO plugin. -->","yoast_head_json":{"title":"Com\u00e9rcio baiano pode ter o melhor Natal em 10 anos, estima Fecom\u00e9rcio BA - Brasil not\u00edcias","robots":{"index":"index","follow":"follow","max-snippet":"max-snippet:-1","max-image-preview":"max-image-preview:large","max-video-preview":"max-video-preview:-1"},"canonical":"https:\/\/brasilnoticias.org\/site\/comercio-baiano-pode-ter-o-melhor-natal-em-10-anos-estima-fecomercio-ba\/","og_locale":"pt_PT","og_type":"article","og_title":"Com\u00e9rcio baiano pode ter o melhor Natal em 10 anos, estima Fecom\u00e9rcio BA - Brasil not\u00edcias","og_description":"Expectativa da Entidade \u00e9 de um crescimento de 2% em rela\u00e7\u00e3o a 2024, com um faturamento total de R$ 22,6","og_url":"https:\/\/brasilnoticias.org\/site\/comercio-baiano-pode-ter-o-melhor-natal-em-10-anos-estima-fecomercio-ba\/","og_site_name":"Brasil not\u00edcias","article_published_time":"2025-12-04T23:07:28+00:00","og_image":[{"width":1300,"height":560,"url":"https:\/\/brasilnoticias.org\/site\/wp-content\/uploads\/2025\/12\/GettyImages-500110954-1300x560-1.jpg","type":"image\/jpeg"}],"author":"Reda\u00e7\u00e3o","twitter_card":"summary_large_image","twitter_misc":{"Escrito por":"Reda\u00e7\u00e3o","Tempo estimado de leitura":"1 minuto"},"schema":{"@context":"https:\/\/schema.org","@graph":[{"@type":"Article","@id":"https:\/\/brasilnoticias.org\/site\/comercio-baiano-pode-ter-o-melhor-natal-em-10-anos-estima-fecomercio-ba\/#article","isPartOf":{"@id":"https:\/\/brasilnoticias.org\/site\/comercio-baiano-pode-ter-o-melhor-natal-em-10-anos-estima-fecomercio-ba\/"},"author":{"name":"Reda\u00e7\u00e3o","@id":"https:\/\/brasilnoticias.org\/site\/#\/schema\/person\/03bbbfe6c7634ad18c26444ea39049fa"},"headline":"Com\u00e9rcio baiano pode ter o melhor Natal em 10 anos, estima Fecom\u00e9rcio BA","datePublished":"2025-12-04T23:07:28+00:00","mainEntityOfPage":{"@id":"https:\/\/brasilnoticias.org\/site\/comercio-baiano-pode-ter-o-melhor-natal-em-10-anos-estima-fecomercio-ba\/"},"wordCount":680,"commentCount":0,"publisher":{"@id":"https:\/\/brasilnoticias.org\/site\/#organization"},"image":{"@id":"https:\/\/brasilnoticias.org\/site\/comercio-baiano-pode-ter-o-melhor-natal-em-10-anos-estima-fecomercio-ba\/#primaryimage"},"thumbnailUrl":"https:\/\/brasilnoticias.org\/site\/wp-content\/uploads\/2025\/12\/GettyImages-500110954-1300x560-1.jpg","articleSection":["Entretenimento","\u00daltimas"],"inLanguage":"pt-PT","potentialAction":[{"@type":"CommentAction","name":"Comment","target":["https:\/\/brasilnoticias.org\/site\/comercio-baiano-pode-ter-o-melhor-natal-em-10-anos-estima-fecomercio-ba\/#respond"]}]},{"@type":"WebPage","@id":"https:\/\/brasilnoticias.org\/site\/comercio-baiano-pode-ter-o-melhor-natal-em-10-anos-estima-fecomercio-ba\/","url":"https:\/\/brasilnoticias.org\/site\/comercio-baiano-pode-ter-o-melhor-natal-em-10-anos-estima-fecomercio-ba\/","name":"Com\u00e9rcio baiano pode ter o melhor Natal em 10 anos, estima Fecom\u00e9rcio BA - Brasil not\u00edcias","isPartOf":{"@id":"https:\/\/brasilnoticias.org\/site\/#website"},"primaryImageOfPage":{"@id":"https:\/\/brasilnoticias.org\/site\/comercio-baiano-pode-ter-o-melhor-natal-em-10-anos-estima-fecomercio-ba\/#primaryimage"},"image":{"@id":"https:\/\/brasilnoticias.org\/site\/comercio-baiano-pode-ter-o-melhor-natal-em-10-anos-estima-fecomercio-ba\/#primaryimage"},"thumbnailUrl":"https:\/\/brasilnoticias.org\/site\/wp-content\/uploads\/2025\/12\/GettyImages-500110954-1300x560-1.jpg","datePublished":"2025-12-04T23:07:28+00:00","breadcrumb":{"@id":"https:\/\/brasilnoticias.org\/site\/comercio-baiano-pode-ter-o-melhor-natal-em-10-anos-estima-fecomercio-ba\/#breadcrumb"},"inLanguage":"pt-PT","potentialAction":[{"@type":"ReadAction","target":["https:\/\/brasilnoticias.org\/site\/comercio-baiano-pode-ter-o-melhor-natal-em-10-anos-estima-fecomercio-ba\/"]}]},{"@type":"ImageObject","inLanguage":"pt-PT","@id":"https:\/\/brasilnoticias.org\/site\/comercio-baiano-pode-ter-o-melhor-natal-em-10-anos-estima-fecomercio-ba\/#primaryimage","url":"https:\/\/brasilnoticias.org\/site\/wp-content\/uploads\/2025\/12\/GettyImages-500110954-1300x560-1.jpg","contentUrl":"https:\/\/brasilnoticias.org\/site\/wp-content\/uploads\/2025\/12\/GettyImages-500110954-1300x560-1.jpg","width":1300,"height":560},{"@type":"BreadcrumbList","@id":"https:\/\/brasilnoticias.org\/site\/comercio-baiano-pode-ter-o-melhor-natal-em-10-anos-estima-fecomercio-ba\/#breadcrumb","itemListElement":[{"@type":"ListItem","position":1,"name":"In\u00edcio","item":"https:\/\/brasilnoticias.org\/site\/"},{"@type":"ListItem","position":2,"name":"Com\u00e9rcio baiano pode ter o melhor Natal em 10 anos, estima Fecom\u00e9rcio BA"}]},{"@type":"WebSite","@id":"https:\/\/brasilnoticias.org\/site\/#website","url":"https:\/\/brasilnoticias.org\/site\/","name":"Brasil not\u00edcias","description":"Brasil not\u00edcias","publisher":{"@id":"https:\/\/brasilnoticias.org\/site\/#organization"},"potentialAction":[{"@type":"SearchAction","target":{"@type":"EntryPoint","urlTemplate":"https:\/\/brasilnoticias.org\/site\/?s={search_term_string}"},"query-input":{"@type":"PropertyValueSpecification","valueRequired":true,"valueName":"search_term_string"}}],"inLanguage":"pt-PT"},{"@type":"Organization","@id":"https:\/\/brasilnoticias.org\/site\/#organization","name":"Brasil not\u00edcias","url":"https:\/\/brasilnoticias.org\/site\/","logo":{"@type":"ImageObject","inLanguage":"pt-PT","@id":"https:\/\/brasilnoticias.org\/site\/#\/schema\/logo\/image\/","url":"https:\/\/brasilnoticias.org\/site\/wp-content\/uploads\/2022\/05\/cropped-brasilnoticias-mini.jpg","contentUrl":"https:\/\/brasilnoticias.org\/site\/wp-content\/uploads\/2022\/05\/cropped-brasilnoticias-mini.jpg","width":314,"height":86,"caption":"Brasil not\u00edcias"},"image":{"@id":"https:\/\/brasilnoticias.org\/site\/#\/schema\/logo\/image\/"}},{"@type":"Person","@id":"https:\/\/brasilnoticias.org\/site\/#\/schema\/person\/03bbbfe6c7634ad18c26444ea39049fa","name":"Reda\u00e7\u00e3o","image":{"@type":"ImageObject","inLanguage":"pt-PT","@id":"https:\/\/brasilnoticias.org\/site\/#\/schema\/person\/image\/","url":"https:\/\/secure.gravatar.com\/avatar\/9ecaf7327a696cb23ad926fedded5f1f04d7049de9e445375d55b48c001a6e42?s=96&d=mm&r=g","contentUrl":"https:\/\/secure.gravatar.com\/avatar\/9ecaf7327a696cb23ad926fedded5f1f04d7049de9e445375d55b48c001a6e42?s=96&d=mm&r=g","caption":"Reda\u00e7\u00e3o"},"url":"https:\/\/brasilnoticias.org\/site\/author\/henrique\/"}]}},"_links":{"self":[{"href":"https:\/\/brasilnoticias.org\/site\/wp-json\/wp\/v2\/posts\/19008","targetHints":{"allow":["GET"]}}],"collection":[{"href":"https:\/\/brasilnoticias.org\/site\/wp-json\/wp\/v2\/posts"}],"about":[{"href":"https:\/\/brasilnoticias.org\/site\/wp-json\/wp\/v2\/types\/post"}],"author":[{"embeddable":true,"href":"https:\/\/brasilnoticias.org\/site\/wp-json\/wp\/v2\/users\/4"}],"replies":[{"embeddable":true,"href":"https:\/\/brasilnoticias.org\/site\/wp-json\/wp\/v2\/comments?post=19008"}],"version-history":[{"count":1,"href":"https:\/\/brasilnoticias.org\/site\/wp-json\/wp\/v2\/posts\/19008\/revisions"}],"predecessor-version":[{"id":19010,"href":"https:\/\/brasilnoticias.org\/site\/wp-json\/wp\/v2\/posts\/19008\/revisions\/19010"}],"wp:featuredmedia":[{"embeddable":true,"href":"https:\/\/brasilnoticias.org\/site\/wp-json\/wp\/v2\/media\/19009"}],"wp:attachment":[{"href":"https:\/\/brasilnoticias.org\/site\/wp-json\/wp\/v2\/media?parent=19008"}],"wp:term":[{"taxonomy":"category","embeddable":true,"href":"https:\/\/brasilnoticias.org\/site\/wp-json\/wp\/v2\/categories?post=19008"},{"taxonomy":"post_tag","embeddable":true,"href":"https:\/\/brasilnoticias.org\/site\/wp-json\/wp\/v2\/tags?post=19008"}],"curies":[{"name":"wp","href":"https:\/\/api.w.org\/{rel}","templated":true}]}}