{"id":19011,"date":"2025-12-04T20:08:57","date_gmt":"2025-12-04T23:08:57","guid":{"rendered":"https:\/\/brasilnoticias.org\/site\/?p=19011"},"modified":"2025-12-04T20:08:57","modified_gmt":"2025-12-04T23:08:57","slug":"ingressos-esgotam-para-decisao-do-vitoria-no-barradao","status":"publish","type":"post","link":"https:\/\/brasilnoticias.org\/site\/ingressos-esgotam-para-decisao-do-vitoria-no-barradao\/","title":{"rendered":"Ingressos esgotam para decis\u00e3o do Vit\u00f3ria no Barrad\u00e3o"},"content":{"rendered":"<p>Torcida lota arquibancadas para duelo contra o S\u00e3o Paulo que pode definir perman\u00eancia na S\u00e9rie A<\/p>\n<p>Os ingressos de arquibancada destinados \u00e0 torcida do Vit\u00f3ria para o jogo deste domingo (7), contra o S\u00e3o Paulo, no Barrad\u00e3o, foram rapidamente esgotados. O clube informou nas redes sociais que o setor popular n\u00e3o possui mais entradas dispon\u00edveis. Restam apenas poucas unidades para as cadeiras do setor mandante e para a \u00e1rea visitante, indicando que o est\u00e1dio deve atingir sua capacidade m\u00e1xima \u00e0s 16h, pela 38\u00aa rodada do Campeonato Brasileiro.<\/p>\n<p>A forte mobiliza\u00e7\u00e3o da torcida ocorre em clima de decis\u00e3o, j\u00e1 que o Vit\u00f3ria voltou \u00e0 zona de rebaixamento ap\u00f3s perder por 4 a 0 para o Red Bull Bragantino na \u00faltima quarta-feira (3). O resultado aumentou a press\u00e3o sobre a equipe, que vive momento delicado na competi\u00e7\u00e3o.<\/p>\n<p>Sob o comando de Jair Ventura, o time ocupa a 17\u00aa posi\u00e7\u00e3o, com 42 pontos, e tem 65% de risco de queda, segundo estimativa da UFMG. Para evitar o rebaixamento, o Vit\u00f3ria precisa vencer o S\u00e3o Paulo e torcer por trope\u00e7os de Santos, Fortaleza ou Cear\u00e1 na rodada final.<\/p>\n<p>Foto: Victor Ferreira\/ECV<br \/>\nPor: Metro1<\/p>\n","protected":false},"excerpt":{"rendered":"<p>Torcida lota arquibancadas para duelo contra o S\u00e3o Paulo que pode definir perman\u00eancia na S\u00e9rie A Os ingressos de arquibancada<\/p>\n","protected":false},"author":4,"featured_media":19012,"comment_status":"open","ping_status":"open","sticky":false,"template":"","format":"standard","meta":{"colormag_page_container_layout":"default_layout","colormag_page_sidebar_layout":"default_layout","_FSMCFIC_featured_image_caption":"","_FSMCFIC_featured_image_nocaption":"","_FSMCFIC_featured_image_hide":"","footnotes":""},"categories":[4,1],"tags":[],"class_list":["post-19011","post","type-post","status-publish","format-standard","has-post-thumbnail","hentry","category-esporte","category-ultimas"],"yoast_head":"<!-- This site is optimized with the Yoast SEO plugin v27.1.1 - https:\/\/yoast.com\/product\/yoast-seo-wordpress\/ -->\n<title>Ingressos esgotam para decis\u00e3o do Vit\u00f3ria no Barrad\u00e3o - Brasil not\u00edcias<\/title>\n<meta name=\"robots\" content=\"index, follow, max-snippet:-1, max-image-preview:large, max-video-preview:-1\" \/>\n<link rel=\"canonical\" href=\"https:\/\/brasilnoticias.org\/site\/ingressos-esgotam-para-decisao-do-vitoria-no-barradao\/\" \/>\n<meta property=\"og:locale\" content=\"pt_PT\" \/>\n<meta property=\"og:type\" content=\"article\" \/>\n<meta property=\"og:title\" content=\"Ingressos esgotam para decis\u00e3o do Vit\u00f3ria no Barrad\u00e3o - Brasil not\u00edcias\" \/>\n<meta property=\"og:description\" content=\"Torcida lota arquibancadas para duelo contra o S\u00e3o Paulo que pode definir perman\u00eancia na S\u00e9rie A Os ingressos de arquibancada\" \/>\n<meta property=\"og:url\" content=\"https:\/\/brasilnoticias.org\/site\/ingressos-esgotam-para-decisao-do-vitoria-no-barradao\/\" \/>\n<meta property=\"og:site_name\" content=\"Brasil not\u00edcias\" \/>\n<meta property=\"article:published_time\" content=\"2025-12-04T23:08:57+00:00\" \/>\n<meta property=\"og:image\" content=\"https:\/\/brasilnoticias.org\/site\/wp-content\/uploads\/2025\/12\/174248ingressos-esgotam-para-decisao-do-vitoria-no-barradao-3.jpg\" \/>\n\t<meta property=\"og:image:width\" content=\"1600\" \/>\n\t<meta property=\"og:image:height\" content=\"752\" \/>\n\t<meta property=\"og:image:type\" content=\"image\/jpeg\" \/>\n<meta name=\"author\" content=\"Reda\u00e7\u00e3o\" \/>\n<meta name=\"twitter:card\" content=\"summary_large_image\" \/>\n<meta name=\"twitter:label1\" content=\"Escrito por\" \/>\n\t<meta name=\"twitter:data1\" content=\"Reda\u00e7\u00e3o\" \/>\n\t<meta name=\"twitter:label2\" content=\"Tempo estimado de leitura\" \/>\n\t<meta name=\"twitter:data2\" content=\"1 minuto\" \/>\n<script type=\"application\/ld+json\" class=\"yoast-schema-graph\">{\"@context\":\"https:\/\/schema.org\",\"@graph\":[{\"@type\":\"Article\",\"@id\":\"https:\/\/brasilnoticias.org\/site\/ingressos-esgotam-para-decisao-do-vitoria-no-barradao\/#article\",\"isPartOf\":{\"@id\":\"https:\/\/brasilnoticias.org\/site\/ingressos-esgotam-para-decisao-do-vitoria-no-barradao\/\"},\"author\":{\"name\":\"Reda\u00e7\u00e3o\",\"@id\":\"https:\/\/brasilnoticias.org\/site\/#\/schema\/person\/03bbbfe6c7634ad18c26444ea39049fa\"},\"headline\":\"Ingressos esgotam para decis\u00e3o do Vit\u00f3ria no Barrad\u00e3o\",\"datePublished\":\"2025-12-04T23:08:57+00:00\",\"mainEntityOfPage\":{\"@id\":\"https:\/\/brasilnoticias.org\/site\/ingressos-esgotam-para-decisao-do-vitoria-no-barradao\/\"},\"wordCount\":211,\"commentCount\":0,\"publisher\":{\"@id\":\"https:\/\/brasilnoticias.org\/site\/#organization\"},\"image\":{\"@id\":\"https:\/\/brasilnoticias.org\/site\/ingressos-esgotam-para-decisao-do-vitoria-no-barradao\/#primaryimage\"},\"thumbnailUrl\":\"https:\/\/brasilnoticias.org\/site\/wp-content\/uploads\/2025\/12\/174248ingressos-esgotam-para-decisao-do-vitoria-no-barradao-3.jpg\",\"articleSection\":[\"Esporte\",\"\u00daltimas\"],\"inLanguage\":\"pt-PT\",\"potentialAction\":[{\"@type\":\"CommentAction\",\"name\":\"Comment\",\"target\":[\"https:\/\/brasilnoticias.org\/site\/ingressos-esgotam-para-decisao-do-vitoria-no-barradao\/#respond\"]}]},{\"@type\":\"WebPage\",\"@id\":\"https:\/\/brasilnoticias.org\/site\/ingressos-esgotam-para-decisao-do-vitoria-no-barradao\/\",\"url\":\"https:\/\/brasilnoticias.org\/site\/ingressos-esgotam-para-decisao-do-vitoria-no-barradao\/\",\"name\":\"Ingressos esgotam para decis\u00e3o do Vit\u00f3ria no Barrad\u00e3o - Brasil not\u00edcias\",\"isPartOf\":{\"@id\":\"https:\/\/brasilnoticias.org\/site\/#website\"},\"primaryImageOfPage\":{\"@id\":\"https:\/\/brasilnoticias.org\/site\/ingressos-esgotam-para-decisao-do-vitoria-no-barradao\/#primaryimage\"},\"image\":{\"@id\":\"https:\/\/brasilnoticias.org\/site\/ingressos-esgotam-para-decisao-do-vitoria-no-barradao\/#primaryimage\"},\"thumbnailUrl\":\"https:\/\/brasilnoticias.org\/site\/wp-content\/uploads\/2025\/12\/174248ingressos-esgotam-para-decisao-do-vitoria-no-barradao-3.jpg\",\"datePublished\":\"2025-12-04T23:08:57+00:00\",\"breadcrumb\":{\"@id\":\"https:\/\/brasilnoticias.org\/site\/ingressos-esgotam-para-decisao-do-vitoria-no-barradao\/#breadcrumb\"},\"inLanguage\":\"pt-PT\",\"potentialAction\":[{\"@type\":\"ReadAction\",\"target\":[\"https:\/\/brasilnoticias.org\/site\/ingressos-esgotam-para-decisao-do-vitoria-no-barradao\/\"]}]},{\"@type\":\"ImageObject\",\"inLanguage\":\"pt-PT\",\"@id\":\"https:\/\/brasilnoticias.org\/site\/ingressos-esgotam-para-decisao-do-vitoria-no-barradao\/#primaryimage\",\"url\":\"https:\/\/brasilnoticias.org\/site\/wp-content\/uploads\/2025\/12\/174248ingressos-esgotam-para-decisao-do-vitoria-no-barradao-3.jpg\",\"contentUrl\":\"https:\/\/brasilnoticias.org\/site\/wp-content\/uploads\/2025\/12\/174248ingressos-esgotam-para-decisao-do-vitoria-no-barradao-3.jpg\",\"width\":1600,\"height\":752},{\"@type\":\"BreadcrumbList\",\"@id\":\"https:\/\/brasilnoticias.org\/site\/ingressos-esgotam-para-decisao-do-vitoria-no-barradao\/#breadcrumb\",\"itemListElement\":[{\"@type\":\"ListItem\",\"position\":1,\"name\":\"In\u00edcio\",\"item\":\"https:\/\/brasilnoticias.org\/site\/\"},{\"@type\":\"ListItem\",\"position\":2,\"name\":\"Ingressos esgotam para decis\u00e3o do Vit\u00f3ria no Barrad\u00e3o\"}]},{\"@type\":\"WebSite\",\"@id\":\"https:\/\/brasilnoticias.org\/site\/#website\",\"url\":\"https:\/\/brasilnoticias.org\/site\/\",\"name\":\"Brasil not\u00edcias\",\"description\":\"Brasil not\u00edcias\",\"publisher\":{\"@id\":\"https:\/\/brasilnoticias.org\/site\/#organization\"},\"potentialAction\":[{\"@type\":\"SearchAction\",\"target\":{\"@type\":\"EntryPoint\",\"urlTemplate\":\"https:\/\/brasilnoticias.org\/site\/?s={search_term_string}\"},\"query-input\":{\"@type\":\"PropertyValueSpecification\",\"valueRequired\":true,\"valueName\":\"search_term_string\"}}],\"inLanguage\":\"pt-PT\"},{\"@type\":\"Organization\",\"@id\":\"https:\/\/brasilnoticias.org\/site\/#organization\",\"name\":\"Brasil not\u00edcias\",\"url\":\"https:\/\/brasilnoticias.org\/site\/\",\"logo\":{\"@type\":\"ImageObject\",\"inLanguage\":\"pt-PT\",\"@id\":\"https:\/\/brasilnoticias.org\/site\/#\/schema\/logo\/image\/\",\"url\":\"https:\/\/brasilnoticias.org\/site\/wp-content\/uploads\/2022\/05\/cropped-brasilnoticias-mini.jpg\",\"contentUrl\":\"https:\/\/brasilnoticias.org\/site\/wp-content\/uploads\/2022\/05\/cropped-brasilnoticias-mini.jpg\",\"width\":314,\"height\":86,\"caption\":\"Brasil not\u00edcias\"},\"image\":{\"@id\":\"https:\/\/brasilnoticias.org\/site\/#\/schema\/logo\/image\/\"}},{\"@type\":\"Person\",\"@id\":\"https:\/\/brasilnoticias.org\/site\/#\/schema\/person\/03bbbfe6c7634ad18c26444ea39049fa\",\"name\":\"Reda\u00e7\u00e3o\",\"image\":{\"@type\":\"ImageObject\",\"inLanguage\":\"pt-PT\",\"@id\":\"https:\/\/brasilnoticias.org\/site\/#\/schema\/person\/image\/\",\"url\":\"https:\/\/secure.gravatar.com\/avatar\/9ecaf7327a696cb23ad926fedded5f1f04d7049de9e445375d55b48c001a6e42?s=96&d=mm&r=g\",\"contentUrl\":\"https:\/\/secure.gravatar.com\/avatar\/9ecaf7327a696cb23ad926fedded5f1f04d7049de9e445375d55b48c001a6e42?s=96&d=mm&r=g\",\"caption\":\"Reda\u00e7\u00e3o\"},\"url\":\"https:\/\/brasilnoticias.org\/site\/author\/henrique\/\"}]}<\/script>\n<!-- \/ Yoast SEO plugin. -->","yoast_head_json":{"title":"Ingressos esgotam para decis\u00e3o do Vit\u00f3ria no Barrad\u00e3o - Brasil not\u00edcias","robots":{"index":"index","follow":"follow","max-snippet":"max-snippet:-1","max-image-preview":"max-image-preview:large","max-video-preview":"max-video-preview:-1"},"canonical":"https:\/\/brasilnoticias.org\/site\/ingressos-esgotam-para-decisao-do-vitoria-no-barradao\/","og_locale":"pt_PT","og_type":"article","og_title":"Ingressos esgotam para decis\u00e3o do Vit\u00f3ria no Barrad\u00e3o - Brasil not\u00edcias","og_description":"Torcida lota arquibancadas para duelo contra o S\u00e3o Paulo que pode definir perman\u00eancia na S\u00e9rie A Os ingressos de arquibancada","og_url":"https:\/\/brasilnoticias.org\/site\/ingressos-esgotam-para-decisao-do-vitoria-no-barradao\/","og_site_name":"Brasil not\u00edcias","article_published_time":"2025-12-04T23:08:57+00:00","og_image":[{"width":1600,"height":752,"url":"https:\/\/brasilnoticias.org\/site\/wp-content\/uploads\/2025\/12\/174248ingressos-esgotam-para-decisao-do-vitoria-no-barradao-3.jpg","type":"image\/jpeg"}],"author":"Reda\u00e7\u00e3o","twitter_card":"summary_large_image","twitter_misc":{"Escrito por":"Reda\u00e7\u00e3o","Tempo estimado de leitura":"1 minuto"},"schema":{"@context":"https:\/\/schema.org","@graph":[{"@type":"Article","@id":"https:\/\/brasilnoticias.org\/site\/ingressos-esgotam-para-decisao-do-vitoria-no-barradao\/#article","isPartOf":{"@id":"https:\/\/brasilnoticias.org\/site\/ingressos-esgotam-para-decisao-do-vitoria-no-barradao\/"},"author":{"name":"Reda\u00e7\u00e3o","@id":"https:\/\/brasilnoticias.org\/site\/#\/schema\/person\/03bbbfe6c7634ad18c26444ea39049fa"},"headline":"Ingressos esgotam para decis\u00e3o do Vit\u00f3ria no Barrad\u00e3o","datePublished":"2025-12-04T23:08:57+00:00","mainEntityOfPage":{"@id":"https:\/\/brasilnoticias.org\/site\/ingressos-esgotam-para-decisao-do-vitoria-no-barradao\/"},"wordCount":211,"commentCount":0,"publisher":{"@id":"https:\/\/brasilnoticias.org\/site\/#organization"},"image":{"@id":"https:\/\/brasilnoticias.org\/site\/ingressos-esgotam-para-decisao-do-vitoria-no-barradao\/#primaryimage"},"thumbnailUrl":"https:\/\/brasilnoticias.org\/site\/wp-content\/uploads\/2025\/12\/174248ingressos-esgotam-para-decisao-do-vitoria-no-barradao-3.jpg","articleSection":["Esporte","\u00daltimas"],"inLanguage":"pt-PT","potentialAction":[{"@type":"CommentAction","name":"Comment","target":["https:\/\/brasilnoticias.org\/site\/ingressos-esgotam-para-decisao-do-vitoria-no-barradao\/#respond"]}]},{"@type":"WebPage","@id":"https:\/\/brasilnoticias.org\/site\/ingressos-esgotam-para-decisao-do-vitoria-no-barradao\/","url":"https:\/\/brasilnoticias.org\/site\/ingressos-esgotam-para-decisao-do-vitoria-no-barradao\/","name":"Ingressos esgotam para decis\u00e3o do Vit\u00f3ria no Barrad\u00e3o - Brasil not\u00edcias","isPartOf":{"@id":"https:\/\/brasilnoticias.org\/site\/#website"},"primaryImageOfPage":{"@id":"https:\/\/brasilnoticias.org\/site\/ingressos-esgotam-para-decisao-do-vitoria-no-barradao\/#primaryimage"},"image":{"@id":"https:\/\/brasilnoticias.org\/site\/ingressos-esgotam-para-decisao-do-vitoria-no-barradao\/#primaryimage"},"thumbnailUrl":"https:\/\/brasilnoticias.org\/site\/wp-content\/uploads\/2025\/12\/174248ingressos-esgotam-para-decisao-do-vitoria-no-barradao-3.jpg","datePublished":"2025-12-04T23:08:57+00:00","breadcrumb":{"@id":"https:\/\/brasilnoticias.org\/site\/ingressos-esgotam-para-decisao-do-vitoria-no-barradao\/#breadcrumb"},"inLanguage":"pt-PT","potentialAction":[{"@type":"ReadAction","target":["https:\/\/brasilnoticias.org\/site\/ingressos-esgotam-para-decisao-do-vitoria-no-barradao\/"]}]},{"@type":"ImageObject","inLanguage":"pt-PT","@id":"https:\/\/brasilnoticias.org\/site\/ingressos-esgotam-para-decisao-do-vitoria-no-barradao\/#primaryimage","url":"https:\/\/brasilnoticias.org\/site\/wp-content\/uploads\/2025\/12\/174248ingressos-esgotam-para-decisao-do-vitoria-no-barradao-3.jpg","contentUrl":"https:\/\/brasilnoticias.org\/site\/wp-content\/uploads\/2025\/12\/174248ingressos-esgotam-para-decisao-do-vitoria-no-barradao-3.jpg","width":1600,"height":752},{"@type":"BreadcrumbList","@id":"https:\/\/brasilnoticias.org\/site\/ingressos-esgotam-para-decisao-do-vitoria-no-barradao\/#breadcrumb","itemListElement":[{"@type":"ListItem","position":1,"name":"In\u00edcio","item":"https:\/\/brasilnoticias.org\/site\/"},{"@type":"ListItem","position":2,"name":"Ingressos esgotam para decis\u00e3o do Vit\u00f3ria no Barrad\u00e3o"}]},{"@type":"WebSite","@id":"https:\/\/brasilnoticias.org\/site\/#website","url":"https:\/\/brasilnoticias.org\/site\/","name":"Brasil not\u00edcias","description":"Brasil not\u00edcias","publisher":{"@id":"https:\/\/brasilnoticias.org\/site\/#organization"},"potentialAction":[{"@type":"SearchAction","target":{"@type":"EntryPoint","urlTemplate":"https:\/\/brasilnoticias.org\/site\/?s={search_term_string}"},"query-input":{"@type":"PropertyValueSpecification","valueRequired":true,"valueName":"search_term_string"}}],"inLanguage":"pt-PT"},{"@type":"Organization","@id":"https:\/\/brasilnoticias.org\/site\/#organization","name":"Brasil not\u00edcias","url":"https:\/\/brasilnoticias.org\/site\/","logo":{"@type":"ImageObject","inLanguage":"pt-PT","@id":"https:\/\/brasilnoticias.org\/site\/#\/schema\/logo\/image\/","url":"https:\/\/brasilnoticias.org\/site\/wp-content\/uploads\/2022\/05\/cropped-brasilnoticias-mini.jpg","contentUrl":"https:\/\/brasilnoticias.org\/site\/wp-content\/uploads\/2022\/05\/cropped-brasilnoticias-mini.jpg","width":314,"height":86,"caption":"Brasil not\u00edcias"},"image":{"@id":"https:\/\/brasilnoticias.org\/site\/#\/schema\/logo\/image\/"}},{"@type":"Person","@id":"https:\/\/brasilnoticias.org\/site\/#\/schema\/person\/03bbbfe6c7634ad18c26444ea39049fa","name":"Reda\u00e7\u00e3o","image":{"@type":"ImageObject","inLanguage":"pt-PT","@id":"https:\/\/brasilnoticias.org\/site\/#\/schema\/person\/image\/","url":"https:\/\/secure.gravatar.com\/avatar\/9ecaf7327a696cb23ad926fedded5f1f04d7049de9e445375d55b48c001a6e42?s=96&d=mm&r=g","contentUrl":"https:\/\/secure.gravatar.com\/avatar\/9ecaf7327a696cb23ad926fedded5f1f04d7049de9e445375d55b48c001a6e42?s=96&d=mm&r=g","caption":"Reda\u00e7\u00e3o"},"url":"https:\/\/brasilnoticias.org\/site\/author\/henrique\/"}]}},"_links":{"self":[{"href":"https:\/\/brasilnoticias.org\/site\/wp-json\/wp\/v2\/posts\/19011","targetHints":{"allow":["GET"]}}],"collection":[{"href":"https:\/\/brasilnoticias.org\/site\/wp-json\/wp\/v2\/posts"}],"about":[{"href":"https:\/\/brasilnoticias.org\/site\/wp-json\/wp\/v2\/types\/post"}],"author":[{"embeddable":true,"href":"https:\/\/brasilnoticias.org\/site\/wp-json\/wp\/v2\/users\/4"}],"replies":[{"embeddable":true,"href":"https:\/\/brasilnoticias.org\/site\/wp-json\/wp\/v2\/comments?post=19011"}],"version-history":[{"count":1,"href":"https:\/\/brasilnoticias.org\/site\/wp-json\/wp\/v2\/posts\/19011\/revisions"}],"predecessor-version":[{"id":19013,"href":"https:\/\/brasilnoticias.org\/site\/wp-json\/wp\/v2\/posts\/19011\/revisions\/19013"}],"wp:featuredmedia":[{"embeddable":true,"href":"https:\/\/brasilnoticias.org\/site\/wp-json\/wp\/v2\/media\/19012"}],"wp:attachment":[{"href":"https:\/\/brasilnoticias.org\/site\/wp-json\/wp\/v2\/media?parent=19011"}],"wp:term":[{"taxonomy":"category","embeddable":true,"href":"https:\/\/brasilnoticias.org\/site\/wp-json\/wp\/v2\/categories?post=19011"},{"taxonomy":"post_tag","embeddable":true,"href":"https:\/\/brasilnoticias.org\/site\/wp-json\/wp\/v2\/tags?post=19011"}],"curies":[{"name":"wp","href":"https:\/\/api.w.org\/{rel}","templated":true}]}}