{"id":19029,"date":"2025-12-05T21:57:09","date_gmt":"2025-12-06T00:57:09","guid":{"rendered":"https:\/\/brasilnoticias.org\/site\/?p=19029"},"modified":"2025-12-05T21:57:09","modified_gmt":"2025-12-06T00:57:09","slug":"cidades-da-regiao-metropolitana-lideram-aumento-da-miseria-no-pais-durante-a-ultima-decada-saiba-mais","status":"publish","type":"post","link":"https:\/\/brasilnoticias.org\/site\/cidades-da-regiao-metropolitana-lideram-aumento-da-miseria-no-pais-durante-a-ultima-decada-saiba-mais\/","title":{"rendered":"Cidades da regi\u00e3o metropolitana lideram aumento da mis\u00e9ria no pa\u00eds durante a \u00faltima d\u00e9cada; saiba mais"},"content":{"rendered":"<div>\n<p>A Grande Fortaleza, localizada na regi\u00e3o metropolitana do Cear\u00e1<\/a>, liderou o aumento da mis\u00e9ria no pa\u00eds na \u00faltima d\u00e9cada e representou o maior retrocesso de pessoas em extrema pobreza, conforme apontam dados apresentados pelo Instituto Brasileiro de Geografia e Estat\u00edstica (IBGE)<\/a> entre 2015 e 2024. As duas maiores metr\u00f3poles brasileiras, Rio de Janeiro e S\u00e3o Paulo, tamb\u00e9m registraram alta no percentual de popula\u00e7\u00e3o em extrema pobreza.<\/p>\n<p>No geral, o percentual de mis\u00e9ria no Brasil reduziu de 5,6% para 3,5% nas grandes metr\u00f3poles durante o per\u00edodo. Entretanto, nas dez maiores metr\u00f3poles do pa\u00eds, o \u00edndice cresceu em propor\u00e7\u00e3o e em n\u00fameros absolutos, passando de 2,9% para 3,3% nesse per\u00edodo.<\/p>\n<p>Em 2024, essas regi\u00f5es contabilizaram 64 milh\u00f5es de moradores, dos quais 2,1 milh\u00f5es viviam em extrema pobreza. Vale lembrar que, em 2015, haviam 62 milh\u00f5es de habitantes, sendo 1,8 milh\u00e3o de pessoas nessa condi\u00e7\u00e3o.<\/p>\n<p>Para se enquadrar como uma pessoa em extrema pobreza, o IBGE utilizou os crit\u00e9rios impostos pelo Banco Mundial: renda per capita inferior a US$ 2,15 por dia, ou seja, cerca de R$ 223 mensais na cota\u00e7\u00e3o atual.<\/p>\n<p>Fortaleza, por\u00e9m, registrou alta de 2,6 pontos percentuais, alcan\u00e7ando 6,8% da popula\u00e7\u00e3o, uma m\u00e9dia de 348 mil pessoas, sendo considerado o maior \u00edndice de retrocesso entre as grandes metr\u00f3poles brasileiras. Importante destacar que a Grande Fortaleza concentra 3,9 milh\u00f5es de habitantes, \u00e9 a mais populosa do Nordeste.<\/p>\n<p><strong>Clique aqui e inscreva-se no canal do BNews no Youtube!<\/a><\/strong><\/p>\n<\/p><\/div>\n","protected":false},"excerpt":{"rendered":"<p>A Grande Fortaleza, localizada na regi\u00e3o metropolitana do Cear\u00e1, liderou o aumento da mis\u00e9ria no pa\u00eds na \u00faltima d\u00e9cada e<\/p>\n","protected":false},"author":17,"featured_media":19030,"comment_status":"open","ping_status":"open","sticky":false,"template":"","format":"standard","meta":{"colormag_page_container_layout":"default_layout","colormag_page_sidebar_layout":"default_layout","_FSMCFIC_featured_image_caption":"","_FSMCFIC_featured_image_nocaption":"","_FSMCFIC_featured_image_hide":"","footnotes":""},"categories":[1],"tags":[],"class_list":["post-19029","post","type-post","status-publish","format-standard","has-post-thumbnail","hentry","category-ultimas"],"yoast_head":"<!-- This site is optimized with the Yoast SEO plugin v27.1.1 - https:\/\/yoast.com\/product\/yoast-seo-wordpress\/ -->\n<title>Cidades da regi\u00e3o metropolitana lideram aumento da mis\u00e9ria no pa\u00eds durante a \u00faltima d\u00e9cada; saiba mais - Brasil not\u00edcias<\/title>\n<meta name=\"robots\" content=\"index, follow, max-snippet:-1, max-image-preview:large, max-video-preview:-1\" \/>\n<link rel=\"canonical\" href=\"https:\/\/brasilnoticias.org\/site\/cidades-da-regiao-metropolitana-lideram-aumento-da-miseria-no-pais-durante-a-ultima-decada-saiba-mais\/\" \/>\n<meta property=\"og:locale\" content=\"pt_PT\" \/>\n<meta property=\"og:type\" content=\"article\" \/>\n<meta property=\"og:title\" content=\"Cidades da regi\u00e3o metropolitana lideram aumento da mis\u00e9ria no pa\u00eds durante a \u00faltima d\u00e9cada; saiba mais - Brasil not\u00edcias\" \/>\n<meta property=\"og:description\" content=\"A Grande Fortaleza, localizada na regi\u00e3o metropolitana do Cear\u00e1, liderou o aumento da mis\u00e9ria no pa\u00eds na \u00faltima d\u00e9cada e\" \/>\n<meta property=\"og:url\" content=\"https:\/\/brasilnoticias.org\/site\/cidades-da-regiao-metropolitana-lideram-aumento-da-miseria-no-pais-durante-a-ultima-decada-saiba-mais\/\" \/>\n<meta property=\"og:site_name\" content=\"Brasil not\u00edcias\" \/>\n<meta property=\"article:published_time\" content=\"2025-12-06T00:57:09+00:00\" \/>\n<meta property=\"og:image\" content=\"https:\/\/brasilnoticias.org\/site\/wp-content\/uploads\/2025\/12\/pobreza_ag-brasil_widelg.jpg\" \/>\n\t<meta property=\"og:image:width\" content=\"445\" \/>\n\t<meta property=\"og:image:height\" content=\"263\" \/>\n\t<meta property=\"og:image:type\" content=\"image\/jpeg\" \/>\n<meta name=\"author\" content=\"Vagner Ferreira\" \/>\n<meta name=\"twitter:card\" content=\"summary_large_image\" \/>\n<meta name=\"twitter:label1\" content=\"Escrito por\" \/>\n\t<meta name=\"twitter:data1\" content=\"Vagner Ferreira\" \/>\n\t<meta name=\"twitter:label2\" content=\"Tempo estimado de leitura\" \/>\n\t<meta name=\"twitter:data2\" content=\"1 minuto\" \/>\n<script type=\"application\/ld+json\" class=\"yoast-schema-graph\">{\"@context\":\"https:\/\/schema.org\",\"@graph\":[{\"@type\":\"Article\",\"@id\":\"https:\/\/brasilnoticias.org\/site\/cidades-da-regiao-metropolitana-lideram-aumento-da-miseria-no-pais-durante-a-ultima-decada-saiba-mais\/#article\",\"isPartOf\":{\"@id\":\"https:\/\/brasilnoticias.org\/site\/cidades-da-regiao-metropolitana-lideram-aumento-da-miseria-no-pais-durante-a-ultima-decada-saiba-mais\/\"},\"author\":{\"name\":\"Vagner Ferreira\",\"@id\":\"https:\/\/brasilnoticias.org\/site\/#\/schema\/person\/b1b9843f126e5a5fbdb809f7d3a83fc8\"},\"headline\":\"Cidades da regi\u00e3o metropolitana lideram aumento da mis\u00e9ria no pa\u00eds durante a \u00faltima d\u00e9cada; saiba mais\",\"datePublished\":\"2025-12-06T00:57:09+00:00\",\"mainEntityOfPage\":{\"@id\":\"https:\/\/brasilnoticias.org\/site\/cidades-da-regiao-metropolitana-lideram-aumento-da-miseria-no-pais-durante-a-ultima-decada-saiba-mais\/\"},\"wordCount\":268,\"commentCount\":0,\"publisher\":{\"@id\":\"https:\/\/brasilnoticias.org\/site\/#organization\"},\"image\":{\"@id\":\"https:\/\/brasilnoticias.org\/site\/cidades-da-regiao-metropolitana-lideram-aumento-da-miseria-no-pais-durante-a-ultima-decada-saiba-mais\/#primaryimage\"},\"thumbnailUrl\":\"https:\/\/brasilnoticias.org\/site\/wp-content\/uploads\/2025\/12\/pobreza_ag-brasil_widelg.jpg\",\"articleSection\":[\"\u00daltimas\"],\"inLanguage\":\"pt-PT\",\"potentialAction\":[{\"@type\":\"CommentAction\",\"name\":\"Comment\",\"target\":[\"https:\/\/brasilnoticias.org\/site\/cidades-da-regiao-metropolitana-lideram-aumento-da-miseria-no-pais-durante-a-ultima-decada-saiba-mais\/#respond\"]}]},{\"@type\":\"WebPage\",\"@id\":\"https:\/\/brasilnoticias.org\/site\/cidades-da-regiao-metropolitana-lideram-aumento-da-miseria-no-pais-durante-a-ultima-decada-saiba-mais\/\",\"url\":\"https:\/\/brasilnoticias.org\/site\/cidades-da-regiao-metropolitana-lideram-aumento-da-miseria-no-pais-durante-a-ultima-decada-saiba-mais\/\",\"name\":\"Cidades da regi\u00e3o metropolitana lideram aumento da mis\u00e9ria no pa\u00eds durante a \u00faltima d\u00e9cada; saiba mais - Brasil not\u00edcias\",\"isPartOf\":{\"@id\":\"https:\/\/brasilnoticias.org\/site\/#website\"},\"primaryImageOfPage\":{\"@id\":\"https:\/\/brasilnoticias.org\/site\/cidades-da-regiao-metropolitana-lideram-aumento-da-miseria-no-pais-durante-a-ultima-decada-saiba-mais\/#primaryimage\"},\"image\":{\"@id\":\"https:\/\/brasilnoticias.org\/site\/cidades-da-regiao-metropolitana-lideram-aumento-da-miseria-no-pais-durante-a-ultima-decada-saiba-mais\/#primaryimage\"},\"thumbnailUrl\":\"https:\/\/brasilnoticias.org\/site\/wp-content\/uploads\/2025\/12\/pobreza_ag-brasil_widelg.jpg\",\"datePublished\":\"2025-12-06T00:57:09+00:00\",\"breadcrumb\":{\"@id\":\"https:\/\/brasilnoticias.org\/site\/cidades-da-regiao-metropolitana-lideram-aumento-da-miseria-no-pais-durante-a-ultima-decada-saiba-mais\/#breadcrumb\"},\"inLanguage\":\"pt-PT\",\"potentialAction\":[{\"@type\":\"ReadAction\",\"target\":[\"https:\/\/brasilnoticias.org\/site\/cidades-da-regiao-metropolitana-lideram-aumento-da-miseria-no-pais-durante-a-ultima-decada-saiba-mais\/\"]}]},{\"@type\":\"ImageObject\",\"inLanguage\":\"pt-PT\",\"@id\":\"https:\/\/brasilnoticias.org\/site\/cidades-da-regiao-metropolitana-lideram-aumento-da-miseria-no-pais-durante-a-ultima-decada-saiba-mais\/#primaryimage\",\"url\":\"https:\/\/brasilnoticias.org\/site\/wp-content\/uploads\/2025\/12\/pobreza_ag-brasil_widelg.jpg\",\"contentUrl\":\"https:\/\/brasilnoticias.org\/site\/wp-content\/uploads\/2025\/12\/pobreza_ag-brasil_widelg.jpg\",\"width\":445,\"height\":263,\"caption\":\"Cidades da regi\u00e3o metropolitana lideram aumento da mis\u00e9ria no pa\u00eds durante a \u00faltima d\u00e9cada; saiba mais\"},{\"@type\":\"BreadcrumbList\",\"@id\":\"https:\/\/brasilnoticias.org\/site\/cidades-da-regiao-metropolitana-lideram-aumento-da-miseria-no-pais-durante-a-ultima-decada-saiba-mais\/#breadcrumb\",\"itemListElement\":[{\"@type\":\"ListItem\",\"position\":1,\"name\":\"In\u00edcio\",\"item\":\"https:\/\/brasilnoticias.org\/site\/\"},{\"@type\":\"ListItem\",\"position\":2,\"name\":\"Cidades da regi\u00e3o metropolitana lideram aumento da mis\u00e9ria no pa\u00eds durante a \u00faltima d\u00e9cada; saiba mais\"}]},{\"@type\":\"WebSite\",\"@id\":\"https:\/\/brasilnoticias.org\/site\/#website\",\"url\":\"https:\/\/brasilnoticias.org\/site\/\",\"name\":\"Brasil not\u00edcias\",\"description\":\"Brasil not\u00edcias\",\"publisher\":{\"@id\":\"https:\/\/brasilnoticias.org\/site\/#organization\"},\"potentialAction\":[{\"@type\":\"SearchAction\",\"target\":{\"@type\":\"EntryPoint\",\"urlTemplate\":\"https:\/\/brasilnoticias.org\/site\/?s={search_term_string}\"},\"query-input\":{\"@type\":\"PropertyValueSpecification\",\"valueRequired\":true,\"valueName\":\"search_term_string\"}}],\"inLanguage\":\"pt-PT\"},{\"@type\":\"Organization\",\"@id\":\"https:\/\/brasilnoticias.org\/site\/#organization\",\"name\":\"Brasil not\u00edcias\",\"url\":\"https:\/\/brasilnoticias.org\/site\/\",\"logo\":{\"@type\":\"ImageObject\",\"inLanguage\":\"pt-PT\",\"@id\":\"https:\/\/brasilnoticias.org\/site\/#\/schema\/logo\/image\/\",\"url\":\"https:\/\/brasilnoticias.org\/site\/wp-content\/uploads\/2022\/05\/cropped-brasilnoticias-mini.jpg\",\"contentUrl\":\"https:\/\/brasilnoticias.org\/site\/wp-content\/uploads\/2022\/05\/cropped-brasilnoticias-mini.jpg\",\"width\":314,\"height\":86,\"caption\":\"Brasil not\u00edcias\"},\"image\":{\"@id\":\"https:\/\/brasilnoticias.org\/site\/#\/schema\/logo\/image\/\"}},{\"@type\":\"Person\",\"@id\":\"https:\/\/brasilnoticias.org\/site\/#\/schema\/person\/b1b9843f126e5a5fbdb809f7d3a83fc8\",\"name\":\"Vagner Ferreira\",\"image\":{\"@type\":\"ImageObject\",\"inLanguage\":\"pt-PT\",\"@id\":\"https:\/\/brasilnoticias.org\/site\/#\/schema\/person\/image\/\",\"url\":\"https:\/\/secure.gravatar.com\/avatar\/?s=96&d=mm&r=g\",\"contentUrl\":\"https:\/\/secure.gravatar.com\/avatar\/?s=96&d=mm&r=g\",\"caption\":\"Vagner Ferreira\"},\"url\":\"https:\/\/brasilnoticias.org\/site\/author\/vagner_ferreira\/\"}]}<\/script>\n<!-- \/ Yoast SEO plugin. -->","yoast_head_json":{"title":"Cidades da regi\u00e3o metropolitana lideram aumento da mis\u00e9ria no pa\u00eds durante a \u00faltima d\u00e9cada; saiba mais - Brasil not\u00edcias","robots":{"index":"index","follow":"follow","max-snippet":"max-snippet:-1","max-image-preview":"max-image-preview:large","max-video-preview":"max-video-preview:-1"},"canonical":"https:\/\/brasilnoticias.org\/site\/cidades-da-regiao-metropolitana-lideram-aumento-da-miseria-no-pais-durante-a-ultima-decada-saiba-mais\/","og_locale":"pt_PT","og_type":"article","og_title":"Cidades da regi\u00e3o metropolitana lideram aumento da mis\u00e9ria no pa\u00eds durante a \u00faltima d\u00e9cada; saiba mais - Brasil not\u00edcias","og_description":"A Grande Fortaleza, localizada na regi\u00e3o metropolitana do Cear\u00e1, liderou o aumento da mis\u00e9ria no pa\u00eds na \u00faltima d\u00e9cada e","og_url":"https:\/\/brasilnoticias.org\/site\/cidades-da-regiao-metropolitana-lideram-aumento-da-miseria-no-pais-durante-a-ultima-decada-saiba-mais\/","og_site_name":"Brasil not\u00edcias","article_published_time":"2025-12-06T00:57:09+00:00","og_image":[{"width":445,"height":263,"url":"https:\/\/brasilnoticias.org\/site\/wp-content\/uploads\/2025\/12\/pobreza_ag-brasil_widelg.jpg","type":"image\/jpeg"}],"author":"Vagner Ferreira","twitter_card":"summary_large_image","twitter_misc":{"Escrito por":"Vagner Ferreira","Tempo estimado de leitura":"1 minuto"},"schema":{"@context":"https:\/\/schema.org","@graph":[{"@type":"Article","@id":"https:\/\/brasilnoticias.org\/site\/cidades-da-regiao-metropolitana-lideram-aumento-da-miseria-no-pais-durante-a-ultima-decada-saiba-mais\/#article","isPartOf":{"@id":"https:\/\/brasilnoticias.org\/site\/cidades-da-regiao-metropolitana-lideram-aumento-da-miseria-no-pais-durante-a-ultima-decada-saiba-mais\/"},"author":{"name":"Vagner Ferreira","@id":"https:\/\/brasilnoticias.org\/site\/#\/schema\/person\/b1b9843f126e5a5fbdb809f7d3a83fc8"},"headline":"Cidades da regi\u00e3o metropolitana lideram aumento da mis\u00e9ria no pa\u00eds durante a \u00faltima d\u00e9cada; saiba mais","datePublished":"2025-12-06T00:57:09+00:00","mainEntityOfPage":{"@id":"https:\/\/brasilnoticias.org\/site\/cidades-da-regiao-metropolitana-lideram-aumento-da-miseria-no-pais-durante-a-ultima-decada-saiba-mais\/"},"wordCount":268,"commentCount":0,"publisher":{"@id":"https:\/\/brasilnoticias.org\/site\/#organization"},"image":{"@id":"https:\/\/brasilnoticias.org\/site\/cidades-da-regiao-metropolitana-lideram-aumento-da-miseria-no-pais-durante-a-ultima-decada-saiba-mais\/#primaryimage"},"thumbnailUrl":"https:\/\/brasilnoticias.org\/site\/wp-content\/uploads\/2025\/12\/pobreza_ag-brasil_widelg.jpg","articleSection":["\u00daltimas"],"inLanguage":"pt-PT","potentialAction":[{"@type":"CommentAction","name":"Comment","target":["https:\/\/brasilnoticias.org\/site\/cidades-da-regiao-metropolitana-lideram-aumento-da-miseria-no-pais-durante-a-ultima-decada-saiba-mais\/#respond"]}]},{"@type":"WebPage","@id":"https:\/\/brasilnoticias.org\/site\/cidades-da-regiao-metropolitana-lideram-aumento-da-miseria-no-pais-durante-a-ultima-decada-saiba-mais\/","url":"https:\/\/brasilnoticias.org\/site\/cidades-da-regiao-metropolitana-lideram-aumento-da-miseria-no-pais-durante-a-ultima-decada-saiba-mais\/","name":"Cidades da regi\u00e3o metropolitana lideram aumento da mis\u00e9ria no pa\u00eds durante a \u00faltima d\u00e9cada; saiba mais - Brasil not\u00edcias","isPartOf":{"@id":"https:\/\/brasilnoticias.org\/site\/#website"},"primaryImageOfPage":{"@id":"https:\/\/brasilnoticias.org\/site\/cidades-da-regiao-metropolitana-lideram-aumento-da-miseria-no-pais-durante-a-ultima-decada-saiba-mais\/#primaryimage"},"image":{"@id":"https:\/\/brasilnoticias.org\/site\/cidades-da-regiao-metropolitana-lideram-aumento-da-miseria-no-pais-durante-a-ultima-decada-saiba-mais\/#primaryimage"},"thumbnailUrl":"https:\/\/brasilnoticias.org\/site\/wp-content\/uploads\/2025\/12\/pobreza_ag-brasil_widelg.jpg","datePublished":"2025-12-06T00:57:09+00:00","breadcrumb":{"@id":"https:\/\/brasilnoticias.org\/site\/cidades-da-regiao-metropolitana-lideram-aumento-da-miseria-no-pais-durante-a-ultima-decada-saiba-mais\/#breadcrumb"},"inLanguage":"pt-PT","potentialAction":[{"@type":"ReadAction","target":["https:\/\/brasilnoticias.org\/site\/cidades-da-regiao-metropolitana-lideram-aumento-da-miseria-no-pais-durante-a-ultima-decada-saiba-mais\/"]}]},{"@type":"ImageObject","inLanguage":"pt-PT","@id":"https:\/\/brasilnoticias.org\/site\/cidades-da-regiao-metropolitana-lideram-aumento-da-miseria-no-pais-durante-a-ultima-decada-saiba-mais\/#primaryimage","url":"https:\/\/brasilnoticias.org\/site\/wp-content\/uploads\/2025\/12\/pobreza_ag-brasil_widelg.jpg","contentUrl":"https:\/\/brasilnoticias.org\/site\/wp-content\/uploads\/2025\/12\/pobreza_ag-brasil_widelg.jpg","width":445,"height":263,"caption":"Cidades da regi\u00e3o metropolitana lideram aumento da mis\u00e9ria no pa\u00eds durante a \u00faltima d\u00e9cada; saiba mais"},{"@type":"BreadcrumbList","@id":"https:\/\/brasilnoticias.org\/site\/cidades-da-regiao-metropolitana-lideram-aumento-da-miseria-no-pais-durante-a-ultima-decada-saiba-mais\/#breadcrumb","itemListElement":[{"@type":"ListItem","position":1,"name":"In\u00edcio","item":"https:\/\/brasilnoticias.org\/site\/"},{"@type":"ListItem","position":2,"name":"Cidades da regi\u00e3o metropolitana lideram aumento da mis\u00e9ria no pa\u00eds durante a \u00faltima d\u00e9cada; saiba mais"}]},{"@type":"WebSite","@id":"https:\/\/brasilnoticias.org\/site\/#website","url":"https:\/\/brasilnoticias.org\/site\/","name":"Brasil not\u00edcias","description":"Brasil not\u00edcias","publisher":{"@id":"https:\/\/brasilnoticias.org\/site\/#organization"},"potentialAction":[{"@type":"SearchAction","target":{"@type":"EntryPoint","urlTemplate":"https:\/\/brasilnoticias.org\/site\/?s={search_term_string}"},"query-input":{"@type":"PropertyValueSpecification","valueRequired":true,"valueName":"search_term_string"}}],"inLanguage":"pt-PT"},{"@type":"Organization","@id":"https:\/\/brasilnoticias.org\/site\/#organization","name":"Brasil not\u00edcias","url":"https:\/\/brasilnoticias.org\/site\/","logo":{"@type":"ImageObject","inLanguage":"pt-PT","@id":"https:\/\/brasilnoticias.org\/site\/#\/schema\/logo\/image\/","url":"https:\/\/brasilnoticias.org\/site\/wp-content\/uploads\/2022\/05\/cropped-brasilnoticias-mini.jpg","contentUrl":"https:\/\/brasilnoticias.org\/site\/wp-content\/uploads\/2022\/05\/cropped-brasilnoticias-mini.jpg","width":314,"height":86,"caption":"Brasil not\u00edcias"},"image":{"@id":"https:\/\/brasilnoticias.org\/site\/#\/schema\/logo\/image\/"}},{"@type":"Person","@id":"https:\/\/brasilnoticias.org\/site\/#\/schema\/person\/b1b9843f126e5a5fbdb809f7d3a83fc8","name":"Vagner Ferreira","image":{"@type":"ImageObject","inLanguage":"pt-PT","@id":"https:\/\/brasilnoticias.org\/site\/#\/schema\/person\/image\/","url":"https:\/\/secure.gravatar.com\/avatar\/?s=96&d=mm&r=g","contentUrl":"https:\/\/secure.gravatar.com\/avatar\/?s=96&d=mm&r=g","caption":"Vagner Ferreira"},"url":"https:\/\/brasilnoticias.org\/site\/author\/vagner_ferreira\/"}]}},"_links":{"self":[{"href":"https:\/\/brasilnoticias.org\/site\/wp-json\/wp\/v2\/posts\/19029","targetHints":{"allow":["GET"]}}],"collection":[{"href":"https:\/\/brasilnoticias.org\/site\/wp-json\/wp\/v2\/posts"}],"about":[{"href":"https:\/\/brasilnoticias.org\/site\/wp-json\/wp\/v2\/types\/post"}],"author":[{"embeddable":true,"href":"https:\/\/brasilnoticias.org\/site\/wp-json\/wp\/v2\/users\/17"}],"replies":[{"embeddable":true,"href":"https:\/\/brasilnoticias.org\/site\/wp-json\/wp\/v2\/comments?post=19029"}],"version-history":[{"count":1,"href":"https:\/\/brasilnoticias.org\/site\/wp-json\/wp\/v2\/posts\/19029\/revisions"}],"predecessor-version":[{"id":19031,"href":"https:\/\/brasilnoticias.org\/site\/wp-json\/wp\/v2\/posts\/19029\/revisions\/19031"}],"wp:featuredmedia":[{"embeddable":true,"href":"https:\/\/brasilnoticias.org\/site\/wp-json\/wp\/v2\/media\/19030"}],"wp:attachment":[{"href":"https:\/\/brasilnoticias.org\/site\/wp-json\/wp\/v2\/media?parent=19029"}],"wp:term":[{"taxonomy":"category","embeddable":true,"href":"https:\/\/brasilnoticias.org\/site\/wp-json\/wp\/v2\/categories?post=19029"},{"taxonomy":"post_tag","embeddable":true,"href":"https:\/\/brasilnoticias.org\/site\/wp-json\/wp\/v2\/tags?post=19029"}],"curies":[{"name":"wp","href":"https:\/\/api.w.org\/{rel}","templated":true}]}}