{"id":19036,"date":"2025-12-06T21:57:06","date_gmt":"2025-12-07T00:57:06","guid":{"rendered":"https:\/\/brasilnoticias.org\/site\/?p=19036"},"modified":"2025-12-06T21:57:06","modified_gmt":"2025-12-07T00:57:06","slug":"real-time-big-data-jorginho-mello-lidera-com-folga-e-se-reelegeria-governador-de-santa-catarina","status":"publish","type":"post","link":"https:\/\/brasilnoticias.org\/site\/real-time-big-data-jorginho-mello-lidera-com-folga-e-se-reelegeria-governador-de-santa-catarina\/","title":{"rendered":"Real Time\/Big Data: Jorginho Mello lidera com folga e se reelegeria governador de Santa Catarina"},"content":{"rendered":"<div>\n<p><strong>Jorginho Mello<\/a> <\/strong>(PL) lidera com folga as inten\u00e7\u00f5es de voto ao Governo de Santa Catarina, segundo pesquisa do instituto <strong>Real Time\/Big Data<\/a><\/strong> divulgada nesta quinta-feira (4). O levantameAli<\/p>\n<p>No primeiro cen\u00e1rio, Jorginho aparece disparado na lideran\u00e7a com 48%. O segundo colocado \u00e9 Jo\u00e3o Rodrigues (PSD) com 22%, seguido de D\u00e9cio Lima (PT) com 14%, Adriano Silva (Novo) 2%, Marcos Vieira (PSDB) 1%, Afr\u00e2nio Boppr\u00e9 (PSOL) e Marcelo Brigadeiro (Miss\u00e3o), que n\u00e3o pontuou.<\/p>\n<p>Na segunda simula\u00e7\u00e3o feita pelo instituto, Jorginho tem 49%, contra 25% de Jo\u00e3o Rodrigues, 5% de Afr\u00e2nio Boppr\u00e9, e 2% de Adriano Silva e Marcos Vieira. Marcelo Brigadeiro tamb\u00e9m n\u00e3o marca pontos neste cen\u00e1rio.<\/p>\n<p><strong>AVALIA\u00c7\u00c3O<\/strong><\/p>\n<p>O desempenho de Jorginho Mello \u00e9 refletido na avalia\u00e7\u00e3o de sua gest\u00e3o. Para 58% dos catarinenses, a administra\u00e7\u00e3o do atual governador \u00e9 \u00f3timo ou bom, enquanto 25% avaliam como regular e outros 16% como ruim ou p\u00e9ssimo. Para 53% dos entrevistados, Santa Catarina est\u00e1 melhor posicionado do que outros estados. J\u00e1 27% acham igual e 12% pior.<\/p>\n<p>Jorginho tamb\u00e9m lidera quando o assunto \u00e9 a compara\u00e7\u00e3o com outros governadores. Para 62% ele \u00e9 o melhor dos \u00faltimos tr\u00eas gestores do estado. Neste quesito, Raimundo Colombo e Carlos Mois\u00e9s, aparecem com 21% e 6%, respectivamente.<\/p>\n<p><strong>METODOLOGIA<\/strong><\/p>\n<p>Para chegar ao resultado da pesquisa, a Real Time\/Big Data ouviu 1.200 eleitores entre os dias 2 e 3 de dezembro. A margem de erro do levantamento \u00e9 de 3 p.p. para mais ou para menos e o nivel de confian\u00e7a \u00e9 de 95%.<\/p>\n<\/p><\/div>\n","protected":false},"excerpt":{"rendered":"<p>Jorginho Mello (PL) lidera com folga as inten\u00e7\u00f5es de voto ao Governo de Santa Catarina, segundo pesquisa do instituto Real<\/p>\n","protected":false},"author":39,"featured_media":19037,"comment_status":"open","ping_status":"open","sticky":false,"template":"","format":"standard","meta":{"colormag_page_container_layout":"default_layout","colormag_page_sidebar_layout":"default_layout","_FSMCFIC_featured_image_caption":"","_FSMCFIC_featured_image_nocaption":"","_FSMCFIC_featured_image_hide":"","footnotes":""},"categories":[1],"tags":[],"class_list":["post-19036","post","type-post","status-publish","format-standard","has-post-thumbnail","hentry","category-ultimas"],"yoast_head":"<!-- This site is optimized with the Yoast SEO plugin v27.1.1 - https:\/\/yoast.com\/product\/yoast-seo-wordpress\/ -->\n<title>Real Time\/Big Data: Jorginho Mello lidera com folga e se reelegeria governador de Santa Catarina - Brasil not\u00edcias<\/title>\n<meta name=\"robots\" content=\"index, follow, max-snippet:-1, max-image-preview:large, max-video-preview:-1\" \/>\n<link rel=\"canonical\" href=\"https:\/\/brasilnoticias.org\/site\/real-time-big-data-jorginho-mello-lidera-com-folga-e-se-reelegeria-governador-de-santa-catarina\/\" \/>\n<meta property=\"og:locale\" content=\"pt_PT\" \/>\n<meta property=\"og:type\" content=\"article\" \/>\n<meta property=\"og:title\" content=\"Real Time\/Big Data: Jorginho Mello lidera com folga e se reelegeria governador de Santa Catarina - Brasil not\u00edcias\" \/>\n<meta property=\"og:description\" content=\"Jorginho Mello (PL) lidera com folga as inten\u00e7\u00f5es de voto ao Governo de Santa Catarina, segundo pesquisa do instituto Real\" \/>\n<meta property=\"og:url\" content=\"https:\/\/brasilnoticias.org\/site\/real-time-big-data-jorginho-mello-lidera-com-folga-e-se-reelegeria-governador-de-santa-catarina\/\" \/>\n<meta property=\"og:site_name\" content=\"Brasil not\u00edcias\" \/>\n<meta property=\"article:published_time\" content=\"2025-12-07T00:57:06+00:00\" \/>\n<meta property=\"og:image\" content=\"https:\/\/brasilnoticias.org\/site\/wp-content\/uploads\/2025\/12\/54926323046_fef0427978_k_widelg.jpg\" \/>\n\t<meta property=\"og:image:width\" content=\"800\" \/>\n\t<meta property=\"og:image:height\" content=\"450\" \/>\n\t<meta property=\"og:image:type\" content=\"image\/jpeg\" \/>\n<meta name=\"author\" content=\"Anderson Ramos\" \/>\n<meta name=\"twitter:card\" content=\"summary_large_image\" \/>\n<meta name=\"twitter:label1\" content=\"Escrito por\" \/>\n\t<meta name=\"twitter:data1\" content=\"Anderson Ramos\" \/>\n\t<meta name=\"twitter:label2\" content=\"Tempo estimado de leitura\" \/>\n\t<meta name=\"twitter:data2\" content=\"1 minuto\" \/>\n<script type=\"application\/ld+json\" class=\"yoast-schema-graph\">{\"@context\":\"https:\/\/schema.org\",\"@graph\":[{\"@type\":\"Article\",\"@id\":\"https:\/\/brasilnoticias.org\/site\/real-time-big-data-jorginho-mello-lidera-com-folga-e-se-reelegeria-governador-de-santa-catarina\/#article\",\"isPartOf\":{\"@id\":\"https:\/\/brasilnoticias.org\/site\/real-time-big-data-jorginho-mello-lidera-com-folga-e-se-reelegeria-governador-de-santa-catarina\/\"},\"author\":{\"name\":\"Anderson Ramos\",\"@id\":\"https:\/\/brasilnoticias.org\/site\/#\/schema\/person\/b759e64b26b5ef4b2fcb24143a4eb593\"},\"headline\":\"Real Time\/Big Data: Jorginho Mello lidera com folga e se reelegeria governador de Santa Catarina\",\"datePublished\":\"2025-12-07T00:57:06+00:00\",\"mainEntityOfPage\":{\"@id\":\"https:\/\/brasilnoticias.org\/site\/real-time-big-data-jorginho-mello-lidera-com-folga-e-se-reelegeria-governador-de-santa-catarina\/\"},\"wordCount\":258,\"commentCount\":0,\"publisher\":{\"@id\":\"https:\/\/brasilnoticias.org\/site\/#organization\"},\"image\":{\"@id\":\"https:\/\/brasilnoticias.org\/site\/real-time-big-data-jorginho-mello-lidera-com-folga-e-se-reelegeria-governador-de-santa-catarina\/#primaryimage\"},\"thumbnailUrl\":\"https:\/\/brasilnoticias.org\/site\/wp-content\/uploads\/2025\/12\/54926323046_fef0427978_k_widelg.jpg\",\"articleSection\":[\"\u00daltimas\"],\"inLanguage\":\"pt-PT\",\"potentialAction\":[{\"@type\":\"CommentAction\",\"name\":\"Comment\",\"target\":[\"https:\/\/brasilnoticias.org\/site\/real-time-big-data-jorginho-mello-lidera-com-folga-e-se-reelegeria-governador-de-santa-catarina\/#respond\"]}]},{\"@type\":\"WebPage\",\"@id\":\"https:\/\/brasilnoticias.org\/site\/real-time-big-data-jorginho-mello-lidera-com-folga-e-se-reelegeria-governador-de-santa-catarina\/\",\"url\":\"https:\/\/brasilnoticias.org\/site\/real-time-big-data-jorginho-mello-lidera-com-folga-e-se-reelegeria-governador-de-santa-catarina\/\",\"name\":\"Real Time\/Big Data: Jorginho Mello lidera com folga e se reelegeria governador de Santa Catarina - Brasil not\u00edcias\",\"isPartOf\":{\"@id\":\"https:\/\/brasilnoticias.org\/site\/#website\"},\"primaryImageOfPage\":{\"@id\":\"https:\/\/brasilnoticias.org\/site\/real-time-big-data-jorginho-mello-lidera-com-folga-e-se-reelegeria-governador-de-santa-catarina\/#primaryimage\"},\"image\":{\"@id\":\"https:\/\/brasilnoticias.org\/site\/real-time-big-data-jorginho-mello-lidera-com-folga-e-se-reelegeria-governador-de-santa-catarina\/#primaryimage\"},\"thumbnailUrl\":\"https:\/\/brasilnoticias.org\/site\/wp-content\/uploads\/2025\/12\/54926323046_fef0427978_k_widelg.jpg\",\"datePublished\":\"2025-12-07T00:57:06+00:00\",\"breadcrumb\":{\"@id\":\"https:\/\/brasilnoticias.org\/site\/real-time-big-data-jorginho-mello-lidera-com-folga-e-se-reelegeria-governador-de-santa-catarina\/#breadcrumb\"},\"inLanguage\":\"pt-PT\",\"potentialAction\":[{\"@type\":\"ReadAction\",\"target\":[\"https:\/\/brasilnoticias.org\/site\/real-time-big-data-jorginho-mello-lidera-com-folga-e-se-reelegeria-governador-de-santa-catarina\/\"]}]},{\"@type\":\"ImageObject\",\"inLanguage\":\"pt-PT\",\"@id\":\"https:\/\/brasilnoticias.org\/site\/real-time-big-data-jorginho-mello-lidera-com-folga-e-se-reelegeria-governador-de-santa-catarina\/#primaryimage\",\"url\":\"https:\/\/brasilnoticias.org\/site\/wp-content\/uploads\/2025\/12\/54926323046_fef0427978_k_widelg.jpg\",\"contentUrl\":\"https:\/\/brasilnoticias.org\/site\/wp-content\/uploads\/2025\/12\/54926323046_fef0427978_k_widelg.jpg\",\"width\":800,\"height\":450,\"caption\":\"Real Time\/Big Data: Jorginho Mello lidera com folga e se reelegeria governador de Santa Catarina\"},{\"@type\":\"BreadcrumbList\",\"@id\":\"https:\/\/brasilnoticias.org\/site\/real-time-big-data-jorginho-mello-lidera-com-folga-e-se-reelegeria-governador-de-santa-catarina\/#breadcrumb\",\"itemListElement\":[{\"@type\":\"ListItem\",\"position\":1,\"name\":\"In\u00edcio\",\"item\":\"https:\/\/brasilnoticias.org\/site\/\"},{\"@type\":\"ListItem\",\"position\":2,\"name\":\"Real Time\/Big Data: Jorginho Mello lidera com folga e se reelegeria governador de Santa Catarina\"}]},{\"@type\":\"WebSite\",\"@id\":\"https:\/\/brasilnoticias.org\/site\/#website\",\"url\":\"https:\/\/brasilnoticias.org\/site\/\",\"name\":\"Brasil not\u00edcias\",\"description\":\"Brasil not\u00edcias\",\"publisher\":{\"@id\":\"https:\/\/brasilnoticias.org\/site\/#organization\"},\"potentialAction\":[{\"@type\":\"SearchAction\",\"target\":{\"@type\":\"EntryPoint\",\"urlTemplate\":\"https:\/\/brasilnoticias.org\/site\/?s={search_term_string}\"},\"query-input\":{\"@type\":\"PropertyValueSpecification\",\"valueRequired\":true,\"valueName\":\"search_term_string\"}}],\"inLanguage\":\"pt-PT\"},{\"@type\":\"Organization\",\"@id\":\"https:\/\/brasilnoticias.org\/site\/#organization\",\"name\":\"Brasil not\u00edcias\",\"url\":\"https:\/\/brasilnoticias.org\/site\/\",\"logo\":{\"@type\":\"ImageObject\",\"inLanguage\":\"pt-PT\",\"@id\":\"https:\/\/brasilnoticias.org\/site\/#\/schema\/logo\/image\/\",\"url\":\"https:\/\/brasilnoticias.org\/site\/wp-content\/uploads\/2022\/05\/cropped-brasilnoticias-mini.jpg\",\"contentUrl\":\"https:\/\/brasilnoticias.org\/site\/wp-content\/uploads\/2022\/05\/cropped-brasilnoticias-mini.jpg\",\"width\":314,\"height\":86,\"caption\":\"Brasil not\u00edcias\"},\"image\":{\"@id\":\"https:\/\/brasilnoticias.org\/site\/#\/schema\/logo\/image\/\"}},{\"@type\":\"Person\",\"@id\":\"https:\/\/brasilnoticias.org\/site\/#\/schema\/person\/b759e64b26b5ef4b2fcb24143a4eb593\",\"name\":\"Anderson Ramos\",\"image\":{\"@type\":\"ImageObject\",\"inLanguage\":\"pt-PT\",\"@id\":\"https:\/\/brasilnoticias.org\/site\/#\/schema\/person\/image\/\",\"url\":\"https:\/\/secure.gravatar.com\/avatar\/?s=96&d=mm&r=g\",\"contentUrl\":\"https:\/\/secure.gravatar.com\/avatar\/?s=96&d=mm&r=g\",\"caption\":\"Anderson Ramos\"},\"url\":\"https:\/\/brasilnoticias.org\/site\/author\/anderson_ramos\/\"}]}<\/script>\n<!-- \/ Yoast SEO plugin. -->","yoast_head_json":{"title":"Real Time\/Big Data: Jorginho Mello lidera com folga e se reelegeria governador de Santa Catarina - Brasil not\u00edcias","robots":{"index":"index","follow":"follow","max-snippet":"max-snippet:-1","max-image-preview":"max-image-preview:large","max-video-preview":"max-video-preview:-1"},"canonical":"https:\/\/brasilnoticias.org\/site\/real-time-big-data-jorginho-mello-lidera-com-folga-e-se-reelegeria-governador-de-santa-catarina\/","og_locale":"pt_PT","og_type":"article","og_title":"Real Time\/Big Data: Jorginho Mello lidera com folga e se reelegeria governador de Santa Catarina - Brasil not\u00edcias","og_description":"Jorginho Mello (PL) lidera com folga as inten\u00e7\u00f5es de voto ao Governo de Santa Catarina, segundo pesquisa do instituto Real","og_url":"https:\/\/brasilnoticias.org\/site\/real-time-big-data-jorginho-mello-lidera-com-folga-e-se-reelegeria-governador-de-santa-catarina\/","og_site_name":"Brasil not\u00edcias","article_published_time":"2025-12-07T00:57:06+00:00","og_image":[{"width":800,"height":450,"url":"https:\/\/brasilnoticias.org\/site\/wp-content\/uploads\/2025\/12\/54926323046_fef0427978_k_widelg.jpg","type":"image\/jpeg"}],"author":"Anderson Ramos","twitter_card":"summary_large_image","twitter_misc":{"Escrito por":"Anderson Ramos","Tempo estimado de leitura":"1 minuto"},"schema":{"@context":"https:\/\/schema.org","@graph":[{"@type":"Article","@id":"https:\/\/brasilnoticias.org\/site\/real-time-big-data-jorginho-mello-lidera-com-folga-e-se-reelegeria-governador-de-santa-catarina\/#article","isPartOf":{"@id":"https:\/\/brasilnoticias.org\/site\/real-time-big-data-jorginho-mello-lidera-com-folga-e-se-reelegeria-governador-de-santa-catarina\/"},"author":{"name":"Anderson Ramos","@id":"https:\/\/brasilnoticias.org\/site\/#\/schema\/person\/b759e64b26b5ef4b2fcb24143a4eb593"},"headline":"Real Time\/Big Data: Jorginho Mello lidera com folga e se reelegeria governador de Santa Catarina","datePublished":"2025-12-07T00:57:06+00:00","mainEntityOfPage":{"@id":"https:\/\/brasilnoticias.org\/site\/real-time-big-data-jorginho-mello-lidera-com-folga-e-se-reelegeria-governador-de-santa-catarina\/"},"wordCount":258,"commentCount":0,"publisher":{"@id":"https:\/\/brasilnoticias.org\/site\/#organization"},"image":{"@id":"https:\/\/brasilnoticias.org\/site\/real-time-big-data-jorginho-mello-lidera-com-folga-e-se-reelegeria-governador-de-santa-catarina\/#primaryimage"},"thumbnailUrl":"https:\/\/brasilnoticias.org\/site\/wp-content\/uploads\/2025\/12\/54926323046_fef0427978_k_widelg.jpg","articleSection":["\u00daltimas"],"inLanguage":"pt-PT","potentialAction":[{"@type":"CommentAction","name":"Comment","target":["https:\/\/brasilnoticias.org\/site\/real-time-big-data-jorginho-mello-lidera-com-folga-e-se-reelegeria-governador-de-santa-catarina\/#respond"]}]},{"@type":"WebPage","@id":"https:\/\/brasilnoticias.org\/site\/real-time-big-data-jorginho-mello-lidera-com-folga-e-se-reelegeria-governador-de-santa-catarina\/","url":"https:\/\/brasilnoticias.org\/site\/real-time-big-data-jorginho-mello-lidera-com-folga-e-se-reelegeria-governador-de-santa-catarina\/","name":"Real Time\/Big Data: Jorginho Mello lidera com folga e se reelegeria governador de Santa Catarina - Brasil not\u00edcias","isPartOf":{"@id":"https:\/\/brasilnoticias.org\/site\/#website"},"primaryImageOfPage":{"@id":"https:\/\/brasilnoticias.org\/site\/real-time-big-data-jorginho-mello-lidera-com-folga-e-se-reelegeria-governador-de-santa-catarina\/#primaryimage"},"image":{"@id":"https:\/\/brasilnoticias.org\/site\/real-time-big-data-jorginho-mello-lidera-com-folga-e-se-reelegeria-governador-de-santa-catarina\/#primaryimage"},"thumbnailUrl":"https:\/\/brasilnoticias.org\/site\/wp-content\/uploads\/2025\/12\/54926323046_fef0427978_k_widelg.jpg","datePublished":"2025-12-07T00:57:06+00:00","breadcrumb":{"@id":"https:\/\/brasilnoticias.org\/site\/real-time-big-data-jorginho-mello-lidera-com-folga-e-se-reelegeria-governador-de-santa-catarina\/#breadcrumb"},"inLanguage":"pt-PT","potentialAction":[{"@type":"ReadAction","target":["https:\/\/brasilnoticias.org\/site\/real-time-big-data-jorginho-mello-lidera-com-folga-e-se-reelegeria-governador-de-santa-catarina\/"]}]},{"@type":"ImageObject","inLanguage":"pt-PT","@id":"https:\/\/brasilnoticias.org\/site\/real-time-big-data-jorginho-mello-lidera-com-folga-e-se-reelegeria-governador-de-santa-catarina\/#primaryimage","url":"https:\/\/brasilnoticias.org\/site\/wp-content\/uploads\/2025\/12\/54926323046_fef0427978_k_widelg.jpg","contentUrl":"https:\/\/brasilnoticias.org\/site\/wp-content\/uploads\/2025\/12\/54926323046_fef0427978_k_widelg.jpg","width":800,"height":450,"caption":"Real Time\/Big Data: Jorginho Mello lidera com folga e se reelegeria governador de Santa Catarina"},{"@type":"BreadcrumbList","@id":"https:\/\/brasilnoticias.org\/site\/real-time-big-data-jorginho-mello-lidera-com-folga-e-se-reelegeria-governador-de-santa-catarina\/#breadcrumb","itemListElement":[{"@type":"ListItem","position":1,"name":"In\u00edcio","item":"https:\/\/brasilnoticias.org\/site\/"},{"@type":"ListItem","position":2,"name":"Real Time\/Big Data: Jorginho Mello lidera com folga e se reelegeria governador de Santa Catarina"}]},{"@type":"WebSite","@id":"https:\/\/brasilnoticias.org\/site\/#website","url":"https:\/\/brasilnoticias.org\/site\/","name":"Brasil not\u00edcias","description":"Brasil not\u00edcias","publisher":{"@id":"https:\/\/brasilnoticias.org\/site\/#organization"},"potentialAction":[{"@type":"SearchAction","target":{"@type":"EntryPoint","urlTemplate":"https:\/\/brasilnoticias.org\/site\/?s={search_term_string}"},"query-input":{"@type":"PropertyValueSpecification","valueRequired":true,"valueName":"search_term_string"}}],"inLanguage":"pt-PT"},{"@type":"Organization","@id":"https:\/\/brasilnoticias.org\/site\/#organization","name":"Brasil not\u00edcias","url":"https:\/\/brasilnoticias.org\/site\/","logo":{"@type":"ImageObject","inLanguage":"pt-PT","@id":"https:\/\/brasilnoticias.org\/site\/#\/schema\/logo\/image\/","url":"https:\/\/brasilnoticias.org\/site\/wp-content\/uploads\/2022\/05\/cropped-brasilnoticias-mini.jpg","contentUrl":"https:\/\/brasilnoticias.org\/site\/wp-content\/uploads\/2022\/05\/cropped-brasilnoticias-mini.jpg","width":314,"height":86,"caption":"Brasil not\u00edcias"},"image":{"@id":"https:\/\/brasilnoticias.org\/site\/#\/schema\/logo\/image\/"}},{"@type":"Person","@id":"https:\/\/brasilnoticias.org\/site\/#\/schema\/person\/b759e64b26b5ef4b2fcb24143a4eb593","name":"Anderson Ramos","image":{"@type":"ImageObject","inLanguage":"pt-PT","@id":"https:\/\/brasilnoticias.org\/site\/#\/schema\/person\/image\/","url":"https:\/\/secure.gravatar.com\/avatar\/?s=96&d=mm&r=g","contentUrl":"https:\/\/secure.gravatar.com\/avatar\/?s=96&d=mm&r=g","caption":"Anderson Ramos"},"url":"https:\/\/brasilnoticias.org\/site\/author\/anderson_ramos\/"}]}},"_links":{"self":[{"href":"https:\/\/brasilnoticias.org\/site\/wp-json\/wp\/v2\/posts\/19036","targetHints":{"allow":["GET"]}}],"collection":[{"href":"https:\/\/brasilnoticias.org\/site\/wp-json\/wp\/v2\/posts"}],"about":[{"href":"https:\/\/brasilnoticias.org\/site\/wp-json\/wp\/v2\/types\/post"}],"author":[{"embeddable":true,"href":"https:\/\/brasilnoticias.org\/site\/wp-json\/wp\/v2\/users\/39"}],"replies":[{"embeddable":true,"href":"https:\/\/brasilnoticias.org\/site\/wp-json\/wp\/v2\/comments?post=19036"}],"version-history":[{"count":1,"href":"https:\/\/brasilnoticias.org\/site\/wp-json\/wp\/v2\/posts\/19036\/revisions"}],"predecessor-version":[{"id":19038,"href":"https:\/\/brasilnoticias.org\/site\/wp-json\/wp\/v2\/posts\/19036\/revisions\/19038"}],"wp:featuredmedia":[{"embeddable":true,"href":"https:\/\/brasilnoticias.org\/site\/wp-json\/wp\/v2\/media\/19037"}],"wp:attachment":[{"href":"https:\/\/brasilnoticias.org\/site\/wp-json\/wp\/v2\/media?parent=19036"}],"wp:term":[{"taxonomy":"category","embeddable":true,"href":"https:\/\/brasilnoticias.org\/site\/wp-json\/wp\/v2\/categories?post=19036"},{"taxonomy":"post_tag","embeddable":true,"href":"https:\/\/brasilnoticias.org\/site\/wp-json\/wp\/v2\/tags?post=19036"}],"curies":[{"name":"wp","href":"https:\/\/api.w.org\/{rel}","templated":true}]}}