{"id":19054,"date":"2025-12-09T15:15:24","date_gmt":"2025-12-09T18:15:24","guid":{"rendered":"https:\/\/brasilnoticias.org\/site\/?p=19054"},"modified":"2025-12-09T15:15:24","modified_gmt":"2025-12-09T18:15:24","slug":"flavio-bolsonaro-afirma-que-candidatura-a-presidencia-em-2026-e-irreversivel","status":"publish","type":"post","link":"https:\/\/brasilnoticias.org\/site\/flavio-bolsonaro-afirma-que-candidatura-a-presidencia-em-2026-e-irreversivel\/","title":{"rendered":"Fl\u00e1vio Bolsonaro Afirma que Candidatura \u00e0 Presid\u00eancia em 2026 \u00e9 \u201cIrrevers\u00edvel\u201d"},"content":{"rendered":"<p>Ap\u00f3s visitar o pai, o ex-presidente Jair Bolsonaro (PL), preso na Superintend\u00eancia da Pol\u00edcia Federal em Bras\u00edlia, o senador Fl\u00e1vio Bolsonaro (PL-SP) afirmou que sua candidatura \u00e0 Presid\u00eancia da Rep\u00fablica em 2026 \u00e9 \u201cirrevers\u00edvel\u201d.<\/p>\n<p>\u201cEssa candidatura \u00e9 irrevers\u00edvel, palavras dele. N\u00e3o vamos voltar atr\u00e1s, vamos seguir em frente. A partir de agora \u00e9 ir conversando com as pessoas, pra ter as pessoas certas ao nosso lado\u201d, declarou o parlamentar.<\/p>\n<p>As declara\u00e7\u00f5es surgem logo depois de Fl\u00e1vio Bolsonaro mencionar que teria um \u201cpre\u00e7o\u201d para abrir m\u00e3o de promover sua campanha eleitoral, ap\u00f3s divulga\u00e7\u00e3o de que Bolsonaro teria escolhido seu nome para ser o candidato que o substituiria no pleito.<\/p>\n<p>Ao ser questionado sobre o suposto \u201cpre\u00e7o\u201d de sua candidatura, Fl\u00e1vio esclareceu que a \u00fanica condi\u00e7\u00e3o seria a aprova\u00e7\u00e3o de uma anistia a Jair Bolsonaro pelo Congresso.<\/p>\n<p>\u201cFoi um ato que come\u00e7ou no final da manh\u00e3 [a declara\u00e7\u00e3o], e eu falei at\u00e9 o fim da noite qual era o meu pre\u00e7o. E o meu pre\u00e7o \u00e9 o Bolsonaro livre, e nas urnas. Ou seja, n\u00e3o tem pre\u00e7o. Essa \u00e9 a conclus\u00e3o. Vamos explicar, porque parece que eu estou me colocando \u00e0 venda, e n\u00e3o \u00e9 isso\u201d, afirmou.<\/p>\n<p>Fl\u00e1vio Bolsonaro tamb\u00e9m comentou sobre o apoio do governador de S\u00e3o Paulo, Tarc\u00edsio de Freitas (Republicanos), que havia declarado que o senador \u201cvai contar com seu apoio\u201d e assumir\u00e1 \u201cuma grande responsabilidade\u201d dentro da oposi\u00e7\u00e3o.<\/p>\n<p>\u201cEle pediu pra agradecer o governador Tarc\u00edsio pela fala dele, ele conseguiu acompanhar pela TV aberta. Eu tamb\u00e9m quero de p\u00fablico agradecer o posicionamento do governador Tarc\u00edsio. A gente vai estar mais junto do que nunca\u201d, disse o senador.<\/p>\n<p>Segundo Fl\u00e1vio, o fortalecimento de Tarc\u00edsio em S\u00e3o Paulo ser\u00e1 estrat\u00e9gico para a campanha:<\/p>\n<p>\u201cMuito importante ele mais forte em S\u00e3o Paulo, que \u00e9 isso que vai tracionar pra gente fortalecer nosso nome tamb\u00e9m em rede nacional\u201d, destacou.<\/p>\n<p>O encontro ocorreu na resid\u00eancia de Fl\u00e1vio Bolsonaro e contou com a presen\u00e7a de l\u00edderes pol\u00edticos como Ant\u00f4nio de Rueda (Uni\u00e3o Brasil), Valdemar Costa Neto (PL), Rog\u00e9rio Marinho (PL-RN) e Ciro Nogueira (Progressistas). Marcos Pereira, l\u00edder do Republicanos, tamb\u00e9m foi convidado, mas n\u00e3o compareceu devido \u00e0 agenda.<\/p>\n<p>Foto: Lula Marques\/Ag\u00eancia Brasil<\/p>\n","protected":false},"excerpt":{"rendered":"<p>Ap\u00f3s visitar o pai, o ex-presidente Jair Bolsonaro (PL), preso na Superintend\u00eancia da Pol\u00edcia Federal em Bras\u00edlia, o senador Fl\u00e1vio<\/p>\n","protected":false},"author":4,"featured_media":19055,"comment_status":"open","ping_status":"open","sticky":false,"template":"","format":"standard","meta":{"colormag_page_container_layout":"default_layout","colormag_page_sidebar_layout":"default_layout","_FSMCFIC_featured_image_caption":"","_FSMCFIC_featured_image_nocaption":"","_FSMCFIC_featured_image_hide":"","footnotes":""},"categories":[5,1],"tags":[],"class_list":["post-19054","post","type-post","status-publish","format-standard","has-post-thumbnail","hentry","category-politica","category-ultimas"],"yoast_head":"<!-- This site is optimized with the Yoast SEO plugin v27.1.1 - https:\/\/yoast.com\/product\/yoast-seo-wordpress\/ -->\n<title>Fl\u00e1vio Bolsonaro Afirma que Candidatura \u00e0 Presid\u00eancia em 2026 \u00e9 \u201cIrrevers\u00edvel\u201d - Brasil not\u00edcias<\/title>\n<meta name=\"robots\" content=\"index, follow, max-snippet:-1, max-image-preview:large, max-video-preview:-1\" \/>\n<link rel=\"canonical\" href=\"https:\/\/brasilnoticias.org\/site\/flavio-bolsonaro-afirma-que-candidatura-a-presidencia-em-2026-e-irreversivel\/\" \/>\n<meta property=\"og:locale\" content=\"pt_PT\" \/>\n<meta property=\"og:type\" content=\"article\" \/>\n<meta property=\"og:title\" content=\"Fl\u00e1vio Bolsonaro Afirma que Candidatura \u00e0 Presid\u00eancia em 2026 \u00e9 \u201cIrrevers\u00edvel\u201d - Brasil not\u00edcias\" \/>\n<meta property=\"og:description\" content=\"Ap\u00f3s visitar o pai, o ex-presidente Jair Bolsonaro (PL), preso na Superintend\u00eancia da Pol\u00edcia Federal em Bras\u00edlia, o senador Fl\u00e1vio\" \/>\n<meta property=\"og:url\" content=\"https:\/\/brasilnoticias.org\/site\/flavio-bolsonaro-afirma-que-candidatura-a-presidencia-em-2026-e-irreversivel\/\" \/>\n<meta property=\"og:site_name\" content=\"Brasil not\u00edcias\" \/>\n<meta property=\"article:published_time\" content=\"2025-12-09T18:15:24+00:00\" \/>\n<meta property=\"og:image\" content=\"https:\/\/brasilnoticias.org\/site\/wp-content\/uploads\/2025\/12\/Screenshot_1193.png\" \/>\n\t<meta property=\"og:image:width\" content=\"844\" \/>\n\t<meta property=\"og:image:height\" content=\"556\" \/>\n\t<meta property=\"og:image:type\" content=\"image\/png\" \/>\n<meta name=\"author\" content=\"Reda\u00e7\u00e3o\" \/>\n<meta name=\"twitter:card\" content=\"summary_large_image\" \/>\n<meta name=\"twitter:label1\" content=\"Escrito por\" \/>\n\t<meta name=\"twitter:data1\" content=\"Reda\u00e7\u00e3o\" \/>\n<script type=\"application\/ld+json\" class=\"yoast-schema-graph\">{\"@context\":\"https:\/\/schema.org\",\"@graph\":[{\"@type\":\"Article\",\"@id\":\"https:\/\/brasilnoticias.org\/site\/flavio-bolsonaro-afirma-que-candidatura-a-presidencia-em-2026-e-irreversivel\/#article\",\"isPartOf\":{\"@id\":\"https:\/\/brasilnoticias.org\/site\/flavio-bolsonaro-afirma-que-candidatura-a-presidencia-em-2026-e-irreversivel\/\"},\"author\":{\"name\":\"Reda\u00e7\u00e3o\",\"@id\":\"https:\/\/brasilnoticias.org\/site\/#\/schema\/person\/03bbbfe6c7634ad18c26444ea39049fa\"},\"headline\":\"Fl\u00e1vio Bolsonaro Afirma que Candidatura \u00e0 Presid\u00eancia em 2026 \u00e9 \u201cIrrevers\u00edvel\u201d\",\"datePublished\":\"2025-12-09T18:15:24+00:00\",\"mainEntityOfPage\":{\"@id\":\"https:\/\/brasilnoticias.org\/site\/flavio-bolsonaro-afirma-que-candidatura-a-presidencia-em-2026-e-irreversivel\/\"},\"wordCount\":415,\"commentCount\":0,\"publisher\":{\"@id\":\"https:\/\/brasilnoticias.org\/site\/#organization\"},\"image\":{\"@id\":\"https:\/\/brasilnoticias.org\/site\/flavio-bolsonaro-afirma-que-candidatura-a-presidencia-em-2026-e-irreversivel\/#primaryimage\"},\"thumbnailUrl\":\"https:\/\/brasilnoticias.org\/site\/wp-content\/uploads\/2025\/12\/Screenshot_1193.png\",\"articleSection\":[\"Pol\u00edtica\",\"\u00daltimas\"],\"inLanguage\":\"pt-PT\",\"potentialAction\":[{\"@type\":\"CommentAction\",\"name\":\"Comment\",\"target\":[\"https:\/\/brasilnoticias.org\/site\/flavio-bolsonaro-afirma-que-candidatura-a-presidencia-em-2026-e-irreversivel\/#respond\"]}]},{\"@type\":\"WebPage\",\"@id\":\"https:\/\/brasilnoticias.org\/site\/flavio-bolsonaro-afirma-que-candidatura-a-presidencia-em-2026-e-irreversivel\/\",\"url\":\"https:\/\/brasilnoticias.org\/site\/flavio-bolsonaro-afirma-que-candidatura-a-presidencia-em-2026-e-irreversivel\/\",\"name\":\"Fl\u00e1vio Bolsonaro Afirma que Candidatura \u00e0 Presid\u00eancia em 2026 \u00e9 \u201cIrrevers\u00edvel\u201d - Brasil not\u00edcias\",\"isPartOf\":{\"@id\":\"https:\/\/brasilnoticias.org\/site\/#website\"},\"primaryImageOfPage\":{\"@id\":\"https:\/\/brasilnoticias.org\/site\/flavio-bolsonaro-afirma-que-candidatura-a-presidencia-em-2026-e-irreversivel\/#primaryimage\"},\"image\":{\"@id\":\"https:\/\/brasilnoticias.org\/site\/flavio-bolsonaro-afirma-que-candidatura-a-presidencia-em-2026-e-irreversivel\/#primaryimage\"},\"thumbnailUrl\":\"https:\/\/brasilnoticias.org\/site\/wp-content\/uploads\/2025\/12\/Screenshot_1193.png\",\"datePublished\":\"2025-12-09T18:15:24+00:00\",\"breadcrumb\":{\"@id\":\"https:\/\/brasilnoticias.org\/site\/flavio-bolsonaro-afirma-que-candidatura-a-presidencia-em-2026-e-irreversivel\/#breadcrumb\"},\"inLanguage\":\"pt-PT\",\"potentialAction\":[{\"@type\":\"ReadAction\",\"target\":[\"https:\/\/brasilnoticias.org\/site\/flavio-bolsonaro-afirma-que-candidatura-a-presidencia-em-2026-e-irreversivel\/\"]}]},{\"@type\":\"ImageObject\",\"inLanguage\":\"pt-PT\",\"@id\":\"https:\/\/brasilnoticias.org\/site\/flavio-bolsonaro-afirma-que-candidatura-a-presidencia-em-2026-e-irreversivel\/#primaryimage\",\"url\":\"https:\/\/brasilnoticias.org\/site\/wp-content\/uploads\/2025\/12\/Screenshot_1193.png\",\"contentUrl\":\"https:\/\/brasilnoticias.org\/site\/wp-content\/uploads\/2025\/12\/Screenshot_1193.png\",\"width\":844,\"height\":556},{\"@type\":\"BreadcrumbList\",\"@id\":\"https:\/\/brasilnoticias.org\/site\/flavio-bolsonaro-afirma-que-candidatura-a-presidencia-em-2026-e-irreversivel\/#breadcrumb\",\"itemListElement\":[{\"@type\":\"ListItem\",\"position\":1,\"name\":\"In\u00edcio\",\"item\":\"https:\/\/brasilnoticias.org\/site\/\"},{\"@type\":\"ListItem\",\"position\":2,\"name\":\"Fl\u00e1vio Bolsonaro Afirma que Candidatura \u00e0 Presid\u00eancia em 2026 \u00e9 \u201cIrrevers\u00edvel\u201d\"}]},{\"@type\":\"WebSite\",\"@id\":\"https:\/\/brasilnoticias.org\/site\/#website\",\"url\":\"https:\/\/brasilnoticias.org\/site\/\",\"name\":\"Brasil not\u00edcias\",\"description\":\"Brasil not\u00edcias\",\"publisher\":{\"@id\":\"https:\/\/brasilnoticias.org\/site\/#organization\"},\"potentialAction\":[{\"@type\":\"SearchAction\",\"target\":{\"@type\":\"EntryPoint\",\"urlTemplate\":\"https:\/\/brasilnoticias.org\/site\/?s={search_term_string}\"},\"query-input\":{\"@type\":\"PropertyValueSpecification\",\"valueRequired\":true,\"valueName\":\"search_term_string\"}}],\"inLanguage\":\"pt-PT\"},{\"@type\":\"Organization\",\"@id\":\"https:\/\/brasilnoticias.org\/site\/#organization\",\"name\":\"Brasil not\u00edcias\",\"url\":\"https:\/\/brasilnoticias.org\/site\/\",\"logo\":{\"@type\":\"ImageObject\",\"inLanguage\":\"pt-PT\",\"@id\":\"https:\/\/brasilnoticias.org\/site\/#\/schema\/logo\/image\/\",\"url\":\"https:\/\/brasilnoticias.org\/site\/wp-content\/uploads\/2022\/05\/cropped-brasilnoticias-mini.jpg\",\"contentUrl\":\"https:\/\/brasilnoticias.org\/site\/wp-content\/uploads\/2022\/05\/cropped-brasilnoticias-mini.jpg\",\"width\":314,\"height\":86,\"caption\":\"Brasil not\u00edcias\"},\"image\":{\"@id\":\"https:\/\/brasilnoticias.org\/site\/#\/schema\/logo\/image\/\"}},{\"@type\":\"Person\",\"@id\":\"https:\/\/brasilnoticias.org\/site\/#\/schema\/person\/03bbbfe6c7634ad18c26444ea39049fa\",\"name\":\"Reda\u00e7\u00e3o\",\"image\":{\"@type\":\"ImageObject\",\"inLanguage\":\"pt-PT\",\"@id\":\"https:\/\/brasilnoticias.org\/site\/#\/schema\/person\/image\/\",\"url\":\"https:\/\/secure.gravatar.com\/avatar\/9ecaf7327a696cb23ad926fedded5f1f04d7049de9e445375d55b48c001a6e42?s=96&d=mm&r=g\",\"contentUrl\":\"https:\/\/secure.gravatar.com\/avatar\/9ecaf7327a696cb23ad926fedded5f1f04d7049de9e445375d55b48c001a6e42?s=96&d=mm&r=g\",\"caption\":\"Reda\u00e7\u00e3o\"},\"url\":\"https:\/\/brasilnoticias.org\/site\/author\/henrique\/\"}]}<\/script>\n<!-- \/ Yoast SEO plugin. -->","yoast_head_json":{"title":"Fl\u00e1vio Bolsonaro Afirma que Candidatura \u00e0 Presid\u00eancia em 2026 \u00e9 \u201cIrrevers\u00edvel\u201d - Brasil not\u00edcias","robots":{"index":"index","follow":"follow","max-snippet":"max-snippet:-1","max-image-preview":"max-image-preview:large","max-video-preview":"max-video-preview:-1"},"canonical":"https:\/\/brasilnoticias.org\/site\/flavio-bolsonaro-afirma-que-candidatura-a-presidencia-em-2026-e-irreversivel\/","og_locale":"pt_PT","og_type":"article","og_title":"Fl\u00e1vio Bolsonaro Afirma que Candidatura \u00e0 Presid\u00eancia em 2026 \u00e9 \u201cIrrevers\u00edvel\u201d - Brasil not\u00edcias","og_description":"Ap\u00f3s visitar o pai, o ex-presidente Jair Bolsonaro (PL), preso na Superintend\u00eancia da Pol\u00edcia Federal em Bras\u00edlia, o senador Fl\u00e1vio","og_url":"https:\/\/brasilnoticias.org\/site\/flavio-bolsonaro-afirma-que-candidatura-a-presidencia-em-2026-e-irreversivel\/","og_site_name":"Brasil not\u00edcias","article_published_time":"2025-12-09T18:15:24+00:00","og_image":[{"width":844,"height":556,"url":"https:\/\/brasilnoticias.org\/site\/wp-content\/uploads\/2025\/12\/Screenshot_1193.png","type":"image\/png"}],"author":"Reda\u00e7\u00e3o","twitter_card":"summary_large_image","twitter_misc":{"Escrito por":"Reda\u00e7\u00e3o"},"schema":{"@context":"https:\/\/schema.org","@graph":[{"@type":"Article","@id":"https:\/\/brasilnoticias.org\/site\/flavio-bolsonaro-afirma-que-candidatura-a-presidencia-em-2026-e-irreversivel\/#article","isPartOf":{"@id":"https:\/\/brasilnoticias.org\/site\/flavio-bolsonaro-afirma-que-candidatura-a-presidencia-em-2026-e-irreversivel\/"},"author":{"name":"Reda\u00e7\u00e3o","@id":"https:\/\/brasilnoticias.org\/site\/#\/schema\/person\/03bbbfe6c7634ad18c26444ea39049fa"},"headline":"Fl\u00e1vio Bolsonaro Afirma que Candidatura \u00e0 Presid\u00eancia em 2026 \u00e9 \u201cIrrevers\u00edvel\u201d","datePublished":"2025-12-09T18:15:24+00:00","mainEntityOfPage":{"@id":"https:\/\/brasilnoticias.org\/site\/flavio-bolsonaro-afirma-que-candidatura-a-presidencia-em-2026-e-irreversivel\/"},"wordCount":415,"commentCount":0,"publisher":{"@id":"https:\/\/brasilnoticias.org\/site\/#organization"},"image":{"@id":"https:\/\/brasilnoticias.org\/site\/flavio-bolsonaro-afirma-que-candidatura-a-presidencia-em-2026-e-irreversivel\/#primaryimage"},"thumbnailUrl":"https:\/\/brasilnoticias.org\/site\/wp-content\/uploads\/2025\/12\/Screenshot_1193.png","articleSection":["Pol\u00edtica","\u00daltimas"],"inLanguage":"pt-PT","potentialAction":[{"@type":"CommentAction","name":"Comment","target":["https:\/\/brasilnoticias.org\/site\/flavio-bolsonaro-afirma-que-candidatura-a-presidencia-em-2026-e-irreversivel\/#respond"]}]},{"@type":"WebPage","@id":"https:\/\/brasilnoticias.org\/site\/flavio-bolsonaro-afirma-que-candidatura-a-presidencia-em-2026-e-irreversivel\/","url":"https:\/\/brasilnoticias.org\/site\/flavio-bolsonaro-afirma-que-candidatura-a-presidencia-em-2026-e-irreversivel\/","name":"Fl\u00e1vio Bolsonaro Afirma que Candidatura \u00e0 Presid\u00eancia em 2026 \u00e9 \u201cIrrevers\u00edvel\u201d - Brasil not\u00edcias","isPartOf":{"@id":"https:\/\/brasilnoticias.org\/site\/#website"},"primaryImageOfPage":{"@id":"https:\/\/brasilnoticias.org\/site\/flavio-bolsonaro-afirma-que-candidatura-a-presidencia-em-2026-e-irreversivel\/#primaryimage"},"image":{"@id":"https:\/\/brasilnoticias.org\/site\/flavio-bolsonaro-afirma-que-candidatura-a-presidencia-em-2026-e-irreversivel\/#primaryimage"},"thumbnailUrl":"https:\/\/brasilnoticias.org\/site\/wp-content\/uploads\/2025\/12\/Screenshot_1193.png","datePublished":"2025-12-09T18:15:24+00:00","breadcrumb":{"@id":"https:\/\/brasilnoticias.org\/site\/flavio-bolsonaro-afirma-que-candidatura-a-presidencia-em-2026-e-irreversivel\/#breadcrumb"},"inLanguage":"pt-PT","potentialAction":[{"@type":"ReadAction","target":["https:\/\/brasilnoticias.org\/site\/flavio-bolsonaro-afirma-que-candidatura-a-presidencia-em-2026-e-irreversivel\/"]}]},{"@type":"ImageObject","inLanguage":"pt-PT","@id":"https:\/\/brasilnoticias.org\/site\/flavio-bolsonaro-afirma-que-candidatura-a-presidencia-em-2026-e-irreversivel\/#primaryimage","url":"https:\/\/brasilnoticias.org\/site\/wp-content\/uploads\/2025\/12\/Screenshot_1193.png","contentUrl":"https:\/\/brasilnoticias.org\/site\/wp-content\/uploads\/2025\/12\/Screenshot_1193.png","width":844,"height":556},{"@type":"BreadcrumbList","@id":"https:\/\/brasilnoticias.org\/site\/flavio-bolsonaro-afirma-que-candidatura-a-presidencia-em-2026-e-irreversivel\/#breadcrumb","itemListElement":[{"@type":"ListItem","position":1,"name":"In\u00edcio","item":"https:\/\/brasilnoticias.org\/site\/"},{"@type":"ListItem","position":2,"name":"Fl\u00e1vio Bolsonaro Afirma que Candidatura \u00e0 Presid\u00eancia em 2026 \u00e9 \u201cIrrevers\u00edvel\u201d"}]},{"@type":"WebSite","@id":"https:\/\/brasilnoticias.org\/site\/#website","url":"https:\/\/brasilnoticias.org\/site\/","name":"Brasil not\u00edcias","description":"Brasil not\u00edcias","publisher":{"@id":"https:\/\/brasilnoticias.org\/site\/#organization"},"potentialAction":[{"@type":"SearchAction","target":{"@type":"EntryPoint","urlTemplate":"https:\/\/brasilnoticias.org\/site\/?s={search_term_string}"},"query-input":{"@type":"PropertyValueSpecification","valueRequired":true,"valueName":"search_term_string"}}],"inLanguage":"pt-PT"},{"@type":"Organization","@id":"https:\/\/brasilnoticias.org\/site\/#organization","name":"Brasil not\u00edcias","url":"https:\/\/brasilnoticias.org\/site\/","logo":{"@type":"ImageObject","inLanguage":"pt-PT","@id":"https:\/\/brasilnoticias.org\/site\/#\/schema\/logo\/image\/","url":"https:\/\/brasilnoticias.org\/site\/wp-content\/uploads\/2022\/05\/cropped-brasilnoticias-mini.jpg","contentUrl":"https:\/\/brasilnoticias.org\/site\/wp-content\/uploads\/2022\/05\/cropped-brasilnoticias-mini.jpg","width":314,"height":86,"caption":"Brasil not\u00edcias"},"image":{"@id":"https:\/\/brasilnoticias.org\/site\/#\/schema\/logo\/image\/"}},{"@type":"Person","@id":"https:\/\/brasilnoticias.org\/site\/#\/schema\/person\/03bbbfe6c7634ad18c26444ea39049fa","name":"Reda\u00e7\u00e3o","image":{"@type":"ImageObject","inLanguage":"pt-PT","@id":"https:\/\/brasilnoticias.org\/site\/#\/schema\/person\/image\/","url":"https:\/\/secure.gravatar.com\/avatar\/9ecaf7327a696cb23ad926fedded5f1f04d7049de9e445375d55b48c001a6e42?s=96&d=mm&r=g","contentUrl":"https:\/\/secure.gravatar.com\/avatar\/9ecaf7327a696cb23ad926fedded5f1f04d7049de9e445375d55b48c001a6e42?s=96&d=mm&r=g","caption":"Reda\u00e7\u00e3o"},"url":"https:\/\/brasilnoticias.org\/site\/author\/henrique\/"}]}},"_links":{"self":[{"href":"https:\/\/brasilnoticias.org\/site\/wp-json\/wp\/v2\/posts\/19054","targetHints":{"allow":["GET"]}}],"collection":[{"href":"https:\/\/brasilnoticias.org\/site\/wp-json\/wp\/v2\/posts"}],"about":[{"href":"https:\/\/brasilnoticias.org\/site\/wp-json\/wp\/v2\/types\/post"}],"author":[{"embeddable":true,"href":"https:\/\/brasilnoticias.org\/site\/wp-json\/wp\/v2\/users\/4"}],"replies":[{"embeddable":true,"href":"https:\/\/brasilnoticias.org\/site\/wp-json\/wp\/v2\/comments?post=19054"}],"version-history":[{"count":1,"href":"https:\/\/brasilnoticias.org\/site\/wp-json\/wp\/v2\/posts\/19054\/revisions"}],"predecessor-version":[{"id":19056,"href":"https:\/\/brasilnoticias.org\/site\/wp-json\/wp\/v2\/posts\/19054\/revisions\/19056"}],"wp:featuredmedia":[{"embeddable":true,"href":"https:\/\/brasilnoticias.org\/site\/wp-json\/wp\/v2\/media\/19055"}],"wp:attachment":[{"href":"https:\/\/brasilnoticias.org\/site\/wp-json\/wp\/v2\/media?parent=19054"}],"wp:term":[{"taxonomy":"category","embeddable":true,"href":"https:\/\/brasilnoticias.org\/site\/wp-json\/wp\/v2\/categories?post=19054"},{"taxonomy":"post_tag","embeddable":true,"href":"https:\/\/brasilnoticias.org\/site\/wp-json\/wp\/v2\/tags?post=19054"}],"curies":[{"name":"wp","href":"https:\/\/api.w.org\/{rel}","templated":true}]}}