{"id":19060,"date":"2025-12-09T15:19:36","date_gmt":"2025-12-09T18:19:36","guid":{"rendered":"https:\/\/brasilnoticias.org\/site\/?p=19060"},"modified":"2025-12-09T15:19:36","modified_gmt":"2025-12-09T18:19:36","slug":"motta-decide-pautar-votacao-de-lei-que-pode-reduzir-pena-de-bolsonaro","status":"publish","type":"post","link":"https:\/\/brasilnoticias.org\/site\/motta-decide-pautar-votacao-de-lei-que-pode-reduzir-pena-de-bolsonaro\/","title":{"rendered":"Motta decide pautar vota\u00e7\u00e3o de lei que pode reduzir pena de Bolsonaro"},"content":{"rendered":"<p>O presidente da C\u00e2mara dos Deputados, Hugo Motta (Republicanos-PB), decidiu levar ao plen\u00e1rio nesta ter\u00e7a-feira (9) o projeto de lei da Dosimetria, proposta alternativa \u00e0 Anistia que pretende reduzir as penas dos condenados pelos atos de 8 de janeiro de 2023. A decis\u00e3o foi tomada durante a reuni\u00e3o de l\u00edderes partid\u00e1rios mais cedo.<\/p>\n<p>Segundo fontes confirmaram \u00e0 Gazeta do Povo, a vota\u00e7\u00e3o foi marcada ap\u00f3s a conclus\u00e3o dos ajustes finais do relat\u00f3rio elaborado pelo deputado Paulinho da For\u00e7a (Solidariedade-SP), que consolidou o texto apresentado aos l\u00edderes partid\u00e1rios. Ele j\u00e1 confirmou que n\u00e3o conceder\u00e1 uma anistia ao ex-presidente Jair Bolsonaro (PL), mas pode reduzir a pena de 27 anos de pris\u00e3o imposta a ele pelo Supremo Tribunal Federal (STF) por supostamente liderar uma tentativa de golpe de Estado ap\u00f3s as elei\u00e7\u00f5es de 2022.<\/p>\n<p>O projeto foi proposto em meio \u00e0 resist\u00eancia do Congresso em entrar em uma poss\u00edvel nova crise com o Poder Judici\u00e1rio, que poderia considerar a anistia como inconstitucional. O texto mant\u00e9m as condena\u00e7\u00f5es, mas abre a possibilidade para a revis\u00e3o do tempo de pris\u00e3o ao recalibrar as penas previstas no C\u00f3digo Penal para crimes contra o Estado Democr\u00e1tico de Direito.<\/p>\n<p>H\u00e1 a expectativa de que Motta fa\u00e7a um pronunciamento em instantes para detalhar os motivos do andamento do projeto e outras pautas.<\/p>\n<p>Informa\u00e7\u00f5es de bastidores apontam que a decis\u00e3o de Motta n\u00e3o foi bem recebida pelo Pal\u00e1cio do Planalto, que esperava do parlamentar o andamento de outras pautas como a do devedor contumaz, a PEC da Seguran\u00e7a P\u00fablica, o retorno do Senado do PL Antifac\u00e7\u00e3o, entre outras.<\/p>\n<p>A vota\u00e7\u00e3o do projeto ocorre em um momento de tens\u00e3o com o in\u00edcio do cumprimento da pena de Bolsonaro e o lan\u00e7amento da pr\u00e9-candidatura do filho, o senador Fl\u00e1vio Bolsonaro (PL-RJ), \u00e0 presid\u00eancia da Rep\u00fablica em 2026 unilateralmente pelo ex-presidente sem acordo com partidos aliados.<\/p>\n<p>O pr\u00f3prio projeto \u00e9 fortemente criticado pelo n\u00facleo duro do PL e a fam\u00edlia Bolsonaro, que pregam uma anistia ampla, geral e irrestrita aos envolvidos no 8 de janeiro incluindo o ex-presidente.<\/p>\n<p>O apelido &#8220;PL da Dosimetria&#8221; foi criticado pelo deputado federal S\u00f3stenes Cavalcante (PL-RJ), l\u00edder do PL na C\u00e2mara. De acordo com ele, o batismo veio do ex-presidente Michel Temer (MDB), que, como constitucionalista, deveria saber que n\u00e3o se altera dosimetria por meio de projeto de lei. O deputado acrescenta que o nome deve ter ocorrido por &#8220;marketing&#8221;.<\/p>\n<p>Foto: Kayo Magalh\u00e3es\/C\u00e2mara dos Deputados<\/p>\n","protected":false},"excerpt":{"rendered":"<p>O presidente da C\u00e2mara dos Deputados, Hugo Motta (Republicanos-PB), decidiu levar ao plen\u00e1rio nesta ter\u00e7a-feira (9) o projeto de lei<\/p>\n","protected":false},"author":4,"featured_media":19061,"comment_status":"open","ping_status":"open","sticky":false,"template":"","format":"standard","meta":{"colormag_page_container_layout":"default_layout","colormag_page_sidebar_layout":"default_layout","_FSMCFIC_featured_image_caption":"","_FSMCFIC_featured_image_nocaption":"","_FSMCFIC_featured_image_hide":"","footnotes":""},"categories":[7,1],"tags":[],"class_list":["post-19060","post","type-post","status-publish","format-standard","has-post-thumbnail","hentry","category-justica","category-ultimas"],"yoast_head":"<!-- This site is optimized with the Yoast SEO plugin v27.1.1 - https:\/\/yoast.com\/product\/yoast-seo-wordpress\/ -->\n<title>Motta decide pautar vota\u00e7\u00e3o de lei que pode reduzir pena de Bolsonaro - Brasil not\u00edcias<\/title>\n<meta name=\"robots\" content=\"index, follow, max-snippet:-1, max-image-preview:large, max-video-preview:-1\" \/>\n<link rel=\"canonical\" href=\"https:\/\/brasilnoticias.org\/site\/motta-decide-pautar-votacao-de-lei-que-pode-reduzir-pena-de-bolsonaro\/\" \/>\n<meta property=\"og:locale\" content=\"pt_PT\" \/>\n<meta property=\"og:type\" content=\"article\" \/>\n<meta property=\"og:title\" content=\"Motta decide pautar vota\u00e7\u00e3o de lei que pode reduzir pena de Bolsonaro - Brasil not\u00edcias\" \/>\n<meta property=\"og:description\" content=\"O presidente da C\u00e2mara dos Deputados, Hugo Motta (Republicanos-PB), decidiu levar ao plen\u00e1rio nesta ter\u00e7a-feira (9) o projeto de lei\" \/>\n<meta property=\"og:url\" content=\"https:\/\/brasilnoticias.org\/site\/motta-decide-pautar-votacao-de-lei-que-pode-reduzir-pena-de-bolsonaro\/\" \/>\n<meta property=\"og:site_name\" content=\"Brasil not\u00edcias\" \/>\n<meta property=\"article:published_time\" content=\"2025-12-09T18:19:36+00:00\" \/>\n<meta property=\"og:image\" content=\"https:\/\/brasilnoticias.org\/site\/wp-content\/uploads\/2025\/12\/Capturar.png\" \/>\n\t<meta property=\"og:image:width\" content=\"750\" \/>\n\t<meta property=\"og:image:height\" content=\"419\" \/>\n\t<meta property=\"og:image:type\" content=\"image\/png\" \/>\n<meta name=\"author\" content=\"Reda\u00e7\u00e3o\" \/>\n<meta name=\"twitter:card\" content=\"summary_large_image\" \/>\n<meta name=\"twitter:label1\" content=\"Escrito por\" \/>\n\t<meta name=\"twitter:data1\" content=\"Reda\u00e7\u00e3o\" \/>\n\t<meta name=\"twitter:label2\" content=\"Tempo estimado de leitura\" \/>\n\t<meta name=\"twitter:data2\" content=\"1 minuto\" \/>\n<script type=\"application\/ld+json\" class=\"yoast-schema-graph\">{\"@context\":\"https:\/\/schema.org\",\"@graph\":[{\"@type\":\"Article\",\"@id\":\"https:\/\/brasilnoticias.org\/site\/motta-decide-pautar-votacao-de-lei-que-pode-reduzir-pena-de-bolsonaro\/#article\",\"isPartOf\":{\"@id\":\"https:\/\/brasilnoticias.org\/site\/motta-decide-pautar-votacao-de-lei-que-pode-reduzir-pena-de-bolsonaro\/\"},\"author\":{\"name\":\"Reda\u00e7\u00e3o\",\"@id\":\"https:\/\/brasilnoticias.org\/site\/#\/schema\/person\/03bbbfe6c7634ad18c26444ea39049fa\"},\"headline\":\"Motta decide pautar vota\u00e7\u00e3o de lei que pode reduzir pena de Bolsonaro\",\"datePublished\":\"2025-12-09T18:19:36+00:00\",\"mainEntityOfPage\":{\"@id\":\"https:\/\/brasilnoticias.org\/site\/motta-decide-pautar-votacao-de-lei-que-pode-reduzir-pena-de-bolsonaro\/\"},\"wordCount\":452,\"commentCount\":0,\"publisher\":{\"@id\":\"https:\/\/brasilnoticias.org\/site\/#organization\"},\"image\":{\"@id\":\"https:\/\/brasilnoticias.org\/site\/motta-decide-pautar-votacao-de-lei-que-pode-reduzir-pena-de-bolsonaro\/#primaryimage\"},\"thumbnailUrl\":\"https:\/\/brasilnoticias.org\/site\/wp-content\/uploads\/2025\/12\/Capturar.png\",\"articleSection\":[\"Justi\u00e7a\",\"\u00daltimas\"],\"inLanguage\":\"pt-PT\",\"potentialAction\":[{\"@type\":\"CommentAction\",\"name\":\"Comment\",\"target\":[\"https:\/\/brasilnoticias.org\/site\/motta-decide-pautar-votacao-de-lei-que-pode-reduzir-pena-de-bolsonaro\/#respond\"]}]},{\"@type\":\"WebPage\",\"@id\":\"https:\/\/brasilnoticias.org\/site\/motta-decide-pautar-votacao-de-lei-que-pode-reduzir-pena-de-bolsonaro\/\",\"url\":\"https:\/\/brasilnoticias.org\/site\/motta-decide-pautar-votacao-de-lei-que-pode-reduzir-pena-de-bolsonaro\/\",\"name\":\"Motta decide pautar vota\u00e7\u00e3o de lei que pode reduzir pena de Bolsonaro - Brasil not\u00edcias\",\"isPartOf\":{\"@id\":\"https:\/\/brasilnoticias.org\/site\/#website\"},\"primaryImageOfPage\":{\"@id\":\"https:\/\/brasilnoticias.org\/site\/motta-decide-pautar-votacao-de-lei-que-pode-reduzir-pena-de-bolsonaro\/#primaryimage\"},\"image\":{\"@id\":\"https:\/\/brasilnoticias.org\/site\/motta-decide-pautar-votacao-de-lei-que-pode-reduzir-pena-de-bolsonaro\/#primaryimage\"},\"thumbnailUrl\":\"https:\/\/brasilnoticias.org\/site\/wp-content\/uploads\/2025\/12\/Capturar.png\",\"datePublished\":\"2025-12-09T18:19:36+00:00\",\"breadcrumb\":{\"@id\":\"https:\/\/brasilnoticias.org\/site\/motta-decide-pautar-votacao-de-lei-que-pode-reduzir-pena-de-bolsonaro\/#breadcrumb\"},\"inLanguage\":\"pt-PT\",\"potentialAction\":[{\"@type\":\"ReadAction\",\"target\":[\"https:\/\/brasilnoticias.org\/site\/motta-decide-pautar-votacao-de-lei-que-pode-reduzir-pena-de-bolsonaro\/\"]}]},{\"@type\":\"ImageObject\",\"inLanguage\":\"pt-PT\",\"@id\":\"https:\/\/brasilnoticias.org\/site\/motta-decide-pautar-votacao-de-lei-que-pode-reduzir-pena-de-bolsonaro\/#primaryimage\",\"url\":\"https:\/\/brasilnoticias.org\/site\/wp-content\/uploads\/2025\/12\/Capturar.png\",\"contentUrl\":\"https:\/\/brasilnoticias.org\/site\/wp-content\/uploads\/2025\/12\/Capturar.png\",\"width\":750,\"height\":419},{\"@type\":\"BreadcrumbList\",\"@id\":\"https:\/\/brasilnoticias.org\/site\/motta-decide-pautar-votacao-de-lei-que-pode-reduzir-pena-de-bolsonaro\/#breadcrumb\",\"itemListElement\":[{\"@type\":\"ListItem\",\"position\":1,\"name\":\"In\u00edcio\",\"item\":\"https:\/\/brasilnoticias.org\/site\/\"},{\"@type\":\"ListItem\",\"position\":2,\"name\":\"Motta decide pautar vota\u00e7\u00e3o de lei que pode reduzir pena de Bolsonaro\"}]},{\"@type\":\"WebSite\",\"@id\":\"https:\/\/brasilnoticias.org\/site\/#website\",\"url\":\"https:\/\/brasilnoticias.org\/site\/\",\"name\":\"Brasil not\u00edcias\",\"description\":\"Brasil not\u00edcias\",\"publisher\":{\"@id\":\"https:\/\/brasilnoticias.org\/site\/#organization\"},\"potentialAction\":[{\"@type\":\"SearchAction\",\"target\":{\"@type\":\"EntryPoint\",\"urlTemplate\":\"https:\/\/brasilnoticias.org\/site\/?s={search_term_string}\"},\"query-input\":{\"@type\":\"PropertyValueSpecification\",\"valueRequired\":true,\"valueName\":\"search_term_string\"}}],\"inLanguage\":\"pt-PT\"},{\"@type\":\"Organization\",\"@id\":\"https:\/\/brasilnoticias.org\/site\/#organization\",\"name\":\"Brasil not\u00edcias\",\"url\":\"https:\/\/brasilnoticias.org\/site\/\",\"logo\":{\"@type\":\"ImageObject\",\"inLanguage\":\"pt-PT\",\"@id\":\"https:\/\/brasilnoticias.org\/site\/#\/schema\/logo\/image\/\",\"url\":\"https:\/\/brasilnoticias.org\/site\/wp-content\/uploads\/2022\/05\/cropped-brasilnoticias-mini.jpg\",\"contentUrl\":\"https:\/\/brasilnoticias.org\/site\/wp-content\/uploads\/2022\/05\/cropped-brasilnoticias-mini.jpg\",\"width\":314,\"height\":86,\"caption\":\"Brasil not\u00edcias\"},\"image\":{\"@id\":\"https:\/\/brasilnoticias.org\/site\/#\/schema\/logo\/image\/\"}},{\"@type\":\"Person\",\"@id\":\"https:\/\/brasilnoticias.org\/site\/#\/schema\/person\/03bbbfe6c7634ad18c26444ea39049fa\",\"name\":\"Reda\u00e7\u00e3o\",\"image\":{\"@type\":\"ImageObject\",\"inLanguage\":\"pt-PT\",\"@id\":\"https:\/\/brasilnoticias.org\/site\/#\/schema\/person\/image\/\",\"url\":\"https:\/\/secure.gravatar.com\/avatar\/9ecaf7327a696cb23ad926fedded5f1f04d7049de9e445375d55b48c001a6e42?s=96&d=mm&r=g\",\"contentUrl\":\"https:\/\/secure.gravatar.com\/avatar\/9ecaf7327a696cb23ad926fedded5f1f04d7049de9e445375d55b48c001a6e42?s=96&d=mm&r=g\",\"caption\":\"Reda\u00e7\u00e3o\"},\"url\":\"https:\/\/brasilnoticias.org\/site\/author\/henrique\/\"}]}<\/script>\n<!-- \/ Yoast SEO plugin. -->","yoast_head_json":{"title":"Motta decide pautar vota\u00e7\u00e3o de lei que pode reduzir pena de Bolsonaro - Brasil not\u00edcias","robots":{"index":"index","follow":"follow","max-snippet":"max-snippet:-1","max-image-preview":"max-image-preview:large","max-video-preview":"max-video-preview:-1"},"canonical":"https:\/\/brasilnoticias.org\/site\/motta-decide-pautar-votacao-de-lei-que-pode-reduzir-pena-de-bolsonaro\/","og_locale":"pt_PT","og_type":"article","og_title":"Motta decide pautar vota\u00e7\u00e3o de lei que pode reduzir pena de Bolsonaro - Brasil not\u00edcias","og_description":"O presidente da C\u00e2mara dos Deputados, Hugo Motta (Republicanos-PB), decidiu levar ao plen\u00e1rio nesta ter\u00e7a-feira (9) o projeto de lei","og_url":"https:\/\/brasilnoticias.org\/site\/motta-decide-pautar-votacao-de-lei-que-pode-reduzir-pena-de-bolsonaro\/","og_site_name":"Brasil not\u00edcias","article_published_time":"2025-12-09T18:19:36+00:00","og_image":[{"width":750,"height":419,"url":"https:\/\/brasilnoticias.org\/site\/wp-content\/uploads\/2025\/12\/Capturar.png","type":"image\/png"}],"author":"Reda\u00e7\u00e3o","twitter_card":"summary_large_image","twitter_misc":{"Escrito por":"Reda\u00e7\u00e3o","Tempo estimado de leitura":"1 minuto"},"schema":{"@context":"https:\/\/schema.org","@graph":[{"@type":"Article","@id":"https:\/\/brasilnoticias.org\/site\/motta-decide-pautar-votacao-de-lei-que-pode-reduzir-pena-de-bolsonaro\/#article","isPartOf":{"@id":"https:\/\/brasilnoticias.org\/site\/motta-decide-pautar-votacao-de-lei-que-pode-reduzir-pena-de-bolsonaro\/"},"author":{"name":"Reda\u00e7\u00e3o","@id":"https:\/\/brasilnoticias.org\/site\/#\/schema\/person\/03bbbfe6c7634ad18c26444ea39049fa"},"headline":"Motta decide pautar vota\u00e7\u00e3o de lei que pode reduzir pena de Bolsonaro","datePublished":"2025-12-09T18:19:36+00:00","mainEntityOfPage":{"@id":"https:\/\/brasilnoticias.org\/site\/motta-decide-pautar-votacao-de-lei-que-pode-reduzir-pena-de-bolsonaro\/"},"wordCount":452,"commentCount":0,"publisher":{"@id":"https:\/\/brasilnoticias.org\/site\/#organization"},"image":{"@id":"https:\/\/brasilnoticias.org\/site\/motta-decide-pautar-votacao-de-lei-que-pode-reduzir-pena-de-bolsonaro\/#primaryimage"},"thumbnailUrl":"https:\/\/brasilnoticias.org\/site\/wp-content\/uploads\/2025\/12\/Capturar.png","articleSection":["Justi\u00e7a","\u00daltimas"],"inLanguage":"pt-PT","potentialAction":[{"@type":"CommentAction","name":"Comment","target":["https:\/\/brasilnoticias.org\/site\/motta-decide-pautar-votacao-de-lei-que-pode-reduzir-pena-de-bolsonaro\/#respond"]}]},{"@type":"WebPage","@id":"https:\/\/brasilnoticias.org\/site\/motta-decide-pautar-votacao-de-lei-que-pode-reduzir-pena-de-bolsonaro\/","url":"https:\/\/brasilnoticias.org\/site\/motta-decide-pautar-votacao-de-lei-que-pode-reduzir-pena-de-bolsonaro\/","name":"Motta decide pautar vota\u00e7\u00e3o de lei que pode reduzir pena de Bolsonaro - Brasil not\u00edcias","isPartOf":{"@id":"https:\/\/brasilnoticias.org\/site\/#website"},"primaryImageOfPage":{"@id":"https:\/\/brasilnoticias.org\/site\/motta-decide-pautar-votacao-de-lei-que-pode-reduzir-pena-de-bolsonaro\/#primaryimage"},"image":{"@id":"https:\/\/brasilnoticias.org\/site\/motta-decide-pautar-votacao-de-lei-que-pode-reduzir-pena-de-bolsonaro\/#primaryimage"},"thumbnailUrl":"https:\/\/brasilnoticias.org\/site\/wp-content\/uploads\/2025\/12\/Capturar.png","datePublished":"2025-12-09T18:19:36+00:00","breadcrumb":{"@id":"https:\/\/brasilnoticias.org\/site\/motta-decide-pautar-votacao-de-lei-que-pode-reduzir-pena-de-bolsonaro\/#breadcrumb"},"inLanguage":"pt-PT","potentialAction":[{"@type":"ReadAction","target":["https:\/\/brasilnoticias.org\/site\/motta-decide-pautar-votacao-de-lei-que-pode-reduzir-pena-de-bolsonaro\/"]}]},{"@type":"ImageObject","inLanguage":"pt-PT","@id":"https:\/\/brasilnoticias.org\/site\/motta-decide-pautar-votacao-de-lei-que-pode-reduzir-pena-de-bolsonaro\/#primaryimage","url":"https:\/\/brasilnoticias.org\/site\/wp-content\/uploads\/2025\/12\/Capturar.png","contentUrl":"https:\/\/brasilnoticias.org\/site\/wp-content\/uploads\/2025\/12\/Capturar.png","width":750,"height":419},{"@type":"BreadcrumbList","@id":"https:\/\/brasilnoticias.org\/site\/motta-decide-pautar-votacao-de-lei-que-pode-reduzir-pena-de-bolsonaro\/#breadcrumb","itemListElement":[{"@type":"ListItem","position":1,"name":"In\u00edcio","item":"https:\/\/brasilnoticias.org\/site\/"},{"@type":"ListItem","position":2,"name":"Motta decide pautar vota\u00e7\u00e3o de lei que pode reduzir pena de Bolsonaro"}]},{"@type":"WebSite","@id":"https:\/\/brasilnoticias.org\/site\/#website","url":"https:\/\/brasilnoticias.org\/site\/","name":"Brasil not\u00edcias","description":"Brasil not\u00edcias","publisher":{"@id":"https:\/\/brasilnoticias.org\/site\/#organization"},"potentialAction":[{"@type":"SearchAction","target":{"@type":"EntryPoint","urlTemplate":"https:\/\/brasilnoticias.org\/site\/?s={search_term_string}"},"query-input":{"@type":"PropertyValueSpecification","valueRequired":true,"valueName":"search_term_string"}}],"inLanguage":"pt-PT"},{"@type":"Organization","@id":"https:\/\/brasilnoticias.org\/site\/#organization","name":"Brasil not\u00edcias","url":"https:\/\/brasilnoticias.org\/site\/","logo":{"@type":"ImageObject","inLanguage":"pt-PT","@id":"https:\/\/brasilnoticias.org\/site\/#\/schema\/logo\/image\/","url":"https:\/\/brasilnoticias.org\/site\/wp-content\/uploads\/2022\/05\/cropped-brasilnoticias-mini.jpg","contentUrl":"https:\/\/brasilnoticias.org\/site\/wp-content\/uploads\/2022\/05\/cropped-brasilnoticias-mini.jpg","width":314,"height":86,"caption":"Brasil not\u00edcias"},"image":{"@id":"https:\/\/brasilnoticias.org\/site\/#\/schema\/logo\/image\/"}},{"@type":"Person","@id":"https:\/\/brasilnoticias.org\/site\/#\/schema\/person\/03bbbfe6c7634ad18c26444ea39049fa","name":"Reda\u00e7\u00e3o","image":{"@type":"ImageObject","inLanguage":"pt-PT","@id":"https:\/\/brasilnoticias.org\/site\/#\/schema\/person\/image\/","url":"https:\/\/secure.gravatar.com\/avatar\/9ecaf7327a696cb23ad926fedded5f1f04d7049de9e445375d55b48c001a6e42?s=96&d=mm&r=g","contentUrl":"https:\/\/secure.gravatar.com\/avatar\/9ecaf7327a696cb23ad926fedded5f1f04d7049de9e445375d55b48c001a6e42?s=96&d=mm&r=g","caption":"Reda\u00e7\u00e3o"},"url":"https:\/\/brasilnoticias.org\/site\/author\/henrique\/"}]}},"_links":{"self":[{"href":"https:\/\/brasilnoticias.org\/site\/wp-json\/wp\/v2\/posts\/19060","targetHints":{"allow":["GET"]}}],"collection":[{"href":"https:\/\/brasilnoticias.org\/site\/wp-json\/wp\/v2\/posts"}],"about":[{"href":"https:\/\/brasilnoticias.org\/site\/wp-json\/wp\/v2\/types\/post"}],"author":[{"embeddable":true,"href":"https:\/\/brasilnoticias.org\/site\/wp-json\/wp\/v2\/users\/4"}],"replies":[{"embeddable":true,"href":"https:\/\/brasilnoticias.org\/site\/wp-json\/wp\/v2\/comments?post=19060"}],"version-history":[{"count":1,"href":"https:\/\/brasilnoticias.org\/site\/wp-json\/wp\/v2\/posts\/19060\/revisions"}],"predecessor-version":[{"id":19062,"href":"https:\/\/brasilnoticias.org\/site\/wp-json\/wp\/v2\/posts\/19060\/revisions\/19062"}],"wp:featuredmedia":[{"embeddable":true,"href":"https:\/\/brasilnoticias.org\/site\/wp-json\/wp\/v2\/media\/19061"}],"wp:attachment":[{"href":"https:\/\/brasilnoticias.org\/site\/wp-json\/wp\/v2\/media?parent=19060"}],"wp:term":[{"taxonomy":"category","embeddable":true,"href":"https:\/\/brasilnoticias.org\/site\/wp-json\/wp\/v2\/categories?post=19060"},{"taxonomy":"post_tag","embeddable":true,"href":"https:\/\/brasilnoticias.org\/site\/wp-json\/wp\/v2\/tags?post=19060"}],"curies":[{"name":"wp","href":"https:\/\/api.w.org\/{rel}","templated":true}]}}