{"id":19063,"date":"2025-12-09T15:23:32","date_gmt":"2025-12-09T18:23:32","guid":{"rendered":"https:\/\/brasilnoticias.org\/site\/?p=19063"},"modified":"2025-12-09T15:23:32","modified_gmt":"2025-12-09T18:23:32","slug":"presidente-do-cidadania-critica-polarizacao-e-chama-lulopetismo-e-bolsonarismo-de-faccoes-politicas","status":"publish","type":"post","link":"https:\/\/brasilnoticias.org\/site\/presidente-do-cidadania-critica-polarizacao-e-chama-lulopetismo-e-bolsonarismo-de-faccoes-politicas\/","title":{"rendered":"Presidente do Cidadania critica polariza\u00e7\u00e3o e chama &#8216;lulopetismo&#8217; e &#8216;bolsonarismo&#8217; de &#8216;fac\u00e7\u00f5es pol\u00edticas&#8217;"},"content":{"rendered":"<p>Presidente nacional do Cidadania, em entrevista \u00e0 CBN Salvador, afirma que candidatura de Fl\u00e1vio Bolsonaro \u00e9 \u201cprojeto de cl\u00e3, n\u00e3o de pa\u00eds\u201d e defende alternativa democr\u00e1tica<\/p>\n<p>De volta ao comando nacional do Cidadania ap\u00f3s decis\u00e3o judicial, Roberto Freire afirmou, em entrevista \u00e0 CBN Salvador, que o Brasil vive um bloqueio pol\u00edtico causado por polos que, segundo ele, j\u00e1 n\u00e3o oferecem respostas ao futuro do pa\u00eds. <\/p>\n<p>Para o ex-deputado federal, \u201co lulopetismo e o bolsonarismo t\u00eam atrasado o pa\u00eds\u201d e alimentado uma disputa \u201ct\u00f3xica\u201d que impede constru\u00e7\u00e3o de uma agenda nacional moderna.<\/p>\n<p>Ao comentar o an\u00fancio da pr\u00e9-candidatura do senador Fl\u00e1vio Bolsonaro (PL-RJ) \u00e0 Presid\u00eancia da Rep\u00fablica, Freire foi direto: \u201cEssa candidatura de Fl\u00e1vio \u00e9 nitidamente para garantir o nome do cl\u00e3 na disputa. N\u00e3o \u00e9 uma articula\u00e7\u00e3o pol\u00edtica da direita nacional.\u201d<\/p>\n<p>Ele avaliou que a polariza\u00e7\u00e3o continua a beneficiar os dois grupos: \u201cNada melhor para o lulopetismo do que enfrentar um Bolsonaro. Um refor\u00e7a o outro. \u00c9 uma briga de fac\u00e7\u00f5es, n\u00e3o de projetos para o pa\u00eds.\u201d<\/p>\n<p>Freire defendeu ainda uma alternativa democr\u00e1tica que una liberais, democratas, setores do centro e da esquerda n\u00e3o alinhada ao PT. \u201cN\u00f3s precisamos discutir pol\u00edtica de verdade. O pa\u00eds cresce a passos de c\u00e1gado enquanto o mundo vai a jato\u201d  avaliou.<\/p>\n<p>Ao salientar que Tarc\u00edsio de Freitas (Republicanos-SP) tamb\u00e9m \u201c\u00e9 do cl\u00e3\u201d e \u201cnem precisa dizer que \u00e9 ligado ao Bolsonaro\u201d, o dirigente refor\u00e7ou sua simpatia pelo governador do Rio Grande do Sul, Eduardo Leite (PSD), como nome capaz de enfrentar os dois extremos. \u201cEduardo Leite derrotou Bolsonaro e Lula no Rio Grande do Sul. Ele sabe vencer os dois ao mesmo tempo\u201d, apostou.<\/p>\n<p>Ele tamb\u00e9m criticou alinhamentos internacionais da esquerda latino-americana: \u201cA esquerda n\u00e3o pode apoiar teocracia, guerra santa ou ditadura. A proposta da esquerda \u00e9 iluminista.\u201d<\/p>\n<p>Apesar de voltar \u00e0 atividade pol\u00edtica ap\u00f3s dois anos de distanciamento do Cidadania, Roberto Freire descartou disputar a elei\u00e7\u00e3o em 2026. \u201cQuem aposenta a gente \u00e9 o povo, mas n\u00e3o pretendo ser candidato. Quero reconstruir o partido e discutir pol\u00edtica\u201d, pontuou.<\/p>\n<p>Confira a entrevista em : <a href=\"https:\/\/www.blogdovila.com.br\/noticia\/freire-polarizacao\">Blog do Vila<\/a><\/p>\n<p>Foto: Divulga\u00e7\u00e3o \/ Cidadania<\/p>\n","protected":false},"excerpt":{"rendered":"<p>Presidente nacional do Cidadania, em entrevista \u00e0 CBN Salvador, afirma que candidatura de Fl\u00e1vio Bolsonaro \u00e9 \u201cprojeto de cl\u00e3, n\u00e3o<\/p>\n","protected":false},"author":4,"featured_media":19064,"comment_status":"open","ping_status":"open","sticky":false,"template":"","format":"standard","meta":{"colormag_page_container_layout":"default_layout","colormag_page_sidebar_layout":"default_layout","_FSMCFIC_featured_image_caption":"","_FSMCFIC_featured_image_nocaption":"","_FSMCFIC_featured_image_hide":"","footnotes":""},"categories":[1],"tags":[],"class_list":["post-19063","post","type-post","status-publish","format-standard","has-post-thumbnail","hentry","category-ultimas"],"yoast_head":"<!-- This site is optimized with the Yoast SEO plugin v27.1.1 - https:\/\/yoast.com\/product\/yoast-seo-wordpress\/ -->\n<title>Presidente do Cidadania critica polariza\u00e7\u00e3o e chama &#039;lulopetismo&#039; e &#039;bolsonarismo&#039; de &#039;fac\u00e7\u00f5es pol\u00edticas&#039; - Brasil not\u00edcias<\/title>\n<meta name=\"robots\" content=\"index, follow, max-snippet:-1, max-image-preview:large, max-video-preview:-1\" \/>\n<link rel=\"canonical\" href=\"https:\/\/brasilnoticias.org\/site\/presidente-do-cidadania-critica-polarizacao-e-chama-lulopetismo-e-bolsonarismo-de-faccoes-politicas\/\" \/>\n<meta property=\"og:locale\" content=\"pt_PT\" \/>\n<meta property=\"og:type\" content=\"article\" \/>\n<meta property=\"og:title\" content=\"Presidente do Cidadania critica polariza\u00e7\u00e3o e chama &#039;lulopetismo&#039; e &#039;bolsonarismo&#039; de &#039;fac\u00e7\u00f5es pol\u00edticas&#039; - Brasil not\u00edcias\" \/>\n<meta property=\"og:description\" content=\"Presidente nacional do Cidadania, em entrevista \u00e0 CBN Salvador, afirma que candidatura de Fl\u00e1vio Bolsonaro \u00e9 \u201cprojeto de cl\u00e3, n\u00e3o\" \/>\n<meta property=\"og:url\" content=\"https:\/\/brasilnoticias.org\/site\/presidente-do-cidadania-critica-polarizacao-e-chama-lulopetismo-e-bolsonarismo-de-faccoes-politicas\/\" \/>\n<meta property=\"og:site_name\" content=\"Brasil not\u00edcias\" \/>\n<meta property=\"article:published_time\" content=\"2025-12-09T18:23:32+00:00\" \/>\n<meta property=\"og:image\" content=\"https:\/\/brasilnoticias.org\/site\/wp-content\/uploads\/2025\/12\/WhatsApp-Image-2025-12-09-at-14.08.26.jpeg\" \/>\n\t<meta property=\"og:image:width\" content=\"1600\" \/>\n\t<meta property=\"og:image:height\" content=\"900\" \/>\n\t<meta property=\"og:image:type\" content=\"image\/jpeg\" \/>\n<meta name=\"author\" content=\"Reda\u00e7\u00e3o\" \/>\n<meta name=\"twitter:card\" content=\"summary_large_image\" \/>\n<meta name=\"twitter:label1\" content=\"Escrito por\" \/>\n\t<meta name=\"twitter:data1\" content=\"Reda\u00e7\u00e3o\" \/>\n\t<meta name=\"twitter:label2\" content=\"Tempo estimado de leitura\" \/>\n\t<meta name=\"twitter:data2\" content=\"1 minuto\" \/>\n<script type=\"application\/ld+json\" class=\"yoast-schema-graph\">{\"@context\":\"https:\/\/schema.org\",\"@graph\":[{\"@type\":\"Article\",\"@id\":\"https:\/\/brasilnoticias.org\/site\/presidente-do-cidadania-critica-polarizacao-e-chama-lulopetismo-e-bolsonarismo-de-faccoes-politicas\/#article\",\"isPartOf\":{\"@id\":\"https:\/\/brasilnoticias.org\/site\/presidente-do-cidadania-critica-polarizacao-e-chama-lulopetismo-e-bolsonarismo-de-faccoes-politicas\/\"},\"author\":{\"name\":\"Reda\u00e7\u00e3o\",\"@id\":\"https:\/\/brasilnoticias.org\/site\/#\/schema\/person\/03bbbfe6c7634ad18c26444ea39049fa\"},\"headline\":\"Presidente do Cidadania critica polariza\u00e7\u00e3o e chama &#8216;lulopetismo&#8217; e &#8216;bolsonarismo&#8217; de &#8216;fac\u00e7\u00f5es pol\u00edticas&#8217;\",\"datePublished\":\"2025-12-09T18:23:32+00:00\",\"mainEntityOfPage\":{\"@id\":\"https:\/\/brasilnoticias.org\/site\/presidente-do-cidadania-critica-polarizacao-e-chama-lulopetismo-e-bolsonarismo-de-faccoes-politicas\/\"},\"wordCount\":392,\"commentCount\":0,\"publisher\":{\"@id\":\"https:\/\/brasilnoticias.org\/site\/#organization\"},\"image\":{\"@id\":\"https:\/\/brasilnoticias.org\/site\/presidente-do-cidadania-critica-polarizacao-e-chama-lulopetismo-e-bolsonarismo-de-faccoes-politicas\/#primaryimage\"},\"thumbnailUrl\":\"https:\/\/brasilnoticias.org\/site\/wp-content\/uploads\/2025\/12\/WhatsApp-Image-2025-12-09-at-14.08.26.jpeg\",\"articleSection\":[\"\u00daltimas\"],\"inLanguage\":\"pt-PT\",\"potentialAction\":[{\"@type\":\"CommentAction\",\"name\":\"Comment\",\"target\":[\"https:\/\/brasilnoticias.org\/site\/presidente-do-cidadania-critica-polarizacao-e-chama-lulopetismo-e-bolsonarismo-de-faccoes-politicas\/#respond\"]}]},{\"@type\":\"WebPage\",\"@id\":\"https:\/\/brasilnoticias.org\/site\/presidente-do-cidadania-critica-polarizacao-e-chama-lulopetismo-e-bolsonarismo-de-faccoes-politicas\/\",\"url\":\"https:\/\/brasilnoticias.org\/site\/presidente-do-cidadania-critica-polarizacao-e-chama-lulopetismo-e-bolsonarismo-de-faccoes-politicas\/\",\"name\":\"Presidente do Cidadania critica polariza\u00e7\u00e3o e chama 'lulopetismo' e 'bolsonarismo' de 'fac\u00e7\u00f5es pol\u00edticas' - Brasil not\u00edcias\",\"isPartOf\":{\"@id\":\"https:\/\/brasilnoticias.org\/site\/#website\"},\"primaryImageOfPage\":{\"@id\":\"https:\/\/brasilnoticias.org\/site\/presidente-do-cidadania-critica-polarizacao-e-chama-lulopetismo-e-bolsonarismo-de-faccoes-politicas\/#primaryimage\"},\"image\":{\"@id\":\"https:\/\/brasilnoticias.org\/site\/presidente-do-cidadania-critica-polarizacao-e-chama-lulopetismo-e-bolsonarismo-de-faccoes-politicas\/#primaryimage\"},\"thumbnailUrl\":\"https:\/\/brasilnoticias.org\/site\/wp-content\/uploads\/2025\/12\/WhatsApp-Image-2025-12-09-at-14.08.26.jpeg\",\"datePublished\":\"2025-12-09T18:23:32+00:00\",\"breadcrumb\":{\"@id\":\"https:\/\/brasilnoticias.org\/site\/presidente-do-cidadania-critica-polarizacao-e-chama-lulopetismo-e-bolsonarismo-de-faccoes-politicas\/#breadcrumb\"},\"inLanguage\":\"pt-PT\",\"potentialAction\":[{\"@type\":\"ReadAction\",\"target\":[\"https:\/\/brasilnoticias.org\/site\/presidente-do-cidadania-critica-polarizacao-e-chama-lulopetismo-e-bolsonarismo-de-faccoes-politicas\/\"]}]},{\"@type\":\"ImageObject\",\"inLanguage\":\"pt-PT\",\"@id\":\"https:\/\/brasilnoticias.org\/site\/presidente-do-cidadania-critica-polarizacao-e-chama-lulopetismo-e-bolsonarismo-de-faccoes-politicas\/#primaryimage\",\"url\":\"https:\/\/brasilnoticias.org\/site\/wp-content\/uploads\/2025\/12\/WhatsApp-Image-2025-12-09-at-14.08.26.jpeg\",\"contentUrl\":\"https:\/\/brasilnoticias.org\/site\/wp-content\/uploads\/2025\/12\/WhatsApp-Image-2025-12-09-at-14.08.26.jpeg\",\"width\":1600,\"height\":900},{\"@type\":\"BreadcrumbList\",\"@id\":\"https:\/\/brasilnoticias.org\/site\/presidente-do-cidadania-critica-polarizacao-e-chama-lulopetismo-e-bolsonarismo-de-faccoes-politicas\/#breadcrumb\",\"itemListElement\":[{\"@type\":\"ListItem\",\"position\":1,\"name\":\"In\u00edcio\",\"item\":\"https:\/\/brasilnoticias.org\/site\/\"},{\"@type\":\"ListItem\",\"position\":2,\"name\":\"Presidente do Cidadania critica polariza\u00e7\u00e3o e chama &#8216;lulopetismo&#8217; e &#8216;bolsonarismo&#8217; de &#8216;fac\u00e7\u00f5es pol\u00edticas&#8217;\"}]},{\"@type\":\"WebSite\",\"@id\":\"https:\/\/brasilnoticias.org\/site\/#website\",\"url\":\"https:\/\/brasilnoticias.org\/site\/\",\"name\":\"Brasil not\u00edcias\",\"description\":\"Brasil not\u00edcias\",\"publisher\":{\"@id\":\"https:\/\/brasilnoticias.org\/site\/#organization\"},\"potentialAction\":[{\"@type\":\"SearchAction\",\"target\":{\"@type\":\"EntryPoint\",\"urlTemplate\":\"https:\/\/brasilnoticias.org\/site\/?s={search_term_string}\"},\"query-input\":{\"@type\":\"PropertyValueSpecification\",\"valueRequired\":true,\"valueName\":\"search_term_string\"}}],\"inLanguage\":\"pt-PT\"},{\"@type\":\"Organization\",\"@id\":\"https:\/\/brasilnoticias.org\/site\/#organization\",\"name\":\"Brasil not\u00edcias\",\"url\":\"https:\/\/brasilnoticias.org\/site\/\",\"logo\":{\"@type\":\"ImageObject\",\"inLanguage\":\"pt-PT\",\"@id\":\"https:\/\/brasilnoticias.org\/site\/#\/schema\/logo\/image\/\",\"url\":\"https:\/\/brasilnoticias.org\/site\/wp-content\/uploads\/2022\/05\/cropped-brasilnoticias-mini.jpg\",\"contentUrl\":\"https:\/\/brasilnoticias.org\/site\/wp-content\/uploads\/2022\/05\/cropped-brasilnoticias-mini.jpg\",\"width\":314,\"height\":86,\"caption\":\"Brasil not\u00edcias\"},\"image\":{\"@id\":\"https:\/\/brasilnoticias.org\/site\/#\/schema\/logo\/image\/\"}},{\"@type\":\"Person\",\"@id\":\"https:\/\/brasilnoticias.org\/site\/#\/schema\/person\/03bbbfe6c7634ad18c26444ea39049fa\",\"name\":\"Reda\u00e7\u00e3o\",\"image\":{\"@type\":\"ImageObject\",\"inLanguage\":\"pt-PT\",\"@id\":\"https:\/\/brasilnoticias.org\/site\/#\/schema\/person\/image\/\",\"url\":\"https:\/\/secure.gravatar.com\/avatar\/9ecaf7327a696cb23ad926fedded5f1f04d7049de9e445375d55b48c001a6e42?s=96&d=mm&r=g\",\"contentUrl\":\"https:\/\/secure.gravatar.com\/avatar\/9ecaf7327a696cb23ad926fedded5f1f04d7049de9e445375d55b48c001a6e42?s=96&d=mm&r=g\",\"caption\":\"Reda\u00e7\u00e3o\"},\"url\":\"https:\/\/brasilnoticias.org\/site\/author\/henrique\/\"}]}<\/script>\n<!-- \/ Yoast SEO plugin. -->","yoast_head_json":{"title":"Presidente do Cidadania critica polariza\u00e7\u00e3o e chama 'lulopetismo' e 'bolsonarismo' de 'fac\u00e7\u00f5es pol\u00edticas' - Brasil not\u00edcias","robots":{"index":"index","follow":"follow","max-snippet":"max-snippet:-1","max-image-preview":"max-image-preview:large","max-video-preview":"max-video-preview:-1"},"canonical":"https:\/\/brasilnoticias.org\/site\/presidente-do-cidadania-critica-polarizacao-e-chama-lulopetismo-e-bolsonarismo-de-faccoes-politicas\/","og_locale":"pt_PT","og_type":"article","og_title":"Presidente do Cidadania critica polariza\u00e7\u00e3o e chama 'lulopetismo' e 'bolsonarismo' de 'fac\u00e7\u00f5es pol\u00edticas' - Brasil not\u00edcias","og_description":"Presidente nacional do Cidadania, em entrevista \u00e0 CBN Salvador, afirma que candidatura de Fl\u00e1vio Bolsonaro \u00e9 \u201cprojeto de cl\u00e3, n\u00e3o","og_url":"https:\/\/brasilnoticias.org\/site\/presidente-do-cidadania-critica-polarizacao-e-chama-lulopetismo-e-bolsonarismo-de-faccoes-politicas\/","og_site_name":"Brasil not\u00edcias","article_published_time":"2025-12-09T18:23:32+00:00","og_image":[{"width":1600,"height":900,"url":"https:\/\/brasilnoticias.org\/site\/wp-content\/uploads\/2025\/12\/WhatsApp-Image-2025-12-09-at-14.08.26.jpeg","type":"image\/jpeg"}],"author":"Reda\u00e7\u00e3o","twitter_card":"summary_large_image","twitter_misc":{"Escrito por":"Reda\u00e7\u00e3o","Tempo estimado de leitura":"1 minuto"},"schema":{"@context":"https:\/\/schema.org","@graph":[{"@type":"Article","@id":"https:\/\/brasilnoticias.org\/site\/presidente-do-cidadania-critica-polarizacao-e-chama-lulopetismo-e-bolsonarismo-de-faccoes-politicas\/#article","isPartOf":{"@id":"https:\/\/brasilnoticias.org\/site\/presidente-do-cidadania-critica-polarizacao-e-chama-lulopetismo-e-bolsonarismo-de-faccoes-politicas\/"},"author":{"name":"Reda\u00e7\u00e3o","@id":"https:\/\/brasilnoticias.org\/site\/#\/schema\/person\/03bbbfe6c7634ad18c26444ea39049fa"},"headline":"Presidente do Cidadania critica polariza\u00e7\u00e3o e chama &#8216;lulopetismo&#8217; e &#8216;bolsonarismo&#8217; de &#8216;fac\u00e7\u00f5es pol\u00edticas&#8217;","datePublished":"2025-12-09T18:23:32+00:00","mainEntityOfPage":{"@id":"https:\/\/brasilnoticias.org\/site\/presidente-do-cidadania-critica-polarizacao-e-chama-lulopetismo-e-bolsonarismo-de-faccoes-politicas\/"},"wordCount":392,"commentCount":0,"publisher":{"@id":"https:\/\/brasilnoticias.org\/site\/#organization"},"image":{"@id":"https:\/\/brasilnoticias.org\/site\/presidente-do-cidadania-critica-polarizacao-e-chama-lulopetismo-e-bolsonarismo-de-faccoes-politicas\/#primaryimage"},"thumbnailUrl":"https:\/\/brasilnoticias.org\/site\/wp-content\/uploads\/2025\/12\/WhatsApp-Image-2025-12-09-at-14.08.26.jpeg","articleSection":["\u00daltimas"],"inLanguage":"pt-PT","potentialAction":[{"@type":"CommentAction","name":"Comment","target":["https:\/\/brasilnoticias.org\/site\/presidente-do-cidadania-critica-polarizacao-e-chama-lulopetismo-e-bolsonarismo-de-faccoes-politicas\/#respond"]}]},{"@type":"WebPage","@id":"https:\/\/brasilnoticias.org\/site\/presidente-do-cidadania-critica-polarizacao-e-chama-lulopetismo-e-bolsonarismo-de-faccoes-politicas\/","url":"https:\/\/brasilnoticias.org\/site\/presidente-do-cidadania-critica-polarizacao-e-chama-lulopetismo-e-bolsonarismo-de-faccoes-politicas\/","name":"Presidente do Cidadania critica polariza\u00e7\u00e3o e chama 'lulopetismo' e 'bolsonarismo' de 'fac\u00e7\u00f5es pol\u00edticas' - Brasil not\u00edcias","isPartOf":{"@id":"https:\/\/brasilnoticias.org\/site\/#website"},"primaryImageOfPage":{"@id":"https:\/\/brasilnoticias.org\/site\/presidente-do-cidadania-critica-polarizacao-e-chama-lulopetismo-e-bolsonarismo-de-faccoes-politicas\/#primaryimage"},"image":{"@id":"https:\/\/brasilnoticias.org\/site\/presidente-do-cidadania-critica-polarizacao-e-chama-lulopetismo-e-bolsonarismo-de-faccoes-politicas\/#primaryimage"},"thumbnailUrl":"https:\/\/brasilnoticias.org\/site\/wp-content\/uploads\/2025\/12\/WhatsApp-Image-2025-12-09-at-14.08.26.jpeg","datePublished":"2025-12-09T18:23:32+00:00","breadcrumb":{"@id":"https:\/\/brasilnoticias.org\/site\/presidente-do-cidadania-critica-polarizacao-e-chama-lulopetismo-e-bolsonarismo-de-faccoes-politicas\/#breadcrumb"},"inLanguage":"pt-PT","potentialAction":[{"@type":"ReadAction","target":["https:\/\/brasilnoticias.org\/site\/presidente-do-cidadania-critica-polarizacao-e-chama-lulopetismo-e-bolsonarismo-de-faccoes-politicas\/"]}]},{"@type":"ImageObject","inLanguage":"pt-PT","@id":"https:\/\/brasilnoticias.org\/site\/presidente-do-cidadania-critica-polarizacao-e-chama-lulopetismo-e-bolsonarismo-de-faccoes-politicas\/#primaryimage","url":"https:\/\/brasilnoticias.org\/site\/wp-content\/uploads\/2025\/12\/WhatsApp-Image-2025-12-09-at-14.08.26.jpeg","contentUrl":"https:\/\/brasilnoticias.org\/site\/wp-content\/uploads\/2025\/12\/WhatsApp-Image-2025-12-09-at-14.08.26.jpeg","width":1600,"height":900},{"@type":"BreadcrumbList","@id":"https:\/\/brasilnoticias.org\/site\/presidente-do-cidadania-critica-polarizacao-e-chama-lulopetismo-e-bolsonarismo-de-faccoes-politicas\/#breadcrumb","itemListElement":[{"@type":"ListItem","position":1,"name":"In\u00edcio","item":"https:\/\/brasilnoticias.org\/site\/"},{"@type":"ListItem","position":2,"name":"Presidente do Cidadania critica polariza\u00e7\u00e3o e chama &#8216;lulopetismo&#8217; e &#8216;bolsonarismo&#8217; de &#8216;fac\u00e7\u00f5es pol\u00edticas&#8217;"}]},{"@type":"WebSite","@id":"https:\/\/brasilnoticias.org\/site\/#website","url":"https:\/\/brasilnoticias.org\/site\/","name":"Brasil not\u00edcias","description":"Brasil not\u00edcias","publisher":{"@id":"https:\/\/brasilnoticias.org\/site\/#organization"},"potentialAction":[{"@type":"SearchAction","target":{"@type":"EntryPoint","urlTemplate":"https:\/\/brasilnoticias.org\/site\/?s={search_term_string}"},"query-input":{"@type":"PropertyValueSpecification","valueRequired":true,"valueName":"search_term_string"}}],"inLanguage":"pt-PT"},{"@type":"Organization","@id":"https:\/\/brasilnoticias.org\/site\/#organization","name":"Brasil not\u00edcias","url":"https:\/\/brasilnoticias.org\/site\/","logo":{"@type":"ImageObject","inLanguage":"pt-PT","@id":"https:\/\/brasilnoticias.org\/site\/#\/schema\/logo\/image\/","url":"https:\/\/brasilnoticias.org\/site\/wp-content\/uploads\/2022\/05\/cropped-brasilnoticias-mini.jpg","contentUrl":"https:\/\/brasilnoticias.org\/site\/wp-content\/uploads\/2022\/05\/cropped-brasilnoticias-mini.jpg","width":314,"height":86,"caption":"Brasil not\u00edcias"},"image":{"@id":"https:\/\/brasilnoticias.org\/site\/#\/schema\/logo\/image\/"}},{"@type":"Person","@id":"https:\/\/brasilnoticias.org\/site\/#\/schema\/person\/03bbbfe6c7634ad18c26444ea39049fa","name":"Reda\u00e7\u00e3o","image":{"@type":"ImageObject","inLanguage":"pt-PT","@id":"https:\/\/brasilnoticias.org\/site\/#\/schema\/person\/image\/","url":"https:\/\/secure.gravatar.com\/avatar\/9ecaf7327a696cb23ad926fedded5f1f04d7049de9e445375d55b48c001a6e42?s=96&d=mm&r=g","contentUrl":"https:\/\/secure.gravatar.com\/avatar\/9ecaf7327a696cb23ad926fedded5f1f04d7049de9e445375d55b48c001a6e42?s=96&d=mm&r=g","caption":"Reda\u00e7\u00e3o"},"url":"https:\/\/brasilnoticias.org\/site\/author\/henrique\/"}]}},"_links":{"self":[{"href":"https:\/\/brasilnoticias.org\/site\/wp-json\/wp\/v2\/posts\/19063","targetHints":{"allow":["GET"]}}],"collection":[{"href":"https:\/\/brasilnoticias.org\/site\/wp-json\/wp\/v2\/posts"}],"about":[{"href":"https:\/\/brasilnoticias.org\/site\/wp-json\/wp\/v2\/types\/post"}],"author":[{"embeddable":true,"href":"https:\/\/brasilnoticias.org\/site\/wp-json\/wp\/v2\/users\/4"}],"replies":[{"embeddable":true,"href":"https:\/\/brasilnoticias.org\/site\/wp-json\/wp\/v2\/comments?post=19063"}],"version-history":[{"count":1,"href":"https:\/\/brasilnoticias.org\/site\/wp-json\/wp\/v2\/posts\/19063\/revisions"}],"predecessor-version":[{"id":19065,"href":"https:\/\/brasilnoticias.org\/site\/wp-json\/wp\/v2\/posts\/19063\/revisions\/19065"}],"wp:featuredmedia":[{"embeddable":true,"href":"https:\/\/brasilnoticias.org\/site\/wp-json\/wp\/v2\/media\/19064"}],"wp:attachment":[{"href":"https:\/\/brasilnoticias.org\/site\/wp-json\/wp\/v2\/media?parent=19063"}],"wp:term":[{"taxonomy":"category","embeddable":true,"href":"https:\/\/brasilnoticias.org\/site\/wp-json\/wp\/v2\/categories?post=19063"},{"taxonomy":"post_tag","embeddable":true,"href":"https:\/\/brasilnoticias.org\/site\/wp-json\/wp\/v2\/tags?post=19063"}],"curies":[{"name":"wp","href":"https:\/\/api.w.org\/{rel}","templated":true}]}}