{"id":1910,"date":"2022-10-16T07:00:34","date_gmt":"2022-10-16T10:00:34","guid":{"rendered":"https:\/\/brasilnoticias.org\/site\/?p=1910"},"modified":"2022-10-15T21:20:45","modified_gmt":"2022-10-16T00:20:45","slug":"grave-acidente-envolvendo-carretas-caminhao-e-carro-de-passeio-deixa-vitima-fatal-na-bahia","status":"publish","type":"post","link":"https:\/\/brasilnoticias.org\/site\/grave-acidente-envolvendo-carretas-caminhao-e-carro-de-passeio-deixa-vitima-fatal-na-bahia\/","title":{"rendered":"Grave acidente envolvendo carretas, caminh\u00e3o e carro de passeio deixa v\u00edtima fatal na Bahia"},"content":{"rendered":"<p>Um grave acidente envolvendo duas carretas, um caminh\u00e3o pequeno e um carro de passeio ocorreu no final da manh\u00e3 deste s\u00e1bado (15) na BR-242, no trecho entre os munic\u00edpios de Seabra e Itaberaba, na regi\u00e3o da Chapada Diamantina.<\/p>\n<p>Entre os ve\u00edculos envolvidos no ocorrido, o carro de passeio, que transportava sacos de arame em seu porta-malas ficou em pior estado: completamente destru\u00eddo, como mostram imagens enviadas por um leitor do BNews.<\/p>\n<p>Segundo informa\u00e7\u00f5es obtidas pela reportagem, o motorista do ve\u00edculo menor n\u00e3o resistiu aos ferimentos e morreu no local. <\/p>\n<p>Confira<\/p>\n<blockquote class=\"twitter-tweet\">\n<p lang=\"pt\" dir=\"ltr\">Grave acidente envolvendo carretas, caminh\u00e3o e carro de passeio deixa v\u00edtima fatal na Bahia <a href=\"https:\/\/t.co\/Yttzjgh7jK\">pic.twitter.com\/Yttzjgh7jK<\/a><\/p>\n<p>&mdash; BNews (@bnews_oficial) <a href=\"https:\/\/twitter.com\/bnews_oficial\/status\/1581377926909792256?ref_src=twsrc%5Etfw\">October 15, 2022<\/a><\/p><\/blockquote>\n<p> <script async src=\"https:\/\/platform.twitter.com\/widgets.js\" charset=\"utf-8\"><\/script><\/p>\n<p>Bnews<br \/>\nFoto Leitor BNews<\/p>\n","protected":false},"excerpt":{"rendered":"<p>Um grave acidente envolvendo duas carretas, um caminh\u00e3o pequeno e um carro de passeio ocorreu no final da manh\u00e3 deste<\/p>\n","protected":false},"author":1,"featured_media":1911,"comment_status":"open","ping_status":"open","sticky":false,"template":"","format":"standard","meta":{"colormag_page_container_layout":"default_layout","colormag_page_sidebar_layout":"default_layout","_FSMCFIC_featured_image_caption":"","_FSMCFIC_featured_image_nocaption":"","_FSMCFIC_featured_image_hide":"","footnotes":""},"categories":[2,1],"tags":[],"class_list":["post-1910","post","type-post","status-publish","format-standard","has-post-thumbnail","hentry","category-noticias","category-ultimas"],"yoast_head":"<!-- This site is optimized with the Yoast SEO plugin v27.1.1 - https:\/\/yoast.com\/product\/yoast-seo-wordpress\/ -->\n<title>Grave acidente envolvendo carretas, caminh\u00e3o e carro de passeio deixa v\u00edtima fatal na Bahia - Brasil not\u00edcias<\/title>\n<meta name=\"robots\" content=\"index, follow, max-snippet:-1, max-image-preview:large, max-video-preview:-1\" \/>\n<link rel=\"canonical\" href=\"https:\/\/brasilnoticias.org\/site\/grave-acidente-envolvendo-carretas-caminhao-e-carro-de-passeio-deixa-vitima-fatal-na-bahia\/\" \/>\n<meta property=\"og:locale\" content=\"pt_PT\" \/>\n<meta property=\"og:type\" content=\"article\" \/>\n<meta property=\"og:title\" content=\"Grave acidente envolvendo carretas, caminh\u00e3o e carro de passeio deixa v\u00edtima fatal na Bahia - Brasil not\u00edcias\" \/>\n<meta property=\"og:description\" content=\"Um grave acidente envolvendo duas carretas, um caminh\u00e3o pequeno e um carro de passeio ocorreu no final da manh\u00e3 deste\" \/>\n<meta property=\"og:url\" content=\"https:\/\/brasilnoticias.org\/site\/grave-acidente-envolvendo-carretas-caminhao-e-carro-de-passeio-deixa-vitima-fatal-na-bahia\/\" \/>\n<meta property=\"og:site_name\" content=\"Brasil not\u00edcias\" \/>\n<meta property=\"article:published_time\" content=\"2022-10-16T10:00:34+00:00\" \/>\n<meta property=\"og:image\" content=\"https:\/\/brasilnoticias.org\/site\/wp-content\/uploads\/2022\/10\/grave-acidente-envolvendo-carretas-caminhao-e-carro-de-passeio-deixa-vitima-fatal-na-bahia_widelg.jpg\" \/>\n\t<meta property=\"og:image:width\" content=\"800\" \/>\n\t<meta property=\"og:image:height\" content=\"450\" \/>\n\t<meta property=\"og:image:type\" content=\"image\/jpeg\" \/>\n<meta name=\"author\" content=\"Reda\u00e7\u00e3o\" \/>\n<meta name=\"twitter:card\" content=\"summary_large_image\" \/>\n<meta name=\"twitter:label1\" content=\"Escrito por\" \/>\n\t<meta name=\"twitter:data1\" content=\"Reda\u00e7\u00e3o\" \/>\n\t<meta name=\"twitter:label2\" content=\"Tempo estimado de leitura\" \/>\n\t<meta name=\"twitter:data2\" content=\"1 minuto\" \/>\n<script type=\"application\/ld+json\" class=\"yoast-schema-graph\">{\"@context\":\"https:\/\/schema.org\",\"@graph\":[{\"@type\":\"Article\",\"@id\":\"https:\/\/brasilnoticias.org\/site\/grave-acidente-envolvendo-carretas-caminhao-e-carro-de-passeio-deixa-vitima-fatal-na-bahia\/#article\",\"isPartOf\":{\"@id\":\"https:\/\/brasilnoticias.org\/site\/grave-acidente-envolvendo-carretas-caminhao-e-carro-de-passeio-deixa-vitima-fatal-na-bahia\/\"},\"author\":{\"name\":\"Reda\u00e7\u00e3o\",\"@id\":\"https:\/\/brasilnoticias.org\/site\/#\/schema\/person\/a0e05b973ec4d15c658d51911e53507b\"},\"headline\":\"Grave acidente envolvendo carretas, caminh\u00e3o e carro de passeio deixa v\u00edtima fatal na Bahia\",\"datePublished\":\"2022-10-16T10:00:34+00:00\",\"mainEntityOfPage\":{\"@id\":\"https:\/\/brasilnoticias.org\/site\/grave-acidente-envolvendo-carretas-caminhao-e-carro-de-passeio-deixa-vitima-fatal-na-bahia\/\"},\"wordCount\":144,\"commentCount\":0,\"publisher\":{\"@id\":\"https:\/\/brasilnoticias.org\/site\/#organization\"},\"image\":{\"@id\":\"https:\/\/brasilnoticias.org\/site\/grave-acidente-envolvendo-carretas-caminhao-e-carro-de-passeio-deixa-vitima-fatal-na-bahia\/#primaryimage\"},\"thumbnailUrl\":\"https:\/\/brasilnoticias.org\/site\/wp-content\/uploads\/2022\/10\/grave-acidente-envolvendo-carretas-caminhao-e-carro-de-passeio-deixa-vitima-fatal-na-bahia_widelg.jpg\",\"articleSection\":[\"Not\u00edcias\",\"\u00daltimas\"],\"inLanguage\":\"pt-PT\",\"potentialAction\":[{\"@type\":\"CommentAction\",\"name\":\"Comment\",\"target\":[\"https:\/\/brasilnoticias.org\/site\/grave-acidente-envolvendo-carretas-caminhao-e-carro-de-passeio-deixa-vitima-fatal-na-bahia\/#respond\"]}]},{\"@type\":\"WebPage\",\"@id\":\"https:\/\/brasilnoticias.org\/site\/grave-acidente-envolvendo-carretas-caminhao-e-carro-de-passeio-deixa-vitima-fatal-na-bahia\/\",\"url\":\"https:\/\/brasilnoticias.org\/site\/grave-acidente-envolvendo-carretas-caminhao-e-carro-de-passeio-deixa-vitima-fatal-na-bahia\/\",\"name\":\"Grave acidente envolvendo carretas, caminh\u00e3o e carro de passeio deixa v\u00edtima fatal na Bahia - Brasil not\u00edcias\",\"isPartOf\":{\"@id\":\"https:\/\/brasilnoticias.org\/site\/#website\"},\"primaryImageOfPage\":{\"@id\":\"https:\/\/brasilnoticias.org\/site\/grave-acidente-envolvendo-carretas-caminhao-e-carro-de-passeio-deixa-vitima-fatal-na-bahia\/#primaryimage\"},\"image\":{\"@id\":\"https:\/\/brasilnoticias.org\/site\/grave-acidente-envolvendo-carretas-caminhao-e-carro-de-passeio-deixa-vitima-fatal-na-bahia\/#primaryimage\"},\"thumbnailUrl\":\"https:\/\/brasilnoticias.org\/site\/wp-content\/uploads\/2022\/10\/grave-acidente-envolvendo-carretas-caminhao-e-carro-de-passeio-deixa-vitima-fatal-na-bahia_widelg.jpg\",\"datePublished\":\"2022-10-16T10:00:34+00:00\",\"breadcrumb\":{\"@id\":\"https:\/\/brasilnoticias.org\/site\/grave-acidente-envolvendo-carretas-caminhao-e-carro-de-passeio-deixa-vitima-fatal-na-bahia\/#breadcrumb\"},\"inLanguage\":\"pt-PT\",\"potentialAction\":[{\"@type\":\"ReadAction\",\"target\":[\"https:\/\/brasilnoticias.org\/site\/grave-acidente-envolvendo-carretas-caminhao-e-carro-de-passeio-deixa-vitima-fatal-na-bahia\/\"]}]},{\"@type\":\"ImageObject\",\"inLanguage\":\"pt-PT\",\"@id\":\"https:\/\/brasilnoticias.org\/site\/grave-acidente-envolvendo-carretas-caminhao-e-carro-de-passeio-deixa-vitima-fatal-na-bahia\/#primaryimage\",\"url\":\"https:\/\/brasilnoticias.org\/site\/wp-content\/uploads\/2022\/10\/grave-acidente-envolvendo-carretas-caminhao-e-carro-de-passeio-deixa-vitima-fatal-na-bahia_widelg.jpg\",\"contentUrl\":\"https:\/\/brasilnoticias.org\/site\/wp-content\/uploads\/2022\/10\/grave-acidente-envolvendo-carretas-caminhao-e-carro-de-passeio-deixa-vitima-fatal-na-bahia_widelg.jpg\",\"width\":800,\"height\":450},{\"@type\":\"BreadcrumbList\",\"@id\":\"https:\/\/brasilnoticias.org\/site\/grave-acidente-envolvendo-carretas-caminhao-e-carro-de-passeio-deixa-vitima-fatal-na-bahia\/#breadcrumb\",\"itemListElement\":[{\"@type\":\"ListItem\",\"position\":1,\"name\":\"In\u00edcio\",\"item\":\"https:\/\/brasilnoticias.org\/site\/\"},{\"@type\":\"ListItem\",\"position\":2,\"name\":\"Grave acidente envolvendo carretas, caminh\u00e3o e carro de passeio deixa v\u00edtima fatal na Bahia\"}]},{\"@type\":\"WebSite\",\"@id\":\"https:\/\/brasilnoticias.org\/site\/#website\",\"url\":\"https:\/\/brasilnoticias.org\/site\/\",\"name\":\"Brasil not\u00edcias\",\"description\":\"Brasil not\u00edcias\",\"publisher\":{\"@id\":\"https:\/\/brasilnoticias.org\/site\/#organization\"},\"potentialAction\":[{\"@type\":\"SearchAction\",\"target\":{\"@type\":\"EntryPoint\",\"urlTemplate\":\"https:\/\/brasilnoticias.org\/site\/?s={search_term_string}\"},\"query-input\":{\"@type\":\"PropertyValueSpecification\",\"valueRequired\":true,\"valueName\":\"search_term_string\"}}],\"inLanguage\":\"pt-PT\"},{\"@type\":\"Organization\",\"@id\":\"https:\/\/brasilnoticias.org\/site\/#organization\",\"name\":\"Brasil not\u00edcias\",\"url\":\"https:\/\/brasilnoticias.org\/site\/\",\"logo\":{\"@type\":\"ImageObject\",\"inLanguage\":\"pt-PT\",\"@id\":\"https:\/\/brasilnoticias.org\/site\/#\/schema\/logo\/image\/\",\"url\":\"https:\/\/brasilnoticias.org\/site\/wp-content\/uploads\/2022\/05\/cropped-brasilnoticias-mini.jpg\",\"contentUrl\":\"https:\/\/brasilnoticias.org\/site\/wp-content\/uploads\/2022\/05\/cropped-brasilnoticias-mini.jpg\",\"width\":314,\"height\":86,\"caption\":\"Brasil not\u00edcias\"},\"image\":{\"@id\":\"https:\/\/brasilnoticias.org\/site\/#\/schema\/logo\/image\/\"}},{\"@type\":\"Person\",\"@id\":\"https:\/\/brasilnoticias.org\/site\/#\/schema\/person\/a0e05b973ec4d15c658d51911e53507b\",\"name\":\"Reda\u00e7\u00e3o\",\"image\":{\"@type\":\"ImageObject\",\"inLanguage\":\"pt-PT\",\"@id\":\"https:\/\/brasilnoticias.org\/site\/#\/schema\/person\/image\/\",\"url\":\"https:\/\/secure.gravatar.com\/avatar\/75d8b050df2de108b08ae78dfb8e374892df24a383c67db9c46a9c604f6aee9c?s=96&d=mm&r=g\",\"contentUrl\":\"https:\/\/secure.gravatar.com\/avatar\/75d8b050df2de108b08ae78dfb8e374892df24a383c67db9c46a9c604f6aee9c?s=96&d=mm&r=g\",\"caption\":\"Reda\u00e7\u00e3o\"},\"sameAs\":[\"https:\/\/brasilnoticias.org\/site\"],\"url\":\"https:\/\/brasilnoticias.org\/site\/author\/fernandozsngmail-com\/\"}]}<\/script>\n<!-- \/ Yoast SEO plugin. -->","yoast_head_json":{"title":"Grave acidente envolvendo carretas, caminh\u00e3o e carro de passeio deixa v\u00edtima fatal na Bahia - Brasil not\u00edcias","robots":{"index":"index","follow":"follow","max-snippet":"max-snippet:-1","max-image-preview":"max-image-preview:large","max-video-preview":"max-video-preview:-1"},"canonical":"https:\/\/brasilnoticias.org\/site\/grave-acidente-envolvendo-carretas-caminhao-e-carro-de-passeio-deixa-vitima-fatal-na-bahia\/","og_locale":"pt_PT","og_type":"article","og_title":"Grave acidente envolvendo carretas, caminh\u00e3o e carro de passeio deixa v\u00edtima fatal na Bahia - Brasil not\u00edcias","og_description":"Um grave acidente envolvendo duas carretas, um caminh\u00e3o pequeno e um carro de passeio ocorreu no final da manh\u00e3 deste","og_url":"https:\/\/brasilnoticias.org\/site\/grave-acidente-envolvendo-carretas-caminhao-e-carro-de-passeio-deixa-vitima-fatal-na-bahia\/","og_site_name":"Brasil not\u00edcias","article_published_time":"2022-10-16T10:00:34+00:00","og_image":[{"width":800,"height":450,"url":"https:\/\/brasilnoticias.org\/site\/wp-content\/uploads\/2022\/10\/grave-acidente-envolvendo-carretas-caminhao-e-carro-de-passeio-deixa-vitima-fatal-na-bahia_widelg.jpg","type":"image\/jpeg"}],"author":"Reda\u00e7\u00e3o","twitter_card":"summary_large_image","twitter_misc":{"Escrito por":"Reda\u00e7\u00e3o","Tempo estimado de leitura":"1 minuto"},"schema":{"@context":"https:\/\/schema.org","@graph":[{"@type":"Article","@id":"https:\/\/brasilnoticias.org\/site\/grave-acidente-envolvendo-carretas-caminhao-e-carro-de-passeio-deixa-vitima-fatal-na-bahia\/#article","isPartOf":{"@id":"https:\/\/brasilnoticias.org\/site\/grave-acidente-envolvendo-carretas-caminhao-e-carro-de-passeio-deixa-vitima-fatal-na-bahia\/"},"author":{"name":"Reda\u00e7\u00e3o","@id":"https:\/\/brasilnoticias.org\/site\/#\/schema\/person\/a0e05b973ec4d15c658d51911e53507b"},"headline":"Grave acidente envolvendo carretas, caminh\u00e3o e carro de passeio deixa v\u00edtima fatal na Bahia","datePublished":"2022-10-16T10:00:34+00:00","mainEntityOfPage":{"@id":"https:\/\/brasilnoticias.org\/site\/grave-acidente-envolvendo-carretas-caminhao-e-carro-de-passeio-deixa-vitima-fatal-na-bahia\/"},"wordCount":144,"commentCount":0,"publisher":{"@id":"https:\/\/brasilnoticias.org\/site\/#organization"},"image":{"@id":"https:\/\/brasilnoticias.org\/site\/grave-acidente-envolvendo-carretas-caminhao-e-carro-de-passeio-deixa-vitima-fatal-na-bahia\/#primaryimage"},"thumbnailUrl":"https:\/\/brasilnoticias.org\/site\/wp-content\/uploads\/2022\/10\/grave-acidente-envolvendo-carretas-caminhao-e-carro-de-passeio-deixa-vitima-fatal-na-bahia_widelg.jpg","articleSection":["Not\u00edcias","\u00daltimas"],"inLanguage":"pt-PT","potentialAction":[{"@type":"CommentAction","name":"Comment","target":["https:\/\/brasilnoticias.org\/site\/grave-acidente-envolvendo-carretas-caminhao-e-carro-de-passeio-deixa-vitima-fatal-na-bahia\/#respond"]}]},{"@type":"WebPage","@id":"https:\/\/brasilnoticias.org\/site\/grave-acidente-envolvendo-carretas-caminhao-e-carro-de-passeio-deixa-vitima-fatal-na-bahia\/","url":"https:\/\/brasilnoticias.org\/site\/grave-acidente-envolvendo-carretas-caminhao-e-carro-de-passeio-deixa-vitima-fatal-na-bahia\/","name":"Grave acidente envolvendo carretas, caminh\u00e3o e carro de passeio deixa v\u00edtima fatal na Bahia - Brasil not\u00edcias","isPartOf":{"@id":"https:\/\/brasilnoticias.org\/site\/#website"},"primaryImageOfPage":{"@id":"https:\/\/brasilnoticias.org\/site\/grave-acidente-envolvendo-carretas-caminhao-e-carro-de-passeio-deixa-vitima-fatal-na-bahia\/#primaryimage"},"image":{"@id":"https:\/\/brasilnoticias.org\/site\/grave-acidente-envolvendo-carretas-caminhao-e-carro-de-passeio-deixa-vitima-fatal-na-bahia\/#primaryimage"},"thumbnailUrl":"https:\/\/brasilnoticias.org\/site\/wp-content\/uploads\/2022\/10\/grave-acidente-envolvendo-carretas-caminhao-e-carro-de-passeio-deixa-vitima-fatal-na-bahia_widelg.jpg","datePublished":"2022-10-16T10:00:34+00:00","breadcrumb":{"@id":"https:\/\/brasilnoticias.org\/site\/grave-acidente-envolvendo-carretas-caminhao-e-carro-de-passeio-deixa-vitima-fatal-na-bahia\/#breadcrumb"},"inLanguage":"pt-PT","potentialAction":[{"@type":"ReadAction","target":["https:\/\/brasilnoticias.org\/site\/grave-acidente-envolvendo-carretas-caminhao-e-carro-de-passeio-deixa-vitima-fatal-na-bahia\/"]}]},{"@type":"ImageObject","inLanguage":"pt-PT","@id":"https:\/\/brasilnoticias.org\/site\/grave-acidente-envolvendo-carretas-caminhao-e-carro-de-passeio-deixa-vitima-fatal-na-bahia\/#primaryimage","url":"https:\/\/brasilnoticias.org\/site\/wp-content\/uploads\/2022\/10\/grave-acidente-envolvendo-carretas-caminhao-e-carro-de-passeio-deixa-vitima-fatal-na-bahia_widelg.jpg","contentUrl":"https:\/\/brasilnoticias.org\/site\/wp-content\/uploads\/2022\/10\/grave-acidente-envolvendo-carretas-caminhao-e-carro-de-passeio-deixa-vitima-fatal-na-bahia_widelg.jpg","width":800,"height":450},{"@type":"BreadcrumbList","@id":"https:\/\/brasilnoticias.org\/site\/grave-acidente-envolvendo-carretas-caminhao-e-carro-de-passeio-deixa-vitima-fatal-na-bahia\/#breadcrumb","itemListElement":[{"@type":"ListItem","position":1,"name":"In\u00edcio","item":"https:\/\/brasilnoticias.org\/site\/"},{"@type":"ListItem","position":2,"name":"Grave acidente envolvendo carretas, caminh\u00e3o e carro de passeio deixa v\u00edtima fatal na Bahia"}]},{"@type":"WebSite","@id":"https:\/\/brasilnoticias.org\/site\/#website","url":"https:\/\/brasilnoticias.org\/site\/","name":"Brasil not\u00edcias","description":"Brasil not\u00edcias","publisher":{"@id":"https:\/\/brasilnoticias.org\/site\/#organization"},"potentialAction":[{"@type":"SearchAction","target":{"@type":"EntryPoint","urlTemplate":"https:\/\/brasilnoticias.org\/site\/?s={search_term_string}"},"query-input":{"@type":"PropertyValueSpecification","valueRequired":true,"valueName":"search_term_string"}}],"inLanguage":"pt-PT"},{"@type":"Organization","@id":"https:\/\/brasilnoticias.org\/site\/#organization","name":"Brasil not\u00edcias","url":"https:\/\/brasilnoticias.org\/site\/","logo":{"@type":"ImageObject","inLanguage":"pt-PT","@id":"https:\/\/brasilnoticias.org\/site\/#\/schema\/logo\/image\/","url":"https:\/\/brasilnoticias.org\/site\/wp-content\/uploads\/2022\/05\/cropped-brasilnoticias-mini.jpg","contentUrl":"https:\/\/brasilnoticias.org\/site\/wp-content\/uploads\/2022\/05\/cropped-brasilnoticias-mini.jpg","width":314,"height":86,"caption":"Brasil not\u00edcias"},"image":{"@id":"https:\/\/brasilnoticias.org\/site\/#\/schema\/logo\/image\/"}},{"@type":"Person","@id":"https:\/\/brasilnoticias.org\/site\/#\/schema\/person\/a0e05b973ec4d15c658d51911e53507b","name":"Reda\u00e7\u00e3o","image":{"@type":"ImageObject","inLanguage":"pt-PT","@id":"https:\/\/brasilnoticias.org\/site\/#\/schema\/person\/image\/","url":"https:\/\/secure.gravatar.com\/avatar\/75d8b050df2de108b08ae78dfb8e374892df24a383c67db9c46a9c604f6aee9c?s=96&d=mm&r=g","contentUrl":"https:\/\/secure.gravatar.com\/avatar\/75d8b050df2de108b08ae78dfb8e374892df24a383c67db9c46a9c604f6aee9c?s=96&d=mm&r=g","caption":"Reda\u00e7\u00e3o"},"sameAs":["https:\/\/brasilnoticias.org\/site"],"url":"https:\/\/brasilnoticias.org\/site\/author\/fernandozsngmail-com\/"}]}},"_links":{"self":[{"href":"https:\/\/brasilnoticias.org\/site\/wp-json\/wp\/v2\/posts\/1910","targetHints":{"allow":["GET"]}}],"collection":[{"href":"https:\/\/brasilnoticias.org\/site\/wp-json\/wp\/v2\/posts"}],"about":[{"href":"https:\/\/brasilnoticias.org\/site\/wp-json\/wp\/v2\/types\/post"}],"author":[{"embeddable":true,"href":"https:\/\/brasilnoticias.org\/site\/wp-json\/wp\/v2\/users\/1"}],"replies":[{"embeddable":true,"href":"https:\/\/brasilnoticias.org\/site\/wp-json\/wp\/v2\/comments?post=1910"}],"version-history":[{"count":2,"href":"https:\/\/brasilnoticias.org\/site\/wp-json\/wp\/v2\/posts\/1910\/revisions"}],"predecessor-version":[{"id":1913,"href":"https:\/\/brasilnoticias.org\/site\/wp-json\/wp\/v2\/posts\/1910\/revisions\/1913"}],"wp:featuredmedia":[{"embeddable":true,"href":"https:\/\/brasilnoticias.org\/site\/wp-json\/wp\/v2\/media\/1911"}],"wp:attachment":[{"href":"https:\/\/brasilnoticias.org\/site\/wp-json\/wp\/v2\/media?parent=1910"}],"wp:term":[{"taxonomy":"category","embeddable":true,"href":"https:\/\/brasilnoticias.org\/site\/wp-json\/wp\/v2\/categories?post=1910"},{"taxonomy":"post_tag","embeddable":true,"href":"https:\/\/brasilnoticias.org\/site\/wp-json\/wp\/v2\/tags?post=1910"}],"curies":[{"name":"wp","href":"https:\/\/api.w.org\/{rel}","templated":true}]}}