{"id":19107,"date":"2025-12-12T15:11:49","date_gmt":"2025-12-12T18:11:49","guid":{"rendered":"https:\/\/brasilnoticias.org\/site\/?p=19107"},"modified":"2025-12-13T15:14:04","modified_gmt":"2025-12-13T18:14:04","slug":"marinha-abre-vagas-no-servico-militar-voluntario-smv-de-pracas-temporarios-na-bahia","status":"publish","type":"post","link":"https:\/\/brasilnoticias.org\/site\/marinha-abre-vagas-no-servico-militar-voluntario-smv-de-pracas-temporarios-na-bahia\/","title":{"rendered":"Marinha abre vagas no Servi\u00e7o Militar Volunt\u00e1rio (SMV) de Pra\u00e7as Tempor\u00e1rios na Bahia"},"content":{"rendered":"<p>Candidatos devem se inscrever at\u00e9 o dia 27 de janeiro de 2026, por meio do site da Marinha do Brasil<\/p>\n<p>A Marinha do Brasil est\u00e1 com inscri\u00e7\u00f5es abertas para preenchimento de 794 vagas no Servi\u00e7o Militar Volunt\u00e1rio (SMV) de Pra\u00e7as Tempor\u00e1rios em nove Distritos Navais do Brasil, sendo que para a Bahia e Sergipe s\u00e3o oferecidas 61 vagas. Salvador, Ilh\u00e9us, Bom Jesus da Lapa e Juazeiro s\u00e3o as cidades contempladas com as vagas para a Bahia. <\/p>\n<p>Com remunera\u00e7\u00e3o inicial que pode chegar a R$ 3.835, as vagas contemplam duas gradua\u00e7\u00f5es: Marinheiro Especializado, destinada a candidatos com Ensino Fundamental e Curso de Forma\u00e7\u00e3o Inicial e Continuada (C-FIC) \u2014 capacita\u00e7\u00e3o de curta dura\u00e7\u00e3o voltada para uma \u00e1rea t\u00e9cnica espec\u00edfica \u2014, e Cabo, para aqueles com n\u00edvel m\u00e9dio t\u00e9cnico. As oportunidades de atua\u00e7\u00e3o s\u00e3o para \u00e1reas como Sa\u00fade, Apoio, Administra\u00e7\u00e3o e Industrial, abrangendo, em cada \u00e1rea, diversas especialidades. <\/p>\n<p>Inscri\u00e7\u00f5es<br \/>\nOs candidatos devem se inscrever at\u00e9 o dia 27 de janeiro de 2026, por meio do site da Marinha do Brasil. Nos dias 12 e 14 de janeiro, candidatos inscritos no Cadastro \u00danico (Cad\u00danico) podem solicitar isen\u00e7\u00e3o da taxa, enquanto quem n\u00e3o for contemplado dever\u00e1 pagar a taxa de R$ 70.<\/p>\n<p>Foto: Divulga\u00e7\u00e3o\/Marinha do Brasil<br \/>\nPor: Metro1<\/p>\n","protected":false},"excerpt":{"rendered":"<p>Candidatos devem se inscrever at\u00e9 o dia 27 de janeiro de 2026, por meio do site da Marinha do Brasil<\/p>\n","protected":false},"author":4,"featured_media":19108,"comment_status":"open","ping_status":"open","sticky":false,"template":"","format":"standard","meta":{"colormag_page_container_layout":"default_layout","colormag_page_sidebar_layout":"default_layout","_FSMCFIC_featured_image_caption":"","_FSMCFIC_featured_image_nocaption":"","_FSMCFIC_featured_image_hide":"","footnotes":""},"categories":[7,1],"tags":[],"class_list":["post-19107","post","type-post","status-publish","format-standard","has-post-thumbnail","hentry","category-justica","category-ultimas"],"yoast_head":"<!-- This site is optimized with the Yoast SEO plugin v27.1.1 - https:\/\/yoast.com\/product\/yoast-seo-wordpress\/ -->\n<title>Marinha abre vagas no Servi\u00e7o Militar Volunt\u00e1rio (SMV) de Pra\u00e7as Tempor\u00e1rios na Bahia - Brasil not\u00edcias<\/title>\n<meta name=\"robots\" content=\"index, follow, max-snippet:-1, max-image-preview:large, max-video-preview:-1\" \/>\n<link rel=\"canonical\" href=\"https:\/\/brasilnoticias.org\/site\/marinha-abre-vagas-no-servico-militar-voluntario-smv-de-pracas-temporarios-na-bahia\/\" \/>\n<meta property=\"og:locale\" content=\"pt_PT\" \/>\n<meta property=\"og:type\" content=\"article\" \/>\n<meta property=\"og:title\" content=\"Marinha abre vagas no Servi\u00e7o Militar Volunt\u00e1rio (SMV) de Pra\u00e7as Tempor\u00e1rios na Bahia - Brasil not\u00edcias\" \/>\n<meta property=\"og:description\" content=\"Candidatos devem se inscrever at\u00e9 o dia 27 de janeiro de 2026, por meio do site da Marinha do Brasil\" \/>\n<meta property=\"og:url\" content=\"https:\/\/brasilnoticias.org\/site\/marinha-abre-vagas-no-servico-militar-voluntario-smv-de-pracas-temporarios-na-bahia\/\" \/>\n<meta property=\"og:site_name\" content=\"Brasil not\u00edcias\" \/>\n<meta property=\"article:published_time\" content=\"2025-12-12T18:11:49+00:00\" \/>\n<meta property=\"article:modified_time\" content=\"2025-12-13T18:14:04+00:00\" \/>\n<meta property=\"og:image\" content=\"https:\/\/brasilnoticias.org\/site\/wp-content\/uploads\/2025\/12\/174723marinha-abre-vagas-no-servico-militar-voluntario-smv-de-pracas-temporarios-na-bahia-3.jpg\" \/>\n\t<meta property=\"og:image:width\" content=\"1600\" \/>\n\t<meta property=\"og:image:height\" content=\"752\" \/>\n\t<meta property=\"og:image:type\" content=\"image\/jpeg\" \/>\n<meta name=\"author\" content=\"Reda\u00e7\u00e3o\" \/>\n<meta name=\"twitter:card\" content=\"summary_large_image\" \/>\n<meta name=\"twitter:label1\" content=\"Escrito por\" \/>\n\t<meta name=\"twitter:data1\" content=\"Reda\u00e7\u00e3o\" \/>\n\t<meta name=\"twitter:label2\" content=\"Tempo estimado de leitura\" \/>\n\t<meta name=\"twitter:data2\" content=\"1 minuto\" \/>\n<script type=\"application\/ld+json\" class=\"yoast-schema-graph\">{\"@context\":\"https:\/\/schema.org\",\"@graph\":[{\"@type\":\"Article\",\"@id\":\"https:\/\/brasilnoticias.org\/site\/marinha-abre-vagas-no-servico-militar-voluntario-smv-de-pracas-temporarios-na-bahia\/#article\",\"isPartOf\":{\"@id\":\"https:\/\/brasilnoticias.org\/site\/marinha-abre-vagas-no-servico-militar-voluntario-smv-de-pracas-temporarios-na-bahia\/\"},\"author\":{\"name\":\"Reda\u00e7\u00e3o\",\"@id\":\"https:\/\/brasilnoticias.org\/site\/#\/schema\/person\/03bbbfe6c7634ad18c26444ea39049fa\"},\"headline\":\"Marinha abre vagas no Servi\u00e7o Militar Volunt\u00e1rio (SMV) de Pra\u00e7as Tempor\u00e1rios na Bahia\",\"datePublished\":\"2025-12-12T18:11:49+00:00\",\"dateModified\":\"2025-12-13T18:14:04+00:00\",\"mainEntityOfPage\":{\"@id\":\"https:\/\/brasilnoticias.org\/site\/marinha-abre-vagas-no-servico-militar-voluntario-smv-de-pracas-temporarios-na-bahia\/\"},\"wordCount\":236,\"commentCount\":0,\"publisher\":{\"@id\":\"https:\/\/brasilnoticias.org\/site\/#organization\"},\"image\":{\"@id\":\"https:\/\/brasilnoticias.org\/site\/marinha-abre-vagas-no-servico-militar-voluntario-smv-de-pracas-temporarios-na-bahia\/#primaryimage\"},\"thumbnailUrl\":\"https:\/\/brasilnoticias.org\/site\/wp-content\/uploads\/2025\/12\/174723marinha-abre-vagas-no-servico-militar-voluntario-smv-de-pracas-temporarios-na-bahia-3.jpg\",\"articleSection\":[\"Justi\u00e7a\",\"\u00daltimas\"],\"inLanguage\":\"pt-PT\",\"potentialAction\":[{\"@type\":\"CommentAction\",\"name\":\"Comment\",\"target\":[\"https:\/\/brasilnoticias.org\/site\/marinha-abre-vagas-no-servico-militar-voluntario-smv-de-pracas-temporarios-na-bahia\/#respond\"]}]},{\"@type\":\"WebPage\",\"@id\":\"https:\/\/brasilnoticias.org\/site\/marinha-abre-vagas-no-servico-militar-voluntario-smv-de-pracas-temporarios-na-bahia\/\",\"url\":\"https:\/\/brasilnoticias.org\/site\/marinha-abre-vagas-no-servico-militar-voluntario-smv-de-pracas-temporarios-na-bahia\/\",\"name\":\"Marinha abre vagas no Servi\u00e7o Militar Volunt\u00e1rio (SMV) de Pra\u00e7as Tempor\u00e1rios na Bahia - Brasil not\u00edcias\",\"isPartOf\":{\"@id\":\"https:\/\/brasilnoticias.org\/site\/#website\"},\"primaryImageOfPage\":{\"@id\":\"https:\/\/brasilnoticias.org\/site\/marinha-abre-vagas-no-servico-militar-voluntario-smv-de-pracas-temporarios-na-bahia\/#primaryimage\"},\"image\":{\"@id\":\"https:\/\/brasilnoticias.org\/site\/marinha-abre-vagas-no-servico-militar-voluntario-smv-de-pracas-temporarios-na-bahia\/#primaryimage\"},\"thumbnailUrl\":\"https:\/\/brasilnoticias.org\/site\/wp-content\/uploads\/2025\/12\/174723marinha-abre-vagas-no-servico-militar-voluntario-smv-de-pracas-temporarios-na-bahia-3.jpg\",\"datePublished\":\"2025-12-12T18:11:49+00:00\",\"dateModified\":\"2025-12-13T18:14:04+00:00\",\"breadcrumb\":{\"@id\":\"https:\/\/brasilnoticias.org\/site\/marinha-abre-vagas-no-servico-militar-voluntario-smv-de-pracas-temporarios-na-bahia\/#breadcrumb\"},\"inLanguage\":\"pt-PT\",\"potentialAction\":[{\"@type\":\"ReadAction\",\"target\":[\"https:\/\/brasilnoticias.org\/site\/marinha-abre-vagas-no-servico-militar-voluntario-smv-de-pracas-temporarios-na-bahia\/\"]}]},{\"@type\":\"ImageObject\",\"inLanguage\":\"pt-PT\",\"@id\":\"https:\/\/brasilnoticias.org\/site\/marinha-abre-vagas-no-servico-militar-voluntario-smv-de-pracas-temporarios-na-bahia\/#primaryimage\",\"url\":\"https:\/\/brasilnoticias.org\/site\/wp-content\/uploads\/2025\/12\/174723marinha-abre-vagas-no-servico-militar-voluntario-smv-de-pracas-temporarios-na-bahia-3.jpg\",\"contentUrl\":\"https:\/\/brasilnoticias.org\/site\/wp-content\/uploads\/2025\/12\/174723marinha-abre-vagas-no-servico-militar-voluntario-smv-de-pracas-temporarios-na-bahia-3.jpg\",\"width\":1600,\"height\":752},{\"@type\":\"BreadcrumbList\",\"@id\":\"https:\/\/brasilnoticias.org\/site\/marinha-abre-vagas-no-servico-militar-voluntario-smv-de-pracas-temporarios-na-bahia\/#breadcrumb\",\"itemListElement\":[{\"@type\":\"ListItem\",\"position\":1,\"name\":\"In\u00edcio\",\"item\":\"https:\/\/brasilnoticias.org\/site\/\"},{\"@type\":\"ListItem\",\"position\":2,\"name\":\"Marinha abre vagas no Servi\u00e7o Militar Volunt\u00e1rio (SMV) de Pra\u00e7as Tempor\u00e1rios na Bahia\"}]},{\"@type\":\"WebSite\",\"@id\":\"https:\/\/brasilnoticias.org\/site\/#website\",\"url\":\"https:\/\/brasilnoticias.org\/site\/\",\"name\":\"Brasil not\u00edcias\",\"description\":\"Brasil not\u00edcias\",\"publisher\":{\"@id\":\"https:\/\/brasilnoticias.org\/site\/#organization\"},\"potentialAction\":[{\"@type\":\"SearchAction\",\"target\":{\"@type\":\"EntryPoint\",\"urlTemplate\":\"https:\/\/brasilnoticias.org\/site\/?s={search_term_string}\"},\"query-input\":{\"@type\":\"PropertyValueSpecification\",\"valueRequired\":true,\"valueName\":\"search_term_string\"}}],\"inLanguage\":\"pt-PT\"},{\"@type\":\"Organization\",\"@id\":\"https:\/\/brasilnoticias.org\/site\/#organization\",\"name\":\"Brasil not\u00edcias\",\"url\":\"https:\/\/brasilnoticias.org\/site\/\",\"logo\":{\"@type\":\"ImageObject\",\"inLanguage\":\"pt-PT\",\"@id\":\"https:\/\/brasilnoticias.org\/site\/#\/schema\/logo\/image\/\",\"url\":\"https:\/\/brasilnoticias.org\/site\/wp-content\/uploads\/2022\/05\/cropped-brasilnoticias-mini.jpg\",\"contentUrl\":\"https:\/\/brasilnoticias.org\/site\/wp-content\/uploads\/2022\/05\/cropped-brasilnoticias-mini.jpg\",\"width\":314,\"height\":86,\"caption\":\"Brasil not\u00edcias\"},\"image\":{\"@id\":\"https:\/\/brasilnoticias.org\/site\/#\/schema\/logo\/image\/\"}},{\"@type\":\"Person\",\"@id\":\"https:\/\/brasilnoticias.org\/site\/#\/schema\/person\/03bbbfe6c7634ad18c26444ea39049fa\",\"name\":\"Reda\u00e7\u00e3o\",\"image\":{\"@type\":\"ImageObject\",\"inLanguage\":\"pt-PT\",\"@id\":\"https:\/\/brasilnoticias.org\/site\/#\/schema\/person\/image\/\",\"url\":\"https:\/\/secure.gravatar.com\/avatar\/9ecaf7327a696cb23ad926fedded5f1f04d7049de9e445375d55b48c001a6e42?s=96&d=mm&r=g\",\"contentUrl\":\"https:\/\/secure.gravatar.com\/avatar\/9ecaf7327a696cb23ad926fedded5f1f04d7049de9e445375d55b48c001a6e42?s=96&d=mm&r=g\",\"caption\":\"Reda\u00e7\u00e3o\"},\"url\":\"https:\/\/brasilnoticias.org\/site\/author\/henrique\/\"}]}<\/script>\n<!-- \/ Yoast SEO plugin. -->","yoast_head_json":{"title":"Marinha abre vagas no Servi\u00e7o Militar Volunt\u00e1rio (SMV) de Pra\u00e7as Tempor\u00e1rios na Bahia - Brasil not\u00edcias","robots":{"index":"index","follow":"follow","max-snippet":"max-snippet:-1","max-image-preview":"max-image-preview:large","max-video-preview":"max-video-preview:-1"},"canonical":"https:\/\/brasilnoticias.org\/site\/marinha-abre-vagas-no-servico-militar-voluntario-smv-de-pracas-temporarios-na-bahia\/","og_locale":"pt_PT","og_type":"article","og_title":"Marinha abre vagas no Servi\u00e7o Militar Volunt\u00e1rio (SMV) de Pra\u00e7as Tempor\u00e1rios na Bahia - Brasil not\u00edcias","og_description":"Candidatos devem se inscrever at\u00e9 o dia 27 de janeiro de 2026, por meio do site da Marinha do Brasil","og_url":"https:\/\/brasilnoticias.org\/site\/marinha-abre-vagas-no-servico-militar-voluntario-smv-de-pracas-temporarios-na-bahia\/","og_site_name":"Brasil not\u00edcias","article_published_time":"2025-12-12T18:11:49+00:00","article_modified_time":"2025-12-13T18:14:04+00:00","og_image":[{"width":1600,"height":752,"url":"https:\/\/brasilnoticias.org\/site\/wp-content\/uploads\/2025\/12\/174723marinha-abre-vagas-no-servico-militar-voluntario-smv-de-pracas-temporarios-na-bahia-3.jpg","type":"image\/jpeg"}],"author":"Reda\u00e7\u00e3o","twitter_card":"summary_large_image","twitter_misc":{"Escrito por":"Reda\u00e7\u00e3o","Tempo estimado de leitura":"1 minuto"},"schema":{"@context":"https:\/\/schema.org","@graph":[{"@type":"Article","@id":"https:\/\/brasilnoticias.org\/site\/marinha-abre-vagas-no-servico-militar-voluntario-smv-de-pracas-temporarios-na-bahia\/#article","isPartOf":{"@id":"https:\/\/brasilnoticias.org\/site\/marinha-abre-vagas-no-servico-militar-voluntario-smv-de-pracas-temporarios-na-bahia\/"},"author":{"name":"Reda\u00e7\u00e3o","@id":"https:\/\/brasilnoticias.org\/site\/#\/schema\/person\/03bbbfe6c7634ad18c26444ea39049fa"},"headline":"Marinha abre vagas no Servi\u00e7o Militar Volunt\u00e1rio (SMV) de Pra\u00e7as Tempor\u00e1rios na Bahia","datePublished":"2025-12-12T18:11:49+00:00","dateModified":"2025-12-13T18:14:04+00:00","mainEntityOfPage":{"@id":"https:\/\/brasilnoticias.org\/site\/marinha-abre-vagas-no-servico-militar-voluntario-smv-de-pracas-temporarios-na-bahia\/"},"wordCount":236,"commentCount":0,"publisher":{"@id":"https:\/\/brasilnoticias.org\/site\/#organization"},"image":{"@id":"https:\/\/brasilnoticias.org\/site\/marinha-abre-vagas-no-servico-militar-voluntario-smv-de-pracas-temporarios-na-bahia\/#primaryimage"},"thumbnailUrl":"https:\/\/brasilnoticias.org\/site\/wp-content\/uploads\/2025\/12\/174723marinha-abre-vagas-no-servico-militar-voluntario-smv-de-pracas-temporarios-na-bahia-3.jpg","articleSection":["Justi\u00e7a","\u00daltimas"],"inLanguage":"pt-PT","potentialAction":[{"@type":"CommentAction","name":"Comment","target":["https:\/\/brasilnoticias.org\/site\/marinha-abre-vagas-no-servico-militar-voluntario-smv-de-pracas-temporarios-na-bahia\/#respond"]}]},{"@type":"WebPage","@id":"https:\/\/brasilnoticias.org\/site\/marinha-abre-vagas-no-servico-militar-voluntario-smv-de-pracas-temporarios-na-bahia\/","url":"https:\/\/brasilnoticias.org\/site\/marinha-abre-vagas-no-servico-militar-voluntario-smv-de-pracas-temporarios-na-bahia\/","name":"Marinha abre vagas no Servi\u00e7o Militar Volunt\u00e1rio (SMV) de Pra\u00e7as Tempor\u00e1rios na Bahia - Brasil not\u00edcias","isPartOf":{"@id":"https:\/\/brasilnoticias.org\/site\/#website"},"primaryImageOfPage":{"@id":"https:\/\/brasilnoticias.org\/site\/marinha-abre-vagas-no-servico-militar-voluntario-smv-de-pracas-temporarios-na-bahia\/#primaryimage"},"image":{"@id":"https:\/\/brasilnoticias.org\/site\/marinha-abre-vagas-no-servico-militar-voluntario-smv-de-pracas-temporarios-na-bahia\/#primaryimage"},"thumbnailUrl":"https:\/\/brasilnoticias.org\/site\/wp-content\/uploads\/2025\/12\/174723marinha-abre-vagas-no-servico-militar-voluntario-smv-de-pracas-temporarios-na-bahia-3.jpg","datePublished":"2025-12-12T18:11:49+00:00","dateModified":"2025-12-13T18:14:04+00:00","breadcrumb":{"@id":"https:\/\/brasilnoticias.org\/site\/marinha-abre-vagas-no-servico-militar-voluntario-smv-de-pracas-temporarios-na-bahia\/#breadcrumb"},"inLanguage":"pt-PT","potentialAction":[{"@type":"ReadAction","target":["https:\/\/brasilnoticias.org\/site\/marinha-abre-vagas-no-servico-militar-voluntario-smv-de-pracas-temporarios-na-bahia\/"]}]},{"@type":"ImageObject","inLanguage":"pt-PT","@id":"https:\/\/brasilnoticias.org\/site\/marinha-abre-vagas-no-servico-militar-voluntario-smv-de-pracas-temporarios-na-bahia\/#primaryimage","url":"https:\/\/brasilnoticias.org\/site\/wp-content\/uploads\/2025\/12\/174723marinha-abre-vagas-no-servico-militar-voluntario-smv-de-pracas-temporarios-na-bahia-3.jpg","contentUrl":"https:\/\/brasilnoticias.org\/site\/wp-content\/uploads\/2025\/12\/174723marinha-abre-vagas-no-servico-militar-voluntario-smv-de-pracas-temporarios-na-bahia-3.jpg","width":1600,"height":752},{"@type":"BreadcrumbList","@id":"https:\/\/brasilnoticias.org\/site\/marinha-abre-vagas-no-servico-militar-voluntario-smv-de-pracas-temporarios-na-bahia\/#breadcrumb","itemListElement":[{"@type":"ListItem","position":1,"name":"In\u00edcio","item":"https:\/\/brasilnoticias.org\/site\/"},{"@type":"ListItem","position":2,"name":"Marinha abre vagas no Servi\u00e7o Militar Volunt\u00e1rio (SMV) de Pra\u00e7as Tempor\u00e1rios na Bahia"}]},{"@type":"WebSite","@id":"https:\/\/brasilnoticias.org\/site\/#website","url":"https:\/\/brasilnoticias.org\/site\/","name":"Brasil not\u00edcias","description":"Brasil not\u00edcias","publisher":{"@id":"https:\/\/brasilnoticias.org\/site\/#organization"},"potentialAction":[{"@type":"SearchAction","target":{"@type":"EntryPoint","urlTemplate":"https:\/\/brasilnoticias.org\/site\/?s={search_term_string}"},"query-input":{"@type":"PropertyValueSpecification","valueRequired":true,"valueName":"search_term_string"}}],"inLanguage":"pt-PT"},{"@type":"Organization","@id":"https:\/\/brasilnoticias.org\/site\/#organization","name":"Brasil not\u00edcias","url":"https:\/\/brasilnoticias.org\/site\/","logo":{"@type":"ImageObject","inLanguage":"pt-PT","@id":"https:\/\/brasilnoticias.org\/site\/#\/schema\/logo\/image\/","url":"https:\/\/brasilnoticias.org\/site\/wp-content\/uploads\/2022\/05\/cropped-brasilnoticias-mini.jpg","contentUrl":"https:\/\/brasilnoticias.org\/site\/wp-content\/uploads\/2022\/05\/cropped-brasilnoticias-mini.jpg","width":314,"height":86,"caption":"Brasil not\u00edcias"},"image":{"@id":"https:\/\/brasilnoticias.org\/site\/#\/schema\/logo\/image\/"}},{"@type":"Person","@id":"https:\/\/brasilnoticias.org\/site\/#\/schema\/person\/03bbbfe6c7634ad18c26444ea39049fa","name":"Reda\u00e7\u00e3o","image":{"@type":"ImageObject","inLanguage":"pt-PT","@id":"https:\/\/brasilnoticias.org\/site\/#\/schema\/person\/image\/","url":"https:\/\/secure.gravatar.com\/avatar\/9ecaf7327a696cb23ad926fedded5f1f04d7049de9e445375d55b48c001a6e42?s=96&d=mm&r=g","contentUrl":"https:\/\/secure.gravatar.com\/avatar\/9ecaf7327a696cb23ad926fedded5f1f04d7049de9e445375d55b48c001a6e42?s=96&d=mm&r=g","caption":"Reda\u00e7\u00e3o"},"url":"https:\/\/brasilnoticias.org\/site\/author\/henrique\/"}]}},"_links":{"self":[{"href":"https:\/\/brasilnoticias.org\/site\/wp-json\/wp\/v2\/posts\/19107","targetHints":{"allow":["GET"]}}],"collection":[{"href":"https:\/\/brasilnoticias.org\/site\/wp-json\/wp\/v2\/posts"}],"about":[{"href":"https:\/\/brasilnoticias.org\/site\/wp-json\/wp\/v2\/types\/post"}],"author":[{"embeddable":true,"href":"https:\/\/brasilnoticias.org\/site\/wp-json\/wp\/v2\/users\/4"}],"replies":[{"embeddable":true,"href":"https:\/\/brasilnoticias.org\/site\/wp-json\/wp\/v2\/comments?post=19107"}],"version-history":[{"count":1,"href":"https:\/\/brasilnoticias.org\/site\/wp-json\/wp\/v2\/posts\/19107\/revisions"}],"predecessor-version":[{"id":19109,"href":"https:\/\/brasilnoticias.org\/site\/wp-json\/wp\/v2\/posts\/19107\/revisions\/19109"}],"wp:featuredmedia":[{"embeddable":true,"href":"https:\/\/brasilnoticias.org\/site\/wp-json\/wp\/v2\/media\/19108"}],"wp:attachment":[{"href":"https:\/\/brasilnoticias.org\/site\/wp-json\/wp\/v2\/media?parent=19107"}],"wp:term":[{"taxonomy":"category","embeddable":true,"href":"https:\/\/brasilnoticias.org\/site\/wp-json\/wp\/v2\/categories?post=19107"},{"taxonomy":"post_tag","embeddable":true,"href":"https:\/\/brasilnoticias.org\/site\/wp-json\/wp\/v2\/tags?post=19107"}],"curies":[{"name":"wp","href":"https:\/\/api.w.org\/{rel}","templated":true}]}}