{"id":19215,"date":"2025-12-29T09:36:41","date_gmt":"2025-12-29T12:36:41","guid":{"rendered":"https:\/\/brasilnoticias.org\/site\/?p=19215"},"modified":"2025-12-29T09:36:41","modified_gmt":"2025-12-29T12:36:41","slug":"apos-pedir-ao-stf-para-anular-investigacao-da-pf-governador-recepciona-dino-em-pousada-da-familia","status":"publish","type":"post","link":"https:\/\/brasilnoticias.org\/site\/apos-pedir-ao-stf-para-anular-investigacao-da-pf-governador-recepciona-dino-em-pousada-da-familia\/","title":{"rendered":"Ap\u00f3s pedir ao STF para anular investiga\u00e7\u00e3o da PF, governador recepciona Dino em pousada da fam\u00edlia"},"content":{"rendered":"<p>O ministro do STF Fl\u00e1vio Dino est\u00e1 passando o per\u00edodo do r\u00e9veillon no litoral do Piau\u00ed dias depois de o governo local, chefiado por Rafael Fonteles (PT), ingressou no Supremo Tribunal Federal com A\u00e7\u00e3o C\u00edvel Origin\u00e1ria (ACO n\u00ba 3.738) pedindo a suspens\u00e3o imediata de investiga\u00e7\u00f5es conduzidas por \u00f3rg\u00e3os federais que apuram contratos e gastos da \u00e1rea da Sa\u00fade no Estado. A a\u00e7\u00e3o objetivou paralisar procedimentos da Pol\u00edcia Federal, da Controladoria-Geral da Uni\u00e3o (CGU), do Minist\u00e9rio P\u00fablico Federal (MPF) e decis\u00f5es da Justi\u00e7a Federal, no \u00e2mbito das opera\u00e7\u00f5es OMNI e Difus\u00e3o.<\/p>\n<p>Na peti\u00e7\u00e3o, o governo estadual sustenta que as investiga\u00e7\u00f5es teriam violado o pacto federativo, argumentando que recursos transferidos ao Estado por meio do Sistema \u00danico de Sa\u00fade (SUS), na modalidade \u201cfundo a fundo\u201d, perderiam a natureza federal ap\u00f3s o repasse autom\u00e1tico, afastando o interesse jur\u00eddico da Uni\u00e3o e, consequentemente, a atua\u00e7\u00e3o dos \u00f3rg\u00e3os federais de controle e investiga\u00e7\u00e3o. O pedido busca a suspens\u00e3o de procedimentos investigat\u00f3rios, administrativos e judiciais federais at\u00e9 o julgamento final da a\u00e7\u00e3o pelo Supremo.<\/p>\n<p>No Piau\u00ed, Dino estaria sendo recepcionado pelo governador do Estado,de acordo com Imagens que circulam registrando a presen\u00e7a do ministro. A hospedagem se d\u00e1 na Pousada Manati, em Barra Grande (PI), que pertence a Francisco Ara\u00fajo Filho, sogro do governador Rafael Fonteles, e \u00e9 juridicamente administrado por Danilo Ara\u00fajo, cunhado do governador.<\/p>\n<p>De acordo com a apura\u00e7\u00e3o do jornalista Tony Rodrigues, a pousada foi fechada ao p\u00fablico para acomodar o ministro, familiares e pessoas pr\u00f3ximas. Segundo as informa\u00e7\u00f5es levantadas, o local possu\u00eda reservas previamente confirmadas para outros clientes, que teriam sido refeitas para viabilizar a hospedagem exclusiva do grupo, ap\u00f3s contatos feitos pela assessoria do ministro. Procurados, clientes teriam sido informados sobre a altera\u00e7\u00e3o das reservas, sem detalhamento p\u00fablico dos crit\u00e9rios adotados.<br \/>\nAinda segundo Tony Rodrigues, o grupo que acompanha o ministro inclui aliados pol\u00edticos. Entre eles estaria Felipe Camar\u00e3o, atual vice-governador do Maranh\u00e3o e filiado ao Partido dos Trabalhadores (PT). Camar\u00e3o se coloca publicamente como pr\u00e9-candidato ao governo do Maranh\u00e3o nas elei\u00e7\u00f5es de 2026.<\/p>\n<p>Pesquisas de inten\u00e7\u00e3o de voto divulgadas recentemente o posicionam nas \u00faltimas coloca\u00e7\u00f5es do cen\u00e1rio eleitoral estadual, com baixa capilaridade pol\u00edtica at\u00e9 o momento. Ainda assim, seu nome tem sido reiteradamente associado ao projeto pol\u00edtico do ministro Fl\u00e1vio Dino. Meses atr\u00e1s, durante uma palestra realizada em universidade particular de S\u00e3o Lu\u00eds (MA), o pr\u00f3prio Dino fez manifesta\u00e7\u00f5es p\u00fablicas apontando Felipe Camar\u00e3o como candidato ao governo do estado e chegou a indicar, na ocasi\u00e3o, nome para o posto de vice-governador.<\/p>\n<p>Corrup\u00e7\u00e3o investigada<br \/>\nA presen\u00e7a do ministro no Piau\u00ed ocorre em meio ao avan\u00e7o de investiga\u00e7\u00f5es federais que apuram poss\u00edvel corrup\u00e7\u00e3o em contratos da sa\u00fade p\u00fablica no Estado. A Opera\u00e7\u00e3o OMNI, deflagrada pela Pol\u00edcia Federal com a CGU e o Tribunal de Contas do Estado do Piau\u00ed (TCE-PI), investiga um suposto esquema de fraudes em contratos firmados pela Secretaria de Estado da Sa\u00fade (Sesapi) e pela Funda\u00e7\u00e3o Municipal de Sa\u00fade (FMS). As apura\u00e7\u00f5es apontam ind\u00edcios de direcionamento de contratos, uso de empresas de fachada, superfaturamento e lavagem de dinheiro, com preju\u00edzo estimado entre R$60 milh\u00f5es e R$66 milh\u00f5es aos cofres p\u00fablicos.<\/p>\n<p>Entre os alvos da opera\u00e7\u00e3o esteve o m\u00e9dico e empres\u00e1rio Bruno Santos Leal Campos, ligado \u00e0 empresa Big Data Health, que chegou a ser preso temporariamente pela Pol\u00edcia Federal. A opera\u00e7\u00e3o cumpriu mandados de busca e apreens\u00e3o em diferentes estados, determinou o bloqueio de valores e o afastamento de servidores p\u00fablicos investigados. Posteriormente, o Tribunal Regional Federal da 1\u00aa Regi\u00e3o revogou as pris\u00f5es tempor\u00e1rias, mantendo as investiga\u00e7\u00f5es em andamento sob sigilo.<\/p>\n<p>Na a\u00e7\u00e3o apresentada ao STF, o governo do Piau\u00ed tamb\u00e9m questiona medidas adotadas no curso das investiga\u00e7\u00f5es federais, como o afastamento de servidores e a suspens\u00e3o de contratos administrativos, alegando que tais decis\u00f5es teriam sido tomadas sem a demonstra\u00e7\u00e3o objetiva do uso de verbas oriundas de conv\u00eanios, contratos de repasse ou transfer\u00eancias volunt\u00e1rias da Uni\u00e3o.<\/p>\n<p>A sequ\u00eancia dos fatos ocorre enquanto o pr\u00f3prio Supremo Tribunal Federal ser\u00e1 respons\u00e1vel por analisar a a\u00e7\u00e3o proposta pelo Estado do Piau\u00ed. O epis\u00f3dio tamb\u00e9m se insere em um momento em que a Suprema Corte atravessa um per\u00edodo de forte exposi\u00e7\u00e3o p\u00fablica, com questionamentos sobre a atua\u00e7\u00e3o de seus ministros em casos envolvendo rela\u00e7\u00f5es pessoais, pol\u00edticas e econ\u00f4micas.<\/p>\n<p>Foto: Reprodu\u00e7\u00e3o<br \/>\nInforma\u00e7\u00f5es do Di\u00e1rio do Poder<\/p>\n","protected":false},"excerpt":{"rendered":"<p>O ministro do STF Fl\u00e1vio Dino est\u00e1 passando o per\u00edodo do r\u00e9veillon no litoral do Piau\u00ed dias depois de o<\/p>\n","protected":false},"author":4,"featured_media":19216,"comment_status":"open","ping_status":"open","sticky":false,"template":"","format":"standard","meta":{"colormag_page_container_layout":"default_layout","colormag_page_sidebar_layout":"default_layout","_FSMCFIC_featured_image_caption":"","_FSMCFIC_featured_image_nocaption":"","_FSMCFIC_featured_image_hide":"","footnotes":""},"categories":[5,1],"tags":[],"class_list":["post-19215","post","type-post","status-publish","format-standard","has-post-thumbnail","hentry","category-politica","category-ultimas"],"yoast_head":"<!-- This site is optimized with the Yoast SEO plugin v27.1.1 - https:\/\/yoast.com\/product\/yoast-seo-wordpress\/ -->\n<title>Ap\u00f3s pedir ao STF para anular investiga\u00e7\u00e3o da PF, governador recepciona Dino em pousada da fam\u00edlia - Brasil not\u00edcias<\/title>\n<meta name=\"robots\" content=\"index, follow, max-snippet:-1, max-image-preview:large, max-video-preview:-1\" \/>\n<link rel=\"canonical\" href=\"https:\/\/brasilnoticias.org\/site\/apos-pedir-ao-stf-para-anular-investigacao-da-pf-governador-recepciona-dino-em-pousada-da-familia\/\" \/>\n<meta property=\"og:locale\" content=\"pt_PT\" \/>\n<meta property=\"og:type\" content=\"article\" \/>\n<meta property=\"og:title\" content=\"Ap\u00f3s pedir ao STF para anular investiga\u00e7\u00e3o da PF, governador recepciona Dino em pousada da fam\u00edlia - Brasil not\u00edcias\" \/>\n<meta property=\"og:description\" content=\"O ministro do STF Fl\u00e1vio Dino est\u00e1 passando o per\u00edodo do r\u00e9veillon no litoral do Piau\u00ed dias depois de o\" \/>\n<meta property=\"og:url\" content=\"https:\/\/brasilnoticias.org\/site\/apos-pedir-ao-stf-para-anular-investigacao-da-pf-governador-recepciona-dino-em-pousada-da-familia\/\" \/>\n<meta property=\"og:site_name\" content=\"Brasil not\u00edcias\" \/>\n<meta property=\"article:published_time\" content=\"2025-12-29T12:36:41+00:00\" \/>\n<meta property=\"og:image\" content=\"https:\/\/brasilnoticias.org\/site\/wp-content\/uploads\/2025\/12\/420ea0f5-rafael-fontesle-empresario-andre-baia-e-flavio-dino.jpg\" \/>\n\t<meta property=\"og:image:width\" content=\"800\" \/>\n\t<meta property=\"og:image:height\" content=\"549\" \/>\n\t<meta property=\"og:image:type\" content=\"image\/jpeg\" \/>\n<meta name=\"author\" content=\"Reda\u00e7\u00e3o\" \/>\n<meta name=\"twitter:card\" content=\"summary_large_image\" \/>\n<meta name=\"twitter:label1\" content=\"Escrito por\" \/>\n\t<meta name=\"twitter:data1\" content=\"Reda\u00e7\u00e3o\" \/>\n\t<meta name=\"twitter:label2\" content=\"Tempo estimado de leitura\" \/>\n\t<meta name=\"twitter:data2\" content=\"1 minuto\" \/>\n<script type=\"application\/ld+json\" class=\"yoast-schema-graph\">{\"@context\":\"https:\/\/schema.org\",\"@graph\":[{\"@type\":\"Article\",\"@id\":\"https:\/\/brasilnoticias.org\/site\/apos-pedir-ao-stf-para-anular-investigacao-da-pf-governador-recepciona-dino-em-pousada-da-familia\/#article\",\"isPartOf\":{\"@id\":\"https:\/\/brasilnoticias.org\/site\/apos-pedir-ao-stf-para-anular-investigacao-da-pf-governador-recepciona-dino-em-pousada-da-familia\/\"},\"author\":{\"name\":\"Reda\u00e7\u00e3o\",\"@id\":\"https:\/\/brasilnoticias.org\/site\/#\/schema\/person\/03bbbfe6c7634ad18c26444ea39049fa\"},\"headline\":\"Ap\u00f3s pedir ao STF para anular investiga\u00e7\u00e3o da PF, governador recepciona Dino em pousada da fam\u00edlia\",\"datePublished\":\"2025-12-29T12:36:41+00:00\",\"mainEntityOfPage\":{\"@id\":\"https:\/\/brasilnoticias.org\/site\/apos-pedir-ao-stf-para-anular-investigacao-da-pf-governador-recepciona-dino-em-pousada-da-familia\/\"},\"wordCount\":838,\"commentCount\":0,\"publisher\":{\"@id\":\"https:\/\/brasilnoticias.org\/site\/#organization\"},\"image\":{\"@id\":\"https:\/\/brasilnoticias.org\/site\/apos-pedir-ao-stf-para-anular-investigacao-da-pf-governador-recepciona-dino-em-pousada-da-familia\/#primaryimage\"},\"thumbnailUrl\":\"https:\/\/brasilnoticias.org\/site\/wp-content\/uploads\/2025\/12\/420ea0f5-rafael-fontesle-empresario-andre-baia-e-flavio-dino.jpg\",\"articleSection\":[\"Pol\u00edtica\",\"\u00daltimas\"],\"inLanguage\":\"pt-PT\",\"potentialAction\":[{\"@type\":\"CommentAction\",\"name\":\"Comment\",\"target\":[\"https:\/\/brasilnoticias.org\/site\/apos-pedir-ao-stf-para-anular-investigacao-da-pf-governador-recepciona-dino-em-pousada-da-familia\/#respond\"]}]},{\"@type\":\"WebPage\",\"@id\":\"https:\/\/brasilnoticias.org\/site\/apos-pedir-ao-stf-para-anular-investigacao-da-pf-governador-recepciona-dino-em-pousada-da-familia\/\",\"url\":\"https:\/\/brasilnoticias.org\/site\/apos-pedir-ao-stf-para-anular-investigacao-da-pf-governador-recepciona-dino-em-pousada-da-familia\/\",\"name\":\"Ap\u00f3s pedir ao STF para anular investiga\u00e7\u00e3o da PF, governador recepciona Dino em pousada da fam\u00edlia - Brasil not\u00edcias\",\"isPartOf\":{\"@id\":\"https:\/\/brasilnoticias.org\/site\/#website\"},\"primaryImageOfPage\":{\"@id\":\"https:\/\/brasilnoticias.org\/site\/apos-pedir-ao-stf-para-anular-investigacao-da-pf-governador-recepciona-dino-em-pousada-da-familia\/#primaryimage\"},\"image\":{\"@id\":\"https:\/\/brasilnoticias.org\/site\/apos-pedir-ao-stf-para-anular-investigacao-da-pf-governador-recepciona-dino-em-pousada-da-familia\/#primaryimage\"},\"thumbnailUrl\":\"https:\/\/brasilnoticias.org\/site\/wp-content\/uploads\/2025\/12\/420ea0f5-rafael-fontesle-empresario-andre-baia-e-flavio-dino.jpg\",\"datePublished\":\"2025-12-29T12:36:41+00:00\",\"breadcrumb\":{\"@id\":\"https:\/\/brasilnoticias.org\/site\/apos-pedir-ao-stf-para-anular-investigacao-da-pf-governador-recepciona-dino-em-pousada-da-familia\/#breadcrumb\"},\"inLanguage\":\"pt-PT\",\"potentialAction\":[{\"@type\":\"ReadAction\",\"target\":[\"https:\/\/brasilnoticias.org\/site\/apos-pedir-ao-stf-para-anular-investigacao-da-pf-governador-recepciona-dino-em-pousada-da-familia\/\"]}]},{\"@type\":\"ImageObject\",\"inLanguage\":\"pt-PT\",\"@id\":\"https:\/\/brasilnoticias.org\/site\/apos-pedir-ao-stf-para-anular-investigacao-da-pf-governador-recepciona-dino-em-pousada-da-familia\/#primaryimage\",\"url\":\"https:\/\/brasilnoticias.org\/site\/wp-content\/uploads\/2025\/12\/420ea0f5-rafael-fontesle-empresario-andre-baia-e-flavio-dino.jpg\",\"contentUrl\":\"https:\/\/brasilnoticias.org\/site\/wp-content\/uploads\/2025\/12\/420ea0f5-rafael-fontesle-empresario-andre-baia-e-flavio-dino.jpg\",\"width\":800,\"height\":549},{\"@type\":\"BreadcrumbList\",\"@id\":\"https:\/\/brasilnoticias.org\/site\/apos-pedir-ao-stf-para-anular-investigacao-da-pf-governador-recepciona-dino-em-pousada-da-familia\/#breadcrumb\",\"itemListElement\":[{\"@type\":\"ListItem\",\"position\":1,\"name\":\"In\u00edcio\",\"item\":\"https:\/\/brasilnoticias.org\/site\/\"},{\"@type\":\"ListItem\",\"position\":2,\"name\":\"Ap\u00f3s pedir ao STF para anular investiga\u00e7\u00e3o da PF, governador recepciona Dino em pousada da fam\u00edlia\"}]},{\"@type\":\"WebSite\",\"@id\":\"https:\/\/brasilnoticias.org\/site\/#website\",\"url\":\"https:\/\/brasilnoticias.org\/site\/\",\"name\":\"Brasil not\u00edcias\",\"description\":\"Brasil not\u00edcias\",\"publisher\":{\"@id\":\"https:\/\/brasilnoticias.org\/site\/#organization\"},\"potentialAction\":[{\"@type\":\"SearchAction\",\"target\":{\"@type\":\"EntryPoint\",\"urlTemplate\":\"https:\/\/brasilnoticias.org\/site\/?s={search_term_string}\"},\"query-input\":{\"@type\":\"PropertyValueSpecification\",\"valueRequired\":true,\"valueName\":\"search_term_string\"}}],\"inLanguage\":\"pt-PT\"},{\"@type\":\"Organization\",\"@id\":\"https:\/\/brasilnoticias.org\/site\/#organization\",\"name\":\"Brasil not\u00edcias\",\"url\":\"https:\/\/brasilnoticias.org\/site\/\",\"logo\":{\"@type\":\"ImageObject\",\"inLanguage\":\"pt-PT\",\"@id\":\"https:\/\/brasilnoticias.org\/site\/#\/schema\/logo\/image\/\",\"url\":\"https:\/\/brasilnoticias.org\/site\/wp-content\/uploads\/2022\/05\/cropped-brasilnoticias-mini.jpg\",\"contentUrl\":\"https:\/\/brasilnoticias.org\/site\/wp-content\/uploads\/2022\/05\/cropped-brasilnoticias-mini.jpg\",\"width\":314,\"height\":86,\"caption\":\"Brasil not\u00edcias\"},\"image\":{\"@id\":\"https:\/\/brasilnoticias.org\/site\/#\/schema\/logo\/image\/\"}},{\"@type\":\"Person\",\"@id\":\"https:\/\/brasilnoticias.org\/site\/#\/schema\/person\/03bbbfe6c7634ad18c26444ea39049fa\",\"name\":\"Reda\u00e7\u00e3o\",\"image\":{\"@type\":\"ImageObject\",\"inLanguage\":\"pt-PT\",\"@id\":\"https:\/\/brasilnoticias.org\/site\/#\/schema\/person\/image\/\",\"url\":\"https:\/\/secure.gravatar.com\/avatar\/9ecaf7327a696cb23ad926fedded5f1f04d7049de9e445375d55b48c001a6e42?s=96&d=mm&r=g\",\"contentUrl\":\"https:\/\/secure.gravatar.com\/avatar\/9ecaf7327a696cb23ad926fedded5f1f04d7049de9e445375d55b48c001a6e42?s=96&d=mm&r=g\",\"caption\":\"Reda\u00e7\u00e3o\"},\"url\":\"https:\/\/brasilnoticias.org\/site\/author\/henrique\/\"}]}<\/script>\n<!-- \/ Yoast SEO plugin. -->","yoast_head_json":{"title":"Ap\u00f3s pedir ao STF para anular investiga\u00e7\u00e3o da PF, governador recepciona Dino em pousada da fam\u00edlia - Brasil not\u00edcias","robots":{"index":"index","follow":"follow","max-snippet":"max-snippet:-1","max-image-preview":"max-image-preview:large","max-video-preview":"max-video-preview:-1"},"canonical":"https:\/\/brasilnoticias.org\/site\/apos-pedir-ao-stf-para-anular-investigacao-da-pf-governador-recepciona-dino-em-pousada-da-familia\/","og_locale":"pt_PT","og_type":"article","og_title":"Ap\u00f3s pedir ao STF para anular investiga\u00e7\u00e3o da PF, governador recepciona Dino em pousada da fam\u00edlia - Brasil not\u00edcias","og_description":"O ministro do STF Fl\u00e1vio Dino est\u00e1 passando o per\u00edodo do r\u00e9veillon no litoral do Piau\u00ed dias depois de o","og_url":"https:\/\/brasilnoticias.org\/site\/apos-pedir-ao-stf-para-anular-investigacao-da-pf-governador-recepciona-dino-em-pousada-da-familia\/","og_site_name":"Brasil not\u00edcias","article_published_time":"2025-12-29T12:36:41+00:00","og_image":[{"width":800,"height":549,"url":"https:\/\/brasilnoticias.org\/site\/wp-content\/uploads\/2025\/12\/420ea0f5-rafael-fontesle-empresario-andre-baia-e-flavio-dino.jpg","type":"image\/jpeg"}],"author":"Reda\u00e7\u00e3o","twitter_card":"summary_large_image","twitter_misc":{"Escrito por":"Reda\u00e7\u00e3o","Tempo estimado de leitura":"1 minuto"},"schema":{"@context":"https:\/\/schema.org","@graph":[{"@type":"Article","@id":"https:\/\/brasilnoticias.org\/site\/apos-pedir-ao-stf-para-anular-investigacao-da-pf-governador-recepciona-dino-em-pousada-da-familia\/#article","isPartOf":{"@id":"https:\/\/brasilnoticias.org\/site\/apos-pedir-ao-stf-para-anular-investigacao-da-pf-governador-recepciona-dino-em-pousada-da-familia\/"},"author":{"name":"Reda\u00e7\u00e3o","@id":"https:\/\/brasilnoticias.org\/site\/#\/schema\/person\/03bbbfe6c7634ad18c26444ea39049fa"},"headline":"Ap\u00f3s pedir ao STF para anular investiga\u00e7\u00e3o da PF, governador recepciona Dino em pousada da fam\u00edlia","datePublished":"2025-12-29T12:36:41+00:00","mainEntityOfPage":{"@id":"https:\/\/brasilnoticias.org\/site\/apos-pedir-ao-stf-para-anular-investigacao-da-pf-governador-recepciona-dino-em-pousada-da-familia\/"},"wordCount":838,"commentCount":0,"publisher":{"@id":"https:\/\/brasilnoticias.org\/site\/#organization"},"image":{"@id":"https:\/\/brasilnoticias.org\/site\/apos-pedir-ao-stf-para-anular-investigacao-da-pf-governador-recepciona-dino-em-pousada-da-familia\/#primaryimage"},"thumbnailUrl":"https:\/\/brasilnoticias.org\/site\/wp-content\/uploads\/2025\/12\/420ea0f5-rafael-fontesle-empresario-andre-baia-e-flavio-dino.jpg","articleSection":["Pol\u00edtica","\u00daltimas"],"inLanguage":"pt-PT","potentialAction":[{"@type":"CommentAction","name":"Comment","target":["https:\/\/brasilnoticias.org\/site\/apos-pedir-ao-stf-para-anular-investigacao-da-pf-governador-recepciona-dino-em-pousada-da-familia\/#respond"]}]},{"@type":"WebPage","@id":"https:\/\/brasilnoticias.org\/site\/apos-pedir-ao-stf-para-anular-investigacao-da-pf-governador-recepciona-dino-em-pousada-da-familia\/","url":"https:\/\/brasilnoticias.org\/site\/apos-pedir-ao-stf-para-anular-investigacao-da-pf-governador-recepciona-dino-em-pousada-da-familia\/","name":"Ap\u00f3s pedir ao STF para anular investiga\u00e7\u00e3o da PF, governador recepciona Dino em pousada da fam\u00edlia - Brasil not\u00edcias","isPartOf":{"@id":"https:\/\/brasilnoticias.org\/site\/#website"},"primaryImageOfPage":{"@id":"https:\/\/brasilnoticias.org\/site\/apos-pedir-ao-stf-para-anular-investigacao-da-pf-governador-recepciona-dino-em-pousada-da-familia\/#primaryimage"},"image":{"@id":"https:\/\/brasilnoticias.org\/site\/apos-pedir-ao-stf-para-anular-investigacao-da-pf-governador-recepciona-dino-em-pousada-da-familia\/#primaryimage"},"thumbnailUrl":"https:\/\/brasilnoticias.org\/site\/wp-content\/uploads\/2025\/12\/420ea0f5-rafael-fontesle-empresario-andre-baia-e-flavio-dino.jpg","datePublished":"2025-12-29T12:36:41+00:00","breadcrumb":{"@id":"https:\/\/brasilnoticias.org\/site\/apos-pedir-ao-stf-para-anular-investigacao-da-pf-governador-recepciona-dino-em-pousada-da-familia\/#breadcrumb"},"inLanguage":"pt-PT","potentialAction":[{"@type":"ReadAction","target":["https:\/\/brasilnoticias.org\/site\/apos-pedir-ao-stf-para-anular-investigacao-da-pf-governador-recepciona-dino-em-pousada-da-familia\/"]}]},{"@type":"ImageObject","inLanguage":"pt-PT","@id":"https:\/\/brasilnoticias.org\/site\/apos-pedir-ao-stf-para-anular-investigacao-da-pf-governador-recepciona-dino-em-pousada-da-familia\/#primaryimage","url":"https:\/\/brasilnoticias.org\/site\/wp-content\/uploads\/2025\/12\/420ea0f5-rafael-fontesle-empresario-andre-baia-e-flavio-dino.jpg","contentUrl":"https:\/\/brasilnoticias.org\/site\/wp-content\/uploads\/2025\/12\/420ea0f5-rafael-fontesle-empresario-andre-baia-e-flavio-dino.jpg","width":800,"height":549},{"@type":"BreadcrumbList","@id":"https:\/\/brasilnoticias.org\/site\/apos-pedir-ao-stf-para-anular-investigacao-da-pf-governador-recepciona-dino-em-pousada-da-familia\/#breadcrumb","itemListElement":[{"@type":"ListItem","position":1,"name":"In\u00edcio","item":"https:\/\/brasilnoticias.org\/site\/"},{"@type":"ListItem","position":2,"name":"Ap\u00f3s pedir ao STF para anular investiga\u00e7\u00e3o da PF, governador recepciona Dino em pousada da fam\u00edlia"}]},{"@type":"WebSite","@id":"https:\/\/brasilnoticias.org\/site\/#website","url":"https:\/\/brasilnoticias.org\/site\/","name":"Brasil not\u00edcias","description":"Brasil not\u00edcias","publisher":{"@id":"https:\/\/brasilnoticias.org\/site\/#organization"},"potentialAction":[{"@type":"SearchAction","target":{"@type":"EntryPoint","urlTemplate":"https:\/\/brasilnoticias.org\/site\/?s={search_term_string}"},"query-input":{"@type":"PropertyValueSpecification","valueRequired":true,"valueName":"search_term_string"}}],"inLanguage":"pt-PT"},{"@type":"Organization","@id":"https:\/\/brasilnoticias.org\/site\/#organization","name":"Brasil not\u00edcias","url":"https:\/\/brasilnoticias.org\/site\/","logo":{"@type":"ImageObject","inLanguage":"pt-PT","@id":"https:\/\/brasilnoticias.org\/site\/#\/schema\/logo\/image\/","url":"https:\/\/brasilnoticias.org\/site\/wp-content\/uploads\/2022\/05\/cropped-brasilnoticias-mini.jpg","contentUrl":"https:\/\/brasilnoticias.org\/site\/wp-content\/uploads\/2022\/05\/cropped-brasilnoticias-mini.jpg","width":314,"height":86,"caption":"Brasil not\u00edcias"},"image":{"@id":"https:\/\/brasilnoticias.org\/site\/#\/schema\/logo\/image\/"}},{"@type":"Person","@id":"https:\/\/brasilnoticias.org\/site\/#\/schema\/person\/03bbbfe6c7634ad18c26444ea39049fa","name":"Reda\u00e7\u00e3o","image":{"@type":"ImageObject","inLanguage":"pt-PT","@id":"https:\/\/brasilnoticias.org\/site\/#\/schema\/person\/image\/","url":"https:\/\/secure.gravatar.com\/avatar\/9ecaf7327a696cb23ad926fedded5f1f04d7049de9e445375d55b48c001a6e42?s=96&d=mm&r=g","contentUrl":"https:\/\/secure.gravatar.com\/avatar\/9ecaf7327a696cb23ad926fedded5f1f04d7049de9e445375d55b48c001a6e42?s=96&d=mm&r=g","caption":"Reda\u00e7\u00e3o"},"url":"https:\/\/brasilnoticias.org\/site\/author\/henrique\/"}]}},"_links":{"self":[{"href":"https:\/\/brasilnoticias.org\/site\/wp-json\/wp\/v2\/posts\/19215","targetHints":{"allow":["GET"]}}],"collection":[{"href":"https:\/\/brasilnoticias.org\/site\/wp-json\/wp\/v2\/posts"}],"about":[{"href":"https:\/\/brasilnoticias.org\/site\/wp-json\/wp\/v2\/types\/post"}],"author":[{"embeddable":true,"href":"https:\/\/brasilnoticias.org\/site\/wp-json\/wp\/v2\/users\/4"}],"replies":[{"embeddable":true,"href":"https:\/\/brasilnoticias.org\/site\/wp-json\/wp\/v2\/comments?post=19215"}],"version-history":[{"count":1,"href":"https:\/\/brasilnoticias.org\/site\/wp-json\/wp\/v2\/posts\/19215\/revisions"}],"predecessor-version":[{"id":19217,"href":"https:\/\/brasilnoticias.org\/site\/wp-json\/wp\/v2\/posts\/19215\/revisions\/19217"}],"wp:featuredmedia":[{"embeddable":true,"href":"https:\/\/brasilnoticias.org\/site\/wp-json\/wp\/v2\/media\/19216"}],"wp:attachment":[{"href":"https:\/\/brasilnoticias.org\/site\/wp-json\/wp\/v2\/media?parent=19215"}],"wp:term":[{"taxonomy":"category","embeddable":true,"href":"https:\/\/brasilnoticias.org\/site\/wp-json\/wp\/v2\/categories?post=19215"},{"taxonomy":"post_tag","embeddable":true,"href":"https:\/\/brasilnoticias.org\/site\/wp-json\/wp\/v2\/tags?post=19215"}],"curies":[{"name":"wp","href":"https:\/\/api.w.org\/{rel}","templated":true}]}}