{"id":19270,"date":"2026-01-07T14:29:42","date_gmt":"2026-01-07T17:29:42","guid":{"rendered":"https:\/\/brasilnoticias.org\/site\/?p=19270"},"modified":"2026-01-07T14:29:42","modified_gmt":"2026-01-07T17:29:42","slug":"independentemente-de-vaga-em-chapa-otto-alencar-descarta-deixar-alianca-com-pt-e-avisa-vaidade-capricho-e-arrogancia-no-poder-sao-vespera-do-fracasso","status":"publish","type":"post","link":"https:\/\/brasilnoticias.org\/site\/independentemente-de-vaga-em-chapa-otto-alencar-descarta-deixar-alianca-com-pt-e-avisa-vaidade-capricho-e-arrogancia-no-poder-sao-vespera-do-fracasso\/","title":{"rendered":"Independentemente de vaga em chapa, Otto Alencar descarta deixar alian\u00e7a com PT e avisa: &#8216;Vaidade, capricho e arrog\u00e2ncia no poder s\u00e3o v\u00e9spera do fracasso&#8217;"},"content":{"rendered":"<p>O senador Otto Alencar (PSD), presidente estadual do partido na Bahia, concedeu uma das entrevistas mais duras e reveladoras dos \u00faltimos anos, ao comentar a forma\u00e7\u00e3o da chapa governista para as elei\u00e7\u00f5es de 2026. <\/p>\n<p>Em conversa com a CBN Salvador, o social-democrata reagiu \u00e0s informa\u00e7\u00f5es de bastidor que d\u00e3o como definida a chapa ao Senado com os petistas Rui Costa e Jaques Wagner, descartou qualquer possibilidade de aproxima\u00e7\u00e3o com ACM Neto e o bolsonarismo e reafirmou que o PSD permanecer\u00e1 na alian\u00e7a liderada pelo governador Jer\u00f4nimo Rodrigues (PT), independentemente de vaga na majorit\u00e1ria.<\/p>\n<p>Otto negou ter sido oficialmente comunicado sobre qualquer defini\u00e7\u00e3o, mas confirmou que a decis\u00e3o final ficar\u00e1 para mar\u00e7o, prazo em que se abre a janela partid\u00e1ria. Segundo ele, o governador Jer\u00f4nimo tem legitimidade para conduzir o processo e presidir a pr\u00f3pria sucess\u00e3o, como fizeram Wagner e Rui em seus respectivos mandatos.<\/p>\n<p>&#8220;A pol\u00edtica n\u00e3o pode ser personalista. N\u00e3o est\u00e1 em jogo apenas a reelei\u00e7\u00e3o de um senador, mas tamb\u00e9m a reelei\u00e7\u00e3o dos deputados estaduais e federais. \u00c9 um grupo&#8221; afirmou.<\/p>\n<p>O senador reconheceu que sempre defendeu a candidatura de Angelo Coronel \u00e0 reelei\u00e7\u00e3o, mas deixou claro que haver\u00e1 um momento de decis\u00e3o &#8220;pragm\u00e1tica&#8221;. Para Otto, n\u00e3o \u00e9 aceit\u00e1vel transformar uma \u00fanica candidatura na &#8220;moeda&#8221; de toda a composi\u00e7\u00e3o pol\u00edtica.<\/p>\n<p>Vice-governadoria e decis\u00e3o coletiva<\/p>\n<p>Otto afirmou que n\u00e3o indicar\u00e1 nome para vice e que a discuss\u00e3o, se ocorrer, dever\u00e1 ser conduzida diretamente com Angelo Coronel. Ele revelou que haver\u00e1 uma reuni\u00e3o entre o senador, seu filho e deputado federal Diego Coronel e o ministro chefe da Casa Civil, Rui Costa.<\/p>\n<p>&#8220;Eu n\u00e3o indicarei vice, n\u00e3o. Essa posi\u00e7\u00e3o, se for colocada, \u00e9 para o Angelo. Ele que vai decidir se quer aceitar vice ou n\u00e3o. Eu n\u00e3o tenho indicado, n\u00e3o tenho nome para vice. Meu nome \u00e9 Angelo Coronel [para o Senado], eu vou lutar por isso&#8221;, reiterou. <\/p>\n<p>De acordo com o dirigente, caso o grupo entenda que a vice dever\u00e1 ser indicada ao PSD, ele n\u00e3o far\u00e1 veto.<\/p>\n<p>&#8220;Eu n\u00e3o tomo decis\u00e3o sozinho. Se o PT formalizar a chapa, vou reunir prefeitos, deputados estaduais e federais para decidir em conjunto&#8221;, explicou.<\/p>\n<p>No entanto, o senador ressaltou que, para o seu partido, a prioridade absoluta \u00e9 o fortalecimento do grupo e isso passa pelas elei\u00e7\u00f5es proporcionais.<\/p>\n<p>&#8220;A Ivana Bastos, a Cl\u00e1udia Oliveira, a Jusmari Oliveira, o Angelo Coronel Filho, Adolfo Menezes, Eduardo Alencar, Cafu Barreto, Ricardo Rodrigues, Alex da Piat\u00e3, todos eles s\u00e3o importantes. Tanto quanto \u00e9 importante a elei\u00e7\u00e3o do Coronel, como \u00e9 importante a elei\u00e7\u00e3o do S\u00e9rgio Brito, do Ant\u00f4nio Brito, que \u00e9 um grande l\u00edder, como \u00e9 importante tamb\u00e9m a elei\u00e7\u00e3o do Charles Fernandes, que agora \u00e9 titular absoluto, como \u00e9 importante do Gabriel Nunes, do Paulo Magalh\u00e3es, de todos os federais. N\u00f3s temos nove estaduais e seis federais. Todos eles s\u00e3o t\u00e3o importantes quanto \u00e9 importante a elei\u00e7\u00e3o de Coronel. Nenhum pode ser desqualificado ou diminu\u00eddo pelo outro&#8221;, avaliou.<\/p>\n<p>Cr\u00edtica direta a Coronel e m\u00e1goa exposta<\/p>\n<p>Em um dos momentos mais contundentes da entrevista, Otto revelou discord\u00e2ncia com Angelo Coronel, que desqualificou a possibilidade de ser candidato a vice-governador.<\/p>\n<p>&#8220;Ele disse que s\u00f3 aceita o Senado, que n\u00e3o aceita vice. Isso \u00e9 uma arrog\u00e2ncia. Eu fui vice-governador com muita honra. Ser vice-governador da Bahia \u00e9 uma honra, n\u00e3o um dem\u00e9rito&#8221;, disparou.<\/p>\n<p>Otto lembrou que, como vice-governador, ajudou o pr\u00f3prio Coronel a se eleger deputado, a presidir a Assembleia Legislativa e, posteriormente, a chegar ao Senado.<\/p>\n<p>&#8220;O poder n\u00e3o pode encher ningu\u00e9m de vaidade. Vaidade, capricho e arrog\u00e2ncia no poder s\u00e3o a v\u00e9spera do fracasso&#8221;, advertiu.<\/p>\n<p>Apesar do tom duro, Otto disse manter uma rela\u00e7\u00e3o pessoal correta com Coronel, mas deixou claro que n\u00e3o existe &#8220;d\u00edvida pol\u00edtica&#8221; entre ambos e que decis\u00f5es n\u00e3o podem ser tomadas com base em imposi\u00e7\u00f5es individuais.<\/p>\n<p>PSD fora do bolsonarismo e de ACM Neto<\/p>\n<p>O presidente do PSD tamb\u00e9m foi categ\u00f3rico ao descartar qualquer possibilidade de candidatura avulsa ou alian\u00e7a com a direita.<\/p>\n<p>&#8220;Eu n\u00e3o tenho discurso para palanque bolsonarista. N\u00e3o tenho discurso para palanque de direita. N\u00e3o saio do meu caminho&#8221;, declarou.<\/p>\n<p>Otto afirmou que uma eventual candidatura independente de Angelo Coronel enterraria as chances eleitorais dos deputados estaduais e federais do partido, algo que ele n\u00e3o aceita conduzir.<\/p>\n<p>Tamb\u00e9m foi taxativo ao ser questionado sobre uma poss\u00edvel candidatura do aliado na chapa de ACM Neto (Uni\u00e3o Brasil):<\/p>\n<p>&#8220;Pelo PSD, n\u00e3o. O PSD fica na alian\u00e7a. Com ACM Neto, zero chance. Totalmente descartado&#8221;, avisou.<\/p>\n<p>Defesa de Lula, autonomia e rejei\u00e7\u00e3o \u00e0 anistia<\/p>\n<p>O congressista ainda fez um longo resgate de sua trajet\u00f3ria e afirmou que sempre esteve alinhado ao projeto do presidente Lula, ainda que com independ\u00eancia.<\/p>\n<p>&#8220;Votei a favor da taxa\u00e7\u00e3o dos ricos, dos fundos offshore, das bets. Discordei de pontos espec\u00edficos, mas sempre defendi a causa do presidente Lula&#8221;, disse.<\/p>\n<p>Ele tamb\u00e9m foi enf\u00e1tico ao rejeitar qualquer tipo de anistia aos envolvidos nos ataques \u00e0 democracia.<\/p>\n<p>&#8220;N\u00e3o tem que diminuir pena para quem atentou contra o regime democr\u00e1tico, quem depredou patrim\u00f4nio p\u00fablico ou amea\u00e7ou matar o presidente da Rep\u00fablica&#8221; afirmou, ao lembrar da sua pr\u00f3pria atua\u00e7\u00e3o na resist\u00eancia \u00e0 ditadura militar.<\/p>\n<p>Recado final<\/p>\n<p>Ao final, Otto deixou claro que a discuss\u00e3o ainda est\u00e1 aberta, mas com limites bem definidos: sem personalismo, sem ruptura, sem bolsonarismo e com foco no projeto coletivo.<\/p>\n<p>&#8220;A candidatura de Jer\u00f4nimo \u00e9 a prioridade. Isso n\u00e3o tem d\u00favida nenhuma. O resto ser\u00e1 decidido com di\u00e1logo, pesquisa e responsabilidade pol\u00edtica&#8221;, concluiu.<\/p>\n<p>Confira a entrevista na \u00edntegra:<\/p>\n<p><iframe loading=\"lazy\" width=\"780\" height=\"439\" src=\"https:\/\/www.youtube.com\/embed\/WjS8G5b2n4o\" title=\"CBN BAHIA | 07\/01\/2026 | Senador Otto Alencar\" frameborder=\"0\" allow=\"accelerometer; autoplay; clipboard-write; encrypted-media; gyroscope; picture-in-picture; web-share\" referrerpolicy=\"strict-origin-when-cross-origin\" allowfullscreen><\/iframe><\/p>\n","protected":false},"excerpt":{"rendered":"<p>O senador Otto Alencar (PSD), presidente estadual do partido na Bahia, concedeu uma das entrevistas mais duras e reveladoras dos<\/p>\n","protected":false},"author":4,"featured_media":19271,"comment_status":"open","ping_status":"open","sticky":false,"template":"","format":"standard","meta":{"colormag_page_container_layout":"default_layout","colormag_page_sidebar_layout":"default_layout","_FSMCFIC_featured_image_caption":"","_FSMCFIC_featured_image_nocaption":"","_FSMCFIC_featured_image_hide":"","footnotes":""},"categories":[5,1],"tags":[],"class_list":["post-19270","post","type-post","status-publish","format-standard","has-post-thumbnail","hentry","category-politica","category-ultimas"],"yoast_head":"<!-- This site is optimized with the Yoast SEO plugin v27.1.1 - https:\/\/yoast.com\/product\/yoast-seo-wordpress\/ -->\n<title>Independentemente de vaga em chapa, Otto Alencar descarta deixar alian\u00e7a com PT e avisa: &#039;Vaidade, capricho e arrog\u00e2ncia no poder s\u00e3o v\u00e9spera do fracasso&#039; - Brasil not\u00edcias<\/title>\n<meta name=\"robots\" content=\"index, follow, max-snippet:-1, max-image-preview:large, max-video-preview:-1\" \/>\n<link rel=\"canonical\" href=\"https:\/\/brasilnoticias.org\/site\/independentemente-de-vaga-em-chapa-otto-alencar-descarta-deixar-alianca-com-pt-e-avisa-vaidade-capricho-e-arrogancia-no-poder-sao-vespera-do-fracasso\/\" \/>\n<meta property=\"og:locale\" content=\"pt_PT\" \/>\n<meta property=\"og:type\" content=\"article\" \/>\n<meta property=\"og:title\" content=\"Independentemente de vaga em chapa, Otto Alencar descarta deixar alian\u00e7a com PT e avisa: &#039;Vaidade, capricho e arrog\u00e2ncia no poder s\u00e3o v\u00e9spera do fracasso&#039; - Brasil not\u00edcias\" \/>\n<meta property=\"og:description\" content=\"O senador Otto Alencar (PSD), presidente estadual do partido na Bahia, concedeu uma das entrevistas mais duras e reveladoras dos\" \/>\n<meta property=\"og:url\" content=\"https:\/\/brasilnoticias.org\/site\/independentemente-de-vaga-em-chapa-otto-alencar-descarta-deixar-alianca-com-pt-e-avisa-vaidade-capricho-e-arrogancia-no-poder-sao-vespera-do-fracasso\/\" \/>\n<meta property=\"og:site_name\" content=\"Brasil not\u00edcias\" \/>\n<meta property=\"article:published_time\" content=\"2026-01-07T17:29:42+00:00\" \/>\n<meta property=\"og:image\" content=\"https:\/\/brasilnoticias.org\/site\/wp-content\/uploads\/2026\/01\/WhatsApp-Image-2026-01-07-at-13.11.25.jpeg\" \/>\n\t<meta property=\"og:image:width\" content=\"1159\" \/>\n\t<meta property=\"og:image:height\" content=\"652\" \/>\n\t<meta property=\"og:image:type\" content=\"image\/jpeg\" \/>\n<meta name=\"author\" content=\"Reda\u00e7\u00e3o\" \/>\n<meta name=\"twitter:card\" content=\"summary_large_image\" \/>\n<meta name=\"twitter:label1\" content=\"Escrito por\" \/>\n\t<meta name=\"twitter:data1\" content=\"Reda\u00e7\u00e3o\" \/>\n\t<meta name=\"twitter:label2\" content=\"Tempo estimado de leitura\" \/>\n\t<meta name=\"twitter:data2\" content=\"1 minuto\" \/>\n<script type=\"application\/ld+json\" class=\"yoast-schema-graph\">{\"@context\":\"https:\/\/schema.org\",\"@graph\":[{\"@type\":\"Article\",\"@id\":\"https:\/\/brasilnoticias.org\/site\/independentemente-de-vaga-em-chapa-otto-alencar-descarta-deixar-alianca-com-pt-e-avisa-vaidade-capricho-e-arrogancia-no-poder-sao-vespera-do-fracasso\/#article\",\"isPartOf\":{\"@id\":\"https:\/\/brasilnoticias.org\/site\/independentemente-de-vaga-em-chapa-otto-alencar-descarta-deixar-alianca-com-pt-e-avisa-vaidade-capricho-e-arrogancia-no-poder-sao-vespera-do-fracasso\/\"},\"author\":{\"name\":\"Reda\u00e7\u00e3o\",\"@id\":\"https:\/\/brasilnoticias.org\/site\/#\/schema\/person\/03bbbfe6c7634ad18c26444ea39049fa\"},\"headline\":\"Independentemente de vaga em chapa, Otto Alencar descarta deixar alian\u00e7a com PT e avisa: &#8216;Vaidade, capricho e arrog\u00e2ncia no poder s\u00e3o v\u00e9spera do fracasso&#8217;\",\"datePublished\":\"2026-01-07T17:29:42+00:00\",\"mainEntityOfPage\":{\"@id\":\"https:\/\/brasilnoticias.org\/site\/independentemente-de-vaga-em-chapa-otto-alencar-descarta-deixar-alianca-com-pt-e-avisa-vaidade-capricho-e-arrogancia-no-poder-sao-vespera-do-fracasso\/\"},\"wordCount\":1020,\"commentCount\":0,\"publisher\":{\"@id\":\"https:\/\/brasilnoticias.org\/site\/#organization\"},\"image\":{\"@id\":\"https:\/\/brasilnoticias.org\/site\/independentemente-de-vaga-em-chapa-otto-alencar-descarta-deixar-alianca-com-pt-e-avisa-vaidade-capricho-e-arrogancia-no-poder-sao-vespera-do-fracasso\/#primaryimage\"},\"thumbnailUrl\":\"https:\/\/brasilnoticias.org\/site\/wp-content\/uploads\/2026\/01\/WhatsApp-Image-2026-01-07-at-13.11.25.jpeg\",\"articleSection\":[\"Pol\u00edtica\",\"\u00daltimas\"],\"inLanguage\":\"pt-PT\",\"potentialAction\":[{\"@type\":\"CommentAction\",\"name\":\"Comment\",\"target\":[\"https:\/\/brasilnoticias.org\/site\/independentemente-de-vaga-em-chapa-otto-alencar-descarta-deixar-alianca-com-pt-e-avisa-vaidade-capricho-e-arrogancia-no-poder-sao-vespera-do-fracasso\/#respond\"]}]},{\"@type\":\"WebPage\",\"@id\":\"https:\/\/brasilnoticias.org\/site\/independentemente-de-vaga-em-chapa-otto-alencar-descarta-deixar-alianca-com-pt-e-avisa-vaidade-capricho-e-arrogancia-no-poder-sao-vespera-do-fracasso\/\",\"url\":\"https:\/\/brasilnoticias.org\/site\/independentemente-de-vaga-em-chapa-otto-alencar-descarta-deixar-alianca-com-pt-e-avisa-vaidade-capricho-e-arrogancia-no-poder-sao-vespera-do-fracasso\/\",\"name\":\"Independentemente de vaga em chapa, Otto Alencar descarta deixar alian\u00e7a com PT e avisa: 'Vaidade, capricho e arrog\u00e2ncia no poder s\u00e3o v\u00e9spera do fracasso' - Brasil not\u00edcias\",\"isPartOf\":{\"@id\":\"https:\/\/brasilnoticias.org\/site\/#website\"},\"primaryImageOfPage\":{\"@id\":\"https:\/\/brasilnoticias.org\/site\/independentemente-de-vaga-em-chapa-otto-alencar-descarta-deixar-alianca-com-pt-e-avisa-vaidade-capricho-e-arrogancia-no-poder-sao-vespera-do-fracasso\/#primaryimage\"},\"image\":{\"@id\":\"https:\/\/brasilnoticias.org\/site\/independentemente-de-vaga-em-chapa-otto-alencar-descarta-deixar-alianca-com-pt-e-avisa-vaidade-capricho-e-arrogancia-no-poder-sao-vespera-do-fracasso\/#primaryimage\"},\"thumbnailUrl\":\"https:\/\/brasilnoticias.org\/site\/wp-content\/uploads\/2026\/01\/WhatsApp-Image-2026-01-07-at-13.11.25.jpeg\",\"datePublished\":\"2026-01-07T17:29:42+00:00\",\"breadcrumb\":{\"@id\":\"https:\/\/brasilnoticias.org\/site\/independentemente-de-vaga-em-chapa-otto-alencar-descarta-deixar-alianca-com-pt-e-avisa-vaidade-capricho-e-arrogancia-no-poder-sao-vespera-do-fracasso\/#breadcrumb\"},\"inLanguage\":\"pt-PT\",\"potentialAction\":[{\"@type\":\"ReadAction\",\"target\":[\"https:\/\/brasilnoticias.org\/site\/independentemente-de-vaga-em-chapa-otto-alencar-descarta-deixar-alianca-com-pt-e-avisa-vaidade-capricho-e-arrogancia-no-poder-sao-vespera-do-fracasso\/\"]}]},{\"@type\":\"ImageObject\",\"inLanguage\":\"pt-PT\",\"@id\":\"https:\/\/brasilnoticias.org\/site\/independentemente-de-vaga-em-chapa-otto-alencar-descarta-deixar-alianca-com-pt-e-avisa-vaidade-capricho-e-arrogancia-no-poder-sao-vespera-do-fracasso\/#primaryimage\",\"url\":\"https:\/\/brasilnoticias.org\/site\/wp-content\/uploads\/2026\/01\/WhatsApp-Image-2026-01-07-at-13.11.25.jpeg\",\"contentUrl\":\"https:\/\/brasilnoticias.org\/site\/wp-content\/uploads\/2026\/01\/WhatsApp-Image-2026-01-07-at-13.11.25.jpeg\",\"width\":1159,\"height\":652},{\"@type\":\"BreadcrumbList\",\"@id\":\"https:\/\/brasilnoticias.org\/site\/independentemente-de-vaga-em-chapa-otto-alencar-descarta-deixar-alianca-com-pt-e-avisa-vaidade-capricho-e-arrogancia-no-poder-sao-vespera-do-fracasso\/#breadcrumb\",\"itemListElement\":[{\"@type\":\"ListItem\",\"position\":1,\"name\":\"In\u00edcio\",\"item\":\"https:\/\/brasilnoticias.org\/site\/\"},{\"@type\":\"ListItem\",\"position\":2,\"name\":\"Independentemente de vaga em chapa, Otto Alencar descarta deixar alian\u00e7a com PT e avisa: &#8216;Vaidade, capricho e arrog\u00e2ncia no poder s\u00e3o v\u00e9spera do fracasso&#8217;\"}]},{\"@type\":\"WebSite\",\"@id\":\"https:\/\/brasilnoticias.org\/site\/#website\",\"url\":\"https:\/\/brasilnoticias.org\/site\/\",\"name\":\"Brasil not\u00edcias\",\"description\":\"Brasil not\u00edcias\",\"publisher\":{\"@id\":\"https:\/\/brasilnoticias.org\/site\/#organization\"},\"potentialAction\":[{\"@type\":\"SearchAction\",\"target\":{\"@type\":\"EntryPoint\",\"urlTemplate\":\"https:\/\/brasilnoticias.org\/site\/?s={search_term_string}\"},\"query-input\":{\"@type\":\"PropertyValueSpecification\",\"valueRequired\":true,\"valueName\":\"search_term_string\"}}],\"inLanguage\":\"pt-PT\"},{\"@type\":\"Organization\",\"@id\":\"https:\/\/brasilnoticias.org\/site\/#organization\",\"name\":\"Brasil not\u00edcias\",\"url\":\"https:\/\/brasilnoticias.org\/site\/\",\"logo\":{\"@type\":\"ImageObject\",\"inLanguage\":\"pt-PT\",\"@id\":\"https:\/\/brasilnoticias.org\/site\/#\/schema\/logo\/image\/\",\"url\":\"https:\/\/brasilnoticias.org\/site\/wp-content\/uploads\/2022\/05\/cropped-brasilnoticias-mini.jpg\",\"contentUrl\":\"https:\/\/brasilnoticias.org\/site\/wp-content\/uploads\/2022\/05\/cropped-brasilnoticias-mini.jpg\",\"width\":314,\"height\":86,\"caption\":\"Brasil not\u00edcias\"},\"image\":{\"@id\":\"https:\/\/brasilnoticias.org\/site\/#\/schema\/logo\/image\/\"}},{\"@type\":\"Person\",\"@id\":\"https:\/\/brasilnoticias.org\/site\/#\/schema\/person\/03bbbfe6c7634ad18c26444ea39049fa\",\"name\":\"Reda\u00e7\u00e3o\",\"image\":{\"@type\":\"ImageObject\",\"inLanguage\":\"pt-PT\",\"@id\":\"https:\/\/brasilnoticias.org\/site\/#\/schema\/person\/image\/\",\"url\":\"https:\/\/secure.gravatar.com\/avatar\/9ecaf7327a696cb23ad926fedded5f1f04d7049de9e445375d55b48c001a6e42?s=96&d=mm&r=g\",\"contentUrl\":\"https:\/\/secure.gravatar.com\/avatar\/9ecaf7327a696cb23ad926fedded5f1f04d7049de9e445375d55b48c001a6e42?s=96&d=mm&r=g\",\"caption\":\"Reda\u00e7\u00e3o\"},\"url\":\"https:\/\/brasilnoticias.org\/site\/author\/henrique\/\"}]}<\/script>\n<!-- \/ Yoast SEO plugin. -->","yoast_head_json":{"title":"Independentemente de vaga em chapa, Otto Alencar descarta deixar alian\u00e7a com PT e avisa: 'Vaidade, capricho e arrog\u00e2ncia no poder s\u00e3o v\u00e9spera do fracasso' - Brasil not\u00edcias","robots":{"index":"index","follow":"follow","max-snippet":"max-snippet:-1","max-image-preview":"max-image-preview:large","max-video-preview":"max-video-preview:-1"},"canonical":"https:\/\/brasilnoticias.org\/site\/independentemente-de-vaga-em-chapa-otto-alencar-descarta-deixar-alianca-com-pt-e-avisa-vaidade-capricho-e-arrogancia-no-poder-sao-vespera-do-fracasso\/","og_locale":"pt_PT","og_type":"article","og_title":"Independentemente de vaga em chapa, Otto Alencar descarta deixar alian\u00e7a com PT e avisa: 'Vaidade, capricho e arrog\u00e2ncia no poder s\u00e3o v\u00e9spera do fracasso' - Brasil not\u00edcias","og_description":"O senador Otto Alencar (PSD), presidente estadual do partido na Bahia, concedeu uma das entrevistas mais duras e reveladoras dos","og_url":"https:\/\/brasilnoticias.org\/site\/independentemente-de-vaga-em-chapa-otto-alencar-descarta-deixar-alianca-com-pt-e-avisa-vaidade-capricho-e-arrogancia-no-poder-sao-vespera-do-fracasso\/","og_site_name":"Brasil not\u00edcias","article_published_time":"2026-01-07T17:29:42+00:00","og_image":[{"width":1159,"height":652,"url":"https:\/\/brasilnoticias.org\/site\/wp-content\/uploads\/2026\/01\/WhatsApp-Image-2026-01-07-at-13.11.25.jpeg","type":"image\/jpeg"}],"author":"Reda\u00e7\u00e3o","twitter_card":"summary_large_image","twitter_misc":{"Escrito por":"Reda\u00e7\u00e3o","Tempo estimado de leitura":"1 minuto"},"schema":{"@context":"https:\/\/schema.org","@graph":[{"@type":"Article","@id":"https:\/\/brasilnoticias.org\/site\/independentemente-de-vaga-em-chapa-otto-alencar-descarta-deixar-alianca-com-pt-e-avisa-vaidade-capricho-e-arrogancia-no-poder-sao-vespera-do-fracasso\/#article","isPartOf":{"@id":"https:\/\/brasilnoticias.org\/site\/independentemente-de-vaga-em-chapa-otto-alencar-descarta-deixar-alianca-com-pt-e-avisa-vaidade-capricho-e-arrogancia-no-poder-sao-vespera-do-fracasso\/"},"author":{"name":"Reda\u00e7\u00e3o","@id":"https:\/\/brasilnoticias.org\/site\/#\/schema\/person\/03bbbfe6c7634ad18c26444ea39049fa"},"headline":"Independentemente de vaga em chapa, Otto Alencar descarta deixar alian\u00e7a com PT e avisa: &#8216;Vaidade, capricho e arrog\u00e2ncia no poder s\u00e3o v\u00e9spera do fracasso&#8217;","datePublished":"2026-01-07T17:29:42+00:00","mainEntityOfPage":{"@id":"https:\/\/brasilnoticias.org\/site\/independentemente-de-vaga-em-chapa-otto-alencar-descarta-deixar-alianca-com-pt-e-avisa-vaidade-capricho-e-arrogancia-no-poder-sao-vespera-do-fracasso\/"},"wordCount":1020,"commentCount":0,"publisher":{"@id":"https:\/\/brasilnoticias.org\/site\/#organization"},"image":{"@id":"https:\/\/brasilnoticias.org\/site\/independentemente-de-vaga-em-chapa-otto-alencar-descarta-deixar-alianca-com-pt-e-avisa-vaidade-capricho-e-arrogancia-no-poder-sao-vespera-do-fracasso\/#primaryimage"},"thumbnailUrl":"https:\/\/brasilnoticias.org\/site\/wp-content\/uploads\/2026\/01\/WhatsApp-Image-2026-01-07-at-13.11.25.jpeg","articleSection":["Pol\u00edtica","\u00daltimas"],"inLanguage":"pt-PT","potentialAction":[{"@type":"CommentAction","name":"Comment","target":["https:\/\/brasilnoticias.org\/site\/independentemente-de-vaga-em-chapa-otto-alencar-descarta-deixar-alianca-com-pt-e-avisa-vaidade-capricho-e-arrogancia-no-poder-sao-vespera-do-fracasso\/#respond"]}]},{"@type":"WebPage","@id":"https:\/\/brasilnoticias.org\/site\/independentemente-de-vaga-em-chapa-otto-alencar-descarta-deixar-alianca-com-pt-e-avisa-vaidade-capricho-e-arrogancia-no-poder-sao-vespera-do-fracasso\/","url":"https:\/\/brasilnoticias.org\/site\/independentemente-de-vaga-em-chapa-otto-alencar-descarta-deixar-alianca-com-pt-e-avisa-vaidade-capricho-e-arrogancia-no-poder-sao-vespera-do-fracasso\/","name":"Independentemente de vaga em chapa, Otto Alencar descarta deixar alian\u00e7a com PT e avisa: 'Vaidade, capricho e arrog\u00e2ncia no poder s\u00e3o v\u00e9spera do fracasso' - Brasil not\u00edcias","isPartOf":{"@id":"https:\/\/brasilnoticias.org\/site\/#website"},"primaryImageOfPage":{"@id":"https:\/\/brasilnoticias.org\/site\/independentemente-de-vaga-em-chapa-otto-alencar-descarta-deixar-alianca-com-pt-e-avisa-vaidade-capricho-e-arrogancia-no-poder-sao-vespera-do-fracasso\/#primaryimage"},"image":{"@id":"https:\/\/brasilnoticias.org\/site\/independentemente-de-vaga-em-chapa-otto-alencar-descarta-deixar-alianca-com-pt-e-avisa-vaidade-capricho-e-arrogancia-no-poder-sao-vespera-do-fracasso\/#primaryimage"},"thumbnailUrl":"https:\/\/brasilnoticias.org\/site\/wp-content\/uploads\/2026\/01\/WhatsApp-Image-2026-01-07-at-13.11.25.jpeg","datePublished":"2026-01-07T17:29:42+00:00","breadcrumb":{"@id":"https:\/\/brasilnoticias.org\/site\/independentemente-de-vaga-em-chapa-otto-alencar-descarta-deixar-alianca-com-pt-e-avisa-vaidade-capricho-e-arrogancia-no-poder-sao-vespera-do-fracasso\/#breadcrumb"},"inLanguage":"pt-PT","potentialAction":[{"@type":"ReadAction","target":["https:\/\/brasilnoticias.org\/site\/independentemente-de-vaga-em-chapa-otto-alencar-descarta-deixar-alianca-com-pt-e-avisa-vaidade-capricho-e-arrogancia-no-poder-sao-vespera-do-fracasso\/"]}]},{"@type":"ImageObject","inLanguage":"pt-PT","@id":"https:\/\/brasilnoticias.org\/site\/independentemente-de-vaga-em-chapa-otto-alencar-descarta-deixar-alianca-com-pt-e-avisa-vaidade-capricho-e-arrogancia-no-poder-sao-vespera-do-fracasso\/#primaryimage","url":"https:\/\/brasilnoticias.org\/site\/wp-content\/uploads\/2026\/01\/WhatsApp-Image-2026-01-07-at-13.11.25.jpeg","contentUrl":"https:\/\/brasilnoticias.org\/site\/wp-content\/uploads\/2026\/01\/WhatsApp-Image-2026-01-07-at-13.11.25.jpeg","width":1159,"height":652},{"@type":"BreadcrumbList","@id":"https:\/\/brasilnoticias.org\/site\/independentemente-de-vaga-em-chapa-otto-alencar-descarta-deixar-alianca-com-pt-e-avisa-vaidade-capricho-e-arrogancia-no-poder-sao-vespera-do-fracasso\/#breadcrumb","itemListElement":[{"@type":"ListItem","position":1,"name":"In\u00edcio","item":"https:\/\/brasilnoticias.org\/site\/"},{"@type":"ListItem","position":2,"name":"Independentemente de vaga em chapa, Otto Alencar descarta deixar alian\u00e7a com PT e avisa: &#8216;Vaidade, capricho e arrog\u00e2ncia no poder s\u00e3o v\u00e9spera do fracasso&#8217;"}]},{"@type":"WebSite","@id":"https:\/\/brasilnoticias.org\/site\/#website","url":"https:\/\/brasilnoticias.org\/site\/","name":"Brasil not\u00edcias","description":"Brasil not\u00edcias","publisher":{"@id":"https:\/\/brasilnoticias.org\/site\/#organization"},"potentialAction":[{"@type":"SearchAction","target":{"@type":"EntryPoint","urlTemplate":"https:\/\/brasilnoticias.org\/site\/?s={search_term_string}"},"query-input":{"@type":"PropertyValueSpecification","valueRequired":true,"valueName":"search_term_string"}}],"inLanguage":"pt-PT"},{"@type":"Organization","@id":"https:\/\/brasilnoticias.org\/site\/#organization","name":"Brasil not\u00edcias","url":"https:\/\/brasilnoticias.org\/site\/","logo":{"@type":"ImageObject","inLanguage":"pt-PT","@id":"https:\/\/brasilnoticias.org\/site\/#\/schema\/logo\/image\/","url":"https:\/\/brasilnoticias.org\/site\/wp-content\/uploads\/2022\/05\/cropped-brasilnoticias-mini.jpg","contentUrl":"https:\/\/brasilnoticias.org\/site\/wp-content\/uploads\/2022\/05\/cropped-brasilnoticias-mini.jpg","width":314,"height":86,"caption":"Brasil not\u00edcias"},"image":{"@id":"https:\/\/brasilnoticias.org\/site\/#\/schema\/logo\/image\/"}},{"@type":"Person","@id":"https:\/\/brasilnoticias.org\/site\/#\/schema\/person\/03bbbfe6c7634ad18c26444ea39049fa","name":"Reda\u00e7\u00e3o","image":{"@type":"ImageObject","inLanguage":"pt-PT","@id":"https:\/\/brasilnoticias.org\/site\/#\/schema\/person\/image\/","url":"https:\/\/secure.gravatar.com\/avatar\/9ecaf7327a696cb23ad926fedded5f1f04d7049de9e445375d55b48c001a6e42?s=96&d=mm&r=g","contentUrl":"https:\/\/secure.gravatar.com\/avatar\/9ecaf7327a696cb23ad926fedded5f1f04d7049de9e445375d55b48c001a6e42?s=96&d=mm&r=g","caption":"Reda\u00e7\u00e3o"},"url":"https:\/\/brasilnoticias.org\/site\/author\/henrique\/"}]}},"_links":{"self":[{"href":"https:\/\/brasilnoticias.org\/site\/wp-json\/wp\/v2\/posts\/19270","targetHints":{"allow":["GET"]}}],"collection":[{"href":"https:\/\/brasilnoticias.org\/site\/wp-json\/wp\/v2\/posts"}],"about":[{"href":"https:\/\/brasilnoticias.org\/site\/wp-json\/wp\/v2\/types\/post"}],"author":[{"embeddable":true,"href":"https:\/\/brasilnoticias.org\/site\/wp-json\/wp\/v2\/users\/4"}],"replies":[{"embeddable":true,"href":"https:\/\/brasilnoticias.org\/site\/wp-json\/wp\/v2\/comments?post=19270"}],"version-history":[{"count":1,"href":"https:\/\/brasilnoticias.org\/site\/wp-json\/wp\/v2\/posts\/19270\/revisions"}],"predecessor-version":[{"id":19272,"href":"https:\/\/brasilnoticias.org\/site\/wp-json\/wp\/v2\/posts\/19270\/revisions\/19272"}],"wp:featuredmedia":[{"embeddable":true,"href":"https:\/\/brasilnoticias.org\/site\/wp-json\/wp\/v2\/media\/19271"}],"wp:attachment":[{"href":"https:\/\/brasilnoticias.org\/site\/wp-json\/wp\/v2\/media?parent=19270"}],"wp:term":[{"taxonomy":"category","embeddable":true,"href":"https:\/\/brasilnoticias.org\/site\/wp-json\/wp\/v2\/categories?post=19270"},{"taxonomy":"post_tag","embeddable":true,"href":"https:\/\/brasilnoticias.org\/site\/wp-json\/wp\/v2\/tags?post=19270"}],"curies":[{"name":"wp","href":"https:\/\/api.w.org\/{rel}","templated":true}]}}