{"id":19278,"date":"2026-01-08T06:57:23","date_gmt":"2026-01-08T09:57:23","guid":{"rendered":"https:\/\/brasilnoticias.org\/site\/?p=19278"},"modified":"2026-01-08T06:58:10","modified_gmt":"2026-01-08T09:58:10","slug":"19278-2","status":"publish","type":"post","link":"https:\/\/brasilnoticias.org\/site\/19278-2\/","title":{"rendered":"Vacina da dengue do Butantan come\u00e7a a ser aplicada no SUS a partir do dia 17"},"content":{"rendered":"<p>O Sistema \u00danico de Sa\u00fade (SUS) inicia, a partir do dia 17 de janeiro, a aplica\u00e7\u00e3o da vacina contra a dengue desenvolvida pelo Instituto Butantan. A imuniza\u00e7\u00e3o, de dose \u00fanica, ser\u00e1 aplicada inicialmente em tr\u00eas munic\u00edpios: Maranguape (CE) e Nova Lima (MG), a partir do dia 17, e Botucatu (SP), no dia 18.<\/p>\n<p>A estrat\u00e9gia tem como objetivo avaliar os resultados da vacina\u00e7\u00e3o em pelo menos 50% da popula\u00e7\u00e3o dessas cidades. O p\u00fablico-alvo inclui moradores com idade entre 15 e 59 anos. Para essa fase inicial, ser\u00e3o utilizadas parte das primeiras 1,3 milh\u00e3o de doses produzidas pelo Butantan, segundo o Minist\u00e9rio da Sa\u00fade.<\/p>\n<p>Al\u00e9m da popula\u00e7\u00e3o geral, o primeiro lote tamb\u00e9m contemplar\u00e1 profissionais da aten\u00e7\u00e3o prim\u00e1ria que atuam nas Unidades B\u00e1sicas de Sa\u00fade (UBS). Com o aumento da produ\u00e7\u00e3o, viabilizado pela parceria de transfer\u00eancia de tecnologia entre o Instituto Butantan e a empresa chinesa WuXi Vaccines, a vacina\u00e7\u00e3o ser\u00e1 gradualmente ampliada para todo o pa\u00eds.<\/p>\n<p>A previs\u00e3o \u00e9 que a estrat\u00e9gia nacional comece pela popula\u00e7\u00e3o de 59 anos e avance progressivamente at\u00e9 os 15 anos, conforme a disponibilidade de doses. Atualmente, o SUS oferece outra vacina contra a dengue, produzida no Jap\u00e3o, em esquema de duas doses, destinada a adolescentes de 10 a 14 anos.<\/p>\n<p>Efic\u00e1cia comprovada<\/p>\n<p>Estudo divulgado pelo Instituto Butantan e publicado na revista The Lancet Regional Health \u2013 Americas aponta que a vacina \u00e9 eficaz contra diferentes gen\u00f3tipos do v\u00edrus da dengue em circula\u00e7\u00e3o no Brasil. A pesquisa mostrou que, mesmo quando ocorre infec\u00e7\u00e3o ap\u00f3s a vacina\u00e7\u00e3o, a carga viral \u00e9 significativamente menor, o que reduz o risco de quadros graves da doen\u00e7a.<\/p>\n<p>O levantamento analisou amostras de 365 volunt\u00e1rios com dengue sintom\u00e1tica entre 2016 e 2021, em 14 estados brasileiros, comparando vacinados e n\u00e3o vacinados. Os resultados indicaram menor replica\u00e7\u00e3o do v\u00edrus nos imunizados, demonstrando a capacidade da vacina de induzir resposta imune eficiente.<\/p>\n<p>A vacina do Butantan foi aprovada pela Anvisa ap\u00f3s cinco anos de acompanhamento de cerca de 16 mil volunt\u00e1rios. Nos testes cl\u00ednicos, o imunizante apresentou 74,7% de efic\u00e1cia geral e 91,6% de efic\u00e1cia contra casos graves e com sinais de alarme, na faixa et\u00e1ria de 12 a 59 anos.<\/p>\n<p>Foto:  Instituto Butantan\/Divulga\u00e7\u00e3o<br \/>\nFonte: Ag\u00eancia Brasil<\/p>\n","protected":false},"excerpt":{"rendered":"<p>O Sistema \u00danico de Sa\u00fade (SUS) inicia, a partir do dia 17 de janeiro, a aplica\u00e7\u00e3o da vacina contra a<\/p>\n","protected":false},"author":4,"featured_media":19279,"comment_status":"open","ping_status":"open","sticky":false,"template":"","format":"standard","meta":{"colormag_page_container_layout":"default_layout","colormag_page_sidebar_layout":"default_layout","_FSMCFIC_featured_image_caption":"","_FSMCFIC_featured_image_nocaption":"","_FSMCFIC_featured_image_hide":"","footnotes":""},"categories":[6,1],"tags":[],"class_list":["post-19278","post","type-post","status-publish","format-standard","has-post-thumbnail","hentry","category-mundo","category-ultimas"],"yoast_head":"<!-- This site is optimized with the Yoast SEO plugin v27.1.1 - https:\/\/yoast.com\/product\/yoast-seo-wordpress\/ -->\n<title>Vacina da dengue do Butantan come\u00e7a a ser aplicada no SUS a partir do dia 17 - Brasil not\u00edcias<\/title>\n<meta name=\"robots\" content=\"index, follow, max-snippet:-1, max-image-preview:large, max-video-preview:-1\" \/>\n<link rel=\"canonical\" href=\"https:\/\/brasilnoticias.org\/site\/19278-2\/\" \/>\n<meta property=\"og:locale\" content=\"pt_PT\" \/>\n<meta property=\"og:type\" content=\"article\" \/>\n<meta property=\"og:title\" content=\"Vacina da dengue do Butantan come\u00e7a a ser aplicada no SUS a partir do dia 17 - Brasil not\u00edcias\" \/>\n<meta property=\"og:description\" content=\"O Sistema \u00danico de Sa\u00fade (SUS) inicia, a partir do dia 17 de janeiro, a aplica\u00e7\u00e3o da vacina contra a\" \/>\n<meta property=\"og:url\" content=\"https:\/\/brasilnoticias.org\/site\/19278-2\/\" \/>\n<meta property=\"og:site_name\" content=\"Brasil not\u00edcias\" \/>\n<meta property=\"article:published_time\" content=\"2026-01-08T09:57:23+00:00\" \/>\n<meta property=\"article:modified_time\" content=\"2026-01-08T09:58:10+00:00\" \/>\n<meta property=\"og:image\" content=\"https:\/\/brasilnoticias.org\/site\/wp-content\/uploads\/2026\/01\/interna-dengue-aprovada_1.webp\" \/>\n\t<meta property=\"og:image:width\" content=\"1170\" \/>\n\t<meta property=\"og:image:height\" content=\"700\" \/>\n\t<meta property=\"og:image:type\" content=\"image\/webp\" \/>\n<meta name=\"author\" content=\"Reda\u00e7\u00e3o\" \/>\n<meta name=\"twitter:card\" content=\"summary_large_image\" \/>\n<meta name=\"twitter:label1\" content=\"Escrito por\" \/>\n\t<meta name=\"twitter:data1\" content=\"Reda\u00e7\u00e3o\" \/>\n\t<meta name=\"twitter:label2\" content=\"Tempo estimado de leitura\" \/>\n\t<meta name=\"twitter:data2\" content=\"3 minutos\" \/>\n<script type=\"application\/ld+json\" class=\"yoast-schema-graph\">{\"@context\":\"https:\/\/schema.org\",\"@graph\":[{\"@type\":\"Article\",\"@id\":\"https:\/\/brasilnoticias.org\/site\/19278-2\/#article\",\"isPartOf\":{\"@id\":\"https:\/\/brasilnoticias.org\/site\/19278-2\/\"},\"author\":{\"name\":\"Reda\u00e7\u00e3o\",\"@id\":\"https:\/\/brasilnoticias.org\/site\/#\/schema\/person\/03bbbfe6c7634ad18c26444ea39049fa\"},\"headline\":\"Vacina da dengue do Butantan come\u00e7a a ser aplicada no SUS a partir do dia 17\",\"datePublished\":\"2026-01-08T09:57:23+00:00\",\"dateModified\":\"2026-01-08T09:58:10+00:00\",\"mainEntityOfPage\":{\"@id\":\"https:\/\/brasilnoticias.org\/site\/19278-2\/\"},\"wordCount\":405,\"commentCount\":0,\"publisher\":{\"@id\":\"https:\/\/brasilnoticias.org\/site\/#organization\"},\"image\":{\"@id\":\"https:\/\/brasilnoticias.org\/site\/19278-2\/#primaryimage\"},\"thumbnailUrl\":\"https:\/\/brasilnoticias.org\/site\/wp-content\/uploads\/2026\/01\/interna-dengue-aprovada_1.webp\",\"articleSection\":[\"Mundo\",\"\u00daltimas\"],\"inLanguage\":\"pt-PT\",\"potentialAction\":[{\"@type\":\"CommentAction\",\"name\":\"Comment\",\"target\":[\"https:\/\/brasilnoticias.org\/site\/19278-2\/#respond\"]}]},{\"@type\":\"WebPage\",\"@id\":\"https:\/\/brasilnoticias.org\/site\/19278-2\/\",\"url\":\"https:\/\/brasilnoticias.org\/site\/19278-2\/\",\"name\":\"Vacina da dengue do Butantan come\u00e7a a ser aplicada no SUS a partir do dia 17 - Brasil not\u00edcias\",\"isPartOf\":{\"@id\":\"https:\/\/brasilnoticias.org\/site\/#website\"},\"primaryImageOfPage\":{\"@id\":\"https:\/\/brasilnoticias.org\/site\/19278-2\/#primaryimage\"},\"image\":{\"@id\":\"https:\/\/brasilnoticias.org\/site\/19278-2\/#primaryimage\"},\"thumbnailUrl\":\"https:\/\/brasilnoticias.org\/site\/wp-content\/uploads\/2026\/01\/interna-dengue-aprovada_1.webp\",\"datePublished\":\"2026-01-08T09:57:23+00:00\",\"dateModified\":\"2026-01-08T09:58:10+00:00\",\"breadcrumb\":{\"@id\":\"https:\/\/brasilnoticias.org\/site\/19278-2\/#breadcrumb\"},\"inLanguage\":\"pt-PT\",\"potentialAction\":[{\"@type\":\"ReadAction\",\"target\":[\"https:\/\/brasilnoticias.org\/site\/19278-2\/\"]}]},{\"@type\":\"ImageObject\",\"inLanguage\":\"pt-PT\",\"@id\":\"https:\/\/brasilnoticias.org\/site\/19278-2\/#primaryimage\",\"url\":\"https:\/\/brasilnoticias.org\/site\/wp-content\/uploads\/2026\/01\/interna-dengue-aprovada_1.webp\",\"contentUrl\":\"https:\/\/brasilnoticias.org\/site\/wp-content\/uploads\/2026\/01\/interna-dengue-aprovada_1.webp\",\"width\":1170,\"height\":700},{\"@type\":\"BreadcrumbList\",\"@id\":\"https:\/\/brasilnoticias.org\/site\/19278-2\/#breadcrumb\",\"itemListElement\":[{\"@type\":\"ListItem\",\"position\":1,\"name\":\"In\u00edcio\",\"item\":\"https:\/\/brasilnoticias.org\/site\/\"},{\"@type\":\"ListItem\",\"position\":2,\"name\":\"Vacina da dengue do Butantan come\u00e7a a ser aplicada no SUS a partir do dia 17\"}]},{\"@type\":\"WebSite\",\"@id\":\"https:\/\/brasilnoticias.org\/site\/#website\",\"url\":\"https:\/\/brasilnoticias.org\/site\/\",\"name\":\"Brasil not\u00edcias\",\"description\":\"Brasil not\u00edcias\",\"publisher\":{\"@id\":\"https:\/\/brasilnoticias.org\/site\/#organization\"},\"potentialAction\":[{\"@type\":\"SearchAction\",\"target\":{\"@type\":\"EntryPoint\",\"urlTemplate\":\"https:\/\/brasilnoticias.org\/site\/?s={search_term_string}\"},\"query-input\":{\"@type\":\"PropertyValueSpecification\",\"valueRequired\":true,\"valueName\":\"search_term_string\"}}],\"inLanguage\":\"pt-PT\"},{\"@type\":\"Organization\",\"@id\":\"https:\/\/brasilnoticias.org\/site\/#organization\",\"name\":\"Brasil not\u00edcias\",\"url\":\"https:\/\/brasilnoticias.org\/site\/\",\"logo\":{\"@type\":\"ImageObject\",\"inLanguage\":\"pt-PT\",\"@id\":\"https:\/\/brasilnoticias.org\/site\/#\/schema\/logo\/image\/\",\"url\":\"https:\/\/brasilnoticias.org\/site\/wp-content\/uploads\/2022\/05\/cropped-brasilnoticias-mini.jpg\",\"contentUrl\":\"https:\/\/brasilnoticias.org\/site\/wp-content\/uploads\/2022\/05\/cropped-brasilnoticias-mini.jpg\",\"width\":314,\"height\":86,\"caption\":\"Brasil not\u00edcias\"},\"image\":{\"@id\":\"https:\/\/brasilnoticias.org\/site\/#\/schema\/logo\/image\/\"}},{\"@type\":\"Person\",\"@id\":\"https:\/\/brasilnoticias.org\/site\/#\/schema\/person\/03bbbfe6c7634ad18c26444ea39049fa\",\"name\":\"Reda\u00e7\u00e3o\",\"image\":{\"@type\":\"ImageObject\",\"inLanguage\":\"pt-PT\",\"@id\":\"https:\/\/brasilnoticias.org\/site\/#\/schema\/person\/image\/\",\"url\":\"https:\/\/secure.gravatar.com\/avatar\/9ecaf7327a696cb23ad926fedded5f1f04d7049de9e445375d55b48c001a6e42?s=96&d=mm&r=g\",\"contentUrl\":\"https:\/\/secure.gravatar.com\/avatar\/9ecaf7327a696cb23ad926fedded5f1f04d7049de9e445375d55b48c001a6e42?s=96&d=mm&r=g\",\"caption\":\"Reda\u00e7\u00e3o\"},\"url\":\"https:\/\/brasilnoticias.org\/site\/author\/henrique\/\"}]}<\/script>\n<!-- \/ Yoast SEO plugin. -->","yoast_head_json":{"title":"Vacina da dengue do Butantan come\u00e7a a ser aplicada no SUS a partir do dia 17 - Brasil not\u00edcias","robots":{"index":"index","follow":"follow","max-snippet":"max-snippet:-1","max-image-preview":"max-image-preview:large","max-video-preview":"max-video-preview:-1"},"canonical":"https:\/\/brasilnoticias.org\/site\/19278-2\/","og_locale":"pt_PT","og_type":"article","og_title":"Vacina da dengue do Butantan come\u00e7a a ser aplicada no SUS a partir do dia 17 - Brasil not\u00edcias","og_description":"O Sistema \u00danico de Sa\u00fade (SUS) inicia, a partir do dia 17 de janeiro, a aplica\u00e7\u00e3o da vacina contra a","og_url":"https:\/\/brasilnoticias.org\/site\/19278-2\/","og_site_name":"Brasil not\u00edcias","article_published_time":"2026-01-08T09:57:23+00:00","article_modified_time":"2026-01-08T09:58:10+00:00","og_image":[{"width":1170,"height":700,"url":"https:\/\/brasilnoticias.org\/site\/wp-content\/uploads\/2026\/01\/interna-dengue-aprovada_1.webp","type":"image\/webp"}],"author":"Reda\u00e7\u00e3o","twitter_card":"summary_large_image","twitter_misc":{"Escrito por":"Reda\u00e7\u00e3o","Tempo estimado de leitura":"3 minutos"},"schema":{"@context":"https:\/\/schema.org","@graph":[{"@type":"Article","@id":"https:\/\/brasilnoticias.org\/site\/19278-2\/#article","isPartOf":{"@id":"https:\/\/brasilnoticias.org\/site\/19278-2\/"},"author":{"name":"Reda\u00e7\u00e3o","@id":"https:\/\/brasilnoticias.org\/site\/#\/schema\/person\/03bbbfe6c7634ad18c26444ea39049fa"},"headline":"Vacina da dengue do Butantan come\u00e7a a ser aplicada no SUS a partir do dia 17","datePublished":"2026-01-08T09:57:23+00:00","dateModified":"2026-01-08T09:58:10+00:00","mainEntityOfPage":{"@id":"https:\/\/brasilnoticias.org\/site\/19278-2\/"},"wordCount":405,"commentCount":0,"publisher":{"@id":"https:\/\/brasilnoticias.org\/site\/#organization"},"image":{"@id":"https:\/\/brasilnoticias.org\/site\/19278-2\/#primaryimage"},"thumbnailUrl":"https:\/\/brasilnoticias.org\/site\/wp-content\/uploads\/2026\/01\/interna-dengue-aprovada_1.webp","articleSection":["Mundo","\u00daltimas"],"inLanguage":"pt-PT","potentialAction":[{"@type":"CommentAction","name":"Comment","target":["https:\/\/brasilnoticias.org\/site\/19278-2\/#respond"]}]},{"@type":"WebPage","@id":"https:\/\/brasilnoticias.org\/site\/19278-2\/","url":"https:\/\/brasilnoticias.org\/site\/19278-2\/","name":"Vacina da dengue do Butantan come\u00e7a a ser aplicada no SUS a partir do dia 17 - Brasil not\u00edcias","isPartOf":{"@id":"https:\/\/brasilnoticias.org\/site\/#website"},"primaryImageOfPage":{"@id":"https:\/\/brasilnoticias.org\/site\/19278-2\/#primaryimage"},"image":{"@id":"https:\/\/brasilnoticias.org\/site\/19278-2\/#primaryimage"},"thumbnailUrl":"https:\/\/brasilnoticias.org\/site\/wp-content\/uploads\/2026\/01\/interna-dengue-aprovada_1.webp","datePublished":"2026-01-08T09:57:23+00:00","dateModified":"2026-01-08T09:58:10+00:00","breadcrumb":{"@id":"https:\/\/brasilnoticias.org\/site\/19278-2\/#breadcrumb"},"inLanguage":"pt-PT","potentialAction":[{"@type":"ReadAction","target":["https:\/\/brasilnoticias.org\/site\/19278-2\/"]}]},{"@type":"ImageObject","inLanguage":"pt-PT","@id":"https:\/\/brasilnoticias.org\/site\/19278-2\/#primaryimage","url":"https:\/\/brasilnoticias.org\/site\/wp-content\/uploads\/2026\/01\/interna-dengue-aprovada_1.webp","contentUrl":"https:\/\/brasilnoticias.org\/site\/wp-content\/uploads\/2026\/01\/interna-dengue-aprovada_1.webp","width":1170,"height":700},{"@type":"BreadcrumbList","@id":"https:\/\/brasilnoticias.org\/site\/19278-2\/#breadcrumb","itemListElement":[{"@type":"ListItem","position":1,"name":"In\u00edcio","item":"https:\/\/brasilnoticias.org\/site\/"},{"@type":"ListItem","position":2,"name":"Vacina da dengue do Butantan come\u00e7a a ser aplicada no SUS a partir do dia 17"}]},{"@type":"WebSite","@id":"https:\/\/brasilnoticias.org\/site\/#website","url":"https:\/\/brasilnoticias.org\/site\/","name":"Brasil not\u00edcias","description":"Brasil not\u00edcias","publisher":{"@id":"https:\/\/brasilnoticias.org\/site\/#organization"},"potentialAction":[{"@type":"SearchAction","target":{"@type":"EntryPoint","urlTemplate":"https:\/\/brasilnoticias.org\/site\/?s={search_term_string}"},"query-input":{"@type":"PropertyValueSpecification","valueRequired":true,"valueName":"search_term_string"}}],"inLanguage":"pt-PT"},{"@type":"Organization","@id":"https:\/\/brasilnoticias.org\/site\/#organization","name":"Brasil not\u00edcias","url":"https:\/\/brasilnoticias.org\/site\/","logo":{"@type":"ImageObject","inLanguage":"pt-PT","@id":"https:\/\/brasilnoticias.org\/site\/#\/schema\/logo\/image\/","url":"https:\/\/brasilnoticias.org\/site\/wp-content\/uploads\/2022\/05\/cropped-brasilnoticias-mini.jpg","contentUrl":"https:\/\/brasilnoticias.org\/site\/wp-content\/uploads\/2022\/05\/cropped-brasilnoticias-mini.jpg","width":314,"height":86,"caption":"Brasil not\u00edcias"},"image":{"@id":"https:\/\/brasilnoticias.org\/site\/#\/schema\/logo\/image\/"}},{"@type":"Person","@id":"https:\/\/brasilnoticias.org\/site\/#\/schema\/person\/03bbbfe6c7634ad18c26444ea39049fa","name":"Reda\u00e7\u00e3o","image":{"@type":"ImageObject","inLanguage":"pt-PT","@id":"https:\/\/brasilnoticias.org\/site\/#\/schema\/person\/image\/","url":"https:\/\/secure.gravatar.com\/avatar\/9ecaf7327a696cb23ad926fedded5f1f04d7049de9e445375d55b48c001a6e42?s=96&d=mm&r=g","contentUrl":"https:\/\/secure.gravatar.com\/avatar\/9ecaf7327a696cb23ad926fedded5f1f04d7049de9e445375d55b48c001a6e42?s=96&d=mm&r=g","caption":"Reda\u00e7\u00e3o"},"url":"https:\/\/brasilnoticias.org\/site\/author\/henrique\/"}]}},"_links":{"self":[{"href":"https:\/\/brasilnoticias.org\/site\/wp-json\/wp\/v2\/posts\/19278","targetHints":{"allow":["GET"]}}],"collection":[{"href":"https:\/\/brasilnoticias.org\/site\/wp-json\/wp\/v2\/posts"}],"about":[{"href":"https:\/\/brasilnoticias.org\/site\/wp-json\/wp\/v2\/types\/post"}],"author":[{"embeddable":true,"href":"https:\/\/brasilnoticias.org\/site\/wp-json\/wp\/v2\/users\/4"}],"replies":[{"embeddable":true,"href":"https:\/\/brasilnoticias.org\/site\/wp-json\/wp\/v2\/comments?post=19278"}],"version-history":[{"count":2,"href":"https:\/\/brasilnoticias.org\/site\/wp-json\/wp\/v2\/posts\/19278\/revisions"}],"predecessor-version":[{"id":19282,"href":"https:\/\/brasilnoticias.org\/site\/wp-json\/wp\/v2\/posts\/19278\/revisions\/19282"}],"wp:featuredmedia":[{"embeddable":true,"href":"https:\/\/brasilnoticias.org\/site\/wp-json\/wp\/v2\/media\/19279"}],"wp:attachment":[{"href":"https:\/\/brasilnoticias.org\/site\/wp-json\/wp\/v2\/media?parent=19278"}],"wp:term":[{"taxonomy":"category","embeddable":true,"href":"https:\/\/brasilnoticias.org\/site\/wp-json\/wp\/v2\/categories?post=19278"},{"taxonomy":"post_tag","embeddable":true,"href":"https:\/\/brasilnoticias.org\/site\/wp-json\/wp\/v2\/tags?post=19278"}],"curies":[{"name":"wp","href":"https:\/\/api.w.org\/{rel}","templated":true}]}}