{"id":19286,"date":"2026-01-08T07:30:55","date_gmt":"2026-01-08T10:30:55","guid":{"rendered":"https:\/\/brasilnoticias.org\/site\/?p=19286"},"modified":"2026-01-08T07:30:55","modified_gmt":"2026-01-08T10:30:55","slug":"elisangela-araujo-descarta-retorno-a-secretaria-das-mulheres-e-confirma-nova-disputa-a-camara-em-2026","status":"publish","type":"post","link":"https:\/\/brasilnoticias.org\/site\/elisangela-araujo-descarta-retorno-a-secretaria-das-mulheres-e-confirma-nova-disputa-a-camara-em-2026\/","title":{"rendered":"Elis\u00e2ngela Ara\u00fajo descarta retorno \u00e0 Secretaria das Mulheres e confirma nova disputa \u00e0 C\u00e2mara em 2026"},"content":{"rendered":"<p>A deputada federal Elis\u00e2ngela Ara\u00fajo (PT) afirmou que n\u00e3o pretende retornar \u00e0 Secretaria de Pol\u00edticas para as Mulheres da Bahia e que seu foco, neste momento, \u00e9 a disputa por um novo mandato na C\u00e2mara dos Deputados em 2026. A declara\u00e7\u00e3o foi dada em entrevista \u00e0 Metropolitana FM, em meio \u00e0s movimenta\u00e7\u00f5es provocadas pela reforma administrativa prometida pelo governador Jer\u00f4nimo Rodrigues (PT).<\/p>\n<p>Primeira suplente do PT ap\u00f3s a nomea\u00e7\u00e3o de Josias Gomes para o Tribunal de Contas do Estado (TCE), a petista foi direta ao afastar qualquer possibilidade de retorno imediato ao Executivo. \u201cEu n\u00e3o volto para a Secretaria porque realmente vou disputar mais uma elei\u00e7\u00e3o. N\u00e3o posso retroagir depois de uma mulher, principalmente uma mulher que tem a trajet\u00f3ria que eu tenho. \u00c9 muito dif\u00edcil para uma mulher ocupar espa\u00e7os na pol\u00edtica\u201d, afirmou.<\/p>\n<p>A deputada comandou a Secretaria de Pol\u00edticas para as Mulheres entre 24 de julho e 20 de novembro de 2024 e classificou a experi\u00eancia como decisiva para sua forma\u00e7\u00e3o pol\u00edtica. Segundo ela, os projetos seguem em andamento sob a gest\u00e3o da atual titular Neusa Cadore, que tamb\u00e9m deve deixar a pasta para reassumir o mandato na Assembleia Legislativa.<\/p>\n<p>\u201cMinha passagem no governo foi excelente. Foi uma bagagem muito grande. Mas agora \u00e9 um momento de me dedicar a construir uma nova perspectiva pol\u00edtica e eleitoral\u201d, disse.<\/p>\n<p>Rela\u00e7\u00e3o com Jer\u00f4nimo e divis\u00e3o de mandato<\/p>\n<p>Elis\u00e2ngela fez elogios ao governador Jer\u00f4nimo Rodrigues e disse confiar plenamente em sua condu\u00e7\u00e3o pol\u00edtica. A parlamentar afirmou ainda que compreende o seu papel e destacou a rela\u00e7\u00e3o de di\u00e1logo com o deputado federal Afonso Florence, que deve deixar a Casa Civil para retornar \u00e0 C\u00e2mara.<\/p>\n<p>\u201cEu sei o meu papel de suplente. Estar dividindo o mandato com Afonso Florence \u00e9 algo muito importante para mim. Tenho respeito e admira\u00e7\u00e3o pela trajet\u00f3ria dele\u201d, pontuou.<\/p>\n<p>Disputa em Feira e base no Sisal<\/p>\n<p>Ao comentar a concentra\u00e7\u00e3o de candidaturas do PT a deputado federal em Feira de Santana, Elis\u00e2ngela minimizou o impacto da disputa local e refor\u00e7ou que sua base eleitoral \u00e9 mais ampla.<\/p>\n<p>\u201cEu moro em Feira de Santana, mas minha vota\u00e7\u00e3o \u00e9 espalhada pelo estado. O territ\u00f3rio onde tenho maior vota\u00e7\u00e3o \u00e9 o Sisal\u201d, explicou, ao citar munic\u00edpios como Valente, Riach\u00e3o do Jacu\u00edpe, Araci, Concei\u00e7\u00e3o do Coit\u00e9, Serrinha e S\u00e3o Domingos.<\/p>\n<p>Ela afirmou ter tranquilidade para disputar votos em Feira, mesmo com nomes fortes do partido no p\u00e1reo, como Z\u00e9 Neto, a secret\u00e1ria de Sa\u00fade Roberta Santana e o sindicalista Deyvid Bacelar.<\/p>\n<p>\u201cCada um usa suas estrat\u00e9gias. Eu tenho muito respeito por Roberta, Z\u00e9 Neto e por Deyvid. Vamos para a disputa. Estou tranquila e preparada\u201d, afirmou.<\/p>\n<p>Trajet\u00f3ria recente<\/p>\n<p>Nas elei\u00e7\u00f5es de 2022, Elis\u00e2ngela Ara\u00fajo obteve 73.138 votos e ficou como segunda suplente do PT. Assumiu o mandato de deputada federal pela primeira vez em 24 de julho de 2024, em substitui\u00e7\u00e3o a Z\u00e9 Neto e permaneceu na C\u00e2mara at\u00e9 20 de novembro do mesmo ano.<\/p>\n<p>Ela voltou a ocupar uma cadeira na C\u00e2mara no \u00faltimo dia 2 de janeiro de 2026, ap\u00f3s a nomea\u00e7\u00e3o de Josias Gomes para o TCE, e pass \u00e0 condi\u00e7\u00e3o de **primeira suplente do partido**.<\/p>\n<p>Ao projetar os pr\u00f3ximos passos, Elis\u00e2ngela refor\u00e7ou o recorte pol\u00edtico da sua candidatura.<\/p>\n<p>\u201cQuero eleger uma mulher do campo, da agricultura familiar, uma mulher trabalhadora, uma mulher negra no parlamento. Isso \u00e9 o que me move\u201d, concluiu.<\/p>\n<p>Foto: Evil\u00e1sio J\u00fanior<br \/>\nFonte: <a href=\"https:\/\/www.blogdovila.com.br\/noticia\/elisangela-spm\">Blog do Vila<\/a><\/p>\n","protected":false},"excerpt":{"rendered":"<p>A deputada federal Elis\u00e2ngela Ara\u00fajo (PT) afirmou que n\u00e3o pretende retornar \u00e0 Secretaria de Pol\u00edticas para as Mulheres da Bahia<\/p>\n","protected":false},"author":4,"featured_media":19287,"comment_status":"open","ping_status":"open","sticky":false,"template":"","format":"standard","meta":{"colormag_page_container_layout":"default_layout","colormag_page_sidebar_layout":"default_layout","_FSMCFIC_featured_image_caption":"","_FSMCFIC_featured_image_nocaption":"","_FSMCFIC_featured_image_hide":"","footnotes":""},"categories":[5,1],"tags":[],"class_list":["post-19286","post","type-post","status-publish","format-standard","has-post-thumbnail","hentry","category-politica","category-ultimas"],"yoast_head":"<!-- This site is optimized with the Yoast SEO plugin v27.1.1 - https:\/\/yoast.com\/product\/yoast-seo-wordpress\/ -->\n<title>Elis\u00e2ngela Ara\u00fajo descarta retorno \u00e0 Secretaria das Mulheres e confirma nova disputa \u00e0 C\u00e2mara em 2026 - Brasil not\u00edcias<\/title>\n<meta name=\"robots\" content=\"index, follow, max-snippet:-1, max-image-preview:large, max-video-preview:-1\" \/>\n<link rel=\"canonical\" href=\"https:\/\/brasilnoticias.org\/site\/elisangela-araujo-descarta-retorno-a-secretaria-das-mulheres-e-confirma-nova-disputa-a-camara-em-2026\/\" \/>\n<meta property=\"og:locale\" content=\"pt_PT\" \/>\n<meta property=\"og:type\" content=\"article\" \/>\n<meta property=\"og:title\" content=\"Elis\u00e2ngela Ara\u00fajo descarta retorno \u00e0 Secretaria das Mulheres e confirma nova disputa \u00e0 C\u00e2mara em 2026 - Brasil not\u00edcias\" \/>\n<meta property=\"og:description\" content=\"A deputada federal Elis\u00e2ngela Ara\u00fajo (PT) afirmou que n\u00e3o pretende retornar \u00e0 Secretaria de Pol\u00edticas para as Mulheres da Bahia\" \/>\n<meta property=\"og:url\" content=\"https:\/\/brasilnoticias.org\/site\/elisangela-araujo-descarta-retorno-a-secretaria-das-mulheres-e-confirma-nova-disputa-a-camara-em-2026\/\" \/>\n<meta property=\"og:site_name\" content=\"Brasil not\u00edcias\" \/>\n<meta property=\"article:published_time\" content=\"2026-01-08T10:30:55+00:00\" \/>\n<meta property=\"og:image\" content=\"https:\/\/brasilnoticias.org\/site\/wp-content\/uploads\/2026\/01\/WhatsApp-Image-2026-01-07-at-18.32.09.jpeg\" \/>\n\t<meta property=\"og:image:width\" content=\"1280\" \/>\n\t<meta property=\"og:image:height\" content=\"720\" \/>\n\t<meta property=\"og:image:type\" content=\"image\/jpeg\" \/>\n<meta name=\"author\" content=\"Reda\u00e7\u00e3o\" \/>\n<meta name=\"twitter:card\" content=\"summary_large_image\" \/>\n<meta name=\"twitter:label1\" content=\"Escrito por\" \/>\n\t<meta name=\"twitter:data1\" content=\"Reda\u00e7\u00e3o\" \/>\n\t<meta name=\"twitter:label2\" content=\"Tempo estimado de leitura\" \/>\n\t<meta name=\"twitter:data2\" content=\"1 minuto\" \/>\n<script type=\"application\/ld+json\" class=\"yoast-schema-graph\">{\"@context\":\"https:\/\/schema.org\",\"@graph\":[{\"@type\":\"Article\",\"@id\":\"https:\/\/brasilnoticias.org\/site\/elisangela-araujo-descarta-retorno-a-secretaria-das-mulheres-e-confirma-nova-disputa-a-camara-em-2026\/#article\",\"isPartOf\":{\"@id\":\"https:\/\/brasilnoticias.org\/site\/elisangela-araujo-descarta-retorno-a-secretaria-das-mulheres-e-confirma-nova-disputa-a-camara-em-2026\/\"},\"author\":{\"name\":\"Reda\u00e7\u00e3o\",\"@id\":\"https:\/\/brasilnoticias.org\/site\/#\/schema\/person\/03bbbfe6c7634ad18c26444ea39049fa\"},\"headline\":\"Elis\u00e2ngela Ara\u00fajo descarta retorno \u00e0 Secretaria das Mulheres e confirma nova disputa \u00e0 C\u00e2mara em 2026\",\"datePublished\":\"2026-01-08T10:30:55+00:00\",\"mainEntityOfPage\":{\"@id\":\"https:\/\/brasilnoticias.org\/site\/elisangela-araujo-descarta-retorno-a-secretaria-das-mulheres-e-confirma-nova-disputa-a-camara-em-2026\/\"},\"wordCount\":621,\"commentCount\":0,\"publisher\":{\"@id\":\"https:\/\/brasilnoticias.org\/site\/#organization\"},\"image\":{\"@id\":\"https:\/\/brasilnoticias.org\/site\/elisangela-araujo-descarta-retorno-a-secretaria-das-mulheres-e-confirma-nova-disputa-a-camara-em-2026\/#primaryimage\"},\"thumbnailUrl\":\"https:\/\/brasilnoticias.org\/site\/wp-content\/uploads\/2026\/01\/WhatsApp-Image-2026-01-07-at-18.32.09.jpeg\",\"articleSection\":[\"Pol\u00edtica\",\"\u00daltimas\"],\"inLanguage\":\"pt-PT\",\"potentialAction\":[{\"@type\":\"CommentAction\",\"name\":\"Comment\",\"target\":[\"https:\/\/brasilnoticias.org\/site\/elisangela-araujo-descarta-retorno-a-secretaria-das-mulheres-e-confirma-nova-disputa-a-camara-em-2026\/#respond\"]}]},{\"@type\":\"WebPage\",\"@id\":\"https:\/\/brasilnoticias.org\/site\/elisangela-araujo-descarta-retorno-a-secretaria-das-mulheres-e-confirma-nova-disputa-a-camara-em-2026\/\",\"url\":\"https:\/\/brasilnoticias.org\/site\/elisangela-araujo-descarta-retorno-a-secretaria-das-mulheres-e-confirma-nova-disputa-a-camara-em-2026\/\",\"name\":\"Elis\u00e2ngela Ara\u00fajo descarta retorno \u00e0 Secretaria das Mulheres e confirma nova disputa \u00e0 C\u00e2mara em 2026 - Brasil not\u00edcias\",\"isPartOf\":{\"@id\":\"https:\/\/brasilnoticias.org\/site\/#website\"},\"primaryImageOfPage\":{\"@id\":\"https:\/\/brasilnoticias.org\/site\/elisangela-araujo-descarta-retorno-a-secretaria-das-mulheres-e-confirma-nova-disputa-a-camara-em-2026\/#primaryimage\"},\"image\":{\"@id\":\"https:\/\/brasilnoticias.org\/site\/elisangela-araujo-descarta-retorno-a-secretaria-das-mulheres-e-confirma-nova-disputa-a-camara-em-2026\/#primaryimage\"},\"thumbnailUrl\":\"https:\/\/brasilnoticias.org\/site\/wp-content\/uploads\/2026\/01\/WhatsApp-Image-2026-01-07-at-18.32.09.jpeg\",\"datePublished\":\"2026-01-08T10:30:55+00:00\",\"breadcrumb\":{\"@id\":\"https:\/\/brasilnoticias.org\/site\/elisangela-araujo-descarta-retorno-a-secretaria-das-mulheres-e-confirma-nova-disputa-a-camara-em-2026\/#breadcrumb\"},\"inLanguage\":\"pt-PT\",\"potentialAction\":[{\"@type\":\"ReadAction\",\"target\":[\"https:\/\/brasilnoticias.org\/site\/elisangela-araujo-descarta-retorno-a-secretaria-das-mulheres-e-confirma-nova-disputa-a-camara-em-2026\/\"]}]},{\"@type\":\"ImageObject\",\"inLanguage\":\"pt-PT\",\"@id\":\"https:\/\/brasilnoticias.org\/site\/elisangela-araujo-descarta-retorno-a-secretaria-das-mulheres-e-confirma-nova-disputa-a-camara-em-2026\/#primaryimage\",\"url\":\"https:\/\/brasilnoticias.org\/site\/wp-content\/uploads\/2026\/01\/WhatsApp-Image-2026-01-07-at-18.32.09.jpeg\",\"contentUrl\":\"https:\/\/brasilnoticias.org\/site\/wp-content\/uploads\/2026\/01\/WhatsApp-Image-2026-01-07-at-18.32.09.jpeg\",\"width\":1280,\"height\":720},{\"@type\":\"BreadcrumbList\",\"@id\":\"https:\/\/brasilnoticias.org\/site\/elisangela-araujo-descarta-retorno-a-secretaria-das-mulheres-e-confirma-nova-disputa-a-camara-em-2026\/#breadcrumb\",\"itemListElement\":[{\"@type\":\"ListItem\",\"position\":1,\"name\":\"In\u00edcio\",\"item\":\"https:\/\/brasilnoticias.org\/site\/\"},{\"@type\":\"ListItem\",\"position\":2,\"name\":\"Elis\u00e2ngela Ara\u00fajo descarta retorno \u00e0 Secretaria das Mulheres e confirma nova disputa \u00e0 C\u00e2mara em 2026\"}]},{\"@type\":\"WebSite\",\"@id\":\"https:\/\/brasilnoticias.org\/site\/#website\",\"url\":\"https:\/\/brasilnoticias.org\/site\/\",\"name\":\"Brasil not\u00edcias\",\"description\":\"Brasil not\u00edcias\",\"publisher\":{\"@id\":\"https:\/\/brasilnoticias.org\/site\/#organization\"},\"potentialAction\":[{\"@type\":\"SearchAction\",\"target\":{\"@type\":\"EntryPoint\",\"urlTemplate\":\"https:\/\/brasilnoticias.org\/site\/?s={search_term_string}\"},\"query-input\":{\"@type\":\"PropertyValueSpecification\",\"valueRequired\":true,\"valueName\":\"search_term_string\"}}],\"inLanguage\":\"pt-PT\"},{\"@type\":\"Organization\",\"@id\":\"https:\/\/brasilnoticias.org\/site\/#organization\",\"name\":\"Brasil not\u00edcias\",\"url\":\"https:\/\/brasilnoticias.org\/site\/\",\"logo\":{\"@type\":\"ImageObject\",\"inLanguage\":\"pt-PT\",\"@id\":\"https:\/\/brasilnoticias.org\/site\/#\/schema\/logo\/image\/\",\"url\":\"https:\/\/brasilnoticias.org\/site\/wp-content\/uploads\/2022\/05\/cropped-brasilnoticias-mini.jpg\",\"contentUrl\":\"https:\/\/brasilnoticias.org\/site\/wp-content\/uploads\/2022\/05\/cropped-brasilnoticias-mini.jpg\",\"width\":314,\"height\":86,\"caption\":\"Brasil not\u00edcias\"},\"image\":{\"@id\":\"https:\/\/brasilnoticias.org\/site\/#\/schema\/logo\/image\/\"}},{\"@type\":\"Person\",\"@id\":\"https:\/\/brasilnoticias.org\/site\/#\/schema\/person\/03bbbfe6c7634ad18c26444ea39049fa\",\"name\":\"Reda\u00e7\u00e3o\",\"image\":{\"@type\":\"ImageObject\",\"inLanguage\":\"pt-PT\",\"@id\":\"https:\/\/brasilnoticias.org\/site\/#\/schema\/person\/image\/\",\"url\":\"https:\/\/secure.gravatar.com\/avatar\/9ecaf7327a696cb23ad926fedded5f1f04d7049de9e445375d55b48c001a6e42?s=96&d=mm&r=g\",\"contentUrl\":\"https:\/\/secure.gravatar.com\/avatar\/9ecaf7327a696cb23ad926fedded5f1f04d7049de9e445375d55b48c001a6e42?s=96&d=mm&r=g\",\"caption\":\"Reda\u00e7\u00e3o\"},\"url\":\"https:\/\/brasilnoticias.org\/site\/author\/henrique\/\"}]}<\/script>\n<!-- \/ Yoast SEO plugin. -->","yoast_head_json":{"title":"Elis\u00e2ngela Ara\u00fajo descarta retorno \u00e0 Secretaria das Mulheres e confirma nova disputa \u00e0 C\u00e2mara em 2026 - Brasil not\u00edcias","robots":{"index":"index","follow":"follow","max-snippet":"max-snippet:-1","max-image-preview":"max-image-preview:large","max-video-preview":"max-video-preview:-1"},"canonical":"https:\/\/brasilnoticias.org\/site\/elisangela-araujo-descarta-retorno-a-secretaria-das-mulheres-e-confirma-nova-disputa-a-camara-em-2026\/","og_locale":"pt_PT","og_type":"article","og_title":"Elis\u00e2ngela Ara\u00fajo descarta retorno \u00e0 Secretaria das Mulheres e confirma nova disputa \u00e0 C\u00e2mara em 2026 - Brasil not\u00edcias","og_description":"A deputada federal Elis\u00e2ngela Ara\u00fajo (PT) afirmou que n\u00e3o pretende retornar \u00e0 Secretaria de Pol\u00edticas para as Mulheres da Bahia","og_url":"https:\/\/brasilnoticias.org\/site\/elisangela-araujo-descarta-retorno-a-secretaria-das-mulheres-e-confirma-nova-disputa-a-camara-em-2026\/","og_site_name":"Brasil not\u00edcias","article_published_time":"2026-01-08T10:30:55+00:00","og_image":[{"width":1280,"height":720,"url":"https:\/\/brasilnoticias.org\/site\/wp-content\/uploads\/2026\/01\/WhatsApp-Image-2026-01-07-at-18.32.09.jpeg","type":"image\/jpeg"}],"author":"Reda\u00e7\u00e3o","twitter_card":"summary_large_image","twitter_misc":{"Escrito por":"Reda\u00e7\u00e3o","Tempo estimado de leitura":"1 minuto"},"schema":{"@context":"https:\/\/schema.org","@graph":[{"@type":"Article","@id":"https:\/\/brasilnoticias.org\/site\/elisangela-araujo-descarta-retorno-a-secretaria-das-mulheres-e-confirma-nova-disputa-a-camara-em-2026\/#article","isPartOf":{"@id":"https:\/\/brasilnoticias.org\/site\/elisangela-araujo-descarta-retorno-a-secretaria-das-mulheres-e-confirma-nova-disputa-a-camara-em-2026\/"},"author":{"name":"Reda\u00e7\u00e3o","@id":"https:\/\/brasilnoticias.org\/site\/#\/schema\/person\/03bbbfe6c7634ad18c26444ea39049fa"},"headline":"Elis\u00e2ngela Ara\u00fajo descarta retorno \u00e0 Secretaria das Mulheres e confirma nova disputa \u00e0 C\u00e2mara em 2026","datePublished":"2026-01-08T10:30:55+00:00","mainEntityOfPage":{"@id":"https:\/\/brasilnoticias.org\/site\/elisangela-araujo-descarta-retorno-a-secretaria-das-mulheres-e-confirma-nova-disputa-a-camara-em-2026\/"},"wordCount":621,"commentCount":0,"publisher":{"@id":"https:\/\/brasilnoticias.org\/site\/#organization"},"image":{"@id":"https:\/\/brasilnoticias.org\/site\/elisangela-araujo-descarta-retorno-a-secretaria-das-mulheres-e-confirma-nova-disputa-a-camara-em-2026\/#primaryimage"},"thumbnailUrl":"https:\/\/brasilnoticias.org\/site\/wp-content\/uploads\/2026\/01\/WhatsApp-Image-2026-01-07-at-18.32.09.jpeg","articleSection":["Pol\u00edtica","\u00daltimas"],"inLanguage":"pt-PT","potentialAction":[{"@type":"CommentAction","name":"Comment","target":["https:\/\/brasilnoticias.org\/site\/elisangela-araujo-descarta-retorno-a-secretaria-das-mulheres-e-confirma-nova-disputa-a-camara-em-2026\/#respond"]}]},{"@type":"WebPage","@id":"https:\/\/brasilnoticias.org\/site\/elisangela-araujo-descarta-retorno-a-secretaria-das-mulheres-e-confirma-nova-disputa-a-camara-em-2026\/","url":"https:\/\/brasilnoticias.org\/site\/elisangela-araujo-descarta-retorno-a-secretaria-das-mulheres-e-confirma-nova-disputa-a-camara-em-2026\/","name":"Elis\u00e2ngela Ara\u00fajo descarta retorno \u00e0 Secretaria das Mulheres e confirma nova disputa \u00e0 C\u00e2mara em 2026 - Brasil not\u00edcias","isPartOf":{"@id":"https:\/\/brasilnoticias.org\/site\/#website"},"primaryImageOfPage":{"@id":"https:\/\/brasilnoticias.org\/site\/elisangela-araujo-descarta-retorno-a-secretaria-das-mulheres-e-confirma-nova-disputa-a-camara-em-2026\/#primaryimage"},"image":{"@id":"https:\/\/brasilnoticias.org\/site\/elisangela-araujo-descarta-retorno-a-secretaria-das-mulheres-e-confirma-nova-disputa-a-camara-em-2026\/#primaryimage"},"thumbnailUrl":"https:\/\/brasilnoticias.org\/site\/wp-content\/uploads\/2026\/01\/WhatsApp-Image-2026-01-07-at-18.32.09.jpeg","datePublished":"2026-01-08T10:30:55+00:00","breadcrumb":{"@id":"https:\/\/brasilnoticias.org\/site\/elisangela-araujo-descarta-retorno-a-secretaria-das-mulheres-e-confirma-nova-disputa-a-camara-em-2026\/#breadcrumb"},"inLanguage":"pt-PT","potentialAction":[{"@type":"ReadAction","target":["https:\/\/brasilnoticias.org\/site\/elisangela-araujo-descarta-retorno-a-secretaria-das-mulheres-e-confirma-nova-disputa-a-camara-em-2026\/"]}]},{"@type":"ImageObject","inLanguage":"pt-PT","@id":"https:\/\/brasilnoticias.org\/site\/elisangela-araujo-descarta-retorno-a-secretaria-das-mulheres-e-confirma-nova-disputa-a-camara-em-2026\/#primaryimage","url":"https:\/\/brasilnoticias.org\/site\/wp-content\/uploads\/2026\/01\/WhatsApp-Image-2026-01-07-at-18.32.09.jpeg","contentUrl":"https:\/\/brasilnoticias.org\/site\/wp-content\/uploads\/2026\/01\/WhatsApp-Image-2026-01-07-at-18.32.09.jpeg","width":1280,"height":720},{"@type":"BreadcrumbList","@id":"https:\/\/brasilnoticias.org\/site\/elisangela-araujo-descarta-retorno-a-secretaria-das-mulheres-e-confirma-nova-disputa-a-camara-em-2026\/#breadcrumb","itemListElement":[{"@type":"ListItem","position":1,"name":"In\u00edcio","item":"https:\/\/brasilnoticias.org\/site\/"},{"@type":"ListItem","position":2,"name":"Elis\u00e2ngela Ara\u00fajo descarta retorno \u00e0 Secretaria das Mulheres e confirma nova disputa \u00e0 C\u00e2mara em 2026"}]},{"@type":"WebSite","@id":"https:\/\/brasilnoticias.org\/site\/#website","url":"https:\/\/brasilnoticias.org\/site\/","name":"Brasil not\u00edcias","description":"Brasil not\u00edcias","publisher":{"@id":"https:\/\/brasilnoticias.org\/site\/#organization"},"potentialAction":[{"@type":"SearchAction","target":{"@type":"EntryPoint","urlTemplate":"https:\/\/brasilnoticias.org\/site\/?s={search_term_string}"},"query-input":{"@type":"PropertyValueSpecification","valueRequired":true,"valueName":"search_term_string"}}],"inLanguage":"pt-PT"},{"@type":"Organization","@id":"https:\/\/brasilnoticias.org\/site\/#organization","name":"Brasil not\u00edcias","url":"https:\/\/brasilnoticias.org\/site\/","logo":{"@type":"ImageObject","inLanguage":"pt-PT","@id":"https:\/\/brasilnoticias.org\/site\/#\/schema\/logo\/image\/","url":"https:\/\/brasilnoticias.org\/site\/wp-content\/uploads\/2022\/05\/cropped-brasilnoticias-mini.jpg","contentUrl":"https:\/\/brasilnoticias.org\/site\/wp-content\/uploads\/2022\/05\/cropped-brasilnoticias-mini.jpg","width":314,"height":86,"caption":"Brasil not\u00edcias"},"image":{"@id":"https:\/\/brasilnoticias.org\/site\/#\/schema\/logo\/image\/"}},{"@type":"Person","@id":"https:\/\/brasilnoticias.org\/site\/#\/schema\/person\/03bbbfe6c7634ad18c26444ea39049fa","name":"Reda\u00e7\u00e3o","image":{"@type":"ImageObject","inLanguage":"pt-PT","@id":"https:\/\/brasilnoticias.org\/site\/#\/schema\/person\/image\/","url":"https:\/\/secure.gravatar.com\/avatar\/9ecaf7327a696cb23ad926fedded5f1f04d7049de9e445375d55b48c001a6e42?s=96&d=mm&r=g","contentUrl":"https:\/\/secure.gravatar.com\/avatar\/9ecaf7327a696cb23ad926fedded5f1f04d7049de9e445375d55b48c001a6e42?s=96&d=mm&r=g","caption":"Reda\u00e7\u00e3o"},"url":"https:\/\/brasilnoticias.org\/site\/author\/henrique\/"}]}},"_links":{"self":[{"href":"https:\/\/brasilnoticias.org\/site\/wp-json\/wp\/v2\/posts\/19286","targetHints":{"allow":["GET"]}}],"collection":[{"href":"https:\/\/brasilnoticias.org\/site\/wp-json\/wp\/v2\/posts"}],"about":[{"href":"https:\/\/brasilnoticias.org\/site\/wp-json\/wp\/v2\/types\/post"}],"author":[{"embeddable":true,"href":"https:\/\/brasilnoticias.org\/site\/wp-json\/wp\/v2\/users\/4"}],"replies":[{"embeddable":true,"href":"https:\/\/brasilnoticias.org\/site\/wp-json\/wp\/v2\/comments?post=19286"}],"version-history":[{"count":1,"href":"https:\/\/brasilnoticias.org\/site\/wp-json\/wp\/v2\/posts\/19286\/revisions"}],"predecessor-version":[{"id":19288,"href":"https:\/\/brasilnoticias.org\/site\/wp-json\/wp\/v2\/posts\/19286\/revisions\/19288"}],"wp:featuredmedia":[{"embeddable":true,"href":"https:\/\/brasilnoticias.org\/site\/wp-json\/wp\/v2\/media\/19287"}],"wp:attachment":[{"href":"https:\/\/brasilnoticias.org\/site\/wp-json\/wp\/v2\/media?parent=19286"}],"wp:term":[{"taxonomy":"category","embeddable":true,"href":"https:\/\/brasilnoticias.org\/site\/wp-json\/wp\/v2\/categories?post=19286"},{"taxonomy":"post_tag","embeddable":true,"href":"https:\/\/brasilnoticias.org\/site\/wp-json\/wp\/v2\/tags?post=19286"}],"curies":[{"name":"wp","href":"https:\/\/api.w.org\/{rel}","templated":true}]}}