{"id":19296,"date":"2026-01-09T07:59:27","date_gmt":"2026-01-09T10:59:27","guid":{"rendered":"https:\/\/brasilnoticias.org\/site\/?p=19296"},"modified":"2026-01-09T07:59:27","modified_gmt":"2026-01-09T10:59:27","slug":"marcelino-galo-confirma-resolucao-interna-do-pt-por-chapa-com-jeronimo-wagner-e-rui-ao-senado","status":"publish","type":"post","link":"https:\/\/brasilnoticias.org\/site\/marcelino-galo-confirma-resolucao-interna-do-pt-por-chapa-com-jeronimo-wagner-e-rui-ao-senado\/","title":{"rendered":"Marcelino Galo confirma resolu\u00e7\u00e3o interna do PT por chapa com Jer\u00f4nimo, Wagner e Rui ao Senado"},"content":{"rendered":"<p>O l\u00edder do PT na Assembleia Legislativa da Bahia, deputado Marcelino Galo, confirmou haver uma resolu\u00e7\u00e3o interna do Partido dos Trabalhadores que aponta para a forma\u00e7\u00e3o da chamada \u201cchapa dos tr\u00eas governadores\u201d em 2026, com Jer\u00f4nimo Rodrigues candidato \u00e0 reelei\u00e7\u00e3o, Jaques Wagner e Rui Costa na disputa pelas duas vagas ao Senado.<\/p>\n<p>Em entrevista \u00e0 Metropolitana FM 100,7, o petista afirmou que a defini\u00e7\u00e3o n\u00e3o \u00e9 fruto de voluntarismo pol\u00edtico, mas de uma necessidade estrat\u00e9gica nacional, diante da dificuldade enfrentada pelo presidente Lula para governar sem maioria no Congresso, especialmente no Senado.<\/p>\n<p>\u201cO PT j\u00e1 tinha tomado essa posi\u00e7\u00e3o. \u00c9 uma resolu\u00e7\u00e3o interna que a chapa seria essa chapa. N\u00f3s temos que pensar n\u00e3o s\u00f3 no Estado da Bahia, mas no Brasil como um todo\u201d, afirmou.<\/p>\n<p>Segundo o parlamentar, o avan\u00e7o da extrema-direita no Senado e o hist\u00f3rico recente de amea\u00e7as institucionais tornam indispens\u00e1vel a elei\u00e7\u00e3o de senadores alinhados ao projeto do governo federal.<\/p>\n<p>\u201cO Senado \u00e9 fundamental. Veja o que aconteceu no 8 de janeiro e a estrat\u00e9gia da extrema-direita de ocupar o Senado. N\u00f3s precisamos ter maioria para garantir governabilidade e proteger a democracia\u201d, disse.<\/p>\n<p>Resolu\u00e7\u00e3o existe, mas comando \u00e9 de Jer\u00f4nimo<\/p>\n<p>Questionado se a resolu\u00e7\u00e3o interna j\u00e1 torna a chapa definitiva, Galo ponderou que, embora a posi\u00e7\u00e3o do partido esteja consolidada, quem comanda o processo sucess\u00f3rio na Bahia \u00e9 o governador Jer\u00f4nimo Rodrigues.<\/p>\n<p>\u201cO partido se manteve discreto porque quem conduz esse processo \u00e9 o governador. Se ele entender que, estrategicamente, o senador Coronel deve ocupar o Senado, tudo bem. Mas n\u00e3o \u00e9 isso que n\u00f3s achamos como o melhor\u201d, explicou.<\/p>\n<p>O l\u00edder petista refor\u00e7ou que a prefer\u00eancia do PT se baseia em dados concretos, como pesquisas eleitorais e a trajet\u00f3ria pol\u00edtica dos nomes colocados.<\/p>\n<p>\u201cO povo praticamente j\u00e1 definiu nas pesquisas quem s\u00e3o os senadores da Bahia, e n\u00f3s n\u00e3o vamos negar isso\u201d, afirmou, ao defender as candidaturas de Wagner e Rui.<\/p>\n<p>Coronel, vice e di\u00e1logo<\/p>\n<p>Sobre o desconforto do senador Angelo Coronel (PSD) diante da possibilidade de ser deslocado da disputa ao Senado, Marcelino Galo adotou um tom conciliador, mas deixou claro que o partido n\u00e3o pretende recuar da estrat\u00e9gia.<\/p>\n<p>\u201cN\u00f3s n\u00e3o vamos desrespeitar o senador Coronel. \u00c9 preciso muito di\u00e1logo, muita paci\u00eancia. \u00c9 natural que, em um primeiro momento, ele se exalte, mas com conversa a gente chega a um bom termo\u201d, disse.<\/p>\n<p>Para o deputado, uma eventual composi\u00e7\u00e3o com a vice-governadoria ainda pode ser uma alternativa dentro de um projeto vitorioso.<\/p>\n<p>\u201cOcupar uma vice em uma chapa vitoriosa \u00e9 algo muito importante. Tenho certeza de que vamos chegar a um entendimento\u201d, completou.<\/p>\n<p>Uma reuni\u00e3o entre Rui, Coronel e o deputado federal Diego Coronel \u00e9 aguardada para os pr\u00f3ximos dias, para tentar convencer o senador a indicar o filho para ser o vice na composi\u00e7\u00e3o. <\/p>\n<p>Governabilidade e maioria no Senado<\/p>\n<p>Ao ser questionado se haveria influ\u00eancia direta do presidente Lula na constru\u00e7\u00e3o da chapa, Galo respondeu que o que pesa \u00e9 a realidade pol\u00edtica e a experi\u00eancia acumulada pelo PT ao longo dos \u00faltimos governos.<\/p>\n<p>\u201cN\u00e3o \u00e9 dedo de Lula, \u00e9 a necessidade pol\u00edtica. O PT governou pagando um pre\u00e7o muito alto por n\u00e3o ter maioria. N\u00f3s n\u00e3o podemos vacilar\u201d, afirmou.<\/p>\n<p>O deputado lembrou que o partido j\u00e1 abriu m\u00e3o de espa\u00e7os ao longo dos anos para manter alian\u00e7as amplas, mas que o momento exige firmeza.<\/p>\n<p>\u201cO PT foi muito generoso. J\u00e1 teve 14 deputados e hoje tem nove por conta das alian\u00e7as. N\u00e3o existe isso de hegemonia ou sangue puro. O que existe \u00e9 responsabilidade pol\u00edtica\u201d, disse.<\/p>\n<p>Para Marcelino Galo, o objetivo central \u00e9 garantir uma base s\u00f3lida para Lula no Senado e evitar que o governo fique ref\u00e9m de pautas que ameacem a democracia.<\/p>\n<p>\u201cO que eles querem \u00e9 maioria no Senado para tentar impeachment de ministro do Supremo. Isso \u00e9 estrat\u00e9gico. Lula precisa assumir com maioria no Senado\u201d, concluiu.<\/p>\n<p>Primeiro suplente do PT na Assembleia Legislativa da Bahia, o deputado permanecer\u00e1 no mandato at\u00e9 o dia 31 de janeiro, assim como o colega de bancada Radiovaldo Costa, em raz\u00e3o do retorno dos atuais secret\u00e1rios Osni Cardoso (Desenvolvimento Rural) e Neusa Cadore (Pol\u00edticas para as Mulheres), que reassumem as cadeiras na Casa para disputar a reelei\u00e7\u00e3o.<\/p>\n<p>Foto: Evil\u00e1sio J\u00fanior<br \/>\nFonte: <a href=\"https:\/\/www.blogdovila.com.br\/noticia\/galo-trinca\">Blog do Vila<\/a><\/p>\n","protected":false},"excerpt":{"rendered":"<p>O l\u00edder do PT na Assembleia Legislativa da Bahia, deputado Marcelino Galo, confirmou haver uma resolu\u00e7\u00e3o interna do Partido dos<\/p>\n","protected":false},"author":4,"featured_media":19297,"comment_status":"open","ping_status":"open","sticky":false,"template":"","format":"standard","meta":{"colormag_page_container_layout":"default_layout","colormag_page_sidebar_layout":"default_layout","_FSMCFIC_featured_image_caption":"","_FSMCFIC_featured_image_nocaption":"","_FSMCFIC_featured_image_hide":"","footnotes":""},"categories":[5,1],"tags":[],"class_list":["post-19296","post","type-post","status-publish","format-standard","has-post-thumbnail","hentry","category-politica","category-ultimas"],"yoast_head":"<!-- This site is optimized with the Yoast SEO plugin v27.1.1 - https:\/\/yoast.com\/product\/yoast-seo-wordpress\/ -->\n<title>Marcelino Galo confirma resolu\u00e7\u00e3o interna do PT por chapa com Jer\u00f4nimo, Wagner e Rui ao Senado - Brasil not\u00edcias<\/title>\n<meta name=\"robots\" content=\"index, follow, max-snippet:-1, max-image-preview:large, max-video-preview:-1\" \/>\n<link rel=\"canonical\" href=\"https:\/\/brasilnoticias.org\/site\/marcelino-galo-confirma-resolucao-interna-do-pt-por-chapa-com-jeronimo-wagner-e-rui-ao-senado\/\" \/>\n<meta property=\"og:locale\" content=\"pt_PT\" \/>\n<meta property=\"og:type\" content=\"article\" \/>\n<meta property=\"og:title\" content=\"Marcelino Galo confirma resolu\u00e7\u00e3o interna do PT por chapa com Jer\u00f4nimo, Wagner e Rui ao Senado - Brasil not\u00edcias\" \/>\n<meta property=\"og:description\" content=\"O l\u00edder do PT na Assembleia Legislativa da Bahia, deputado Marcelino Galo, confirmou haver uma resolu\u00e7\u00e3o interna do Partido dos\" \/>\n<meta property=\"og:url\" content=\"https:\/\/brasilnoticias.org\/site\/marcelino-galo-confirma-resolucao-interna-do-pt-por-chapa-com-jeronimo-wagner-e-rui-ao-senado\/\" \/>\n<meta property=\"og:site_name\" content=\"Brasil not\u00edcias\" \/>\n<meta property=\"article:published_time\" content=\"2026-01-09T10:59:27+00:00\" \/>\n<meta property=\"og:image\" content=\"https:\/\/brasilnoticias.org\/site\/wp-content\/uploads\/2026\/01\/WhatsApp-Image-2026-01-08-at-14.27.47.jpeg\" \/>\n\t<meta property=\"og:image:width\" content=\"1280\" \/>\n\t<meta property=\"og:image:height\" content=\"720\" \/>\n\t<meta property=\"og:image:type\" content=\"image\/jpeg\" \/>\n<meta name=\"author\" content=\"Reda\u00e7\u00e3o\" \/>\n<meta name=\"twitter:card\" content=\"summary_large_image\" \/>\n<meta name=\"twitter:label1\" content=\"Escrito por\" \/>\n\t<meta name=\"twitter:data1\" content=\"Reda\u00e7\u00e3o\" \/>\n\t<meta name=\"twitter:label2\" content=\"Tempo estimado de leitura\" \/>\n\t<meta name=\"twitter:data2\" content=\"1 minuto\" \/>\n<script type=\"application\/ld+json\" class=\"yoast-schema-graph\">{\"@context\":\"https:\/\/schema.org\",\"@graph\":[{\"@type\":\"Article\",\"@id\":\"https:\/\/brasilnoticias.org\/site\/marcelino-galo-confirma-resolucao-interna-do-pt-por-chapa-com-jeronimo-wagner-e-rui-ao-senado\/#article\",\"isPartOf\":{\"@id\":\"https:\/\/brasilnoticias.org\/site\/marcelino-galo-confirma-resolucao-interna-do-pt-por-chapa-com-jeronimo-wagner-e-rui-ao-senado\/\"},\"author\":{\"name\":\"Reda\u00e7\u00e3o\",\"@id\":\"https:\/\/brasilnoticias.org\/site\/#\/schema\/person\/03bbbfe6c7634ad18c26444ea39049fa\"},\"headline\":\"Marcelino Galo confirma resolu\u00e7\u00e3o interna do PT por chapa com Jer\u00f4nimo, Wagner e Rui ao Senado\",\"datePublished\":\"2026-01-09T10:59:27+00:00\",\"mainEntityOfPage\":{\"@id\":\"https:\/\/brasilnoticias.org\/site\/marcelino-galo-confirma-resolucao-interna-do-pt-por-chapa-com-jeronimo-wagner-e-rui-ao-senado\/\"},\"wordCount\":767,\"commentCount\":0,\"publisher\":{\"@id\":\"https:\/\/brasilnoticias.org\/site\/#organization\"},\"image\":{\"@id\":\"https:\/\/brasilnoticias.org\/site\/marcelino-galo-confirma-resolucao-interna-do-pt-por-chapa-com-jeronimo-wagner-e-rui-ao-senado\/#primaryimage\"},\"thumbnailUrl\":\"https:\/\/brasilnoticias.org\/site\/wp-content\/uploads\/2026\/01\/WhatsApp-Image-2026-01-08-at-14.27.47.jpeg\",\"articleSection\":[\"Pol\u00edtica\",\"\u00daltimas\"],\"inLanguage\":\"pt-PT\",\"potentialAction\":[{\"@type\":\"CommentAction\",\"name\":\"Comment\",\"target\":[\"https:\/\/brasilnoticias.org\/site\/marcelino-galo-confirma-resolucao-interna-do-pt-por-chapa-com-jeronimo-wagner-e-rui-ao-senado\/#respond\"]}]},{\"@type\":\"WebPage\",\"@id\":\"https:\/\/brasilnoticias.org\/site\/marcelino-galo-confirma-resolucao-interna-do-pt-por-chapa-com-jeronimo-wagner-e-rui-ao-senado\/\",\"url\":\"https:\/\/brasilnoticias.org\/site\/marcelino-galo-confirma-resolucao-interna-do-pt-por-chapa-com-jeronimo-wagner-e-rui-ao-senado\/\",\"name\":\"Marcelino Galo confirma resolu\u00e7\u00e3o interna do PT por chapa com Jer\u00f4nimo, Wagner e Rui ao Senado - Brasil not\u00edcias\",\"isPartOf\":{\"@id\":\"https:\/\/brasilnoticias.org\/site\/#website\"},\"primaryImageOfPage\":{\"@id\":\"https:\/\/brasilnoticias.org\/site\/marcelino-galo-confirma-resolucao-interna-do-pt-por-chapa-com-jeronimo-wagner-e-rui-ao-senado\/#primaryimage\"},\"image\":{\"@id\":\"https:\/\/brasilnoticias.org\/site\/marcelino-galo-confirma-resolucao-interna-do-pt-por-chapa-com-jeronimo-wagner-e-rui-ao-senado\/#primaryimage\"},\"thumbnailUrl\":\"https:\/\/brasilnoticias.org\/site\/wp-content\/uploads\/2026\/01\/WhatsApp-Image-2026-01-08-at-14.27.47.jpeg\",\"datePublished\":\"2026-01-09T10:59:27+00:00\",\"breadcrumb\":{\"@id\":\"https:\/\/brasilnoticias.org\/site\/marcelino-galo-confirma-resolucao-interna-do-pt-por-chapa-com-jeronimo-wagner-e-rui-ao-senado\/#breadcrumb\"},\"inLanguage\":\"pt-PT\",\"potentialAction\":[{\"@type\":\"ReadAction\",\"target\":[\"https:\/\/brasilnoticias.org\/site\/marcelino-galo-confirma-resolucao-interna-do-pt-por-chapa-com-jeronimo-wagner-e-rui-ao-senado\/\"]}]},{\"@type\":\"ImageObject\",\"inLanguage\":\"pt-PT\",\"@id\":\"https:\/\/brasilnoticias.org\/site\/marcelino-galo-confirma-resolucao-interna-do-pt-por-chapa-com-jeronimo-wagner-e-rui-ao-senado\/#primaryimage\",\"url\":\"https:\/\/brasilnoticias.org\/site\/wp-content\/uploads\/2026\/01\/WhatsApp-Image-2026-01-08-at-14.27.47.jpeg\",\"contentUrl\":\"https:\/\/brasilnoticias.org\/site\/wp-content\/uploads\/2026\/01\/WhatsApp-Image-2026-01-08-at-14.27.47.jpeg\",\"width\":1280,\"height\":720},{\"@type\":\"BreadcrumbList\",\"@id\":\"https:\/\/brasilnoticias.org\/site\/marcelino-galo-confirma-resolucao-interna-do-pt-por-chapa-com-jeronimo-wagner-e-rui-ao-senado\/#breadcrumb\",\"itemListElement\":[{\"@type\":\"ListItem\",\"position\":1,\"name\":\"In\u00edcio\",\"item\":\"https:\/\/brasilnoticias.org\/site\/\"},{\"@type\":\"ListItem\",\"position\":2,\"name\":\"Marcelino Galo confirma resolu\u00e7\u00e3o interna do PT por chapa com Jer\u00f4nimo, Wagner e Rui ao Senado\"}]},{\"@type\":\"WebSite\",\"@id\":\"https:\/\/brasilnoticias.org\/site\/#website\",\"url\":\"https:\/\/brasilnoticias.org\/site\/\",\"name\":\"Brasil not\u00edcias\",\"description\":\"Brasil not\u00edcias\",\"publisher\":{\"@id\":\"https:\/\/brasilnoticias.org\/site\/#organization\"},\"potentialAction\":[{\"@type\":\"SearchAction\",\"target\":{\"@type\":\"EntryPoint\",\"urlTemplate\":\"https:\/\/brasilnoticias.org\/site\/?s={search_term_string}\"},\"query-input\":{\"@type\":\"PropertyValueSpecification\",\"valueRequired\":true,\"valueName\":\"search_term_string\"}}],\"inLanguage\":\"pt-PT\"},{\"@type\":\"Organization\",\"@id\":\"https:\/\/brasilnoticias.org\/site\/#organization\",\"name\":\"Brasil not\u00edcias\",\"url\":\"https:\/\/brasilnoticias.org\/site\/\",\"logo\":{\"@type\":\"ImageObject\",\"inLanguage\":\"pt-PT\",\"@id\":\"https:\/\/brasilnoticias.org\/site\/#\/schema\/logo\/image\/\",\"url\":\"https:\/\/brasilnoticias.org\/site\/wp-content\/uploads\/2022\/05\/cropped-brasilnoticias-mini.jpg\",\"contentUrl\":\"https:\/\/brasilnoticias.org\/site\/wp-content\/uploads\/2022\/05\/cropped-brasilnoticias-mini.jpg\",\"width\":314,\"height\":86,\"caption\":\"Brasil not\u00edcias\"},\"image\":{\"@id\":\"https:\/\/brasilnoticias.org\/site\/#\/schema\/logo\/image\/\"}},{\"@type\":\"Person\",\"@id\":\"https:\/\/brasilnoticias.org\/site\/#\/schema\/person\/03bbbfe6c7634ad18c26444ea39049fa\",\"name\":\"Reda\u00e7\u00e3o\",\"image\":{\"@type\":\"ImageObject\",\"inLanguage\":\"pt-PT\",\"@id\":\"https:\/\/brasilnoticias.org\/site\/#\/schema\/person\/image\/\",\"url\":\"https:\/\/secure.gravatar.com\/avatar\/9ecaf7327a696cb23ad926fedded5f1f04d7049de9e445375d55b48c001a6e42?s=96&d=mm&r=g\",\"contentUrl\":\"https:\/\/secure.gravatar.com\/avatar\/9ecaf7327a696cb23ad926fedded5f1f04d7049de9e445375d55b48c001a6e42?s=96&d=mm&r=g\",\"caption\":\"Reda\u00e7\u00e3o\"},\"url\":\"https:\/\/brasilnoticias.org\/site\/author\/henrique\/\"}]}<\/script>\n<!-- \/ Yoast SEO plugin. -->","yoast_head_json":{"title":"Marcelino Galo confirma resolu\u00e7\u00e3o interna do PT por chapa com Jer\u00f4nimo, Wagner e Rui ao Senado - Brasil not\u00edcias","robots":{"index":"index","follow":"follow","max-snippet":"max-snippet:-1","max-image-preview":"max-image-preview:large","max-video-preview":"max-video-preview:-1"},"canonical":"https:\/\/brasilnoticias.org\/site\/marcelino-galo-confirma-resolucao-interna-do-pt-por-chapa-com-jeronimo-wagner-e-rui-ao-senado\/","og_locale":"pt_PT","og_type":"article","og_title":"Marcelino Galo confirma resolu\u00e7\u00e3o interna do PT por chapa com Jer\u00f4nimo, Wagner e Rui ao Senado - Brasil not\u00edcias","og_description":"O l\u00edder do PT na Assembleia Legislativa da Bahia, deputado Marcelino Galo, confirmou haver uma resolu\u00e7\u00e3o interna do Partido dos","og_url":"https:\/\/brasilnoticias.org\/site\/marcelino-galo-confirma-resolucao-interna-do-pt-por-chapa-com-jeronimo-wagner-e-rui-ao-senado\/","og_site_name":"Brasil not\u00edcias","article_published_time":"2026-01-09T10:59:27+00:00","og_image":[{"width":1280,"height":720,"url":"https:\/\/brasilnoticias.org\/site\/wp-content\/uploads\/2026\/01\/WhatsApp-Image-2026-01-08-at-14.27.47.jpeg","type":"image\/jpeg"}],"author":"Reda\u00e7\u00e3o","twitter_card":"summary_large_image","twitter_misc":{"Escrito por":"Reda\u00e7\u00e3o","Tempo estimado de leitura":"1 minuto"},"schema":{"@context":"https:\/\/schema.org","@graph":[{"@type":"Article","@id":"https:\/\/brasilnoticias.org\/site\/marcelino-galo-confirma-resolucao-interna-do-pt-por-chapa-com-jeronimo-wagner-e-rui-ao-senado\/#article","isPartOf":{"@id":"https:\/\/brasilnoticias.org\/site\/marcelino-galo-confirma-resolucao-interna-do-pt-por-chapa-com-jeronimo-wagner-e-rui-ao-senado\/"},"author":{"name":"Reda\u00e7\u00e3o","@id":"https:\/\/brasilnoticias.org\/site\/#\/schema\/person\/03bbbfe6c7634ad18c26444ea39049fa"},"headline":"Marcelino Galo confirma resolu\u00e7\u00e3o interna do PT por chapa com Jer\u00f4nimo, Wagner e Rui ao Senado","datePublished":"2026-01-09T10:59:27+00:00","mainEntityOfPage":{"@id":"https:\/\/brasilnoticias.org\/site\/marcelino-galo-confirma-resolucao-interna-do-pt-por-chapa-com-jeronimo-wagner-e-rui-ao-senado\/"},"wordCount":767,"commentCount":0,"publisher":{"@id":"https:\/\/brasilnoticias.org\/site\/#organization"},"image":{"@id":"https:\/\/brasilnoticias.org\/site\/marcelino-galo-confirma-resolucao-interna-do-pt-por-chapa-com-jeronimo-wagner-e-rui-ao-senado\/#primaryimage"},"thumbnailUrl":"https:\/\/brasilnoticias.org\/site\/wp-content\/uploads\/2026\/01\/WhatsApp-Image-2026-01-08-at-14.27.47.jpeg","articleSection":["Pol\u00edtica","\u00daltimas"],"inLanguage":"pt-PT","potentialAction":[{"@type":"CommentAction","name":"Comment","target":["https:\/\/brasilnoticias.org\/site\/marcelino-galo-confirma-resolucao-interna-do-pt-por-chapa-com-jeronimo-wagner-e-rui-ao-senado\/#respond"]}]},{"@type":"WebPage","@id":"https:\/\/brasilnoticias.org\/site\/marcelino-galo-confirma-resolucao-interna-do-pt-por-chapa-com-jeronimo-wagner-e-rui-ao-senado\/","url":"https:\/\/brasilnoticias.org\/site\/marcelino-galo-confirma-resolucao-interna-do-pt-por-chapa-com-jeronimo-wagner-e-rui-ao-senado\/","name":"Marcelino Galo confirma resolu\u00e7\u00e3o interna do PT por chapa com Jer\u00f4nimo, Wagner e Rui ao Senado - Brasil not\u00edcias","isPartOf":{"@id":"https:\/\/brasilnoticias.org\/site\/#website"},"primaryImageOfPage":{"@id":"https:\/\/brasilnoticias.org\/site\/marcelino-galo-confirma-resolucao-interna-do-pt-por-chapa-com-jeronimo-wagner-e-rui-ao-senado\/#primaryimage"},"image":{"@id":"https:\/\/brasilnoticias.org\/site\/marcelino-galo-confirma-resolucao-interna-do-pt-por-chapa-com-jeronimo-wagner-e-rui-ao-senado\/#primaryimage"},"thumbnailUrl":"https:\/\/brasilnoticias.org\/site\/wp-content\/uploads\/2026\/01\/WhatsApp-Image-2026-01-08-at-14.27.47.jpeg","datePublished":"2026-01-09T10:59:27+00:00","breadcrumb":{"@id":"https:\/\/brasilnoticias.org\/site\/marcelino-galo-confirma-resolucao-interna-do-pt-por-chapa-com-jeronimo-wagner-e-rui-ao-senado\/#breadcrumb"},"inLanguage":"pt-PT","potentialAction":[{"@type":"ReadAction","target":["https:\/\/brasilnoticias.org\/site\/marcelino-galo-confirma-resolucao-interna-do-pt-por-chapa-com-jeronimo-wagner-e-rui-ao-senado\/"]}]},{"@type":"ImageObject","inLanguage":"pt-PT","@id":"https:\/\/brasilnoticias.org\/site\/marcelino-galo-confirma-resolucao-interna-do-pt-por-chapa-com-jeronimo-wagner-e-rui-ao-senado\/#primaryimage","url":"https:\/\/brasilnoticias.org\/site\/wp-content\/uploads\/2026\/01\/WhatsApp-Image-2026-01-08-at-14.27.47.jpeg","contentUrl":"https:\/\/brasilnoticias.org\/site\/wp-content\/uploads\/2026\/01\/WhatsApp-Image-2026-01-08-at-14.27.47.jpeg","width":1280,"height":720},{"@type":"BreadcrumbList","@id":"https:\/\/brasilnoticias.org\/site\/marcelino-galo-confirma-resolucao-interna-do-pt-por-chapa-com-jeronimo-wagner-e-rui-ao-senado\/#breadcrumb","itemListElement":[{"@type":"ListItem","position":1,"name":"In\u00edcio","item":"https:\/\/brasilnoticias.org\/site\/"},{"@type":"ListItem","position":2,"name":"Marcelino Galo confirma resolu\u00e7\u00e3o interna do PT por chapa com Jer\u00f4nimo, Wagner e Rui ao Senado"}]},{"@type":"WebSite","@id":"https:\/\/brasilnoticias.org\/site\/#website","url":"https:\/\/brasilnoticias.org\/site\/","name":"Brasil not\u00edcias","description":"Brasil not\u00edcias","publisher":{"@id":"https:\/\/brasilnoticias.org\/site\/#organization"},"potentialAction":[{"@type":"SearchAction","target":{"@type":"EntryPoint","urlTemplate":"https:\/\/brasilnoticias.org\/site\/?s={search_term_string}"},"query-input":{"@type":"PropertyValueSpecification","valueRequired":true,"valueName":"search_term_string"}}],"inLanguage":"pt-PT"},{"@type":"Organization","@id":"https:\/\/brasilnoticias.org\/site\/#organization","name":"Brasil not\u00edcias","url":"https:\/\/brasilnoticias.org\/site\/","logo":{"@type":"ImageObject","inLanguage":"pt-PT","@id":"https:\/\/brasilnoticias.org\/site\/#\/schema\/logo\/image\/","url":"https:\/\/brasilnoticias.org\/site\/wp-content\/uploads\/2022\/05\/cropped-brasilnoticias-mini.jpg","contentUrl":"https:\/\/brasilnoticias.org\/site\/wp-content\/uploads\/2022\/05\/cropped-brasilnoticias-mini.jpg","width":314,"height":86,"caption":"Brasil not\u00edcias"},"image":{"@id":"https:\/\/brasilnoticias.org\/site\/#\/schema\/logo\/image\/"}},{"@type":"Person","@id":"https:\/\/brasilnoticias.org\/site\/#\/schema\/person\/03bbbfe6c7634ad18c26444ea39049fa","name":"Reda\u00e7\u00e3o","image":{"@type":"ImageObject","inLanguage":"pt-PT","@id":"https:\/\/brasilnoticias.org\/site\/#\/schema\/person\/image\/","url":"https:\/\/secure.gravatar.com\/avatar\/9ecaf7327a696cb23ad926fedded5f1f04d7049de9e445375d55b48c001a6e42?s=96&d=mm&r=g","contentUrl":"https:\/\/secure.gravatar.com\/avatar\/9ecaf7327a696cb23ad926fedded5f1f04d7049de9e445375d55b48c001a6e42?s=96&d=mm&r=g","caption":"Reda\u00e7\u00e3o"},"url":"https:\/\/brasilnoticias.org\/site\/author\/henrique\/"}]}},"_links":{"self":[{"href":"https:\/\/brasilnoticias.org\/site\/wp-json\/wp\/v2\/posts\/19296","targetHints":{"allow":["GET"]}}],"collection":[{"href":"https:\/\/brasilnoticias.org\/site\/wp-json\/wp\/v2\/posts"}],"about":[{"href":"https:\/\/brasilnoticias.org\/site\/wp-json\/wp\/v2\/types\/post"}],"author":[{"embeddable":true,"href":"https:\/\/brasilnoticias.org\/site\/wp-json\/wp\/v2\/users\/4"}],"replies":[{"embeddable":true,"href":"https:\/\/brasilnoticias.org\/site\/wp-json\/wp\/v2\/comments?post=19296"}],"version-history":[{"count":1,"href":"https:\/\/brasilnoticias.org\/site\/wp-json\/wp\/v2\/posts\/19296\/revisions"}],"predecessor-version":[{"id":19298,"href":"https:\/\/brasilnoticias.org\/site\/wp-json\/wp\/v2\/posts\/19296\/revisions\/19298"}],"wp:featuredmedia":[{"embeddable":true,"href":"https:\/\/brasilnoticias.org\/site\/wp-json\/wp\/v2\/media\/19297"}],"wp:attachment":[{"href":"https:\/\/brasilnoticias.org\/site\/wp-json\/wp\/v2\/media?parent=19296"}],"wp:term":[{"taxonomy":"category","embeddable":true,"href":"https:\/\/brasilnoticias.org\/site\/wp-json\/wp\/v2\/categories?post=19296"},{"taxonomy":"post_tag","embeddable":true,"href":"https:\/\/brasilnoticias.org\/site\/wp-json\/wp\/v2\/tags?post=19296"}],"curies":[{"name":"wp","href":"https:\/\/api.w.org\/{rel}","templated":true}]}}