{"id":19299,"date":"2026-01-09T08:05:28","date_gmt":"2026-01-09T11:05:28","guid":{"rendered":"https:\/\/brasilnoticias.org\/site\/?p=19299"},"modified":"2026-01-09T08:05:28","modified_gmt":"2026-01-09T11:05:28","slug":"tcu-adia-decisao-sobre-inspecao-no-banco-central-no-caso-banco-master","status":"publish","type":"post","link":"https:\/\/brasilnoticias.org\/site\/tcu-adia-decisao-sobre-inspecao-no-banco-central-no-caso-banco-master\/","title":{"rendered":"TCU adia decis\u00e3o sobre inspe\u00e7\u00e3o no Banco Central no caso Banco Master"},"content":{"rendered":"<p>Plen\u00e1rio deve analisar retomada da fiscaliza\u00e7\u00e3o ap\u00f3s o recesso, em sess\u00e3o marcada para 21 de janeiro<\/p>\n<p>O plen\u00e1rio do Tribunal de Contas da Uni\u00e3o (TCU) deve decidir apenas na primeira sess\u00e3o ap\u00f3s o recesso, em 21 de janeiro, se retoma ou n\u00e3o a inspe\u00e7\u00e3o no Banco Central sobre o processo de liquida\u00e7\u00e3o do Banco Master. A medida havia sido determinada pelo ministro Jhonatan de Jesus, relator do caso, mas foi suspensa na \u00faltima quinta-feira (8), em meio a press\u00f5es pol\u00edticas e institucionais. As informa\u00e7\u00f5es s\u00e3o da CNN.<\/p>\n<p>Segundo o jornal, ao levar a quest\u00e3o ao colegiado, o relator atendeu ao argumento do Banco Central de que uma decis\u00e3o com esse impacto deveria ser deliberada pelo plen\u00e1rio do TCU. Fontes ouvidas pela CNN Brasil relataram que Jhonatan de Jesus teria sido convencido pelos demais ministros a paralisar o andamento do caso at\u00e9 o fim do recesso da Corte.<\/p>\n<p>A inspe\u00e7\u00e3o \u00e9 um instrumento de fiscaliza\u00e7\u00e3o acess\u00f3rio, utilizado para suprir lacunas de informa\u00e7\u00e3o e esclarecer d\u00favidas espec\u00edficas, diferentemente de uma auditoria. No caso, o relator havia solicitado, em 19 de dezembro, os fundamentos t\u00e9cnico-jur\u00eddicos da liquida\u00e7\u00e3o do Banco Master, respondidos pelo BC em 29 de dezembro. Considerando as informa\u00e7\u00f5es insuficientes, Jhonatan autorizou a inspe\u00e7\u00e3o no dia 5, mas recuou tr\u00eas dias depois.<\/p>\n<p>Foto: Divulga\u00e7\u00e3o<br \/>\nPor: Metro1<\/p>\n","protected":false},"excerpt":{"rendered":"<p>Plen\u00e1rio deve analisar retomada da fiscaliza\u00e7\u00e3o ap\u00f3s o recesso, em sess\u00e3o marcada para 21 de janeiro O plen\u00e1rio do Tribunal<\/p>\n","protected":false},"author":4,"featured_media":19300,"comment_status":"open","ping_status":"open","sticky":false,"template":"","format":"standard","meta":{"colormag_page_container_layout":"default_layout","colormag_page_sidebar_layout":"default_layout","_FSMCFIC_featured_image_caption":"","_FSMCFIC_featured_image_nocaption":"","_FSMCFIC_featured_image_hide":"","footnotes":""},"categories":[5,1],"tags":[],"class_list":["post-19299","post","type-post","status-publish","format-standard","has-post-thumbnail","hentry","category-politica","category-ultimas"],"yoast_head":"<!-- This site is optimized with the Yoast SEO plugin v27.1.1 - https:\/\/yoast.com\/product\/yoast-seo-wordpress\/ -->\n<title>TCU adia decis\u00e3o sobre inspe\u00e7\u00e3o no Banco Central no caso Banco Master - Brasil not\u00edcias<\/title>\n<meta name=\"robots\" content=\"index, follow, max-snippet:-1, max-image-preview:large, max-video-preview:-1\" \/>\n<link rel=\"canonical\" href=\"https:\/\/brasilnoticias.org\/site\/tcu-adia-decisao-sobre-inspecao-no-banco-central-no-caso-banco-master\/\" \/>\n<meta property=\"og:locale\" content=\"pt_PT\" \/>\n<meta property=\"og:type\" content=\"article\" \/>\n<meta property=\"og:title\" content=\"TCU adia decis\u00e3o sobre inspe\u00e7\u00e3o no Banco Central no caso Banco Master - Brasil not\u00edcias\" \/>\n<meta property=\"og:description\" content=\"Plen\u00e1rio deve analisar retomada da fiscaliza\u00e7\u00e3o ap\u00f3s o recesso, em sess\u00e3o marcada para 21 de janeiro O plen\u00e1rio do Tribunal\" \/>\n<meta property=\"og:url\" content=\"https:\/\/brasilnoticias.org\/site\/tcu-adia-decisao-sobre-inspecao-no-banco-central-no-caso-banco-master\/\" \/>\n<meta property=\"og:site_name\" content=\"Brasil not\u00edcias\" \/>\n<meta property=\"article:published_time\" content=\"2026-01-09T11:05:28+00:00\" \/>\n<meta property=\"og:image\" content=\"https:\/\/brasilnoticias.org\/site\/wp-content\/uploads\/2026\/01\/176028tcu-adia-decisao-sobre-inspecao-no-banco-central-no-caso-banco-master-3.jpg\" \/>\n\t<meta property=\"og:image:width\" content=\"1600\" \/>\n\t<meta property=\"og:image:height\" content=\"752\" \/>\n\t<meta property=\"og:image:type\" content=\"image\/jpeg\" \/>\n<meta name=\"author\" content=\"Reda\u00e7\u00e3o\" \/>\n<meta name=\"twitter:card\" content=\"summary_large_image\" \/>\n<meta name=\"twitter:label1\" content=\"Escrito por\" \/>\n\t<meta name=\"twitter:data1\" content=\"Reda\u00e7\u00e3o\" \/>\n\t<meta name=\"twitter:label2\" content=\"Tempo estimado de leitura\" \/>\n\t<meta name=\"twitter:data2\" content=\"1 minuto\" \/>\n<script type=\"application\/ld+json\" class=\"yoast-schema-graph\">{\"@context\":\"https:\/\/schema.org\",\"@graph\":[{\"@type\":\"Article\",\"@id\":\"https:\/\/brasilnoticias.org\/site\/tcu-adia-decisao-sobre-inspecao-no-banco-central-no-caso-banco-master\/#article\",\"isPartOf\":{\"@id\":\"https:\/\/brasilnoticias.org\/site\/tcu-adia-decisao-sobre-inspecao-no-banco-central-no-caso-banco-master\/\"},\"author\":{\"name\":\"Reda\u00e7\u00e3o\",\"@id\":\"https:\/\/brasilnoticias.org\/site\/#\/schema\/person\/03bbbfe6c7634ad18c26444ea39049fa\"},\"headline\":\"TCU adia decis\u00e3o sobre inspe\u00e7\u00e3o no Banco Central no caso Banco Master\",\"datePublished\":\"2026-01-09T11:05:28+00:00\",\"mainEntityOfPage\":{\"@id\":\"https:\/\/brasilnoticias.org\/site\/tcu-adia-decisao-sobre-inspecao-no-banco-central-no-caso-banco-master\/\"},\"wordCount\":252,\"commentCount\":0,\"publisher\":{\"@id\":\"https:\/\/brasilnoticias.org\/site\/#organization\"},\"image\":{\"@id\":\"https:\/\/brasilnoticias.org\/site\/tcu-adia-decisao-sobre-inspecao-no-banco-central-no-caso-banco-master\/#primaryimage\"},\"thumbnailUrl\":\"https:\/\/brasilnoticias.org\/site\/wp-content\/uploads\/2026\/01\/176028tcu-adia-decisao-sobre-inspecao-no-banco-central-no-caso-banco-master-3.jpg\",\"articleSection\":[\"Pol\u00edtica\",\"\u00daltimas\"],\"inLanguage\":\"pt-PT\",\"potentialAction\":[{\"@type\":\"CommentAction\",\"name\":\"Comment\",\"target\":[\"https:\/\/brasilnoticias.org\/site\/tcu-adia-decisao-sobre-inspecao-no-banco-central-no-caso-banco-master\/#respond\"]}]},{\"@type\":\"WebPage\",\"@id\":\"https:\/\/brasilnoticias.org\/site\/tcu-adia-decisao-sobre-inspecao-no-banco-central-no-caso-banco-master\/\",\"url\":\"https:\/\/brasilnoticias.org\/site\/tcu-adia-decisao-sobre-inspecao-no-banco-central-no-caso-banco-master\/\",\"name\":\"TCU adia decis\u00e3o sobre inspe\u00e7\u00e3o no Banco Central no caso Banco Master - Brasil not\u00edcias\",\"isPartOf\":{\"@id\":\"https:\/\/brasilnoticias.org\/site\/#website\"},\"primaryImageOfPage\":{\"@id\":\"https:\/\/brasilnoticias.org\/site\/tcu-adia-decisao-sobre-inspecao-no-banco-central-no-caso-banco-master\/#primaryimage\"},\"image\":{\"@id\":\"https:\/\/brasilnoticias.org\/site\/tcu-adia-decisao-sobre-inspecao-no-banco-central-no-caso-banco-master\/#primaryimage\"},\"thumbnailUrl\":\"https:\/\/brasilnoticias.org\/site\/wp-content\/uploads\/2026\/01\/176028tcu-adia-decisao-sobre-inspecao-no-banco-central-no-caso-banco-master-3.jpg\",\"datePublished\":\"2026-01-09T11:05:28+00:00\",\"breadcrumb\":{\"@id\":\"https:\/\/brasilnoticias.org\/site\/tcu-adia-decisao-sobre-inspecao-no-banco-central-no-caso-banco-master\/#breadcrumb\"},\"inLanguage\":\"pt-PT\",\"potentialAction\":[{\"@type\":\"ReadAction\",\"target\":[\"https:\/\/brasilnoticias.org\/site\/tcu-adia-decisao-sobre-inspecao-no-banco-central-no-caso-banco-master\/\"]}]},{\"@type\":\"ImageObject\",\"inLanguage\":\"pt-PT\",\"@id\":\"https:\/\/brasilnoticias.org\/site\/tcu-adia-decisao-sobre-inspecao-no-banco-central-no-caso-banco-master\/#primaryimage\",\"url\":\"https:\/\/brasilnoticias.org\/site\/wp-content\/uploads\/2026\/01\/176028tcu-adia-decisao-sobre-inspecao-no-banco-central-no-caso-banco-master-3.jpg\",\"contentUrl\":\"https:\/\/brasilnoticias.org\/site\/wp-content\/uploads\/2026\/01\/176028tcu-adia-decisao-sobre-inspecao-no-banco-central-no-caso-banco-master-3.jpg\",\"width\":1600,\"height\":752},{\"@type\":\"BreadcrumbList\",\"@id\":\"https:\/\/brasilnoticias.org\/site\/tcu-adia-decisao-sobre-inspecao-no-banco-central-no-caso-banco-master\/#breadcrumb\",\"itemListElement\":[{\"@type\":\"ListItem\",\"position\":1,\"name\":\"In\u00edcio\",\"item\":\"https:\/\/brasilnoticias.org\/site\/\"},{\"@type\":\"ListItem\",\"position\":2,\"name\":\"TCU adia decis\u00e3o sobre inspe\u00e7\u00e3o no Banco Central no caso Banco Master\"}]},{\"@type\":\"WebSite\",\"@id\":\"https:\/\/brasilnoticias.org\/site\/#website\",\"url\":\"https:\/\/brasilnoticias.org\/site\/\",\"name\":\"Brasil not\u00edcias\",\"description\":\"Brasil not\u00edcias\",\"publisher\":{\"@id\":\"https:\/\/brasilnoticias.org\/site\/#organization\"},\"potentialAction\":[{\"@type\":\"SearchAction\",\"target\":{\"@type\":\"EntryPoint\",\"urlTemplate\":\"https:\/\/brasilnoticias.org\/site\/?s={search_term_string}\"},\"query-input\":{\"@type\":\"PropertyValueSpecification\",\"valueRequired\":true,\"valueName\":\"search_term_string\"}}],\"inLanguage\":\"pt-PT\"},{\"@type\":\"Organization\",\"@id\":\"https:\/\/brasilnoticias.org\/site\/#organization\",\"name\":\"Brasil not\u00edcias\",\"url\":\"https:\/\/brasilnoticias.org\/site\/\",\"logo\":{\"@type\":\"ImageObject\",\"inLanguage\":\"pt-PT\",\"@id\":\"https:\/\/brasilnoticias.org\/site\/#\/schema\/logo\/image\/\",\"url\":\"https:\/\/brasilnoticias.org\/site\/wp-content\/uploads\/2022\/05\/cropped-brasilnoticias-mini.jpg\",\"contentUrl\":\"https:\/\/brasilnoticias.org\/site\/wp-content\/uploads\/2022\/05\/cropped-brasilnoticias-mini.jpg\",\"width\":314,\"height\":86,\"caption\":\"Brasil not\u00edcias\"},\"image\":{\"@id\":\"https:\/\/brasilnoticias.org\/site\/#\/schema\/logo\/image\/\"}},{\"@type\":\"Person\",\"@id\":\"https:\/\/brasilnoticias.org\/site\/#\/schema\/person\/03bbbfe6c7634ad18c26444ea39049fa\",\"name\":\"Reda\u00e7\u00e3o\",\"image\":{\"@type\":\"ImageObject\",\"inLanguage\":\"pt-PT\",\"@id\":\"https:\/\/brasilnoticias.org\/site\/#\/schema\/person\/image\/\",\"url\":\"https:\/\/secure.gravatar.com\/avatar\/9ecaf7327a696cb23ad926fedded5f1f04d7049de9e445375d55b48c001a6e42?s=96&d=mm&r=g\",\"contentUrl\":\"https:\/\/secure.gravatar.com\/avatar\/9ecaf7327a696cb23ad926fedded5f1f04d7049de9e445375d55b48c001a6e42?s=96&d=mm&r=g\",\"caption\":\"Reda\u00e7\u00e3o\"},\"url\":\"https:\/\/brasilnoticias.org\/site\/author\/henrique\/\"}]}<\/script>\n<!-- \/ Yoast SEO plugin. -->","yoast_head_json":{"title":"TCU adia decis\u00e3o sobre inspe\u00e7\u00e3o no Banco Central no caso Banco Master - Brasil not\u00edcias","robots":{"index":"index","follow":"follow","max-snippet":"max-snippet:-1","max-image-preview":"max-image-preview:large","max-video-preview":"max-video-preview:-1"},"canonical":"https:\/\/brasilnoticias.org\/site\/tcu-adia-decisao-sobre-inspecao-no-banco-central-no-caso-banco-master\/","og_locale":"pt_PT","og_type":"article","og_title":"TCU adia decis\u00e3o sobre inspe\u00e7\u00e3o no Banco Central no caso Banco Master - Brasil not\u00edcias","og_description":"Plen\u00e1rio deve analisar retomada da fiscaliza\u00e7\u00e3o ap\u00f3s o recesso, em sess\u00e3o marcada para 21 de janeiro O plen\u00e1rio do Tribunal","og_url":"https:\/\/brasilnoticias.org\/site\/tcu-adia-decisao-sobre-inspecao-no-banco-central-no-caso-banco-master\/","og_site_name":"Brasil not\u00edcias","article_published_time":"2026-01-09T11:05:28+00:00","og_image":[{"width":1600,"height":752,"url":"https:\/\/brasilnoticias.org\/site\/wp-content\/uploads\/2026\/01\/176028tcu-adia-decisao-sobre-inspecao-no-banco-central-no-caso-banco-master-3.jpg","type":"image\/jpeg"}],"author":"Reda\u00e7\u00e3o","twitter_card":"summary_large_image","twitter_misc":{"Escrito por":"Reda\u00e7\u00e3o","Tempo estimado de leitura":"1 minuto"},"schema":{"@context":"https:\/\/schema.org","@graph":[{"@type":"Article","@id":"https:\/\/brasilnoticias.org\/site\/tcu-adia-decisao-sobre-inspecao-no-banco-central-no-caso-banco-master\/#article","isPartOf":{"@id":"https:\/\/brasilnoticias.org\/site\/tcu-adia-decisao-sobre-inspecao-no-banco-central-no-caso-banco-master\/"},"author":{"name":"Reda\u00e7\u00e3o","@id":"https:\/\/brasilnoticias.org\/site\/#\/schema\/person\/03bbbfe6c7634ad18c26444ea39049fa"},"headline":"TCU adia decis\u00e3o sobre inspe\u00e7\u00e3o no Banco Central no caso Banco Master","datePublished":"2026-01-09T11:05:28+00:00","mainEntityOfPage":{"@id":"https:\/\/brasilnoticias.org\/site\/tcu-adia-decisao-sobre-inspecao-no-banco-central-no-caso-banco-master\/"},"wordCount":252,"commentCount":0,"publisher":{"@id":"https:\/\/brasilnoticias.org\/site\/#organization"},"image":{"@id":"https:\/\/brasilnoticias.org\/site\/tcu-adia-decisao-sobre-inspecao-no-banco-central-no-caso-banco-master\/#primaryimage"},"thumbnailUrl":"https:\/\/brasilnoticias.org\/site\/wp-content\/uploads\/2026\/01\/176028tcu-adia-decisao-sobre-inspecao-no-banco-central-no-caso-banco-master-3.jpg","articleSection":["Pol\u00edtica","\u00daltimas"],"inLanguage":"pt-PT","potentialAction":[{"@type":"CommentAction","name":"Comment","target":["https:\/\/brasilnoticias.org\/site\/tcu-adia-decisao-sobre-inspecao-no-banco-central-no-caso-banco-master\/#respond"]}]},{"@type":"WebPage","@id":"https:\/\/brasilnoticias.org\/site\/tcu-adia-decisao-sobre-inspecao-no-banco-central-no-caso-banco-master\/","url":"https:\/\/brasilnoticias.org\/site\/tcu-adia-decisao-sobre-inspecao-no-banco-central-no-caso-banco-master\/","name":"TCU adia decis\u00e3o sobre inspe\u00e7\u00e3o no Banco Central no caso Banco Master - Brasil not\u00edcias","isPartOf":{"@id":"https:\/\/brasilnoticias.org\/site\/#website"},"primaryImageOfPage":{"@id":"https:\/\/brasilnoticias.org\/site\/tcu-adia-decisao-sobre-inspecao-no-banco-central-no-caso-banco-master\/#primaryimage"},"image":{"@id":"https:\/\/brasilnoticias.org\/site\/tcu-adia-decisao-sobre-inspecao-no-banco-central-no-caso-banco-master\/#primaryimage"},"thumbnailUrl":"https:\/\/brasilnoticias.org\/site\/wp-content\/uploads\/2026\/01\/176028tcu-adia-decisao-sobre-inspecao-no-banco-central-no-caso-banco-master-3.jpg","datePublished":"2026-01-09T11:05:28+00:00","breadcrumb":{"@id":"https:\/\/brasilnoticias.org\/site\/tcu-adia-decisao-sobre-inspecao-no-banco-central-no-caso-banco-master\/#breadcrumb"},"inLanguage":"pt-PT","potentialAction":[{"@type":"ReadAction","target":["https:\/\/brasilnoticias.org\/site\/tcu-adia-decisao-sobre-inspecao-no-banco-central-no-caso-banco-master\/"]}]},{"@type":"ImageObject","inLanguage":"pt-PT","@id":"https:\/\/brasilnoticias.org\/site\/tcu-adia-decisao-sobre-inspecao-no-banco-central-no-caso-banco-master\/#primaryimage","url":"https:\/\/brasilnoticias.org\/site\/wp-content\/uploads\/2026\/01\/176028tcu-adia-decisao-sobre-inspecao-no-banco-central-no-caso-banco-master-3.jpg","contentUrl":"https:\/\/brasilnoticias.org\/site\/wp-content\/uploads\/2026\/01\/176028tcu-adia-decisao-sobre-inspecao-no-banco-central-no-caso-banco-master-3.jpg","width":1600,"height":752},{"@type":"BreadcrumbList","@id":"https:\/\/brasilnoticias.org\/site\/tcu-adia-decisao-sobre-inspecao-no-banco-central-no-caso-banco-master\/#breadcrumb","itemListElement":[{"@type":"ListItem","position":1,"name":"In\u00edcio","item":"https:\/\/brasilnoticias.org\/site\/"},{"@type":"ListItem","position":2,"name":"TCU adia decis\u00e3o sobre inspe\u00e7\u00e3o no Banco Central no caso Banco Master"}]},{"@type":"WebSite","@id":"https:\/\/brasilnoticias.org\/site\/#website","url":"https:\/\/brasilnoticias.org\/site\/","name":"Brasil not\u00edcias","description":"Brasil not\u00edcias","publisher":{"@id":"https:\/\/brasilnoticias.org\/site\/#organization"},"potentialAction":[{"@type":"SearchAction","target":{"@type":"EntryPoint","urlTemplate":"https:\/\/brasilnoticias.org\/site\/?s={search_term_string}"},"query-input":{"@type":"PropertyValueSpecification","valueRequired":true,"valueName":"search_term_string"}}],"inLanguage":"pt-PT"},{"@type":"Organization","@id":"https:\/\/brasilnoticias.org\/site\/#organization","name":"Brasil not\u00edcias","url":"https:\/\/brasilnoticias.org\/site\/","logo":{"@type":"ImageObject","inLanguage":"pt-PT","@id":"https:\/\/brasilnoticias.org\/site\/#\/schema\/logo\/image\/","url":"https:\/\/brasilnoticias.org\/site\/wp-content\/uploads\/2022\/05\/cropped-brasilnoticias-mini.jpg","contentUrl":"https:\/\/brasilnoticias.org\/site\/wp-content\/uploads\/2022\/05\/cropped-brasilnoticias-mini.jpg","width":314,"height":86,"caption":"Brasil not\u00edcias"},"image":{"@id":"https:\/\/brasilnoticias.org\/site\/#\/schema\/logo\/image\/"}},{"@type":"Person","@id":"https:\/\/brasilnoticias.org\/site\/#\/schema\/person\/03bbbfe6c7634ad18c26444ea39049fa","name":"Reda\u00e7\u00e3o","image":{"@type":"ImageObject","inLanguage":"pt-PT","@id":"https:\/\/brasilnoticias.org\/site\/#\/schema\/person\/image\/","url":"https:\/\/secure.gravatar.com\/avatar\/9ecaf7327a696cb23ad926fedded5f1f04d7049de9e445375d55b48c001a6e42?s=96&d=mm&r=g","contentUrl":"https:\/\/secure.gravatar.com\/avatar\/9ecaf7327a696cb23ad926fedded5f1f04d7049de9e445375d55b48c001a6e42?s=96&d=mm&r=g","caption":"Reda\u00e7\u00e3o"},"url":"https:\/\/brasilnoticias.org\/site\/author\/henrique\/"}]}},"_links":{"self":[{"href":"https:\/\/brasilnoticias.org\/site\/wp-json\/wp\/v2\/posts\/19299","targetHints":{"allow":["GET"]}}],"collection":[{"href":"https:\/\/brasilnoticias.org\/site\/wp-json\/wp\/v2\/posts"}],"about":[{"href":"https:\/\/brasilnoticias.org\/site\/wp-json\/wp\/v2\/types\/post"}],"author":[{"embeddable":true,"href":"https:\/\/brasilnoticias.org\/site\/wp-json\/wp\/v2\/users\/4"}],"replies":[{"embeddable":true,"href":"https:\/\/brasilnoticias.org\/site\/wp-json\/wp\/v2\/comments?post=19299"}],"version-history":[{"count":1,"href":"https:\/\/brasilnoticias.org\/site\/wp-json\/wp\/v2\/posts\/19299\/revisions"}],"predecessor-version":[{"id":19301,"href":"https:\/\/brasilnoticias.org\/site\/wp-json\/wp\/v2\/posts\/19299\/revisions\/19301"}],"wp:featuredmedia":[{"embeddable":true,"href":"https:\/\/brasilnoticias.org\/site\/wp-json\/wp\/v2\/media\/19300"}],"wp:attachment":[{"href":"https:\/\/brasilnoticias.org\/site\/wp-json\/wp\/v2\/media?parent=19299"}],"wp:term":[{"taxonomy":"category","embeddable":true,"href":"https:\/\/brasilnoticias.org\/site\/wp-json\/wp\/v2\/categories?post=19299"},{"taxonomy":"post_tag","embeddable":true,"href":"https:\/\/brasilnoticias.org\/site\/wp-json\/wp\/v2\/tags?post=19299"}],"curies":[{"name":"wp","href":"https:\/\/api.w.org\/{rel}","templated":true}]}}