{"id":1932,"date":"2022-10-16T18:19:18","date_gmt":"2022-10-16T21:19:18","guid":{"rendered":"https:\/\/brasilnoticias.org\/site\/?p=1932"},"modified":"2022-10-16T18:19:18","modified_gmt":"2022-10-16T21:19:18","slug":"grupo-armado-faz-disparos-e-casa-de-pm-da-reserva-ficou-com-marcas-dos-tiros","status":"publish","type":"post","link":"https:\/\/brasilnoticias.org\/site\/grupo-armado-faz-disparos-e-casa-de-pm-da-reserva-ficou-com-marcas-dos-tiros\/","title":{"rendered":"Grupo armado faz disparos e casa de PM da reserva ficou com marcas dos tiros"},"content":{"rendered":"<p>Moradores do bairro de Murssurunga ficaram assustados com disparos de arma de fogo efetuados, na manh\u00e3 deste domingo (16). Os tiros foram dados na Rua Professor Pl\u00ednio Garcez de Sena, em Colinas de Mussurunga. Ningu\u00e9m ficou ferido. De acordo com a Pol\u00edcia Militar, homens armados chegaram na rua atirando e atingiram a casa de um policial militar da reserva remunerada.<\/p>\n<p>O homem, que n\u00e3o teve a identidade revelada, n\u00e3o ficou ferido, embora as marcas dos tiros ficaram nas paredes da casa do policial. A PM n\u00e3o detalhou se o policial da reserva era alvo dos disparos. Equipes da 49\u00aa e da 15\u00aa CIPM, da Opera\u00e7\u00e3o G\u00eameos e da CIPT Rondesp\/Atl\u00e2ntico foram acionadas e estiveram no local. Na rua indicada, os militares mantiveram contato com o referido policial. Rondas foram realizadas na regi\u00e3o, mas nenhum suspeito foi localizado.<\/p>\n<p>Em nota enviada ao BNews, a PM informou que na manh\u00e3 deste domingo (16), guarni\u00e7\u00f5es da 49\u00aa e da 15\u00aa CIPM, da Opera\u00e7\u00e3o G\u00eameos e da CIPT Rondesp\/Atl\u00e2ntico receberam informa\u00e7\u00f5es de que um policial militar da reserva remunerada teria supostamente sido alvejado por um grupo de homens armados na Rua Prof. Pl\u00ednio Garcez de Sena, em Campinas de Mussurunga. No local, os militares mantiveram contato com o referido policial, que n\u00e3o estava ferido. Rondas foram realizadas em toda a regi\u00e3o com o apoio do Graer, por\u00e9m nenhum suspeito foi localizado.<\/p>\n<p>Bnews<br \/>\nFoto Reprodu\u00e7\u00e3o\/TV Bahia<\/p>\n","protected":false},"excerpt":{"rendered":"<p>Moradores do bairro de Murssurunga ficaram assustados com disparos de arma de fogo efetuados, na manh\u00e3 deste domingo (16). Os<\/p>\n","protected":false},"author":1,"featured_media":1933,"comment_status":"open","ping_status":"open","sticky":false,"template":"","format":"standard","meta":{"colormag_page_container_layout":"default_layout","colormag_page_sidebar_layout":"default_layout","_FSMCFIC_featured_image_caption":"","_FSMCFIC_featured_image_nocaption":"","_FSMCFIC_featured_image_hide":"","footnotes":""},"categories":[3,1],"tags":[],"class_list":["post-1932","post","type-post","status-publish","format-standard","has-post-thumbnail","hentry","category-policia","category-ultimas"],"yoast_head":"<!-- This site is optimized with the Yoast SEO plugin v27.1.1 - https:\/\/yoast.com\/product\/yoast-seo-wordpress\/ -->\n<title>Grupo armado faz disparos e casa de PM da reserva ficou com marcas dos tiros - Brasil not\u00edcias<\/title>\n<meta name=\"robots\" content=\"index, follow, max-snippet:-1, max-image-preview:large, max-video-preview:-1\" \/>\n<link rel=\"canonical\" href=\"https:\/\/brasilnoticias.org\/site\/grupo-armado-faz-disparos-e-casa-de-pm-da-reserva-ficou-com-marcas-dos-tiros\/\" \/>\n<meta property=\"og:locale\" content=\"pt_PT\" \/>\n<meta property=\"og:type\" content=\"article\" \/>\n<meta property=\"og:title\" content=\"Grupo armado faz disparos e casa de PM da reserva ficou com marcas dos tiros - Brasil not\u00edcias\" \/>\n<meta property=\"og:description\" content=\"Moradores do bairro de Murssurunga ficaram assustados com disparos de arma de fogo efetuados, na manh\u00e3 deste domingo (16). Os\" \/>\n<meta property=\"og:url\" content=\"https:\/\/brasilnoticias.org\/site\/grupo-armado-faz-disparos-e-casa-de-pm-da-reserva-ficou-com-marcas-dos-tiros\/\" \/>\n<meta property=\"og:site_name\" content=\"Brasil not\u00edcias\" \/>\n<meta property=\"article:published_time\" content=\"2022-10-16T21:19:18+00:00\" \/>\n<meta property=\"og:image\" content=\"https:\/\/brasilnoticias.org\/site\/wp-content\/uploads\/2022\/10\/reproducao_xzoPwJg_widelg.jpg\" \/>\n\t<meta property=\"og:image:width\" content=\"800\" \/>\n\t<meta property=\"og:image:height\" content=\"450\" \/>\n\t<meta property=\"og:image:type\" content=\"image\/jpeg\" \/>\n<meta name=\"author\" content=\"Reda\u00e7\u00e3o\" \/>\n<meta name=\"twitter:card\" content=\"summary_large_image\" \/>\n<meta name=\"twitter:label1\" content=\"Escrito por\" \/>\n\t<meta name=\"twitter:data1\" content=\"Reda\u00e7\u00e3o\" \/>\n\t<meta name=\"twitter:label2\" content=\"Tempo estimado de leitura\" \/>\n\t<meta name=\"twitter:data2\" content=\"1 minuto\" \/>\n<script type=\"application\/ld+json\" class=\"yoast-schema-graph\">{\"@context\":\"https:\/\/schema.org\",\"@graph\":[{\"@type\":\"Article\",\"@id\":\"https:\/\/brasilnoticias.org\/site\/grupo-armado-faz-disparos-e-casa-de-pm-da-reserva-ficou-com-marcas-dos-tiros\/#article\",\"isPartOf\":{\"@id\":\"https:\/\/brasilnoticias.org\/site\/grupo-armado-faz-disparos-e-casa-de-pm-da-reserva-ficou-com-marcas-dos-tiros\/\"},\"author\":{\"name\":\"Reda\u00e7\u00e3o\",\"@id\":\"https:\/\/brasilnoticias.org\/site\/#\/schema\/person\/a0e05b973ec4d15c658d51911e53507b\"},\"headline\":\"Grupo armado faz disparos e casa de PM da reserva ficou com marcas dos tiros\",\"datePublished\":\"2022-10-16T21:19:18+00:00\",\"mainEntityOfPage\":{\"@id\":\"https:\/\/brasilnoticias.org\/site\/grupo-armado-faz-disparos-e-casa-de-pm-da-reserva-ficou-com-marcas-dos-tiros\/\"},\"wordCount\":263,\"commentCount\":0,\"publisher\":{\"@id\":\"https:\/\/brasilnoticias.org\/site\/#organization\"},\"image\":{\"@id\":\"https:\/\/brasilnoticias.org\/site\/grupo-armado-faz-disparos-e-casa-de-pm-da-reserva-ficou-com-marcas-dos-tiros\/#primaryimage\"},\"thumbnailUrl\":\"https:\/\/brasilnoticias.org\/site\/wp-content\/uploads\/2022\/10\/reproducao_xzoPwJg_widelg.jpg\",\"articleSection\":[\"Pol\u00edcia\",\"\u00daltimas\"],\"inLanguage\":\"pt-PT\",\"potentialAction\":[{\"@type\":\"CommentAction\",\"name\":\"Comment\",\"target\":[\"https:\/\/brasilnoticias.org\/site\/grupo-armado-faz-disparos-e-casa-de-pm-da-reserva-ficou-com-marcas-dos-tiros\/#respond\"]}]},{\"@type\":\"WebPage\",\"@id\":\"https:\/\/brasilnoticias.org\/site\/grupo-armado-faz-disparos-e-casa-de-pm-da-reserva-ficou-com-marcas-dos-tiros\/\",\"url\":\"https:\/\/brasilnoticias.org\/site\/grupo-armado-faz-disparos-e-casa-de-pm-da-reserva-ficou-com-marcas-dos-tiros\/\",\"name\":\"Grupo armado faz disparos e casa de PM da reserva ficou com marcas dos tiros - Brasil not\u00edcias\",\"isPartOf\":{\"@id\":\"https:\/\/brasilnoticias.org\/site\/#website\"},\"primaryImageOfPage\":{\"@id\":\"https:\/\/brasilnoticias.org\/site\/grupo-armado-faz-disparos-e-casa-de-pm-da-reserva-ficou-com-marcas-dos-tiros\/#primaryimage\"},\"image\":{\"@id\":\"https:\/\/brasilnoticias.org\/site\/grupo-armado-faz-disparos-e-casa-de-pm-da-reserva-ficou-com-marcas-dos-tiros\/#primaryimage\"},\"thumbnailUrl\":\"https:\/\/brasilnoticias.org\/site\/wp-content\/uploads\/2022\/10\/reproducao_xzoPwJg_widelg.jpg\",\"datePublished\":\"2022-10-16T21:19:18+00:00\",\"breadcrumb\":{\"@id\":\"https:\/\/brasilnoticias.org\/site\/grupo-armado-faz-disparos-e-casa-de-pm-da-reserva-ficou-com-marcas-dos-tiros\/#breadcrumb\"},\"inLanguage\":\"pt-PT\",\"potentialAction\":[{\"@type\":\"ReadAction\",\"target\":[\"https:\/\/brasilnoticias.org\/site\/grupo-armado-faz-disparos-e-casa-de-pm-da-reserva-ficou-com-marcas-dos-tiros\/\"]}]},{\"@type\":\"ImageObject\",\"inLanguage\":\"pt-PT\",\"@id\":\"https:\/\/brasilnoticias.org\/site\/grupo-armado-faz-disparos-e-casa-de-pm-da-reserva-ficou-com-marcas-dos-tiros\/#primaryimage\",\"url\":\"https:\/\/brasilnoticias.org\/site\/wp-content\/uploads\/2022\/10\/reproducao_xzoPwJg_widelg.jpg\",\"contentUrl\":\"https:\/\/brasilnoticias.org\/site\/wp-content\/uploads\/2022\/10\/reproducao_xzoPwJg_widelg.jpg\",\"width\":800,\"height\":450},{\"@type\":\"BreadcrumbList\",\"@id\":\"https:\/\/brasilnoticias.org\/site\/grupo-armado-faz-disparos-e-casa-de-pm-da-reserva-ficou-com-marcas-dos-tiros\/#breadcrumb\",\"itemListElement\":[{\"@type\":\"ListItem\",\"position\":1,\"name\":\"In\u00edcio\",\"item\":\"https:\/\/brasilnoticias.org\/site\/\"},{\"@type\":\"ListItem\",\"position\":2,\"name\":\"Grupo armado faz disparos e casa de PM da reserva ficou com marcas dos tiros\"}]},{\"@type\":\"WebSite\",\"@id\":\"https:\/\/brasilnoticias.org\/site\/#website\",\"url\":\"https:\/\/brasilnoticias.org\/site\/\",\"name\":\"Brasil not\u00edcias\",\"description\":\"Brasil not\u00edcias\",\"publisher\":{\"@id\":\"https:\/\/brasilnoticias.org\/site\/#organization\"},\"potentialAction\":[{\"@type\":\"SearchAction\",\"target\":{\"@type\":\"EntryPoint\",\"urlTemplate\":\"https:\/\/brasilnoticias.org\/site\/?s={search_term_string}\"},\"query-input\":{\"@type\":\"PropertyValueSpecification\",\"valueRequired\":true,\"valueName\":\"search_term_string\"}}],\"inLanguage\":\"pt-PT\"},{\"@type\":\"Organization\",\"@id\":\"https:\/\/brasilnoticias.org\/site\/#organization\",\"name\":\"Brasil not\u00edcias\",\"url\":\"https:\/\/brasilnoticias.org\/site\/\",\"logo\":{\"@type\":\"ImageObject\",\"inLanguage\":\"pt-PT\",\"@id\":\"https:\/\/brasilnoticias.org\/site\/#\/schema\/logo\/image\/\",\"url\":\"https:\/\/brasilnoticias.org\/site\/wp-content\/uploads\/2022\/05\/cropped-brasilnoticias-mini.jpg\",\"contentUrl\":\"https:\/\/brasilnoticias.org\/site\/wp-content\/uploads\/2022\/05\/cropped-brasilnoticias-mini.jpg\",\"width\":314,\"height\":86,\"caption\":\"Brasil not\u00edcias\"},\"image\":{\"@id\":\"https:\/\/brasilnoticias.org\/site\/#\/schema\/logo\/image\/\"}},{\"@type\":\"Person\",\"@id\":\"https:\/\/brasilnoticias.org\/site\/#\/schema\/person\/a0e05b973ec4d15c658d51911e53507b\",\"name\":\"Reda\u00e7\u00e3o\",\"image\":{\"@type\":\"ImageObject\",\"inLanguage\":\"pt-PT\",\"@id\":\"https:\/\/brasilnoticias.org\/site\/#\/schema\/person\/image\/\",\"url\":\"https:\/\/secure.gravatar.com\/avatar\/75d8b050df2de108b08ae78dfb8e374892df24a383c67db9c46a9c604f6aee9c?s=96&d=mm&r=g\",\"contentUrl\":\"https:\/\/secure.gravatar.com\/avatar\/75d8b050df2de108b08ae78dfb8e374892df24a383c67db9c46a9c604f6aee9c?s=96&d=mm&r=g\",\"caption\":\"Reda\u00e7\u00e3o\"},\"sameAs\":[\"https:\/\/brasilnoticias.org\/site\"],\"url\":\"https:\/\/brasilnoticias.org\/site\/author\/fernandozsngmail-com\/\"}]}<\/script>\n<!-- \/ Yoast SEO plugin. -->","yoast_head_json":{"title":"Grupo armado faz disparos e casa de PM da reserva ficou com marcas dos tiros - Brasil not\u00edcias","robots":{"index":"index","follow":"follow","max-snippet":"max-snippet:-1","max-image-preview":"max-image-preview:large","max-video-preview":"max-video-preview:-1"},"canonical":"https:\/\/brasilnoticias.org\/site\/grupo-armado-faz-disparos-e-casa-de-pm-da-reserva-ficou-com-marcas-dos-tiros\/","og_locale":"pt_PT","og_type":"article","og_title":"Grupo armado faz disparos e casa de PM da reserva ficou com marcas dos tiros - Brasil not\u00edcias","og_description":"Moradores do bairro de Murssurunga ficaram assustados com disparos de arma de fogo efetuados, na manh\u00e3 deste domingo (16). Os","og_url":"https:\/\/brasilnoticias.org\/site\/grupo-armado-faz-disparos-e-casa-de-pm-da-reserva-ficou-com-marcas-dos-tiros\/","og_site_name":"Brasil not\u00edcias","article_published_time":"2022-10-16T21:19:18+00:00","og_image":[{"width":800,"height":450,"url":"https:\/\/brasilnoticias.org\/site\/wp-content\/uploads\/2022\/10\/reproducao_xzoPwJg_widelg.jpg","type":"image\/jpeg"}],"author":"Reda\u00e7\u00e3o","twitter_card":"summary_large_image","twitter_misc":{"Escrito por":"Reda\u00e7\u00e3o","Tempo estimado de leitura":"1 minuto"},"schema":{"@context":"https:\/\/schema.org","@graph":[{"@type":"Article","@id":"https:\/\/brasilnoticias.org\/site\/grupo-armado-faz-disparos-e-casa-de-pm-da-reserva-ficou-com-marcas-dos-tiros\/#article","isPartOf":{"@id":"https:\/\/brasilnoticias.org\/site\/grupo-armado-faz-disparos-e-casa-de-pm-da-reserva-ficou-com-marcas-dos-tiros\/"},"author":{"name":"Reda\u00e7\u00e3o","@id":"https:\/\/brasilnoticias.org\/site\/#\/schema\/person\/a0e05b973ec4d15c658d51911e53507b"},"headline":"Grupo armado faz disparos e casa de PM da reserva ficou com marcas dos tiros","datePublished":"2022-10-16T21:19:18+00:00","mainEntityOfPage":{"@id":"https:\/\/brasilnoticias.org\/site\/grupo-armado-faz-disparos-e-casa-de-pm-da-reserva-ficou-com-marcas-dos-tiros\/"},"wordCount":263,"commentCount":0,"publisher":{"@id":"https:\/\/brasilnoticias.org\/site\/#organization"},"image":{"@id":"https:\/\/brasilnoticias.org\/site\/grupo-armado-faz-disparos-e-casa-de-pm-da-reserva-ficou-com-marcas-dos-tiros\/#primaryimage"},"thumbnailUrl":"https:\/\/brasilnoticias.org\/site\/wp-content\/uploads\/2022\/10\/reproducao_xzoPwJg_widelg.jpg","articleSection":["Pol\u00edcia","\u00daltimas"],"inLanguage":"pt-PT","potentialAction":[{"@type":"CommentAction","name":"Comment","target":["https:\/\/brasilnoticias.org\/site\/grupo-armado-faz-disparos-e-casa-de-pm-da-reserva-ficou-com-marcas-dos-tiros\/#respond"]}]},{"@type":"WebPage","@id":"https:\/\/brasilnoticias.org\/site\/grupo-armado-faz-disparos-e-casa-de-pm-da-reserva-ficou-com-marcas-dos-tiros\/","url":"https:\/\/brasilnoticias.org\/site\/grupo-armado-faz-disparos-e-casa-de-pm-da-reserva-ficou-com-marcas-dos-tiros\/","name":"Grupo armado faz disparos e casa de PM da reserva ficou com marcas dos tiros - Brasil not\u00edcias","isPartOf":{"@id":"https:\/\/brasilnoticias.org\/site\/#website"},"primaryImageOfPage":{"@id":"https:\/\/brasilnoticias.org\/site\/grupo-armado-faz-disparos-e-casa-de-pm-da-reserva-ficou-com-marcas-dos-tiros\/#primaryimage"},"image":{"@id":"https:\/\/brasilnoticias.org\/site\/grupo-armado-faz-disparos-e-casa-de-pm-da-reserva-ficou-com-marcas-dos-tiros\/#primaryimage"},"thumbnailUrl":"https:\/\/brasilnoticias.org\/site\/wp-content\/uploads\/2022\/10\/reproducao_xzoPwJg_widelg.jpg","datePublished":"2022-10-16T21:19:18+00:00","breadcrumb":{"@id":"https:\/\/brasilnoticias.org\/site\/grupo-armado-faz-disparos-e-casa-de-pm-da-reserva-ficou-com-marcas-dos-tiros\/#breadcrumb"},"inLanguage":"pt-PT","potentialAction":[{"@type":"ReadAction","target":["https:\/\/brasilnoticias.org\/site\/grupo-armado-faz-disparos-e-casa-de-pm-da-reserva-ficou-com-marcas-dos-tiros\/"]}]},{"@type":"ImageObject","inLanguage":"pt-PT","@id":"https:\/\/brasilnoticias.org\/site\/grupo-armado-faz-disparos-e-casa-de-pm-da-reserva-ficou-com-marcas-dos-tiros\/#primaryimage","url":"https:\/\/brasilnoticias.org\/site\/wp-content\/uploads\/2022\/10\/reproducao_xzoPwJg_widelg.jpg","contentUrl":"https:\/\/brasilnoticias.org\/site\/wp-content\/uploads\/2022\/10\/reproducao_xzoPwJg_widelg.jpg","width":800,"height":450},{"@type":"BreadcrumbList","@id":"https:\/\/brasilnoticias.org\/site\/grupo-armado-faz-disparos-e-casa-de-pm-da-reserva-ficou-com-marcas-dos-tiros\/#breadcrumb","itemListElement":[{"@type":"ListItem","position":1,"name":"In\u00edcio","item":"https:\/\/brasilnoticias.org\/site\/"},{"@type":"ListItem","position":2,"name":"Grupo armado faz disparos e casa de PM da reserva ficou com marcas dos tiros"}]},{"@type":"WebSite","@id":"https:\/\/brasilnoticias.org\/site\/#website","url":"https:\/\/brasilnoticias.org\/site\/","name":"Brasil not\u00edcias","description":"Brasil not\u00edcias","publisher":{"@id":"https:\/\/brasilnoticias.org\/site\/#organization"},"potentialAction":[{"@type":"SearchAction","target":{"@type":"EntryPoint","urlTemplate":"https:\/\/brasilnoticias.org\/site\/?s={search_term_string}"},"query-input":{"@type":"PropertyValueSpecification","valueRequired":true,"valueName":"search_term_string"}}],"inLanguage":"pt-PT"},{"@type":"Organization","@id":"https:\/\/brasilnoticias.org\/site\/#organization","name":"Brasil not\u00edcias","url":"https:\/\/brasilnoticias.org\/site\/","logo":{"@type":"ImageObject","inLanguage":"pt-PT","@id":"https:\/\/brasilnoticias.org\/site\/#\/schema\/logo\/image\/","url":"https:\/\/brasilnoticias.org\/site\/wp-content\/uploads\/2022\/05\/cropped-brasilnoticias-mini.jpg","contentUrl":"https:\/\/brasilnoticias.org\/site\/wp-content\/uploads\/2022\/05\/cropped-brasilnoticias-mini.jpg","width":314,"height":86,"caption":"Brasil not\u00edcias"},"image":{"@id":"https:\/\/brasilnoticias.org\/site\/#\/schema\/logo\/image\/"}},{"@type":"Person","@id":"https:\/\/brasilnoticias.org\/site\/#\/schema\/person\/a0e05b973ec4d15c658d51911e53507b","name":"Reda\u00e7\u00e3o","image":{"@type":"ImageObject","inLanguage":"pt-PT","@id":"https:\/\/brasilnoticias.org\/site\/#\/schema\/person\/image\/","url":"https:\/\/secure.gravatar.com\/avatar\/75d8b050df2de108b08ae78dfb8e374892df24a383c67db9c46a9c604f6aee9c?s=96&d=mm&r=g","contentUrl":"https:\/\/secure.gravatar.com\/avatar\/75d8b050df2de108b08ae78dfb8e374892df24a383c67db9c46a9c604f6aee9c?s=96&d=mm&r=g","caption":"Reda\u00e7\u00e3o"},"sameAs":["https:\/\/brasilnoticias.org\/site"],"url":"https:\/\/brasilnoticias.org\/site\/author\/fernandozsngmail-com\/"}]}},"_links":{"self":[{"href":"https:\/\/brasilnoticias.org\/site\/wp-json\/wp\/v2\/posts\/1932","targetHints":{"allow":["GET"]}}],"collection":[{"href":"https:\/\/brasilnoticias.org\/site\/wp-json\/wp\/v2\/posts"}],"about":[{"href":"https:\/\/brasilnoticias.org\/site\/wp-json\/wp\/v2\/types\/post"}],"author":[{"embeddable":true,"href":"https:\/\/brasilnoticias.org\/site\/wp-json\/wp\/v2\/users\/1"}],"replies":[{"embeddable":true,"href":"https:\/\/brasilnoticias.org\/site\/wp-json\/wp\/v2\/comments?post=1932"}],"version-history":[{"count":1,"href":"https:\/\/brasilnoticias.org\/site\/wp-json\/wp\/v2\/posts\/1932\/revisions"}],"predecessor-version":[{"id":1934,"href":"https:\/\/brasilnoticias.org\/site\/wp-json\/wp\/v2\/posts\/1932\/revisions\/1934"}],"wp:featuredmedia":[{"embeddable":true,"href":"https:\/\/brasilnoticias.org\/site\/wp-json\/wp\/v2\/media\/1933"}],"wp:attachment":[{"href":"https:\/\/brasilnoticias.org\/site\/wp-json\/wp\/v2\/media?parent=1932"}],"wp:term":[{"taxonomy":"category","embeddable":true,"href":"https:\/\/brasilnoticias.org\/site\/wp-json\/wp\/v2\/categories?post=1932"},{"taxonomy":"post_tag","embeddable":true,"href":"https:\/\/brasilnoticias.org\/site\/wp-json\/wp\/v2\/tags?post=1932"}],"curies":[{"name":"wp","href":"https:\/\/api.w.org\/{rel}","templated":true}]}}