{"id":19321,"date":"2026-01-09T19:48:48","date_gmt":"2026-01-09T22:48:48","guid":{"rendered":"https:\/\/brasilnoticias.org\/site\/?p=19321"},"modified":"2026-01-09T19:48:48","modified_gmt":"2026-01-09T22:48:48","slug":"entenda-em-13-pontos-o-acordo-mercosul-ue","status":"publish","type":"post","link":"https:\/\/brasilnoticias.org\/site\/entenda-em-13-pontos-o-acordo-mercosul-ue\/","title":{"rendered":"Entenda em 13 pontos o acordo Mercosul\u2013UE"},"content":{"rendered":"<p>Ap\u00f3s mais de 25 anos de negocia\u00e7\u00f5es, o acordo comercial entre Mercosul e Uni\u00e3o Europeia (UE) foi aprovado nesta sexta-feira (9) pelo Conselho da EU. Com a previs\u00e3o de ser assinado no dia 17 em Assun\u00e7\u00e3o, Paraguai, o tratado estabelece as bases da maior zona de livre com\u00e9rcio do mundo, envolvendo cerca de 700 milh\u00f5es de pessoas.<\/p>\n<p>Embora celebrado por governos e setores industriais, o acordo ainda enfrenta resist\u00eancia de agricultores europeus e ambientalistas, que criticam poss\u00edveis impactos sobre o clima e a concorr\u00eancia agr\u00edcola. A implementa\u00e7\u00e3o ser\u00e1 gradual e os efeitos pr\u00e1ticos devem ser sentidos ao longo de v\u00e1rios anos.<\/p>\n<p>Ap\u00f3s a assinatura formal, o acordo ainda precisar\u00e1 ser aprovado pelo Parlamento Europeu. Partes que extrapolam a pol\u00edtica comercial, como acordos t\u00e9cnicos, exigir\u00e3o ratifica\u00e7\u00e3o nos parlamentos nacionais da UE, o que pode alongar o cronograma e abrir espa\u00e7o para disputas.<\/p>\n<p>Confira os principais pontos do acordo:<\/p>\n<p>1. Elimina\u00e7\u00e3o de tarifas alfandeg\u00e1rias<\/p>\n<p>Redu\u00e7\u00e3o gradual de tarifas sobre a maior parte dos bens e servi\u00e7os;<br \/>\nMercosul: zerar\u00e1 tarifas sobre 91% dos bens europeus em at\u00e9 15 anos;<br \/>\nUni\u00e3o Europeia: eliminar\u00e1 tarifas sobre 95% dos bens do Mercosul em at\u00e9 12 anos.<br \/>\n2. Ganhos imediatos para a ind\u00fastria<\/p>\n<p>Tarifa zero desde o in\u00edcio para diversos produtos industriais.<br \/>\n>>Setores beneficiados:<\/p>\n<p>M\u00e1quinas e equipamentos;<br \/>\nAutom\u00f3veis e autope\u00e7as;<br \/>\nProdutos qu\u00edmicos;<br \/>\nAeronaves e equipamentos de transporte.<br \/>\n3. Acesso ampliado ao mercado europeu<\/p>\n<p>Empresas do Mercosul ganham prefer\u00eancia em um mercado de alto poder aquisitivo;<br \/>\nUE tem PIB estimado em US$ 22 trilh\u00f5es;<br \/>\nCom\u00e9rcio tende a ser mais previs\u00edvel e com menos barreiras t\u00e9cnicas.<br \/>\n4. Cotas para produtos agr\u00edcolas sens\u00edveis<\/p>\n<p>Produtos como carne bovina, frango, arroz, mel, a\u00e7\u00facar e etanol ter\u00e3o cotas de importa\u00e7\u00e3o;<br \/>\nAcima dessas cotas, \u00e9 cobrada tarifa;<br \/>\nCotas crescem ao longo do tempo, com tarifas reduzidas, em vez de liberar entrada sem restri\u00e7\u00f5es;<br \/>\nMecanismo busca evitar impactos abruptos sobre agricultores europeus;<br \/>\nNa UE, as cotas equivalem a 3% dos bens ou 5% do valor importado do Brasil;<br \/>\nNo mercado brasileiro, chegam a 9% dos bens ou 8% do valor.<br \/>\n5. Salvaguardas agr\u00edcolas<\/p>\n<p>>>UE poder\u00e1 reintroduzir tarifas temporariamente se:<\/p>\n<p>Importa\u00e7\u00f5es crescerem acima de limites definidos;<br \/>\nPre\u00e7os ficarem muito abaixo do mercado europeu;<br \/>\nMedida vale para cadeias consideradas sens\u00edveis.<br \/>\n6. Compromissos ambientais obrigat\u00f3rios<\/p>\n<p>Produtos beneficiados pelo acordo n\u00e3o poder\u00e3o estar ligados a desmatamento ilegal;<br \/>\nCl\u00e1usulas ambientais s\u00e3o vinculantes;<br \/>\nPossibilidade de suspens\u00e3o do acordo em caso de viola\u00e7\u00e3o do Acordo de Paris.<br \/>\n7. Regras sanit\u00e1rias continuam rigorosas<\/p>\n<p>UE n\u00e3o flexibiliza padr\u00f5es sanit\u00e1rios e fitossanit\u00e1rios.<br \/>\nProdutos importados seguir\u00e3o regras r\u00edgidas de seguran\u00e7a alimentar.<br \/>\n8. Com\u00e9rcio de servi\u00e7os e investimentos<\/p>\n<p>>>Redu\u00e7\u00e3o de discrimina\u00e7\u00e3o regulat\u00f3ria a investidores estrangeiros.<\/p>\n<p>>>Avan\u00e7os em setores como:<\/p>\n<p>Servi\u00e7os financeiros;<br \/>\nTelecomunica\u00e7\u00f5es;<br \/>\nTransporte;<br \/>\nServi\u00e7os empresariais.<br \/>\n9. Compras p\u00fablicas<\/p>\n<p>Empresas do Mercosul poder\u00e3o disputar licita\u00e7\u00f5es p\u00fablicas na UE;<br \/>\nRegras mais transparentes e previs\u00edveis.<br \/>\n10. Prote\u00e7\u00e3o \u00e0 propriedade intelectual<\/p>\n<p>Reconhecimento de cerca de 350 indica\u00e7\u00f5es geogr\u00e1ficas europeias;<br \/>\nRegras claras sobre marcas, patentes e direitos autorais.<br \/>\n11. Pequenas e m\u00e9dias empresas (PMEs)<\/p>\n<p>Cap\u00edtulo espec\u00edfico para PMEs;<br \/>\nMedidas de facilita\u00e7\u00e3o aduaneira e acesso \u00e0 informa\u00e7\u00e3o;<br \/>\nRedu\u00e7\u00e3o de custos e burocracia para pequenos exportadores.<br \/>\n12. Impacto para o Brasil<\/p>\n<p>Potencial de aumento das exporta\u00e7\u00f5es, especialmente do agro e da ind\u00fastria;<br \/>\nMaior integra\u00e7\u00e3o a cadeias globais de valor;<br \/>\nPoss\u00edvel atra\u00e7\u00e3o de investimentos estrangeiros no m\u00e9dio e longo prazo.<br \/>\n13. Pr\u00f3ximos passos<\/p>\n<p>Assinatura prevista para 17 de janeiro, no Paraguai;<br \/>\nAprova\u00e7\u00e3o pelo Parlamento Europeu;<br \/>\nRatifica\u00e7\u00e3o nos Congressos do Brasil, Argentina, Paraguai e Uruguai;<br \/>\nEntrada em vigor apenas ap\u00f3s conclus\u00e3o de todos os tr\u00e2mites;<br \/>\nAcordos que extrapolam pol\u00edtica comercial precisam ser aprovados pelos parlamentos de cada pa\u00eds.<\/p>\n<p>Foto:<br \/>\nFonte: Ag\u00eancia Brasil<\/p>\n","protected":false},"excerpt":{"rendered":"<p>Ap\u00f3s mais de 25 anos de negocia\u00e7\u00f5es, o acordo comercial entre Mercosul e Uni\u00e3o Europeia (UE) foi aprovado nesta sexta-feira<\/p>\n","protected":false},"author":4,"featured_media":19322,"comment_status":"open","ping_status":"open","sticky":false,"template":"","format":"standard","meta":{"colormag_page_container_layout":"default_layout","colormag_page_sidebar_layout":"default_layout","_FSMCFIC_featured_image_caption":"","_FSMCFIC_featured_image_nocaption":"","_FSMCFIC_featured_image_hide":"","footnotes":""},"categories":[7,1],"tags":[],"class_list":["post-19321","post","type-post","status-publish","format-standard","has-post-thumbnail","hentry","category-justica","category-ultimas"],"yoast_head":"<!-- This site is optimized with the Yoast SEO plugin v27.1.1 - https:\/\/yoast.com\/product\/yoast-seo-wordpress\/ -->\n<title>Entenda em 13 pontos o acordo Mercosul\u2013UE - Brasil not\u00edcias<\/title>\n<meta name=\"robots\" content=\"index, follow, max-snippet:-1, max-image-preview:large, max-video-preview:-1\" \/>\n<link rel=\"canonical\" href=\"https:\/\/brasilnoticias.org\/site\/entenda-em-13-pontos-o-acordo-mercosul-ue\/\" \/>\n<meta property=\"og:locale\" content=\"pt_PT\" \/>\n<meta property=\"og:type\" content=\"article\" \/>\n<meta property=\"og:title\" content=\"Entenda em 13 pontos o acordo Mercosul\u2013UE - Brasil not\u00edcias\" \/>\n<meta property=\"og:description\" content=\"Ap\u00f3s mais de 25 anos de negocia\u00e7\u00f5es, o acordo comercial entre Mercosul e Uni\u00e3o Europeia (UE) foi aprovado nesta sexta-feira\" \/>\n<meta property=\"og:url\" content=\"https:\/\/brasilnoticias.org\/site\/entenda-em-13-pontos-o-acordo-mercosul-ue\/\" \/>\n<meta property=\"og:site_name\" content=\"Brasil not\u00edcias\" \/>\n<meta property=\"article:published_time\" content=\"2026-01-09T22:48:48+00:00\" \/>\n<meta property=\"og:image\" content=\"https:\/\/brasilnoticias.org\/site\/wp-content\/uploads\/2026\/01\/91724c38-2279-47f5-91e4-9b4596b7d190_copy.webp\" \/>\n\t<meta property=\"og:image:width\" content=\"1170\" \/>\n\t<meta property=\"og:image:height\" content=\"700\" \/>\n\t<meta property=\"og:image:type\" content=\"image\/webp\" \/>\n<meta name=\"author\" content=\"Reda\u00e7\u00e3o\" \/>\n<meta name=\"twitter:card\" content=\"summary_large_image\" \/>\n<meta name=\"twitter:label1\" content=\"Escrito por\" \/>\n\t<meta name=\"twitter:data1\" content=\"Reda\u00e7\u00e3o\" \/>\n\t<meta name=\"twitter:label2\" content=\"Tempo estimado de leitura\" \/>\n\t<meta name=\"twitter:data2\" content=\"1 minuto\" \/>\n<script type=\"application\/ld+json\" class=\"yoast-schema-graph\">{\"@context\":\"https:\/\/schema.org\",\"@graph\":[{\"@type\":\"Article\",\"@id\":\"https:\/\/brasilnoticias.org\/site\/entenda-em-13-pontos-o-acordo-mercosul-ue\/#article\",\"isPartOf\":{\"@id\":\"https:\/\/brasilnoticias.org\/site\/entenda-em-13-pontos-o-acordo-mercosul-ue\/\"},\"author\":{\"name\":\"Reda\u00e7\u00e3o\",\"@id\":\"https:\/\/brasilnoticias.org\/site\/#\/schema\/person\/03bbbfe6c7634ad18c26444ea39049fa\"},\"headline\":\"Entenda em 13 pontos o acordo Mercosul\u2013UE\",\"datePublished\":\"2026-01-09T22:48:48+00:00\",\"mainEntityOfPage\":{\"@id\":\"https:\/\/brasilnoticias.org\/site\/entenda-em-13-pontos-o-acordo-mercosul-ue\/\"},\"wordCount\":661,\"commentCount\":0,\"publisher\":{\"@id\":\"https:\/\/brasilnoticias.org\/site\/#organization\"},\"image\":{\"@id\":\"https:\/\/brasilnoticias.org\/site\/entenda-em-13-pontos-o-acordo-mercosul-ue\/#primaryimage\"},\"thumbnailUrl\":\"https:\/\/brasilnoticias.org\/site\/wp-content\/uploads\/2026\/01\/91724c38-2279-47f5-91e4-9b4596b7d190_copy.webp\",\"articleSection\":[\"Justi\u00e7a\",\"\u00daltimas\"],\"inLanguage\":\"pt-PT\",\"potentialAction\":[{\"@type\":\"CommentAction\",\"name\":\"Comment\",\"target\":[\"https:\/\/brasilnoticias.org\/site\/entenda-em-13-pontos-o-acordo-mercosul-ue\/#respond\"]}]},{\"@type\":\"WebPage\",\"@id\":\"https:\/\/brasilnoticias.org\/site\/entenda-em-13-pontos-o-acordo-mercosul-ue\/\",\"url\":\"https:\/\/brasilnoticias.org\/site\/entenda-em-13-pontos-o-acordo-mercosul-ue\/\",\"name\":\"Entenda em 13 pontos o acordo Mercosul\u2013UE - Brasil not\u00edcias\",\"isPartOf\":{\"@id\":\"https:\/\/brasilnoticias.org\/site\/#website\"},\"primaryImageOfPage\":{\"@id\":\"https:\/\/brasilnoticias.org\/site\/entenda-em-13-pontos-o-acordo-mercosul-ue\/#primaryimage\"},\"image\":{\"@id\":\"https:\/\/brasilnoticias.org\/site\/entenda-em-13-pontos-o-acordo-mercosul-ue\/#primaryimage\"},\"thumbnailUrl\":\"https:\/\/brasilnoticias.org\/site\/wp-content\/uploads\/2026\/01\/91724c38-2279-47f5-91e4-9b4596b7d190_copy.webp\",\"datePublished\":\"2026-01-09T22:48:48+00:00\",\"breadcrumb\":{\"@id\":\"https:\/\/brasilnoticias.org\/site\/entenda-em-13-pontos-o-acordo-mercosul-ue\/#breadcrumb\"},\"inLanguage\":\"pt-PT\",\"potentialAction\":[{\"@type\":\"ReadAction\",\"target\":[\"https:\/\/brasilnoticias.org\/site\/entenda-em-13-pontos-o-acordo-mercosul-ue\/\"]}]},{\"@type\":\"ImageObject\",\"inLanguage\":\"pt-PT\",\"@id\":\"https:\/\/brasilnoticias.org\/site\/entenda-em-13-pontos-o-acordo-mercosul-ue\/#primaryimage\",\"url\":\"https:\/\/brasilnoticias.org\/site\/wp-content\/uploads\/2026\/01\/91724c38-2279-47f5-91e4-9b4596b7d190_copy.webp\",\"contentUrl\":\"https:\/\/brasilnoticias.org\/site\/wp-content\/uploads\/2026\/01\/91724c38-2279-47f5-91e4-9b4596b7d190_copy.webp\",\"width\":1170,\"height\":700},{\"@type\":\"BreadcrumbList\",\"@id\":\"https:\/\/brasilnoticias.org\/site\/entenda-em-13-pontos-o-acordo-mercosul-ue\/#breadcrumb\",\"itemListElement\":[{\"@type\":\"ListItem\",\"position\":1,\"name\":\"In\u00edcio\",\"item\":\"https:\/\/brasilnoticias.org\/site\/\"},{\"@type\":\"ListItem\",\"position\":2,\"name\":\"Entenda em 13 pontos o acordo Mercosul\u2013UE\"}]},{\"@type\":\"WebSite\",\"@id\":\"https:\/\/brasilnoticias.org\/site\/#website\",\"url\":\"https:\/\/brasilnoticias.org\/site\/\",\"name\":\"Brasil not\u00edcias\",\"description\":\"Brasil not\u00edcias\",\"publisher\":{\"@id\":\"https:\/\/brasilnoticias.org\/site\/#organization\"},\"potentialAction\":[{\"@type\":\"SearchAction\",\"target\":{\"@type\":\"EntryPoint\",\"urlTemplate\":\"https:\/\/brasilnoticias.org\/site\/?s={search_term_string}\"},\"query-input\":{\"@type\":\"PropertyValueSpecification\",\"valueRequired\":true,\"valueName\":\"search_term_string\"}}],\"inLanguage\":\"pt-PT\"},{\"@type\":\"Organization\",\"@id\":\"https:\/\/brasilnoticias.org\/site\/#organization\",\"name\":\"Brasil not\u00edcias\",\"url\":\"https:\/\/brasilnoticias.org\/site\/\",\"logo\":{\"@type\":\"ImageObject\",\"inLanguage\":\"pt-PT\",\"@id\":\"https:\/\/brasilnoticias.org\/site\/#\/schema\/logo\/image\/\",\"url\":\"https:\/\/brasilnoticias.org\/site\/wp-content\/uploads\/2022\/05\/cropped-brasilnoticias-mini.jpg\",\"contentUrl\":\"https:\/\/brasilnoticias.org\/site\/wp-content\/uploads\/2022\/05\/cropped-brasilnoticias-mini.jpg\",\"width\":314,\"height\":86,\"caption\":\"Brasil not\u00edcias\"},\"image\":{\"@id\":\"https:\/\/brasilnoticias.org\/site\/#\/schema\/logo\/image\/\"}},{\"@type\":\"Person\",\"@id\":\"https:\/\/brasilnoticias.org\/site\/#\/schema\/person\/03bbbfe6c7634ad18c26444ea39049fa\",\"name\":\"Reda\u00e7\u00e3o\",\"image\":{\"@type\":\"ImageObject\",\"inLanguage\":\"pt-PT\",\"@id\":\"https:\/\/brasilnoticias.org\/site\/#\/schema\/person\/image\/\",\"url\":\"https:\/\/secure.gravatar.com\/avatar\/9ecaf7327a696cb23ad926fedded5f1f04d7049de9e445375d55b48c001a6e42?s=96&d=mm&r=g\",\"contentUrl\":\"https:\/\/secure.gravatar.com\/avatar\/9ecaf7327a696cb23ad926fedded5f1f04d7049de9e445375d55b48c001a6e42?s=96&d=mm&r=g\",\"caption\":\"Reda\u00e7\u00e3o\"},\"url\":\"https:\/\/brasilnoticias.org\/site\/author\/henrique\/\"}]}<\/script>\n<!-- \/ Yoast SEO plugin. -->","yoast_head_json":{"title":"Entenda em 13 pontos o acordo Mercosul\u2013UE - Brasil not\u00edcias","robots":{"index":"index","follow":"follow","max-snippet":"max-snippet:-1","max-image-preview":"max-image-preview:large","max-video-preview":"max-video-preview:-1"},"canonical":"https:\/\/brasilnoticias.org\/site\/entenda-em-13-pontos-o-acordo-mercosul-ue\/","og_locale":"pt_PT","og_type":"article","og_title":"Entenda em 13 pontos o acordo Mercosul\u2013UE - Brasil not\u00edcias","og_description":"Ap\u00f3s mais de 25 anos de negocia\u00e7\u00f5es, o acordo comercial entre Mercosul e Uni\u00e3o Europeia (UE) foi aprovado nesta sexta-feira","og_url":"https:\/\/brasilnoticias.org\/site\/entenda-em-13-pontos-o-acordo-mercosul-ue\/","og_site_name":"Brasil not\u00edcias","article_published_time":"2026-01-09T22:48:48+00:00","og_image":[{"width":1170,"height":700,"url":"https:\/\/brasilnoticias.org\/site\/wp-content\/uploads\/2026\/01\/91724c38-2279-47f5-91e4-9b4596b7d190_copy.webp","type":"image\/webp"}],"author":"Reda\u00e7\u00e3o","twitter_card":"summary_large_image","twitter_misc":{"Escrito por":"Reda\u00e7\u00e3o","Tempo estimado de leitura":"1 minuto"},"schema":{"@context":"https:\/\/schema.org","@graph":[{"@type":"Article","@id":"https:\/\/brasilnoticias.org\/site\/entenda-em-13-pontos-o-acordo-mercosul-ue\/#article","isPartOf":{"@id":"https:\/\/brasilnoticias.org\/site\/entenda-em-13-pontos-o-acordo-mercosul-ue\/"},"author":{"name":"Reda\u00e7\u00e3o","@id":"https:\/\/brasilnoticias.org\/site\/#\/schema\/person\/03bbbfe6c7634ad18c26444ea39049fa"},"headline":"Entenda em 13 pontos o acordo Mercosul\u2013UE","datePublished":"2026-01-09T22:48:48+00:00","mainEntityOfPage":{"@id":"https:\/\/brasilnoticias.org\/site\/entenda-em-13-pontos-o-acordo-mercosul-ue\/"},"wordCount":661,"commentCount":0,"publisher":{"@id":"https:\/\/brasilnoticias.org\/site\/#organization"},"image":{"@id":"https:\/\/brasilnoticias.org\/site\/entenda-em-13-pontos-o-acordo-mercosul-ue\/#primaryimage"},"thumbnailUrl":"https:\/\/brasilnoticias.org\/site\/wp-content\/uploads\/2026\/01\/91724c38-2279-47f5-91e4-9b4596b7d190_copy.webp","articleSection":["Justi\u00e7a","\u00daltimas"],"inLanguage":"pt-PT","potentialAction":[{"@type":"CommentAction","name":"Comment","target":["https:\/\/brasilnoticias.org\/site\/entenda-em-13-pontos-o-acordo-mercosul-ue\/#respond"]}]},{"@type":"WebPage","@id":"https:\/\/brasilnoticias.org\/site\/entenda-em-13-pontos-o-acordo-mercosul-ue\/","url":"https:\/\/brasilnoticias.org\/site\/entenda-em-13-pontos-o-acordo-mercosul-ue\/","name":"Entenda em 13 pontos o acordo Mercosul\u2013UE - Brasil not\u00edcias","isPartOf":{"@id":"https:\/\/brasilnoticias.org\/site\/#website"},"primaryImageOfPage":{"@id":"https:\/\/brasilnoticias.org\/site\/entenda-em-13-pontos-o-acordo-mercosul-ue\/#primaryimage"},"image":{"@id":"https:\/\/brasilnoticias.org\/site\/entenda-em-13-pontos-o-acordo-mercosul-ue\/#primaryimage"},"thumbnailUrl":"https:\/\/brasilnoticias.org\/site\/wp-content\/uploads\/2026\/01\/91724c38-2279-47f5-91e4-9b4596b7d190_copy.webp","datePublished":"2026-01-09T22:48:48+00:00","breadcrumb":{"@id":"https:\/\/brasilnoticias.org\/site\/entenda-em-13-pontos-o-acordo-mercosul-ue\/#breadcrumb"},"inLanguage":"pt-PT","potentialAction":[{"@type":"ReadAction","target":["https:\/\/brasilnoticias.org\/site\/entenda-em-13-pontos-o-acordo-mercosul-ue\/"]}]},{"@type":"ImageObject","inLanguage":"pt-PT","@id":"https:\/\/brasilnoticias.org\/site\/entenda-em-13-pontos-o-acordo-mercosul-ue\/#primaryimage","url":"https:\/\/brasilnoticias.org\/site\/wp-content\/uploads\/2026\/01\/91724c38-2279-47f5-91e4-9b4596b7d190_copy.webp","contentUrl":"https:\/\/brasilnoticias.org\/site\/wp-content\/uploads\/2026\/01\/91724c38-2279-47f5-91e4-9b4596b7d190_copy.webp","width":1170,"height":700},{"@type":"BreadcrumbList","@id":"https:\/\/brasilnoticias.org\/site\/entenda-em-13-pontos-o-acordo-mercosul-ue\/#breadcrumb","itemListElement":[{"@type":"ListItem","position":1,"name":"In\u00edcio","item":"https:\/\/brasilnoticias.org\/site\/"},{"@type":"ListItem","position":2,"name":"Entenda em 13 pontos o acordo Mercosul\u2013UE"}]},{"@type":"WebSite","@id":"https:\/\/brasilnoticias.org\/site\/#website","url":"https:\/\/brasilnoticias.org\/site\/","name":"Brasil not\u00edcias","description":"Brasil not\u00edcias","publisher":{"@id":"https:\/\/brasilnoticias.org\/site\/#organization"},"potentialAction":[{"@type":"SearchAction","target":{"@type":"EntryPoint","urlTemplate":"https:\/\/brasilnoticias.org\/site\/?s={search_term_string}"},"query-input":{"@type":"PropertyValueSpecification","valueRequired":true,"valueName":"search_term_string"}}],"inLanguage":"pt-PT"},{"@type":"Organization","@id":"https:\/\/brasilnoticias.org\/site\/#organization","name":"Brasil not\u00edcias","url":"https:\/\/brasilnoticias.org\/site\/","logo":{"@type":"ImageObject","inLanguage":"pt-PT","@id":"https:\/\/brasilnoticias.org\/site\/#\/schema\/logo\/image\/","url":"https:\/\/brasilnoticias.org\/site\/wp-content\/uploads\/2022\/05\/cropped-brasilnoticias-mini.jpg","contentUrl":"https:\/\/brasilnoticias.org\/site\/wp-content\/uploads\/2022\/05\/cropped-brasilnoticias-mini.jpg","width":314,"height":86,"caption":"Brasil not\u00edcias"},"image":{"@id":"https:\/\/brasilnoticias.org\/site\/#\/schema\/logo\/image\/"}},{"@type":"Person","@id":"https:\/\/brasilnoticias.org\/site\/#\/schema\/person\/03bbbfe6c7634ad18c26444ea39049fa","name":"Reda\u00e7\u00e3o","image":{"@type":"ImageObject","inLanguage":"pt-PT","@id":"https:\/\/brasilnoticias.org\/site\/#\/schema\/person\/image\/","url":"https:\/\/secure.gravatar.com\/avatar\/9ecaf7327a696cb23ad926fedded5f1f04d7049de9e445375d55b48c001a6e42?s=96&d=mm&r=g","contentUrl":"https:\/\/secure.gravatar.com\/avatar\/9ecaf7327a696cb23ad926fedded5f1f04d7049de9e445375d55b48c001a6e42?s=96&d=mm&r=g","caption":"Reda\u00e7\u00e3o"},"url":"https:\/\/brasilnoticias.org\/site\/author\/henrique\/"}]}},"_links":{"self":[{"href":"https:\/\/brasilnoticias.org\/site\/wp-json\/wp\/v2\/posts\/19321","targetHints":{"allow":["GET"]}}],"collection":[{"href":"https:\/\/brasilnoticias.org\/site\/wp-json\/wp\/v2\/posts"}],"about":[{"href":"https:\/\/brasilnoticias.org\/site\/wp-json\/wp\/v2\/types\/post"}],"author":[{"embeddable":true,"href":"https:\/\/brasilnoticias.org\/site\/wp-json\/wp\/v2\/users\/4"}],"replies":[{"embeddable":true,"href":"https:\/\/brasilnoticias.org\/site\/wp-json\/wp\/v2\/comments?post=19321"}],"version-history":[{"count":1,"href":"https:\/\/brasilnoticias.org\/site\/wp-json\/wp\/v2\/posts\/19321\/revisions"}],"predecessor-version":[{"id":19323,"href":"https:\/\/brasilnoticias.org\/site\/wp-json\/wp\/v2\/posts\/19321\/revisions\/19323"}],"wp:featuredmedia":[{"embeddable":true,"href":"https:\/\/brasilnoticias.org\/site\/wp-json\/wp\/v2\/media\/19322"}],"wp:attachment":[{"href":"https:\/\/brasilnoticias.org\/site\/wp-json\/wp\/v2\/media?parent=19321"}],"wp:term":[{"taxonomy":"category","embeddable":true,"href":"https:\/\/brasilnoticias.org\/site\/wp-json\/wp\/v2\/categories?post=19321"},{"taxonomy":"post_tag","embeddable":true,"href":"https:\/\/brasilnoticias.org\/site\/wp-json\/wp\/v2\/tags?post=19321"}],"curies":[{"name":"wp","href":"https:\/\/api.w.org\/{rel}","templated":true}]}}