{"id":1935,"date":"2022-10-17T18:00:45","date_gmt":"2022-10-17T21:00:45","guid":{"rendered":"https:\/\/brasilnoticias.org\/site\/?p=1935"},"modified":"2022-10-16T22:33:13","modified_gmt":"2022-10-17T01:33:13","slug":"trecho-da-br-242-na-chapada-diamantina-e-liberado-24h-apos-batida-entre-seis-veiculos-casal-de-empresarios-morreu","status":"publish","type":"post","link":"https:\/\/brasilnoticias.org\/site\/trecho-da-br-242-na-chapada-diamantina-e-liberado-24h-apos-batida-entre-seis-veiculos-casal-de-empresarios-morreu\/","title":{"rendered":"Trecho da BR-242, na Chapada Diamantina, \u00e9 liberado 24h ap\u00f3s batida entre seis ve\u00edculos; casal de empres\u00e1rios morreu"},"content":{"rendered":"<p>O trecho da BR-242 na Chapada Diamantina, onde ocorreu um grave acidente entre seis ve\u00edculos, no s\u00e1bado (15), foi liberado ao meio-dia deste domingo (16), 24 horas depois do ocorrido. A informa\u00e7\u00e3o foi dada pela Pol\u00edcia Rodovi\u00e1ria Federal (PRF)<\/p>\n<p>No fim da manh\u00e3 de s\u00e1bado, quatro caminh\u00f5es e dois carros de passeio se envolveram em uma colis\u00e3o, no km 244 da rodovia, entre as cidades de Itaberaba e Seabra. Conforme a PRF, o motorista de um dos caminh\u00f5es perdeu o controle da dire\u00e7\u00e3o e provocou o engavetamento.<\/p>\n<p>Os carros ficaram destru\u00eddos e os caminh\u00f5es, que transportavam cargas, tamb\u00e9m tiveram danos. A PRF informou que dois caminhoneiros ficaram feridos, mas sem gravidade.<\/p>\n<p>A prefeitura de Itaberaba divulgou nota lamentando as mortes. As v\u00edtimas foram identificadas como Rodrigo Matta Pires e Leia Neves. Eles eram casados e propriet\u00e1rios de uma pousada na cidade. N\u00e3o h\u00e1 detalhes sobre o sepultamento deles.<\/p>\n<p>Veja a nota divulgada pela prefeitura de Itaberaba:<\/p>\n<p>&#8220;A Prefeitura de Itaberaba lamenta profundamente o falecimento de Rodrigo Matta Pires e Leia Neves, ocorrido de forma tr\u00e1gica nesse s\u00e1bado (15), na BR 424. Itaberaba perde dois itaberabenses, empres\u00e1rios na cidade, um casal muito querido por todos. Rodrigo e Leia deixam duas filhas.<\/p>\n<p>Neste momento de grande tristeza, o Governo Municipal se solidariza com a dor da fam\u00edlia e amigos, e manifesta o mais profundo sentimento de pesar pela precoce perda. Que Deus conforte o cora\u00e7\u00e3o de todos&#8221;.<\/p>\n<p><img decoding=\"async\" src=\"https:\/\/s2.glbimg.com\/Zp3T4PZecDCQP2htQvTkgkXUdm8=\/0x288:1080x1630\/984x0\/smart\/filters:strip_icc()\/i.s3.glbimg.com\/v1\/AUTH_59edd422c0c84a879bd37670ae4f538a\/internal_photos\/bs\/2022\/S\/A\/AOvxsTRRWPfVim41BkcA\/311940806-8282995651740852-2886693357991556134-n.jpg\" alt=\"Prefeitura divulga nota de pesar pela morte do casal de empres\u00e1rios na BR-242 na Bahia \u2014 Foto: Divulga\u00e7\u00e3o\" \/><\/p>\n<p>G1<\/p>\n<p>Foto \u00a0Jornal da Chapada<\/p>\n","protected":false},"excerpt":{"rendered":"<p>O trecho da BR-242 na Chapada Diamantina, onde ocorreu um grave acidente entre seis ve\u00edculos, no s\u00e1bado (15), foi liberado<\/p>\n","protected":false},"author":1,"featured_media":1936,"comment_status":"open","ping_status":"open","sticky":false,"template":"","format":"standard","meta":{"colormag_page_container_layout":"default_layout","colormag_page_sidebar_layout":"default_layout","_FSMCFIC_featured_image_caption":"","_FSMCFIC_featured_image_nocaption":"","_FSMCFIC_featured_image_hide":"","footnotes":""},"categories":[2,1],"tags":[],"class_list":["post-1935","post","type-post","status-publish","format-standard","has-post-thumbnail","hentry","category-noticias","category-ultimas"],"yoast_head":"<!-- This site is optimized with the Yoast SEO plugin v27.1.1 - https:\/\/yoast.com\/product\/yoast-seo-wordpress\/ -->\n<title>Trecho da BR-242, na Chapada Diamantina, \u00e9 liberado 24h ap\u00f3s batida entre seis ve\u00edculos; casal de empres\u00e1rios morreu - Brasil not\u00edcias<\/title>\n<meta name=\"robots\" content=\"index, follow, max-snippet:-1, max-image-preview:large, max-video-preview:-1\" \/>\n<link rel=\"canonical\" href=\"https:\/\/brasilnoticias.org\/site\/trecho-da-br-242-na-chapada-diamantina-e-liberado-24h-apos-batida-entre-seis-veiculos-casal-de-empresarios-morreu\/\" \/>\n<meta property=\"og:locale\" content=\"pt_PT\" \/>\n<meta property=\"og:type\" content=\"article\" \/>\n<meta property=\"og:title\" content=\"Trecho da BR-242, na Chapada Diamantina, \u00e9 liberado 24h ap\u00f3s batida entre seis ve\u00edculos; casal de empres\u00e1rios morreu - Brasil not\u00edcias\" \/>\n<meta property=\"og:description\" content=\"O trecho da BR-242 na Chapada Diamantina, onde ocorreu um grave acidente entre seis ve\u00edculos, no s\u00e1bado (15), foi liberado\" \/>\n<meta property=\"og:url\" content=\"https:\/\/brasilnoticias.org\/site\/trecho-da-br-242-na-chapada-diamantina-e-liberado-24h-apos-batida-entre-seis-veiculos-casal-de-empresarios-morreu\/\" \/>\n<meta property=\"og:site_name\" content=\"Brasil not\u00edcias\" \/>\n<meta property=\"article:published_time\" content=\"2022-10-17T21:00:45+00:00\" \/>\n<meta property=\"og:image\" content=\"https:\/\/brasilnoticias.org\/site\/wp-content\/uploads\/2022\/10\/Capturar-14.jpg\" \/>\n\t<meta property=\"og:image:width\" content=\"646\" \/>\n\t<meta property=\"og:image:height\" content=\"362\" \/>\n\t<meta property=\"og:image:type\" content=\"image\/jpeg\" \/>\n<meta name=\"author\" content=\"Reda\u00e7\u00e3o\" \/>\n<meta name=\"twitter:card\" content=\"summary_large_image\" \/>\n<meta name=\"twitter:label1\" content=\"Escrito por\" \/>\n\t<meta name=\"twitter:data1\" content=\"Reda\u00e7\u00e3o\" \/>\n\t<meta name=\"twitter:label2\" content=\"Tempo estimado de leitura\" \/>\n\t<meta name=\"twitter:data2\" content=\"1 minuto\" \/>\n<script type=\"application\/ld+json\" class=\"yoast-schema-graph\">{\"@context\":\"https:\/\/schema.org\",\"@graph\":[{\"@type\":\"Article\",\"@id\":\"https:\/\/brasilnoticias.org\/site\/trecho-da-br-242-na-chapada-diamantina-e-liberado-24h-apos-batida-entre-seis-veiculos-casal-de-empresarios-morreu\/#article\",\"isPartOf\":{\"@id\":\"https:\/\/brasilnoticias.org\/site\/trecho-da-br-242-na-chapada-diamantina-e-liberado-24h-apos-batida-entre-seis-veiculos-casal-de-empresarios-morreu\/\"},\"author\":{\"name\":\"Reda\u00e7\u00e3o\",\"@id\":\"https:\/\/brasilnoticias.org\/site\/#\/schema\/person\/a0e05b973ec4d15c658d51911e53507b\"},\"headline\":\"Trecho da BR-242, na Chapada Diamantina, \u00e9 liberado 24h ap\u00f3s batida entre seis ve\u00edculos; casal de empres\u00e1rios morreu\",\"datePublished\":\"2022-10-17T21:00:45+00:00\",\"mainEntityOfPage\":{\"@id\":\"https:\/\/brasilnoticias.org\/site\/trecho-da-br-242-na-chapada-diamantina-e-liberado-24h-apos-batida-entre-seis-veiculos-casal-de-empresarios-morreu\/\"},\"wordCount\":275,\"commentCount\":0,\"publisher\":{\"@id\":\"https:\/\/brasilnoticias.org\/site\/#organization\"},\"image\":{\"@id\":\"https:\/\/brasilnoticias.org\/site\/trecho-da-br-242-na-chapada-diamantina-e-liberado-24h-apos-batida-entre-seis-veiculos-casal-de-empresarios-morreu\/#primaryimage\"},\"thumbnailUrl\":\"https:\/\/brasilnoticias.org\/site\/wp-content\/uploads\/2022\/10\/Capturar-14.jpg\",\"articleSection\":[\"Not\u00edcias\",\"\u00daltimas\"],\"inLanguage\":\"pt-PT\",\"potentialAction\":[{\"@type\":\"CommentAction\",\"name\":\"Comment\",\"target\":[\"https:\/\/brasilnoticias.org\/site\/trecho-da-br-242-na-chapada-diamantina-e-liberado-24h-apos-batida-entre-seis-veiculos-casal-de-empresarios-morreu\/#respond\"]}]},{\"@type\":\"WebPage\",\"@id\":\"https:\/\/brasilnoticias.org\/site\/trecho-da-br-242-na-chapada-diamantina-e-liberado-24h-apos-batida-entre-seis-veiculos-casal-de-empresarios-morreu\/\",\"url\":\"https:\/\/brasilnoticias.org\/site\/trecho-da-br-242-na-chapada-diamantina-e-liberado-24h-apos-batida-entre-seis-veiculos-casal-de-empresarios-morreu\/\",\"name\":\"Trecho da BR-242, na Chapada Diamantina, \u00e9 liberado 24h ap\u00f3s batida entre seis ve\u00edculos; casal de empres\u00e1rios morreu - Brasil not\u00edcias\",\"isPartOf\":{\"@id\":\"https:\/\/brasilnoticias.org\/site\/#website\"},\"primaryImageOfPage\":{\"@id\":\"https:\/\/brasilnoticias.org\/site\/trecho-da-br-242-na-chapada-diamantina-e-liberado-24h-apos-batida-entre-seis-veiculos-casal-de-empresarios-morreu\/#primaryimage\"},\"image\":{\"@id\":\"https:\/\/brasilnoticias.org\/site\/trecho-da-br-242-na-chapada-diamantina-e-liberado-24h-apos-batida-entre-seis-veiculos-casal-de-empresarios-morreu\/#primaryimage\"},\"thumbnailUrl\":\"https:\/\/brasilnoticias.org\/site\/wp-content\/uploads\/2022\/10\/Capturar-14.jpg\",\"datePublished\":\"2022-10-17T21:00:45+00:00\",\"breadcrumb\":{\"@id\":\"https:\/\/brasilnoticias.org\/site\/trecho-da-br-242-na-chapada-diamantina-e-liberado-24h-apos-batida-entre-seis-veiculos-casal-de-empresarios-morreu\/#breadcrumb\"},\"inLanguage\":\"pt-PT\",\"potentialAction\":[{\"@type\":\"ReadAction\",\"target\":[\"https:\/\/brasilnoticias.org\/site\/trecho-da-br-242-na-chapada-diamantina-e-liberado-24h-apos-batida-entre-seis-veiculos-casal-de-empresarios-morreu\/\"]}]},{\"@type\":\"ImageObject\",\"inLanguage\":\"pt-PT\",\"@id\":\"https:\/\/brasilnoticias.org\/site\/trecho-da-br-242-na-chapada-diamantina-e-liberado-24h-apos-batida-entre-seis-veiculos-casal-de-empresarios-morreu\/#primaryimage\",\"url\":\"https:\/\/brasilnoticias.org\/site\/wp-content\/uploads\/2022\/10\/Capturar-14.jpg\",\"contentUrl\":\"https:\/\/brasilnoticias.org\/site\/wp-content\/uploads\/2022\/10\/Capturar-14.jpg\",\"width\":646,\"height\":362},{\"@type\":\"BreadcrumbList\",\"@id\":\"https:\/\/brasilnoticias.org\/site\/trecho-da-br-242-na-chapada-diamantina-e-liberado-24h-apos-batida-entre-seis-veiculos-casal-de-empresarios-morreu\/#breadcrumb\",\"itemListElement\":[{\"@type\":\"ListItem\",\"position\":1,\"name\":\"In\u00edcio\",\"item\":\"https:\/\/brasilnoticias.org\/site\/\"},{\"@type\":\"ListItem\",\"position\":2,\"name\":\"Trecho da BR-242, na Chapada Diamantina, \u00e9 liberado 24h ap\u00f3s batida entre seis ve\u00edculos; casal de empres\u00e1rios morreu\"}]},{\"@type\":\"WebSite\",\"@id\":\"https:\/\/brasilnoticias.org\/site\/#website\",\"url\":\"https:\/\/brasilnoticias.org\/site\/\",\"name\":\"Brasil not\u00edcias\",\"description\":\"Brasil not\u00edcias\",\"publisher\":{\"@id\":\"https:\/\/brasilnoticias.org\/site\/#organization\"},\"potentialAction\":[{\"@type\":\"SearchAction\",\"target\":{\"@type\":\"EntryPoint\",\"urlTemplate\":\"https:\/\/brasilnoticias.org\/site\/?s={search_term_string}\"},\"query-input\":{\"@type\":\"PropertyValueSpecification\",\"valueRequired\":true,\"valueName\":\"search_term_string\"}}],\"inLanguage\":\"pt-PT\"},{\"@type\":\"Organization\",\"@id\":\"https:\/\/brasilnoticias.org\/site\/#organization\",\"name\":\"Brasil not\u00edcias\",\"url\":\"https:\/\/brasilnoticias.org\/site\/\",\"logo\":{\"@type\":\"ImageObject\",\"inLanguage\":\"pt-PT\",\"@id\":\"https:\/\/brasilnoticias.org\/site\/#\/schema\/logo\/image\/\",\"url\":\"https:\/\/brasilnoticias.org\/site\/wp-content\/uploads\/2022\/05\/cropped-brasilnoticias-mini.jpg\",\"contentUrl\":\"https:\/\/brasilnoticias.org\/site\/wp-content\/uploads\/2022\/05\/cropped-brasilnoticias-mini.jpg\",\"width\":314,\"height\":86,\"caption\":\"Brasil not\u00edcias\"},\"image\":{\"@id\":\"https:\/\/brasilnoticias.org\/site\/#\/schema\/logo\/image\/\"}},{\"@type\":\"Person\",\"@id\":\"https:\/\/brasilnoticias.org\/site\/#\/schema\/person\/a0e05b973ec4d15c658d51911e53507b\",\"name\":\"Reda\u00e7\u00e3o\",\"image\":{\"@type\":\"ImageObject\",\"inLanguage\":\"pt-PT\",\"@id\":\"https:\/\/brasilnoticias.org\/site\/#\/schema\/person\/image\/\",\"url\":\"https:\/\/secure.gravatar.com\/avatar\/75d8b050df2de108b08ae78dfb8e374892df24a383c67db9c46a9c604f6aee9c?s=96&d=mm&r=g\",\"contentUrl\":\"https:\/\/secure.gravatar.com\/avatar\/75d8b050df2de108b08ae78dfb8e374892df24a383c67db9c46a9c604f6aee9c?s=96&d=mm&r=g\",\"caption\":\"Reda\u00e7\u00e3o\"},\"sameAs\":[\"https:\/\/brasilnoticias.org\/site\"],\"url\":\"https:\/\/brasilnoticias.org\/site\/author\/fernandozsngmail-com\/\"}]}<\/script>\n<!-- \/ Yoast SEO plugin. -->","yoast_head_json":{"title":"Trecho da BR-242, na Chapada Diamantina, \u00e9 liberado 24h ap\u00f3s batida entre seis ve\u00edculos; casal de empres\u00e1rios morreu - Brasil not\u00edcias","robots":{"index":"index","follow":"follow","max-snippet":"max-snippet:-1","max-image-preview":"max-image-preview:large","max-video-preview":"max-video-preview:-1"},"canonical":"https:\/\/brasilnoticias.org\/site\/trecho-da-br-242-na-chapada-diamantina-e-liberado-24h-apos-batida-entre-seis-veiculos-casal-de-empresarios-morreu\/","og_locale":"pt_PT","og_type":"article","og_title":"Trecho da BR-242, na Chapada Diamantina, \u00e9 liberado 24h ap\u00f3s batida entre seis ve\u00edculos; casal de empres\u00e1rios morreu - Brasil not\u00edcias","og_description":"O trecho da BR-242 na Chapada Diamantina, onde ocorreu um grave acidente entre seis ve\u00edculos, no s\u00e1bado (15), foi liberado","og_url":"https:\/\/brasilnoticias.org\/site\/trecho-da-br-242-na-chapada-diamantina-e-liberado-24h-apos-batida-entre-seis-veiculos-casal-de-empresarios-morreu\/","og_site_name":"Brasil not\u00edcias","article_published_time":"2022-10-17T21:00:45+00:00","og_image":[{"width":646,"height":362,"url":"https:\/\/brasilnoticias.org\/site\/wp-content\/uploads\/2022\/10\/Capturar-14.jpg","type":"image\/jpeg"}],"author":"Reda\u00e7\u00e3o","twitter_card":"summary_large_image","twitter_misc":{"Escrito por":"Reda\u00e7\u00e3o","Tempo estimado de leitura":"1 minuto"},"schema":{"@context":"https:\/\/schema.org","@graph":[{"@type":"Article","@id":"https:\/\/brasilnoticias.org\/site\/trecho-da-br-242-na-chapada-diamantina-e-liberado-24h-apos-batida-entre-seis-veiculos-casal-de-empresarios-morreu\/#article","isPartOf":{"@id":"https:\/\/brasilnoticias.org\/site\/trecho-da-br-242-na-chapada-diamantina-e-liberado-24h-apos-batida-entre-seis-veiculos-casal-de-empresarios-morreu\/"},"author":{"name":"Reda\u00e7\u00e3o","@id":"https:\/\/brasilnoticias.org\/site\/#\/schema\/person\/a0e05b973ec4d15c658d51911e53507b"},"headline":"Trecho da BR-242, na Chapada Diamantina, \u00e9 liberado 24h ap\u00f3s batida entre seis ve\u00edculos; casal de empres\u00e1rios morreu","datePublished":"2022-10-17T21:00:45+00:00","mainEntityOfPage":{"@id":"https:\/\/brasilnoticias.org\/site\/trecho-da-br-242-na-chapada-diamantina-e-liberado-24h-apos-batida-entre-seis-veiculos-casal-de-empresarios-morreu\/"},"wordCount":275,"commentCount":0,"publisher":{"@id":"https:\/\/brasilnoticias.org\/site\/#organization"},"image":{"@id":"https:\/\/brasilnoticias.org\/site\/trecho-da-br-242-na-chapada-diamantina-e-liberado-24h-apos-batida-entre-seis-veiculos-casal-de-empresarios-morreu\/#primaryimage"},"thumbnailUrl":"https:\/\/brasilnoticias.org\/site\/wp-content\/uploads\/2022\/10\/Capturar-14.jpg","articleSection":["Not\u00edcias","\u00daltimas"],"inLanguage":"pt-PT","potentialAction":[{"@type":"CommentAction","name":"Comment","target":["https:\/\/brasilnoticias.org\/site\/trecho-da-br-242-na-chapada-diamantina-e-liberado-24h-apos-batida-entre-seis-veiculos-casal-de-empresarios-morreu\/#respond"]}]},{"@type":"WebPage","@id":"https:\/\/brasilnoticias.org\/site\/trecho-da-br-242-na-chapada-diamantina-e-liberado-24h-apos-batida-entre-seis-veiculos-casal-de-empresarios-morreu\/","url":"https:\/\/brasilnoticias.org\/site\/trecho-da-br-242-na-chapada-diamantina-e-liberado-24h-apos-batida-entre-seis-veiculos-casal-de-empresarios-morreu\/","name":"Trecho da BR-242, na Chapada Diamantina, \u00e9 liberado 24h ap\u00f3s batida entre seis ve\u00edculos; casal de empres\u00e1rios morreu - Brasil not\u00edcias","isPartOf":{"@id":"https:\/\/brasilnoticias.org\/site\/#website"},"primaryImageOfPage":{"@id":"https:\/\/brasilnoticias.org\/site\/trecho-da-br-242-na-chapada-diamantina-e-liberado-24h-apos-batida-entre-seis-veiculos-casal-de-empresarios-morreu\/#primaryimage"},"image":{"@id":"https:\/\/brasilnoticias.org\/site\/trecho-da-br-242-na-chapada-diamantina-e-liberado-24h-apos-batida-entre-seis-veiculos-casal-de-empresarios-morreu\/#primaryimage"},"thumbnailUrl":"https:\/\/brasilnoticias.org\/site\/wp-content\/uploads\/2022\/10\/Capturar-14.jpg","datePublished":"2022-10-17T21:00:45+00:00","breadcrumb":{"@id":"https:\/\/brasilnoticias.org\/site\/trecho-da-br-242-na-chapada-diamantina-e-liberado-24h-apos-batida-entre-seis-veiculos-casal-de-empresarios-morreu\/#breadcrumb"},"inLanguage":"pt-PT","potentialAction":[{"@type":"ReadAction","target":["https:\/\/brasilnoticias.org\/site\/trecho-da-br-242-na-chapada-diamantina-e-liberado-24h-apos-batida-entre-seis-veiculos-casal-de-empresarios-morreu\/"]}]},{"@type":"ImageObject","inLanguage":"pt-PT","@id":"https:\/\/brasilnoticias.org\/site\/trecho-da-br-242-na-chapada-diamantina-e-liberado-24h-apos-batida-entre-seis-veiculos-casal-de-empresarios-morreu\/#primaryimage","url":"https:\/\/brasilnoticias.org\/site\/wp-content\/uploads\/2022\/10\/Capturar-14.jpg","contentUrl":"https:\/\/brasilnoticias.org\/site\/wp-content\/uploads\/2022\/10\/Capturar-14.jpg","width":646,"height":362},{"@type":"BreadcrumbList","@id":"https:\/\/brasilnoticias.org\/site\/trecho-da-br-242-na-chapada-diamantina-e-liberado-24h-apos-batida-entre-seis-veiculos-casal-de-empresarios-morreu\/#breadcrumb","itemListElement":[{"@type":"ListItem","position":1,"name":"In\u00edcio","item":"https:\/\/brasilnoticias.org\/site\/"},{"@type":"ListItem","position":2,"name":"Trecho da BR-242, na Chapada Diamantina, \u00e9 liberado 24h ap\u00f3s batida entre seis ve\u00edculos; casal de empres\u00e1rios morreu"}]},{"@type":"WebSite","@id":"https:\/\/brasilnoticias.org\/site\/#website","url":"https:\/\/brasilnoticias.org\/site\/","name":"Brasil not\u00edcias","description":"Brasil not\u00edcias","publisher":{"@id":"https:\/\/brasilnoticias.org\/site\/#organization"},"potentialAction":[{"@type":"SearchAction","target":{"@type":"EntryPoint","urlTemplate":"https:\/\/brasilnoticias.org\/site\/?s={search_term_string}"},"query-input":{"@type":"PropertyValueSpecification","valueRequired":true,"valueName":"search_term_string"}}],"inLanguage":"pt-PT"},{"@type":"Organization","@id":"https:\/\/brasilnoticias.org\/site\/#organization","name":"Brasil not\u00edcias","url":"https:\/\/brasilnoticias.org\/site\/","logo":{"@type":"ImageObject","inLanguage":"pt-PT","@id":"https:\/\/brasilnoticias.org\/site\/#\/schema\/logo\/image\/","url":"https:\/\/brasilnoticias.org\/site\/wp-content\/uploads\/2022\/05\/cropped-brasilnoticias-mini.jpg","contentUrl":"https:\/\/brasilnoticias.org\/site\/wp-content\/uploads\/2022\/05\/cropped-brasilnoticias-mini.jpg","width":314,"height":86,"caption":"Brasil not\u00edcias"},"image":{"@id":"https:\/\/brasilnoticias.org\/site\/#\/schema\/logo\/image\/"}},{"@type":"Person","@id":"https:\/\/brasilnoticias.org\/site\/#\/schema\/person\/a0e05b973ec4d15c658d51911e53507b","name":"Reda\u00e7\u00e3o","image":{"@type":"ImageObject","inLanguage":"pt-PT","@id":"https:\/\/brasilnoticias.org\/site\/#\/schema\/person\/image\/","url":"https:\/\/secure.gravatar.com\/avatar\/75d8b050df2de108b08ae78dfb8e374892df24a383c67db9c46a9c604f6aee9c?s=96&d=mm&r=g","contentUrl":"https:\/\/secure.gravatar.com\/avatar\/75d8b050df2de108b08ae78dfb8e374892df24a383c67db9c46a9c604f6aee9c?s=96&d=mm&r=g","caption":"Reda\u00e7\u00e3o"},"sameAs":["https:\/\/brasilnoticias.org\/site"],"url":"https:\/\/brasilnoticias.org\/site\/author\/fernandozsngmail-com\/"}]}},"_links":{"self":[{"href":"https:\/\/brasilnoticias.org\/site\/wp-json\/wp\/v2\/posts\/1935","targetHints":{"allow":["GET"]}}],"collection":[{"href":"https:\/\/brasilnoticias.org\/site\/wp-json\/wp\/v2\/posts"}],"about":[{"href":"https:\/\/brasilnoticias.org\/site\/wp-json\/wp\/v2\/types\/post"}],"author":[{"embeddable":true,"href":"https:\/\/brasilnoticias.org\/site\/wp-json\/wp\/v2\/users\/1"}],"replies":[{"embeddable":true,"href":"https:\/\/brasilnoticias.org\/site\/wp-json\/wp\/v2\/comments?post=1935"}],"version-history":[{"count":1,"href":"https:\/\/brasilnoticias.org\/site\/wp-json\/wp\/v2\/posts\/1935\/revisions"}],"predecessor-version":[{"id":1937,"href":"https:\/\/brasilnoticias.org\/site\/wp-json\/wp\/v2\/posts\/1935\/revisions\/1937"}],"wp:featuredmedia":[{"embeddable":true,"href":"https:\/\/brasilnoticias.org\/site\/wp-json\/wp\/v2\/media\/1936"}],"wp:attachment":[{"href":"https:\/\/brasilnoticias.org\/site\/wp-json\/wp\/v2\/media?parent=1935"}],"wp:term":[{"taxonomy":"category","embeddable":true,"href":"https:\/\/brasilnoticias.org\/site\/wp-json\/wp\/v2\/categories?post=1935"},{"taxonomy":"post_tag","embeddable":true,"href":"https:\/\/brasilnoticias.org\/site\/wp-json\/wp\/v2\/tags?post=1935"}],"curies":[{"name":"wp","href":"https:\/\/api.w.org\/{rel}","templated":true}]}}