{"id":19381,"date":"2026-01-12T12:22:37","date_gmt":"2026-01-12T15:22:37","guid":{"rendered":"https:\/\/brasilnoticias.org\/site\/?p=19381"},"modified":"2026-01-12T12:22:37","modified_gmt":"2026-01-12T15:22:37","slug":"o-agente-secreto-faz-historia-no-globo-de-ouro-com-dois-premios","status":"publish","type":"post","link":"https:\/\/brasilnoticias.org\/site\/o-agente-secreto-faz-historia-no-globo-de-ouro-com-dois-premios\/","title":{"rendered":"\u201cO Agente Secreto\u201d faz hist\u00f3ria no Globo de Ouro com dois pr\u00eamios"},"content":{"rendered":"<p>O cinema brasileiro viveu uma noite hist\u00f3rica no Globo de Ouro 2026, realizado no The Beverly Hilton, em Los Angeles (EUA). O filme O Agente Secreto, dirigido por Kleber Mendon\u00e7a Filho, venceu duas das principais categorias da premia\u00e7\u00e3o: Melhor Filme em L\u00edngua N\u00e3o-Inglesa e Melhor Ator em Filme de Drama, com Wagner Moura.<\/p>\n<p>O an\u00fancio do pr\u00eamio de Melhor Filme em L\u00edngua N\u00e3o-Inglesa foi feito pelos atores Orlando Bloom e Minnie Driver, e o longa superou produ\u00e7\u00f5es de diferentes pa\u00edses. Em seu discurso, o diretor saudou o p\u00fablico brasileiro e agradeceu \u00e0 equipe envolvida no projeto.<\/p>\n<p>Wagner Moura, por sua vez, fez hist\u00f3ria ao conquistar a estatueta de Melhor Ator em Filme de Drama, refor\u00e7ando sua carreira internacional e destacando a cultura brasileira em sua fala de agradecimento.<\/p>\n<p>Apesar de O Agente Secreto n\u00e3o ter vencido na categoria principal de Melhor Filme de Drama \u2014 que ficou com Hamnet \u2014 a conquista de dois trof\u00e9us representa um marco para o audiovisual brasileiro em premia\u00e7\u00f5es internacionais, consolidando o pa\u00eds entre os destaques da temporada.<\/p>\n<p>Foto: Reuters\/Mario Anzuoni\/Proibbida reprodu\u00e7\u00e3o<br \/>\nFonte: Ag\u00eancia Brasil<\/p>\n","protected":false},"excerpt":{"rendered":"<p>O cinema brasileiro viveu uma noite hist\u00f3rica no Globo de Ouro 2026, realizado no The Beverly Hilton, em Los Angeles<\/p>\n","protected":false},"author":4,"featured_media":19382,"comment_status":"open","ping_status":"open","sticky":false,"template":"","format":"standard","meta":{"colormag_page_container_layout":"default_layout","colormag_page_sidebar_layout":"default_layout","_FSMCFIC_featured_image_caption":"","_FSMCFIC_featured_image_nocaption":"","_FSMCFIC_featured_image_hide":"","footnotes":""},"categories":[8,1],"tags":[],"class_list":["post-19381","post","type-post","status-publish","format-standard","has-post-thumbnail","hentry","category-entretenimento","category-ultimas"],"yoast_head":"<!-- This site is optimized with the Yoast SEO plugin v27.1.1 - https:\/\/yoast.com\/product\/yoast-seo-wordpress\/ -->\n<title>\u201cO Agente Secreto\u201d faz hist\u00f3ria no Globo de Ouro com dois pr\u00eamios - Brasil not\u00edcias<\/title>\n<meta name=\"robots\" content=\"index, follow, max-snippet:-1, max-image-preview:large, max-video-preview:-1\" \/>\n<link rel=\"canonical\" href=\"https:\/\/brasilnoticias.org\/site\/o-agente-secreto-faz-historia-no-globo-de-ouro-com-dois-premios\/\" \/>\n<meta property=\"og:locale\" content=\"pt_PT\" \/>\n<meta property=\"og:type\" content=\"article\" \/>\n<meta property=\"og:title\" content=\"\u201cO Agente Secreto\u201d faz hist\u00f3ria no Globo de Ouro com dois pr\u00eamios - Brasil not\u00edcias\" \/>\n<meta property=\"og:description\" content=\"O cinema brasileiro viveu uma noite hist\u00f3rica no Globo de Ouro 2026, realizado no The Beverly Hilton, em Los Angeles\" \/>\n<meta property=\"og:url\" content=\"https:\/\/brasilnoticias.org\/site\/o-agente-secreto-faz-historia-no-globo-de-ouro-com-dois-premios\/\" \/>\n<meta property=\"og:site_name\" content=\"Brasil not\u00edcias\" \/>\n<meta property=\"article:published_time\" content=\"2026-01-12T15:22:37+00:00\" \/>\n<meta property=\"og:image\" content=\"https:\/\/brasilnoticias.org\/site\/wp-content\/uploads\/2026\/01\/2026-01-12t052035z_58565728_hp1em1c0eu9uz_rtrmadp_3_awards-golden-globes.webp\" \/>\n\t<meta property=\"og:image:width\" content=\"1170\" \/>\n\t<meta property=\"og:image:height\" content=\"700\" \/>\n\t<meta property=\"og:image:type\" content=\"image\/webp\" \/>\n<meta name=\"author\" content=\"Reda\u00e7\u00e3o\" \/>\n<meta name=\"twitter:card\" content=\"summary_large_image\" \/>\n<meta name=\"twitter:label1\" content=\"Escrito por\" \/>\n\t<meta name=\"twitter:data1\" content=\"Reda\u00e7\u00e3o\" \/>\n\t<meta name=\"twitter:label2\" content=\"Tempo estimado de leitura\" \/>\n\t<meta name=\"twitter:data2\" content=\"1 minuto\" \/>\n<script type=\"application\/ld+json\" class=\"yoast-schema-graph\">{\"@context\":\"https:\/\/schema.org\",\"@graph\":[{\"@type\":\"Article\",\"@id\":\"https:\/\/brasilnoticias.org\/site\/o-agente-secreto-faz-historia-no-globo-de-ouro-com-dois-premios\/#article\",\"isPartOf\":{\"@id\":\"https:\/\/brasilnoticias.org\/site\/o-agente-secreto-faz-historia-no-globo-de-ouro-com-dois-premios\/\"},\"author\":{\"name\":\"Reda\u00e7\u00e3o\",\"@id\":\"https:\/\/brasilnoticias.org\/site\/#\/schema\/person\/03bbbfe6c7634ad18c26444ea39049fa\"},\"headline\":\"\u201cO Agente Secreto\u201d faz hist\u00f3ria no Globo de Ouro com dois pr\u00eamios\",\"datePublished\":\"2026-01-12T15:22:37+00:00\",\"mainEntityOfPage\":{\"@id\":\"https:\/\/brasilnoticias.org\/site\/o-agente-secreto-faz-historia-no-globo-de-ouro-com-dois-premios\/\"},\"wordCount\":212,\"commentCount\":0,\"publisher\":{\"@id\":\"https:\/\/brasilnoticias.org\/site\/#organization\"},\"image\":{\"@id\":\"https:\/\/brasilnoticias.org\/site\/o-agente-secreto-faz-historia-no-globo-de-ouro-com-dois-premios\/#primaryimage\"},\"thumbnailUrl\":\"https:\/\/brasilnoticias.org\/site\/wp-content\/uploads\/2026\/01\/2026-01-12t052035z_58565728_hp1em1c0eu9uz_rtrmadp_3_awards-golden-globes.webp\",\"articleSection\":[\"Entretenimento\",\"\u00daltimas\"],\"inLanguage\":\"pt-PT\",\"potentialAction\":[{\"@type\":\"CommentAction\",\"name\":\"Comment\",\"target\":[\"https:\/\/brasilnoticias.org\/site\/o-agente-secreto-faz-historia-no-globo-de-ouro-com-dois-premios\/#respond\"]}]},{\"@type\":\"WebPage\",\"@id\":\"https:\/\/brasilnoticias.org\/site\/o-agente-secreto-faz-historia-no-globo-de-ouro-com-dois-premios\/\",\"url\":\"https:\/\/brasilnoticias.org\/site\/o-agente-secreto-faz-historia-no-globo-de-ouro-com-dois-premios\/\",\"name\":\"\u201cO Agente Secreto\u201d faz hist\u00f3ria no Globo de Ouro com dois pr\u00eamios - Brasil not\u00edcias\",\"isPartOf\":{\"@id\":\"https:\/\/brasilnoticias.org\/site\/#website\"},\"primaryImageOfPage\":{\"@id\":\"https:\/\/brasilnoticias.org\/site\/o-agente-secreto-faz-historia-no-globo-de-ouro-com-dois-premios\/#primaryimage\"},\"image\":{\"@id\":\"https:\/\/brasilnoticias.org\/site\/o-agente-secreto-faz-historia-no-globo-de-ouro-com-dois-premios\/#primaryimage\"},\"thumbnailUrl\":\"https:\/\/brasilnoticias.org\/site\/wp-content\/uploads\/2026\/01\/2026-01-12t052035z_58565728_hp1em1c0eu9uz_rtrmadp_3_awards-golden-globes.webp\",\"datePublished\":\"2026-01-12T15:22:37+00:00\",\"breadcrumb\":{\"@id\":\"https:\/\/brasilnoticias.org\/site\/o-agente-secreto-faz-historia-no-globo-de-ouro-com-dois-premios\/#breadcrumb\"},\"inLanguage\":\"pt-PT\",\"potentialAction\":[{\"@type\":\"ReadAction\",\"target\":[\"https:\/\/brasilnoticias.org\/site\/o-agente-secreto-faz-historia-no-globo-de-ouro-com-dois-premios\/\"]}]},{\"@type\":\"ImageObject\",\"inLanguage\":\"pt-PT\",\"@id\":\"https:\/\/brasilnoticias.org\/site\/o-agente-secreto-faz-historia-no-globo-de-ouro-com-dois-premios\/#primaryimage\",\"url\":\"https:\/\/brasilnoticias.org\/site\/wp-content\/uploads\/2026\/01\/2026-01-12t052035z_58565728_hp1em1c0eu9uz_rtrmadp_3_awards-golden-globes.webp\",\"contentUrl\":\"https:\/\/brasilnoticias.org\/site\/wp-content\/uploads\/2026\/01\/2026-01-12t052035z_58565728_hp1em1c0eu9uz_rtrmadp_3_awards-golden-globes.webp\",\"width\":1170,\"height\":700},{\"@type\":\"BreadcrumbList\",\"@id\":\"https:\/\/brasilnoticias.org\/site\/o-agente-secreto-faz-historia-no-globo-de-ouro-com-dois-premios\/#breadcrumb\",\"itemListElement\":[{\"@type\":\"ListItem\",\"position\":1,\"name\":\"In\u00edcio\",\"item\":\"https:\/\/brasilnoticias.org\/site\/\"},{\"@type\":\"ListItem\",\"position\":2,\"name\":\"\u201cO Agente Secreto\u201d faz hist\u00f3ria no Globo de Ouro com dois pr\u00eamios\"}]},{\"@type\":\"WebSite\",\"@id\":\"https:\/\/brasilnoticias.org\/site\/#website\",\"url\":\"https:\/\/brasilnoticias.org\/site\/\",\"name\":\"Brasil not\u00edcias\",\"description\":\"Brasil not\u00edcias\",\"publisher\":{\"@id\":\"https:\/\/brasilnoticias.org\/site\/#organization\"},\"potentialAction\":[{\"@type\":\"SearchAction\",\"target\":{\"@type\":\"EntryPoint\",\"urlTemplate\":\"https:\/\/brasilnoticias.org\/site\/?s={search_term_string}\"},\"query-input\":{\"@type\":\"PropertyValueSpecification\",\"valueRequired\":true,\"valueName\":\"search_term_string\"}}],\"inLanguage\":\"pt-PT\"},{\"@type\":\"Organization\",\"@id\":\"https:\/\/brasilnoticias.org\/site\/#organization\",\"name\":\"Brasil not\u00edcias\",\"url\":\"https:\/\/brasilnoticias.org\/site\/\",\"logo\":{\"@type\":\"ImageObject\",\"inLanguage\":\"pt-PT\",\"@id\":\"https:\/\/brasilnoticias.org\/site\/#\/schema\/logo\/image\/\",\"url\":\"https:\/\/brasilnoticias.org\/site\/wp-content\/uploads\/2022\/05\/cropped-brasilnoticias-mini.jpg\",\"contentUrl\":\"https:\/\/brasilnoticias.org\/site\/wp-content\/uploads\/2022\/05\/cropped-brasilnoticias-mini.jpg\",\"width\":314,\"height\":86,\"caption\":\"Brasil not\u00edcias\"},\"image\":{\"@id\":\"https:\/\/brasilnoticias.org\/site\/#\/schema\/logo\/image\/\"}},{\"@type\":\"Person\",\"@id\":\"https:\/\/brasilnoticias.org\/site\/#\/schema\/person\/03bbbfe6c7634ad18c26444ea39049fa\",\"name\":\"Reda\u00e7\u00e3o\",\"image\":{\"@type\":\"ImageObject\",\"inLanguage\":\"pt-PT\",\"@id\":\"https:\/\/brasilnoticias.org\/site\/#\/schema\/person\/image\/\",\"url\":\"https:\/\/secure.gravatar.com\/avatar\/9ecaf7327a696cb23ad926fedded5f1f04d7049de9e445375d55b48c001a6e42?s=96&d=mm&r=g\",\"contentUrl\":\"https:\/\/secure.gravatar.com\/avatar\/9ecaf7327a696cb23ad926fedded5f1f04d7049de9e445375d55b48c001a6e42?s=96&d=mm&r=g\",\"caption\":\"Reda\u00e7\u00e3o\"},\"url\":\"https:\/\/brasilnoticias.org\/site\/author\/henrique\/\"}]}<\/script>\n<!-- \/ Yoast SEO plugin. -->","yoast_head_json":{"title":"\u201cO Agente Secreto\u201d faz hist\u00f3ria no Globo de Ouro com dois pr\u00eamios - Brasil not\u00edcias","robots":{"index":"index","follow":"follow","max-snippet":"max-snippet:-1","max-image-preview":"max-image-preview:large","max-video-preview":"max-video-preview:-1"},"canonical":"https:\/\/brasilnoticias.org\/site\/o-agente-secreto-faz-historia-no-globo-de-ouro-com-dois-premios\/","og_locale":"pt_PT","og_type":"article","og_title":"\u201cO Agente Secreto\u201d faz hist\u00f3ria no Globo de Ouro com dois pr\u00eamios - Brasil not\u00edcias","og_description":"O cinema brasileiro viveu uma noite hist\u00f3rica no Globo de Ouro 2026, realizado no The Beverly Hilton, em Los Angeles","og_url":"https:\/\/brasilnoticias.org\/site\/o-agente-secreto-faz-historia-no-globo-de-ouro-com-dois-premios\/","og_site_name":"Brasil not\u00edcias","article_published_time":"2026-01-12T15:22:37+00:00","og_image":[{"width":1170,"height":700,"url":"https:\/\/brasilnoticias.org\/site\/wp-content\/uploads\/2026\/01\/2026-01-12t052035z_58565728_hp1em1c0eu9uz_rtrmadp_3_awards-golden-globes.webp","type":"image\/webp"}],"author":"Reda\u00e7\u00e3o","twitter_card":"summary_large_image","twitter_misc":{"Escrito por":"Reda\u00e7\u00e3o","Tempo estimado de leitura":"1 minuto"},"schema":{"@context":"https:\/\/schema.org","@graph":[{"@type":"Article","@id":"https:\/\/brasilnoticias.org\/site\/o-agente-secreto-faz-historia-no-globo-de-ouro-com-dois-premios\/#article","isPartOf":{"@id":"https:\/\/brasilnoticias.org\/site\/o-agente-secreto-faz-historia-no-globo-de-ouro-com-dois-premios\/"},"author":{"name":"Reda\u00e7\u00e3o","@id":"https:\/\/brasilnoticias.org\/site\/#\/schema\/person\/03bbbfe6c7634ad18c26444ea39049fa"},"headline":"\u201cO Agente Secreto\u201d faz hist\u00f3ria no Globo de Ouro com dois pr\u00eamios","datePublished":"2026-01-12T15:22:37+00:00","mainEntityOfPage":{"@id":"https:\/\/brasilnoticias.org\/site\/o-agente-secreto-faz-historia-no-globo-de-ouro-com-dois-premios\/"},"wordCount":212,"commentCount":0,"publisher":{"@id":"https:\/\/brasilnoticias.org\/site\/#organization"},"image":{"@id":"https:\/\/brasilnoticias.org\/site\/o-agente-secreto-faz-historia-no-globo-de-ouro-com-dois-premios\/#primaryimage"},"thumbnailUrl":"https:\/\/brasilnoticias.org\/site\/wp-content\/uploads\/2026\/01\/2026-01-12t052035z_58565728_hp1em1c0eu9uz_rtrmadp_3_awards-golden-globes.webp","articleSection":["Entretenimento","\u00daltimas"],"inLanguage":"pt-PT","potentialAction":[{"@type":"CommentAction","name":"Comment","target":["https:\/\/brasilnoticias.org\/site\/o-agente-secreto-faz-historia-no-globo-de-ouro-com-dois-premios\/#respond"]}]},{"@type":"WebPage","@id":"https:\/\/brasilnoticias.org\/site\/o-agente-secreto-faz-historia-no-globo-de-ouro-com-dois-premios\/","url":"https:\/\/brasilnoticias.org\/site\/o-agente-secreto-faz-historia-no-globo-de-ouro-com-dois-premios\/","name":"\u201cO Agente Secreto\u201d faz hist\u00f3ria no Globo de Ouro com dois pr\u00eamios - Brasil not\u00edcias","isPartOf":{"@id":"https:\/\/brasilnoticias.org\/site\/#website"},"primaryImageOfPage":{"@id":"https:\/\/brasilnoticias.org\/site\/o-agente-secreto-faz-historia-no-globo-de-ouro-com-dois-premios\/#primaryimage"},"image":{"@id":"https:\/\/brasilnoticias.org\/site\/o-agente-secreto-faz-historia-no-globo-de-ouro-com-dois-premios\/#primaryimage"},"thumbnailUrl":"https:\/\/brasilnoticias.org\/site\/wp-content\/uploads\/2026\/01\/2026-01-12t052035z_58565728_hp1em1c0eu9uz_rtrmadp_3_awards-golden-globes.webp","datePublished":"2026-01-12T15:22:37+00:00","breadcrumb":{"@id":"https:\/\/brasilnoticias.org\/site\/o-agente-secreto-faz-historia-no-globo-de-ouro-com-dois-premios\/#breadcrumb"},"inLanguage":"pt-PT","potentialAction":[{"@type":"ReadAction","target":["https:\/\/brasilnoticias.org\/site\/o-agente-secreto-faz-historia-no-globo-de-ouro-com-dois-premios\/"]}]},{"@type":"ImageObject","inLanguage":"pt-PT","@id":"https:\/\/brasilnoticias.org\/site\/o-agente-secreto-faz-historia-no-globo-de-ouro-com-dois-premios\/#primaryimage","url":"https:\/\/brasilnoticias.org\/site\/wp-content\/uploads\/2026\/01\/2026-01-12t052035z_58565728_hp1em1c0eu9uz_rtrmadp_3_awards-golden-globes.webp","contentUrl":"https:\/\/brasilnoticias.org\/site\/wp-content\/uploads\/2026\/01\/2026-01-12t052035z_58565728_hp1em1c0eu9uz_rtrmadp_3_awards-golden-globes.webp","width":1170,"height":700},{"@type":"BreadcrumbList","@id":"https:\/\/brasilnoticias.org\/site\/o-agente-secreto-faz-historia-no-globo-de-ouro-com-dois-premios\/#breadcrumb","itemListElement":[{"@type":"ListItem","position":1,"name":"In\u00edcio","item":"https:\/\/brasilnoticias.org\/site\/"},{"@type":"ListItem","position":2,"name":"\u201cO Agente Secreto\u201d faz hist\u00f3ria no Globo de Ouro com dois pr\u00eamios"}]},{"@type":"WebSite","@id":"https:\/\/brasilnoticias.org\/site\/#website","url":"https:\/\/brasilnoticias.org\/site\/","name":"Brasil not\u00edcias","description":"Brasil not\u00edcias","publisher":{"@id":"https:\/\/brasilnoticias.org\/site\/#organization"},"potentialAction":[{"@type":"SearchAction","target":{"@type":"EntryPoint","urlTemplate":"https:\/\/brasilnoticias.org\/site\/?s={search_term_string}"},"query-input":{"@type":"PropertyValueSpecification","valueRequired":true,"valueName":"search_term_string"}}],"inLanguage":"pt-PT"},{"@type":"Organization","@id":"https:\/\/brasilnoticias.org\/site\/#organization","name":"Brasil not\u00edcias","url":"https:\/\/brasilnoticias.org\/site\/","logo":{"@type":"ImageObject","inLanguage":"pt-PT","@id":"https:\/\/brasilnoticias.org\/site\/#\/schema\/logo\/image\/","url":"https:\/\/brasilnoticias.org\/site\/wp-content\/uploads\/2022\/05\/cropped-brasilnoticias-mini.jpg","contentUrl":"https:\/\/brasilnoticias.org\/site\/wp-content\/uploads\/2022\/05\/cropped-brasilnoticias-mini.jpg","width":314,"height":86,"caption":"Brasil not\u00edcias"},"image":{"@id":"https:\/\/brasilnoticias.org\/site\/#\/schema\/logo\/image\/"}},{"@type":"Person","@id":"https:\/\/brasilnoticias.org\/site\/#\/schema\/person\/03bbbfe6c7634ad18c26444ea39049fa","name":"Reda\u00e7\u00e3o","image":{"@type":"ImageObject","inLanguage":"pt-PT","@id":"https:\/\/brasilnoticias.org\/site\/#\/schema\/person\/image\/","url":"https:\/\/secure.gravatar.com\/avatar\/9ecaf7327a696cb23ad926fedded5f1f04d7049de9e445375d55b48c001a6e42?s=96&d=mm&r=g","contentUrl":"https:\/\/secure.gravatar.com\/avatar\/9ecaf7327a696cb23ad926fedded5f1f04d7049de9e445375d55b48c001a6e42?s=96&d=mm&r=g","caption":"Reda\u00e7\u00e3o"},"url":"https:\/\/brasilnoticias.org\/site\/author\/henrique\/"}]}},"_links":{"self":[{"href":"https:\/\/brasilnoticias.org\/site\/wp-json\/wp\/v2\/posts\/19381","targetHints":{"allow":["GET"]}}],"collection":[{"href":"https:\/\/brasilnoticias.org\/site\/wp-json\/wp\/v2\/posts"}],"about":[{"href":"https:\/\/brasilnoticias.org\/site\/wp-json\/wp\/v2\/types\/post"}],"author":[{"embeddable":true,"href":"https:\/\/brasilnoticias.org\/site\/wp-json\/wp\/v2\/users\/4"}],"replies":[{"embeddable":true,"href":"https:\/\/brasilnoticias.org\/site\/wp-json\/wp\/v2\/comments?post=19381"}],"version-history":[{"count":1,"href":"https:\/\/brasilnoticias.org\/site\/wp-json\/wp\/v2\/posts\/19381\/revisions"}],"predecessor-version":[{"id":19383,"href":"https:\/\/brasilnoticias.org\/site\/wp-json\/wp\/v2\/posts\/19381\/revisions\/19383"}],"wp:featuredmedia":[{"embeddable":true,"href":"https:\/\/brasilnoticias.org\/site\/wp-json\/wp\/v2\/media\/19382"}],"wp:attachment":[{"href":"https:\/\/brasilnoticias.org\/site\/wp-json\/wp\/v2\/media?parent=19381"}],"wp:term":[{"taxonomy":"category","embeddable":true,"href":"https:\/\/brasilnoticias.org\/site\/wp-json\/wp\/v2\/categories?post=19381"},{"taxonomy":"post_tag","embeddable":true,"href":"https:\/\/brasilnoticias.org\/site\/wp-json\/wp\/v2\/tags?post=19381"}],"curies":[{"name":"wp","href":"https:\/\/api.w.org\/{rel}","templated":true}]}}