{"id":19385,"date":"2026-01-12T15:51:50","date_gmt":"2026-01-12T18:51:50","guid":{"rendered":"https:\/\/brasilnoticias.org\/site\/?p=19385"},"modified":"2026-01-12T15:51:50","modified_gmt":"2026-01-12T18:51:50","slug":"nilo-aceita-vice-se-coronel-for-para-oposicao-mas-cogita-lancar-candidatura-avulsa-ao-senado-se-for-preterido-por-nome-mais-fraco","status":"publish","type":"post","link":"https:\/\/brasilnoticias.org\/site\/nilo-aceita-vice-se-coronel-for-para-oposicao-mas-cogita-lancar-candidatura-avulsa-ao-senado-se-for-preterido-por-nome-mais-fraco\/","title":{"rendered":"Nilo aceita vice se Coronel for para oposi\u00e7\u00e3o, mas cogita lan\u00e7ar candidatura avulsa ao Senado se for preterido por nome &#8216;mais fraco&#8217;"},"content":{"rendered":"<p>O ex-deputado federal e ex-presidente da Assembleia Legislativa da Bahia, Marcelo Nilo (Republicanos), fez um alerta ao grupo pol\u00edtico liderado por ACM Neto: aceita ser vice-governador caso o senador Angelo Coronel decida romper com o PSD e migrar para a oposi\u00e7\u00e3o, mas n\u00e3o aceitar\u00e1 ficar fora da chapa se for substitu\u00eddo por algu\u00e9m que considere politicamente mais fraco. <\/p>\n<p>A declara\u00e7\u00e3o, dada em entrevista \u00e0 CBN Salvador, dialoga diretamente com o imbr\u00f3glio que envolve Coronel e o senador Otto Alencar e antecipa um novo foco de tens\u00e3o na montagem da chapa oposicionista para 2026.<\/p>\n<p>\u201cEu quero ser candidato a senador. Se Coronel vier, eu aceito e concordo. Ele \u00e9 senador, vem do outro lado. Nesse caso, eu vou lutar para ser o vice\u201d, afirmou Nilo, ao reconhecer que a eventual entrada do social-democrata muda completamente a l\u00f3gica da composi\u00e7\u00e3o.<\/p>\n<p>Segundo ele, hoje apenas quatro nomes estariam, de fato, no jogo pelo Senado no campo de Neto: o pr\u00f3prio Nilo, Coronel, o deputado federal M\u00e1rcio Marinho e Jo\u00e3o Roma (PL). De acordo com o ex-presidente da Assembleia, outros nomes cogitados em conversas iniciais, como os prefeitos Jos\u00e9 Ronaldo (Feira de Santana) e Sheila Lemos (Vit\u00f3ria da Conquista), ambos do Uni\u00e3o, j\u00e1 teriam descartado a disputa.<\/p>\n<p>Nilo fez quest\u00e3o de enfatizar que n\u00e3o trabalha com a hip\u00f3tese de rompimento com Neto, mas deixou claro que n\u00e3o repetir\u00e1 o comportamento da \u00faltima elei\u00e7\u00e3o, quando se sentiu politicamente esvaziado. \u201cDessa vez eu n\u00e3o vou errar. N\u00e3o vou ficar puto da vida e calado, como fiquei da outra vez\u201d, disse.<\/p>\n<p>O tom sobe quando o ex-deputado trata da possibilidade de ficar fora da chapa majorit\u00e1ria. Para ele, a escolha de um vice sem densidade pol\u00edtica seria inaceit\u00e1vel. \u201cSe colocarem um vice que n\u00e3o tenha a minha for\u00e7a pol\u00edtica, a minha lealdade pol\u00edtica e a minha coragem pol\u00edtica, eu vou procurar um partido e vou sair candidato a senador\u201d, avisou.<\/p>\n<p>Nilo citou como exemplo negativo a escolha da empres\u00e1ria Ana Coelho em 2022 e foi direto ao ponto: \u201cCom todo respeito, eu engoli uma vez. Dessa vez, n\u00e3o engulo mais. Vice mais fraco do que eu, n\u00e3o.\u201d<\/p>\n<p>Mesmo se houver confronto interno, o ex-parlamentar refor\u00e7ou que seguir\u00e1 alinhado ao ex-prefeito de Salvador. \u201cO voto de Neto \u00e9 garantido. Vou trabalhar para ele. Mas eu quero ser senador\u201d, afirmou, ao explicar que uma candidatura independente n\u00e3o significaria trai\u00e7\u00e3o pol\u00edtica.<\/p>\n<p>Ele revelou, inclusive, j\u00e1 ter recebido convites formais para disputar o Senado fora da chapa principal, entre eles do ex-ministro Aldo Rebelo, hoje no DC. \u201cSe eu arranjar um partido, eu vou. Saio avulso, apoiando Neto a governador\u201d, completou.<\/p>\n<p>A chance de indica\u00e7\u00e3o ao Tribunal de Contas, como Nilo tentou em 2023 \u2014 quando a ex-primeira-dama Aline Peixoto foi escolhida pela Alba para o TCM \u2014, est\u00e1 fora de cogita\u00e7\u00e3o, pois o republicano j\u00e1 completou 70 anos.<\/p>\n<p>Foto: Evil\u00e1sio J\u00fanior<br \/>\nFonte: <a href=\"https:\/\/www.blogdovila.com.br\/noticia\/nilo-avulso\">Blog do Vila<\/a><\/p>\n","protected":false},"excerpt":{"rendered":"<p>O ex-deputado federal e ex-presidente da Assembleia Legislativa da Bahia, Marcelo Nilo (Republicanos), fez um alerta ao grupo pol\u00edtico liderado<\/p>\n","protected":false},"author":4,"featured_media":19386,"comment_status":"open","ping_status":"open","sticky":false,"template":"","format":"standard","meta":{"colormag_page_container_layout":"default_layout","colormag_page_sidebar_layout":"default_layout","_FSMCFIC_featured_image_caption":"","_FSMCFIC_featured_image_nocaption":"","_FSMCFIC_featured_image_hide":"","footnotes":""},"categories":[5,1],"tags":[],"class_list":["post-19385","post","type-post","status-publish","format-standard","has-post-thumbnail","hentry","category-politica","category-ultimas"],"yoast_head":"<!-- This site is optimized with the Yoast SEO plugin v27.1.1 - https:\/\/yoast.com\/product\/yoast-seo-wordpress\/ -->\n<title>Nilo aceita vice se Coronel for para oposi\u00e7\u00e3o, mas cogita lan\u00e7ar candidatura avulsa ao Senado se for preterido por nome &#039;mais fraco&#039; - Brasil not\u00edcias<\/title>\n<meta name=\"robots\" content=\"index, follow, max-snippet:-1, max-image-preview:large, max-video-preview:-1\" \/>\n<link rel=\"canonical\" href=\"https:\/\/brasilnoticias.org\/site\/nilo-aceita-vice-se-coronel-for-para-oposicao-mas-cogita-lancar-candidatura-avulsa-ao-senado-se-for-preterido-por-nome-mais-fraco\/\" \/>\n<meta property=\"og:locale\" content=\"pt_PT\" \/>\n<meta property=\"og:type\" content=\"article\" \/>\n<meta property=\"og:title\" content=\"Nilo aceita vice se Coronel for para oposi\u00e7\u00e3o, mas cogita lan\u00e7ar candidatura avulsa ao Senado se for preterido por nome &#039;mais fraco&#039; - Brasil not\u00edcias\" \/>\n<meta property=\"og:description\" content=\"O ex-deputado federal e ex-presidente da Assembleia Legislativa da Bahia, Marcelo Nilo (Republicanos), fez um alerta ao grupo pol\u00edtico liderado\" \/>\n<meta property=\"og:url\" content=\"https:\/\/brasilnoticias.org\/site\/nilo-aceita-vice-se-coronel-for-para-oposicao-mas-cogita-lancar-candidatura-avulsa-ao-senado-se-for-preterido-por-nome-mais-fraco\/\" \/>\n<meta property=\"og:site_name\" content=\"Brasil not\u00edcias\" \/>\n<meta property=\"article:published_time\" content=\"2026-01-12T18:51:50+00:00\" \/>\n<meta property=\"og:image\" content=\"https:\/\/brasilnoticias.org\/site\/wp-content\/uploads\/2026\/01\/WhatsApp-Image-2026-01-12-at-12.59.29.jpeg\" \/>\n\t<meta property=\"og:image:width\" content=\"1280\" \/>\n\t<meta property=\"og:image:height\" content=\"720\" \/>\n\t<meta property=\"og:image:type\" content=\"image\/jpeg\" \/>\n<meta name=\"author\" content=\"Reda\u00e7\u00e3o\" \/>\n<meta name=\"twitter:card\" content=\"summary_large_image\" \/>\n<meta name=\"twitter:label1\" content=\"Escrito por\" \/>\n\t<meta name=\"twitter:data1\" content=\"Reda\u00e7\u00e3o\" \/>\n\t<meta name=\"twitter:label2\" content=\"Tempo estimado de leitura\" \/>\n\t<meta name=\"twitter:data2\" content=\"1 minuto\" \/>\n<script type=\"application\/ld+json\" class=\"yoast-schema-graph\">{\"@context\":\"https:\/\/schema.org\",\"@graph\":[{\"@type\":\"Article\",\"@id\":\"https:\/\/brasilnoticias.org\/site\/nilo-aceita-vice-se-coronel-for-para-oposicao-mas-cogita-lancar-candidatura-avulsa-ao-senado-se-for-preterido-por-nome-mais-fraco\/#article\",\"isPartOf\":{\"@id\":\"https:\/\/brasilnoticias.org\/site\/nilo-aceita-vice-se-coronel-for-para-oposicao-mas-cogita-lancar-candidatura-avulsa-ao-senado-se-for-preterido-por-nome-mais-fraco\/\"},\"author\":{\"name\":\"Reda\u00e7\u00e3o\",\"@id\":\"https:\/\/brasilnoticias.org\/site\/#\/schema\/person\/03bbbfe6c7634ad18c26444ea39049fa\"},\"headline\":\"Nilo aceita vice se Coronel for para oposi\u00e7\u00e3o, mas cogita lan\u00e7ar candidatura avulsa ao Senado se for preterido por nome &#8216;mais fraco&#8217;\",\"datePublished\":\"2026-01-12T18:51:50+00:00\",\"mainEntityOfPage\":{\"@id\":\"https:\/\/brasilnoticias.org\/site\/nilo-aceita-vice-se-coronel-for-para-oposicao-mas-cogita-lancar-candidatura-avulsa-ao-senado-se-for-preterido-por-nome-mais-fraco\/\"},\"wordCount\":531,\"commentCount\":0,\"publisher\":{\"@id\":\"https:\/\/brasilnoticias.org\/site\/#organization\"},\"image\":{\"@id\":\"https:\/\/brasilnoticias.org\/site\/nilo-aceita-vice-se-coronel-for-para-oposicao-mas-cogita-lancar-candidatura-avulsa-ao-senado-se-for-preterido-por-nome-mais-fraco\/#primaryimage\"},\"thumbnailUrl\":\"https:\/\/brasilnoticias.org\/site\/wp-content\/uploads\/2026\/01\/WhatsApp-Image-2026-01-12-at-12.59.29.jpeg\",\"articleSection\":[\"Pol\u00edtica\",\"\u00daltimas\"],\"inLanguage\":\"pt-PT\",\"potentialAction\":[{\"@type\":\"CommentAction\",\"name\":\"Comment\",\"target\":[\"https:\/\/brasilnoticias.org\/site\/nilo-aceita-vice-se-coronel-for-para-oposicao-mas-cogita-lancar-candidatura-avulsa-ao-senado-se-for-preterido-por-nome-mais-fraco\/#respond\"]}]},{\"@type\":\"WebPage\",\"@id\":\"https:\/\/brasilnoticias.org\/site\/nilo-aceita-vice-se-coronel-for-para-oposicao-mas-cogita-lancar-candidatura-avulsa-ao-senado-se-for-preterido-por-nome-mais-fraco\/\",\"url\":\"https:\/\/brasilnoticias.org\/site\/nilo-aceita-vice-se-coronel-for-para-oposicao-mas-cogita-lancar-candidatura-avulsa-ao-senado-se-for-preterido-por-nome-mais-fraco\/\",\"name\":\"Nilo aceita vice se Coronel for para oposi\u00e7\u00e3o, mas cogita lan\u00e7ar candidatura avulsa ao Senado se for preterido por nome 'mais fraco' - Brasil not\u00edcias\",\"isPartOf\":{\"@id\":\"https:\/\/brasilnoticias.org\/site\/#website\"},\"primaryImageOfPage\":{\"@id\":\"https:\/\/brasilnoticias.org\/site\/nilo-aceita-vice-se-coronel-for-para-oposicao-mas-cogita-lancar-candidatura-avulsa-ao-senado-se-for-preterido-por-nome-mais-fraco\/#primaryimage\"},\"image\":{\"@id\":\"https:\/\/brasilnoticias.org\/site\/nilo-aceita-vice-se-coronel-for-para-oposicao-mas-cogita-lancar-candidatura-avulsa-ao-senado-se-for-preterido-por-nome-mais-fraco\/#primaryimage\"},\"thumbnailUrl\":\"https:\/\/brasilnoticias.org\/site\/wp-content\/uploads\/2026\/01\/WhatsApp-Image-2026-01-12-at-12.59.29.jpeg\",\"datePublished\":\"2026-01-12T18:51:50+00:00\",\"breadcrumb\":{\"@id\":\"https:\/\/brasilnoticias.org\/site\/nilo-aceita-vice-se-coronel-for-para-oposicao-mas-cogita-lancar-candidatura-avulsa-ao-senado-se-for-preterido-por-nome-mais-fraco\/#breadcrumb\"},\"inLanguage\":\"pt-PT\",\"potentialAction\":[{\"@type\":\"ReadAction\",\"target\":[\"https:\/\/brasilnoticias.org\/site\/nilo-aceita-vice-se-coronel-for-para-oposicao-mas-cogita-lancar-candidatura-avulsa-ao-senado-se-for-preterido-por-nome-mais-fraco\/\"]}]},{\"@type\":\"ImageObject\",\"inLanguage\":\"pt-PT\",\"@id\":\"https:\/\/brasilnoticias.org\/site\/nilo-aceita-vice-se-coronel-for-para-oposicao-mas-cogita-lancar-candidatura-avulsa-ao-senado-se-for-preterido-por-nome-mais-fraco\/#primaryimage\",\"url\":\"https:\/\/brasilnoticias.org\/site\/wp-content\/uploads\/2026\/01\/WhatsApp-Image-2026-01-12-at-12.59.29.jpeg\",\"contentUrl\":\"https:\/\/brasilnoticias.org\/site\/wp-content\/uploads\/2026\/01\/WhatsApp-Image-2026-01-12-at-12.59.29.jpeg\",\"width\":1280,\"height\":720},{\"@type\":\"BreadcrumbList\",\"@id\":\"https:\/\/brasilnoticias.org\/site\/nilo-aceita-vice-se-coronel-for-para-oposicao-mas-cogita-lancar-candidatura-avulsa-ao-senado-se-for-preterido-por-nome-mais-fraco\/#breadcrumb\",\"itemListElement\":[{\"@type\":\"ListItem\",\"position\":1,\"name\":\"In\u00edcio\",\"item\":\"https:\/\/brasilnoticias.org\/site\/\"},{\"@type\":\"ListItem\",\"position\":2,\"name\":\"Nilo aceita vice se Coronel for para oposi\u00e7\u00e3o, mas cogita lan\u00e7ar candidatura avulsa ao Senado se for preterido por nome &#8216;mais fraco&#8217;\"}]},{\"@type\":\"WebSite\",\"@id\":\"https:\/\/brasilnoticias.org\/site\/#website\",\"url\":\"https:\/\/brasilnoticias.org\/site\/\",\"name\":\"Brasil not\u00edcias\",\"description\":\"Brasil not\u00edcias\",\"publisher\":{\"@id\":\"https:\/\/brasilnoticias.org\/site\/#organization\"},\"potentialAction\":[{\"@type\":\"SearchAction\",\"target\":{\"@type\":\"EntryPoint\",\"urlTemplate\":\"https:\/\/brasilnoticias.org\/site\/?s={search_term_string}\"},\"query-input\":{\"@type\":\"PropertyValueSpecification\",\"valueRequired\":true,\"valueName\":\"search_term_string\"}}],\"inLanguage\":\"pt-PT\"},{\"@type\":\"Organization\",\"@id\":\"https:\/\/brasilnoticias.org\/site\/#organization\",\"name\":\"Brasil not\u00edcias\",\"url\":\"https:\/\/brasilnoticias.org\/site\/\",\"logo\":{\"@type\":\"ImageObject\",\"inLanguage\":\"pt-PT\",\"@id\":\"https:\/\/brasilnoticias.org\/site\/#\/schema\/logo\/image\/\",\"url\":\"https:\/\/brasilnoticias.org\/site\/wp-content\/uploads\/2022\/05\/cropped-brasilnoticias-mini.jpg\",\"contentUrl\":\"https:\/\/brasilnoticias.org\/site\/wp-content\/uploads\/2022\/05\/cropped-brasilnoticias-mini.jpg\",\"width\":314,\"height\":86,\"caption\":\"Brasil not\u00edcias\"},\"image\":{\"@id\":\"https:\/\/brasilnoticias.org\/site\/#\/schema\/logo\/image\/\"}},{\"@type\":\"Person\",\"@id\":\"https:\/\/brasilnoticias.org\/site\/#\/schema\/person\/03bbbfe6c7634ad18c26444ea39049fa\",\"name\":\"Reda\u00e7\u00e3o\",\"image\":{\"@type\":\"ImageObject\",\"inLanguage\":\"pt-PT\",\"@id\":\"https:\/\/brasilnoticias.org\/site\/#\/schema\/person\/image\/\",\"url\":\"https:\/\/secure.gravatar.com\/avatar\/9ecaf7327a696cb23ad926fedded5f1f04d7049de9e445375d55b48c001a6e42?s=96&d=mm&r=g\",\"contentUrl\":\"https:\/\/secure.gravatar.com\/avatar\/9ecaf7327a696cb23ad926fedded5f1f04d7049de9e445375d55b48c001a6e42?s=96&d=mm&r=g\",\"caption\":\"Reda\u00e7\u00e3o\"},\"url\":\"https:\/\/brasilnoticias.org\/site\/author\/henrique\/\"}]}<\/script>\n<!-- \/ Yoast SEO plugin. -->","yoast_head_json":{"title":"Nilo aceita vice se Coronel for para oposi\u00e7\u00e3o, mas cogita lan\u00e7ar candidatura avulsa ao Senado se for preterido por nome 'mais fraco' - Brasil not\u00edcias","robots":{"index":"index","follow":"follow","max-snippet":"max-snippet:-1","max-image-preview":"max-image-preview:large","max-video-preview":"max-video-preview:-1"},"canonical":"https:\/\/brasilnoticias.org\/site\/nilo-aceita-vice-se-coronel-for-para-oposicao-mas-cogita-lancar-candidatura-avulsa-ao-senado-se-for-preterido-por-nome-mais-fraco\/","og_locale":"pt_PT","og_type":"article","og_title":"Nilo aceita vice se Coronel for para oposi\u00e7\u00e3o, mas cogita lan\u00e7ar candidatura avulsa ao Senado se for preterido por nome 'mais fraco' - Brasil not\u00edcias","og_description":"O ex-deputado federal e ex-presidente da Assembleia Legislativa da Bahia, Marcelo Nilo (Republicanos), fez um alerta ao grupo pol\u00edtico liderado","og_url":"https:\/\/brasilnoticias.org\/site\/nilo-aceita-vice-se-coronel-for-para-oposicao-mas-cogita-lancar-candidatura-avulsa-ao-senado-se-for-preterido-por-nome-mais-fraco\/","og_site_name":"Brasil not\u00edcias","article_published_time":"2026-01-12T18:51:50+00:00","og_image":[{"width":1280,"height":720,"url":"https:\/\/brasilnoticias.org\/site\/wp-content\/uploads\/2026\/01\/WhatsApp-Image-2026-01-12-at-12.59.29.jpeg","type":"image\/jpeg"}],"author":"Reda\u00e7\u00e3o","twitter_card":"summary_large_image","twitter_misc":{"Escrito por":"Reda\u00e7\u00e3o","Tempo estimado de leitura":"1 minuto"},"schema":{"@context":"https:\/\/schema.org","@graph":[{"@type":"Article","@id":"https:\/\/brasilnoticias.org\/site\/nilo-aceita-vice-se-coronel-for-para-oposicao-mas-cogita-lancar-candidatura-avulsa-ao-senado-se-for-preterido-por-nome-mais-fraco\/#article","isPartOf":{"@id":"https:\/\/brasilnoticias.org\/site\/nilo-aceita-vice-se-coronel-for-para-oposicao-mas-cogita-lancar-candidatura-avulsa-ao-senado-se-for-preterido-por-nome-mais-fraco\/"},"author":{"name":"Reda\u00e7\u00e3o","@id":"https:\/\/brasilnoticias.org\/site\/#\/schema\/person\/03bbbfe6c7634ad18c26444ea39049fa"},"headline":"Nilo aceita vice se Coronel for para oposi\u00e7\u00e3o, mas cogita lan\u00e7ar candidatura avulsa ao Senado se for preterido por nome &#8216;mais fraco&#8217;","datePublished":"2026-01-12T18:51:50+00:00","mainEntityOfPage":{"@id":"https:\/\/brasilnoticias.org\/site\/nilo-aceita-vice-se-coronel-for-para-oposicao-mas-cogita-lancar-candidatura-avulsa-ao-senado-se-for-preterido-por-nome-mais-fraco\/"},"wordCount":531,"commentCount":0,"publisher":{"@id":"https:\/\/brasilnoticias.org\/site\/#organization"},"image":{"@id":"https:\/\/brasilnoticias.org\/site\/nilo-aceita-vice-se-coronel-for-para-oposicao-mas-cogita-lancar-candidatura-avulsa-ao-senado-se-for-preterido-por-nome-mais-fraco\/#primaryimage"},"thumbnailUrl":"https:\/\/brasilnoticias.org\/site\/wp-content\/uploads\/2026\/01\/WhatsApp-Image-2026-01-12-at-12.59.29.jpeg","articleSection":["Pol\u00edtica","\u00daltimas"],"inLanguage":"pt-PT","potentialAction":[{"@type":"CommentAction","name":"Comment","target":["https:\/\/brasilnoticias.org\/site\/nilo-aceita-vice-se-coronel-for-para-oposicao-mas-cogita-lancar-candidatura-avulsa-ao-senado-se-for-preterido-por-nome-mais-fraco\/#respond"]}]},{"@type":"WebPage","@id":"https:\/\/brasilnoticias.org\/site\/nilo-aceita-vice-se-coronel-for-para-oposicao-mas-cogita-lancar-candidatura-avulsa-ao-senado-se-for-preterido-por-nome-mais-fraco\/","url":"https:\/\/brasilnoticias.org\/site\/nilo-aceita-vice-se-coronel-for-para-oposicao-mas-cogita-lancar-candidatura-avulsa-ao-senado-se-for-preterido-por-nome-mais-fraco\/","name":"Nilo aceita vice se Coronel for para oposi\u00e7\u00e3o, mas cogita lan\u00e7ar candidatura avulsa ao Senado se for preterido por nome 'mais fraco' - Brasil not\u00edcias","isPartOf":{"@id":"https:\/\/brasilnoticias.org\/site\/#website"},"primaryImageOfPage":{"@id":"https:\/\/brasilnoticias.org\/site\/nilo-aceita-vice-se-coronel-for-para-oposicao-mas-cogita-lancar-candidatura-avulsa-ao-senado-se-for-preterido-por-nome-mais-fraco\/#primaryimage"},"image":{"@id":"https:\/\/brasilnoticias.org\/site\/nilo-aceita-vice-se-coronel-for-para-oposicao-mas-cogita-lancar-candidatura-avulsa-ao-senado-se-for-preterido-por-nome-mais-fraco\/#primaryimage"},"thumbnailUrl":"https:\/\/brasilnoticias.org\/site\/wp-content\/uploads\/2026\/01\/WhatsApp-Image-2026-01-12-at-12.59.29.jpeg","datePublished":"2026-01-12T18:51:50+00:00","breadcrumb":{"@id":"https:\/\/brasilnoticias.org\/site\/nilo-aceita-vice-se-coronel-for-para-oposicao-mas-cogita-lancar-candidatura-avulsa-ao-senado-se-for-preterido-por-nome-mais-fraco\/#breadcrumb"},"inLanguage":"pt-PT","potentialAction":[{"@type":"ReadAction","target":["https:\/\/brasilnoticias.org\/site\/nilo-aceita-vice-se-coronel-for-para-oposicao-mas-cogita-lancar-candidatura-avulsa-ao-senado-se-for-preterido-por-nome-mais-fraco\/"]}]},{"@type":"ImageObject","inLanguage":"pt-PT","@id":"https:\/\/brasilnoticias.org\/site\/nilo-aceita-vice-se-coronel-for-para-oposicao-mas-cogita-lancar-candidatura-avulsa-ao-senado-se-for-preterido-por-nome-mais-fraco\/#primaryimage","url":"https:\/\/brasilnoticias.org\/site\/wp-content\/uploads\/2026\/01\/WhatsApp-Image-2026-01-12-at-12.59.29.jpeg","contentUrl":"https:\/\/brasilnoticias.org\/site\/wp-content\/uploads\/2026\/01\/WhatsApp-Image-2026-01-12-at-12.59.29.jpeg","width":1280,"height":720},{"@type":"BreadcrumbList","@id":"https:\/\/brasilnoticias.org\/site\/nilo-aceita-vice-se-coronel-for-para-oposicao-mas-cogita-lancar-candidatura-avulsa-ao-senado-se-for-preterido-por-nome-mais-fraco\/#breadcrumb","itemListElement":[{"@type":"ListItem","position":1,"name":"In\u00edcio","item":"https:\/\/brasilnoticias.org\/site\/"},{"@type":"ListItem","position":2,"name":"Nilo aceita vice se Coronel for para oposi\u00e7\u00e3o, mas cogita lan\u00e7ar candidatura avulsa ao Senado se for preterido por nome &#8216;mais fraco&#8217;"}]},{"@type":"WebSite","@id":"https:\/\/brasilnoticias.org\/site\/#website","url":"https:\/\/brasilnoticias.org\/site\/","name":"Brasil not\u00edcias","description":"Brasil not\u00edcias","publisher":{"@id":"https:\/\/brasilnoticias.org\/site\/#organization"},"potentialAction":[{"@type":"SearchAction","target":{"@type":"EntryPoint","urlTemplate":"https:\/\/brasilnoticias.org\/site\/?s={search_term_string}"},"query-input":{"@type":"PropertyValueSpecification","valueRequired":true,"valueName":"search_term_string"}}],"inLanguage":"pt-PT"},{"@type":"Organization","@id":"https:\/\/brasilnoticias.org\/site\/#organization","name":"Brasil not\u00edcias","url":"https:\/\/brasilnoticias.org\/site\/","logo":{"@type":"ImageObject","inLanguage":"pt-PT","@id":"https:\/\/brasilnoticias.org\/site\/#\/schema\/logo\/image\/","url":"https:\/\/brasilnoticias.org\/site\/wp-content\/uploads\/2022\/05\/cropped-brasilnoticias-mini.jpg","contentUrl":"https:\/\/brasilnoticias.org\/site\/wp-content\/uploads\/2022\/05\/cropped-brasilnoticias-mini.jpg","width":314,"height":86,"caption":"Brasil not\u00edcias"},"image":{"@id":"https:\/\/brasilnoticias.org\/site\/#\/schema\/logo\/image\/"}},{"@type":"Person","@id":"https:\/\/brasilnoticias.org\/site\/#\/schema\/person\/03bbbfe6c7634ad18c26444ea39049fa","name":"Reda\u00e7\u00e3o","image":{"@type":"ImageObject","inLanguage":"pt-PT","@id":"https:\/\/brasilnoticias.org\/site\/#\/schema\/person\/image\/","url":"https:\/\/secure.gravatar.com\/avatar\/9ecaf7327a696cb23ad926fedded5f1f04d7049de9e445375d55b48c001a6e42?s=96&d=mm&r=g","contentUrl":"https:\/\/secure.gravatar.com\/avatar\/9ecaf7327a696cb23ad926fedded5f1f04d7049de9e445375d55b48c001a6e42?s=96&d=mm&r=g","caption":"Reda\u00e7\u00e3o"},"url":"https:\/\/brasilnoticias.org\/site\/author\/henrique\/"}]}},"_links":{"self":[{"href":"https:\/\/brasilnoticias.org\/site\/wp-json\/wp\/v2\/posts\/19385","targetHints":{"allow":["GET"]}}],"collection":[{"href":"https:\/\/brasilnoticias.org\/site\/wp-json\/wp\/v2\/posts"}],"about":[{"href":"https:\/\/brasilnoticias.org\/site\/wp-json\/wp\/v2\/types\/post"}],"author":[{"embeddable":true,"href":"https:\/\/brasilnoticias.org\/site\/wp-json\/wp\/v2\/users\/4"}],"replies":[{"embeddable":true,"href":"https:\/\/brasilnoticias.org\/site\/wp-json\/wp\/v2\/comments?post=19385"}],"version-history":[{"count":1,"href":"https:\/\/brasilnoticias.org\/site\/wp-json\/wp\/v2\/posts\/19385\/revisions"}],"predecessor-version":[{"id":19387,"href":"https:\/\/brasilnoticias.org\/site\/wp-json\/wp\/v2\/posts\/19385\/revisions\/19387"}],"wp:featuredmedia":[{"embeddable":true,"href":"https:\/\/brasilnoticias.org\/site\/wp-json\/wp\/v2\/media\/19386"}],"wp:attachment":[{"href":"https:\/\/brasilnoticias.org\/site\/wp-json\/wp\/v2\/media?parent=19385"}],"wp:term":[{"taxonomy":"category","embeddable":true,"href":"https:\/\/brasilnoticias.org\/site\/wp-json\/wp\/v2\/categories?post=19385"},{"taxonomy":"post_tag","embeddable":true,"href":"https:\/\/brasilnoticias.org\/site\/wp-json\/wp\/v2\/tags?post=19385"}],"curies":[{"name":"wp","href":"https:\/\/api.w.org\/{rel}","templated":true}]}}