{"id":19403,"date":"2026-01-13T07:02:54","date_gmt":"2026-01-13T10:02:54","guid":{"rendered":"https:\/\/brasilnoticias.org\/site\/?p=19403"},"modified":"2026-01-13T07:02:54","modified_gmt":"2026-01-13T10:02:54","slug":"marcelo-nilo-ataca-ex-aliados-e-diz-que-se-rui-costa-nao-for-preso-nao-existe-justica-no-brasil","status":"publish","type":"post","link":"https:\/\/brasilnoticias.org\/site\/marcelo-nilo-ataca-ex-aliados-e-diz-que-se-rui-costa-nao-for-preso-nao-existe-justica-no-brasil\/","title":{"rendered":"Marcelo Nilo ataca ex-aliados e diz que &#8216;se Rui Costa n\u00e3o for preso n\u00e3o existe Justi\u00e7a no Brasil&#8217;"},"content":{"rendered":"<p>O ex-deputado federal e ex-presidente da Assembleia Legislativa da Bahia, Marcelo Nilo (Republicanos), fez ataques contundentes contra seus ex-aliados do PT, ao mirar diretamente o ex-governador Rui Costa e o senador Jaques Wagner em entrevista \u00e0 CBN Salvador.<\/p>\n<p>Ao tratar do cen\u00e1rio eleitoral para o Senado, Nilo disse acreditar que h\u00e1 uma divis\u00e3o clara no eleitorado e afirmou que sua candidatura poderia atravessar campos ideol\u00f3gicos distintos. \u201cSe voc\u00ea \u00e9 PT, vai votar em Jaques Wagner e em Rui dos Respiradores. Se voc\u00ea n\u00e3o \u00e9 PT, vai votar em Marcelo Nilo e Jo\u00e3o Roma\u201d, disparou.<\/p>\n<p>Segundo ele, o racha interno no PT \u00e9 mais profundo do que aparenta e envolve disputas pessoais e pol\u00edticas entre Wagner e Rui. \u201cJaques Wagner jamais votaria em Rui dos Respiradores. Fatinha [F\u00e1tima Mendon\u00e7a] votar em Rui dos Respiradores? Aline Peixoto votar em Jaques Wagner? Jamais. Claro que elas n\u00e3o v\u00e3o votar em mim, mas v\u00e3o pegar o cara do PSOL. Eu conhe\u00e7o eles como a palma da minha m\u00e3o. Eles n\u00e3o se votam, eles se odeiam\u201d, suscitou.<\/p>\n<p>Nilo tamb\u00e9m ironizou o discurso de renova\u00e7\u00e3o defendido por Wagner, a quem acusou de incoer\u00eancia. \u201cEle diz que tem que renovar, mas desde que ele seja candidato com 75 anos e Lula com 81. A renova\u00e7\u00e3o vale para os outros\u201d, alfinetou.<\/p>\n<p>Na avalia\u00e7\u00e3o do ex-presidente da Assembleia, o PT repete um padr\u00e3o de descarte de aliados conforme a conveni\u00eancia eleitoral. \u201cCortaram a cabe\u00e7a de L\u00eddice da Mata para botar Angelo Coronel. Agora est\u00e3o cortando Coronel para botar Rui Costa\u201d, disse, ao afirmar que Wagner age com pragmatismo extremo dentro do partido.<\/p>\n<p>Apesar das cr\u00edticas, Nilo afirmou acreditar que Wagner votaria nele para o Senado. \u201cEu gosto muito de Jaques Wagner e tenho certeza absoluta de que vou ter o voto dele. Ele n\u00e3o vota em Rui\u201d, apostou.<\/p>\n<p>O ataque mais duro, por\u00e9m, foi reservado a Rui Costa e ao epis\u00f3dio da compra frustrada de respiradores durante a pandemia da Covid-19. Nilo classificou o caso como um esc\u00e2ndalo sem precedentes. \u201cRui Costa comprou R$ 48,7 milh\u00f5es em respiradores, pagou antecipado, sem garantia, e n\u00e3o foi entregue um \u00fanico respirador. E o que \u00e9 pior, ele comprou em uma empresa que nunca tinha entregue um respirador na vida. Era empresa que vendia medicamento \u00e0 base da maconha\u201d, afirmou, em refer\u00eancia \u00e0 Hempcare.<\/p>\n<p>Nilo ainda ironizou a justificativa apresentada por Rui \u00e0 \u00e9poca. \u201cEle disse que comprou porque n\u00e3o sabia ingl\u00eas. \u00c9 como ir ao supermercado comprar uma Ferrari e descobrir depois que s\u00f3 vende farinha e arroz\u201d, comparou.<\/p>\n<p>O ex-deputado apontou que investiga\u00e7\u00f5es apontaram desvio total dos recursos. \u201cA Pol\u00edcia Federal disse em alto e bom som que houve desvio de recursos p\u00fablicos para compra de carro de luxo, pagamento de cart\u00e3o de cr\u00e9dito e mensalidade escolar\u201d, declarou.<\/p>\n<p>Para Nilo, o caso extrapola qualquer par\u00e2metro conhecido de corrup\u00e7\u00e3o. \u201cEu j\u00e1 vi corrup\u00e7\u00e3o de 5%, de 10%, de 15%. Mas nunca ouvi falar em corrup\u00e7\u00e3o de 100%\u201d, afirmou, antes de concluir com a frase mais dura da entrevista: \u201cSe Rui Costa n\u00e3o for preso, n\u00e3o existe Justi\u00e7a no Brasil.\u201d <\/p>\n<p>Foto: Divulga\u00e7\u00e3o<br \/>\nFonte: <a href=\"https:\/\/www.blogdovila.com.br\/noticia\/nilo-ataque\">Blog do Vila<\/a><\/p>\n","protected":false},"excerpt":{"rendered":"<p>O ex-deputado federal e ex-presidente da Assembleia Legislativa da Bahia, Marcelo Nilo (Republicanos), fez ataques contundentes contra seus ex-aliados do<\/p>\n","protected":false},"author":4,"featured_media":19404,"comment_status":"open","ping_status":"open","sticky":false,"template":"","format":"standard","meta":{"colormag_page_container_layout":"default_layout","colormag_page_sidebar_layout":"default_layout","_FSMCFIC_featured_image_caption":"","_FSMCFIC_featured_image_nocaption":"","_FSMCFIC_featured_image_hide":"","footnotes":""},"categories":[5,1],"tags":[],"class_list":["post-19403","post","type-post","status-publish","format-standard","has-post-thumbnail","hentry","category-politica","category-ultimas"],"yoast_head":"<!-- This site is optimized with the Yoast SEO plugin v27.1.1 - https:\/\/yoast.com\/product\/yoast-seo-wordpress\/ -->\n<title>Marcelo Nilo ataca ex-aliados e diz que &#039;se Rui Costa n\u00e3o for preso n\u00e3o existe Justi\u00e7a no Brasil&#039; - Brasil not\u00edcias<\/title>\n<meta name=\"robots\" content=\"index, follow, max-snippet:-1, max-image-preview:large, max-video-preview:-1\" \/>\n<link rel=\"canonical\" href=\"https:\/\/brasilnoticias.org\/site\/marcelo-nilo-ataca-ex-aliados-e-diz-que-se-rui-costa-nao-for-preso-nao-existe-justica-no-brasil\/\" \/>\n<meta property=\"og:locale\" content=\"pt_PT\" \/>\n<meta property=\"og:type\" content=\"article\" \/>\n<meta property=\"og:title\" content=\"Marcelo Nilo ataca ex-aliados e diz que &#039;se Rui Costa n\u00e3o for preso n\u00e3o existe Justi\u00e7a no Brasil&#039; - Brasil not\u00edcias\" \/>\n<meta property=\"og:description\" content=\"O ex-deputado federal e ex-presidente da Assembleia Legislativa da Bahia, Marcelo Nilo (Republicanos), fez ataques contundentes contra seus ex-aliados do\" \/>\n<meta property=\"og:url\" content=\"https:\/\/brasilnoticias.org\/site\/marcelo-nilo-ataca-ex-aliados-e-diz-que-se-rui-costa-nao-for-preso-nao-existe-justica-no-brasil\/\" \/>\n<meta property=\"og:site_name\" content=\"Brasil not\u00edcias\" \/>\n<meta property=\"article:published_time\" content=\"2026-01-13T10:02:54+00:00\" \/>\n<meta property=\"og:image\" content=\"https:\/\/brasilnoticias.org\/site\/wp-content\/uploads\/2026\/01\/marcelo_nilo_1_widelg.jpg\" \/>\n\t<meta property=\"og:image:width\" content=\"800\" \/>\n\t<meta property=\"og:image:height\" content=\"450\" \/>\n\t<meta property=\"og:image:type\" content=\"image\/jpeg\" \/>\n<meta name=\"author\" content=\"Reda\u00e7\u00e3o\" \/>\n<meta name=\"twitter:card\" content=\"summary_large_image\" \/>\n<meta name=\"twitter:label1\" content=\"Escrito por\" \/>\n\t<meta name=\"twitter:data1\" content=\"Reda\u00e7\u00e3o\" \/>\n\t<meta name=\"twitter:label2\" content=\"Tempo estimado de leitura\" \/>\n\t<meta name=\"twitter:data2\" content=\"1 minuto\" \/>\n<script type=\"application\/ld+json\" class=\"yoast-schema-graph\">{\"@context\":\"https:\/\/schema.org\",\"@graph\":[{\"@type\":\"Article\",\"@id\":\"https:\/\/brasilnoticias.org\/site\/marcelo-nilo-ataca-ex-aliados-e-diz-que-se-rui-costa-nao-for-preso-nao-existe-justica-no-brasil\/#article\",\"isPartOf\":{\"@id\":\"https:\/\/brasilnoticias.org\/site\/marcelo-nilo-ataca-ex-aliados-e-diz-que-se-rui-costa-nao-for-preso-nao-existe-justica-no-brasil\/\"},\"author\":{\"name\":\"Reda\u00e7\u00e3o\",\"@id\":\"https:\/\/brasilnoticias.org\/site\/#\/schema\/person\/03bbbfe6c7634ad18c26444ea39049fa\"},\"headline\":\"Marcelo Nilo ataca ex-aliados e diz que &#8216;se Rui Costa n\u00e3o for preso n\u00e3o existe Justi\u00e7a no Brasil&#8217;\",\"datePublished\":\"2026-01-13T10:02:54+00:00\",\"mainEntityOfPage\":{\"@id\":\"https:\/\/brasilnoticias.org\/site\/marcelo-nilo-ataca-ex-aliados-e-diz-que-se-rui-costa-nao-for-preso-nao-existe-justica-no-brasil\/\"},\"wordCount\":566,\"commentCount\":0,\"publisher\":{\"@id\":\"https:\/\/brasilnoticias.org\/site\/#organization\"},\"image\":{\"@id\":\"https:\/\/brasilnoticias.org\/site\/marcelo-nilo-ataca-ex-aliados-e-diz-que-se-rui-costa-nao-for-preso-nao-existe-justica-no-brasil\/#primaryimage\"},\"thumbnailUrl\":\"https:\/\/brasilnoticias.org\/site\/wp-content\/uploads\/2026\/01\/marcelo_nilo_1_widelg.jpg\",\"articleSection\":[\"Pol\u00edtica\",\"\u00daltimas\"],\"inLanguage\":\"pt-PT\",\"potentialAction\":[{\"@type\":\"CommentAction\",\"name\":\"Comment\",\"target\":[\"https:\/\/brasilnoticias.org\/site\/marcelo-nilo-ataca-ex-aliados-e-diz-que-se-rui-costa-nao-for-preso-nao-existe-justica-no-brasil\/#respond\"]}]},{\"@type\":\"WebPage\",\"@id\":\"https:\/\/brasilnoticias.org\/site\/marcelo-nilo-ataca-ex-aliados-e-diz-que-se-rui-costa-nao-for-preso-nao-existe-justica-no-brasil\/\",\"url\":\"https:\/\/brasilnoticias.org\/site\/marcelo-nilo-ataca-ex-aliados-e-diz-que-se-rui-costa-nao-for-preso-nao-existe-justica-no-brasil\/\",\"name\":\"Marcelo Nilo ataca ex-aliados e diz que 'se Rui Costa n\u00e3o for preso n\u00e3o existe Justi\u00e7a no Brasil' - Brasil not\u00edcias\",\"isPartOf\":{\"@id\":\"https:\/\/brasilnoticias.org\/site\/#website\"},\"primaryImageOfPage\":{\"@id\":\"https:\/\/brasilnoticias.org\/site\/marcelo-nilo-ataca-ex-aliados-e-diz-que-se-rui-costa-nao-for-preso-nao-existe-justica-no-brasil\/#primaryimage\"},\"image\":{\"@id\":\"https:\/\/brasilnoticias.org\/site\/marcelo-nilo-ataca-ex-aliados-e-diz-que-se-rui-costa-nao-for-preso-nao-existe-justica-no-brasil\/#primaryimage\"},\"thumbnailUrl\":\"https:\/\/brasilnoticias.org\/site\/wp-content\/uploads\/2026\/01\/marcelo_nilo_1_widelg.jpg\",\"datePublished\":\"2026-01-13T10:02:54+00:00\",\"breadcrumb\":{\"@id\":\"https:\/\/brasilnoticias.org\/site\/marcelo-nilo-ataca-ex-aliados-e-diz-que-se-rui-costa-nao-for-preso-nao-existe-justica-no-brasil\/#breadcrumb\"},\"inLanguage\":\"pt-PT\",\"potentialAction\":[{\"@type\":\"ReadAction\",\"target\":[\"https:\/\/brasilnoticias.org\/site\/marcelo-nilo-ataca-ex-aliados-e-diz-que-se-rui-costa-nao-for-preso-nao-existe-justica-no-brasil\/\"]}]},{\"@type\":\"ImageObject\",\"inLanguage\":\"pt-PT\",\"@id\":\"https:\/\/brasilnoticias.org\/site\/marcelo-nilo-ataca-ex-aliados-e-diz-que-se-rui-costa-nao-for-preso-nao-existe-justica-no-brasil\/#primaryimage\",\"url\":\"https:\/\/brasilnoticias.org\/site\/wp-content\/uploads\/2026\/01\/marcelo_nilo_1_widelg.jpg\",\"contentUrl\":\"https:\/\/brasilnoticias.org\/site\/wp-content\/uploads\/2026\/01\/marcelo_nilo_1_widelg.jpg\",\"width\":800,\"height\":450},{\"@type\":\"BreadcrumbList\",\"@id\":\"https:\/\/brasilnoticias.org\/site\/marcelo-nilo-ataca-ex-aliados-e-diz-que-se-rui-costa-nao-for-preso-nao-existe-justica-no-brasil\/#breadcrumb\",\"itemListElement\":[{\"@type\":\"ListItem\",\"position\":1,\"name\":\"In\u00edcio\",\"item\":\"https:\/\/brasilnoticias.org\/site\/\"},{\"@type\":\"ListItem\",\"position\":2,\"name\":\"Marcelo Nilo ataca ex-aliados e diz que &#8216;se Rui Costa n\u00e3o for preso n\u00e3o existe Justi\u00e7a no Brasil&#8217;\"}]},{\"@type\":\"WebSite\",\"@id\":\"https:\/\/brasilnoticias.org\/site\/#website\",\"url\":\"https:\/\/brasilnoticias.org\/site\/\",\"name\":\"Brasil not\u00edcias\",\"description\":\"Brasil not\u00edcias\",\"publisher\":{\"@id\":\"https:\/\/brasilnoticias.org\/site\/#organization\"},\"potentialAction\":[{\"@type\":\"SearchAction\",\"target\":{\"@type\":\"EntryPoint\",\"urlTemplate\":\"https:\/\/brasilnoticias.org\/site\/?s={search_term_string}\"},\"query-input\":{\"@type\":\"PropertyValueSpecification\",\"valueRequired\":true,\"valueName\":\"search_term_string\"}}],\"inLanguage\":\"pt-PT\"},{\"@type\":\"Organization\",\"@id\":\"https:\/\/brasilnoticias.org\/site\/#organization\",\"name\":\"Brasil not\u00edcias\",\"url\":\"https:\/\/brasilnoticias.org\/site\/\",\"logo\":{\"@type\":\"ImageObject\",\"inLanguage\":\"pt-PT\",\"@id\":\"https:\/\/brasilnoticias.org\/site\/#\/schema\/logo\/image\/\",\"url\":\"https:\/\/brasilnoticias.org\/site\/wp-content\/uploads\/2022\/05\/cropped-brasilnoticias-mini.jpg\",\"contentUrl\":\"https:\/\/brasilnoticias.org\/site\/wp-content\/uploads\/2022\/05\/cropped-brasilnoticias-mini.jpg\",\"width\":314,\"height\":86,\"caption\":\"Brasil not\u00edcias\"},\"image\":{\"@id\":\"https:\/\/brasilnoticias.org\/site\/#\/schema\/logo\/image\/\"}},{\"@type\":\"Person\",\"@id\":\"https:\/\/brasilnoticias.org\/site\/#\/schema\/person\/03bbbfe6c7634ad18c26444ea39049fa\",\"name\":\"Reda\u00e7\u00e3o\",\"image\":{\"@type\":\"ImageObject\",\"inLanguage\":\"pt-PT\",\"@id\":\"https:\/\/brasilnoticias.org\/site\/#\/schema\/person\/image\/\",\"url\":\"https:\/\/secure.gravatar.com\/avatar\/9ecaf7327a696cb23ad926fedded5f1f04d7049de9e445375d55b48c001a6e42?s=96&d=mm&r=g\",\"contentUrl\":\"https:\/\/secure.gravatar.com\/avatar\/9ecaf7327a696cb23ad926fedded5f1f04d7049de9e445375d55b48c001a6e42?s=96&d=mm&r=g\",\"caption\":\"Reda\u00e7\u00e3o\"},\"url\":\"https:\/\/brasilnoticias.org\/site\/author\/henrique\/\"}]}<\/script>\n<!-- \/ Yoast SEO plugin. -->","yoast_head_json":{"title":"Marcelo Nilo ataca ex-aliados e diz que 'se Rui Costa n\u00e3o for preso n\u00e3o existe Justi\u00e7a no Brasil' - Brasil not\u00edcias","robots":{"index":"index","follow":"follow","max-snippet":"max-snippet:-1","max-image-preview":"max-image-preview:large","max-video-preview":"max-video-preview:-1"},"canonical":"https:\/\/brasilnoticias.org\/site\/marcelo-nilo-ataca-ex-aliados-e-diz-que-se-rui-costa-nao-for-preso-nao-existe-justica-no-brasil\/","og_locale":"pt_PT","og_type":"article","og_title":"Marcelo Nilo ataca ex-aliados e diz que 'se Rui Costa n\u00e3o for preso n\u00e3o existe Justi\u00e7a no Brasil' - Brasil not\u00edcias","og_description":"O ex-deputado federal e ex-presidente da Assembleia Legislativa da Bahia, Marcelo Nilo (Republicanos), fez ataques contundentes contra seus ex-aliados do","og_url":"https:\/\/brasilnoticias.org\/site\/marcelo-nilo-ataca-ex-aliados-e-diz-que-se-rui-costa-nao-for-preso-nao-existe-justica-no-brasil\/","og_site_name":"Brasil not\u00edcias","article_published_time":"2026-01-13T10:02:54+00:00","og_image":[{"width":800,"height":450,"url":"https:\/\/brasilnoticias.org\/site\/wp-content\/uploads\/2026\/01\/marcelo_nilo_1_widelg.jpg","type":"image\/jpeg"}],"author":"Reda\u00e7\u00e3o","twitter_card":"summary_large_image","twitter_misc":{"Escrito por":"Reda\u00e7\u00e3o","Tempo estimado de leitura":"1 minuto"},"schema":{"@context":"https:\/\/schema.org","@graph":[{"@type":"Article","@id":"https:\/\/brasilnoticias.org\/site\/marcelo-nilo-ataca-ex-aliados-e-diz-que-se-rui-costa-nao-for-preso-nao-existe-justica-no-brasil\/#article","isPartOf":{"@id":"https:\/\/brasilnoticias.org\/site\/marcelo-nilo-ataca-ex-aliados-e-diz-que-se-rui-costa-nao-for-preso-nao-existe-justica-no-brasil\/"},"author":{"name":"Reda\u00e7\u00e3o","@id":"https:\/\/brasilnoticias.org\/site\/#\/schema\/person\/03bbbfe6c7634ad18c26444ea39049fa"},"headline":"Marcelo Nilo ataca ex-aliados e diz que &#8216;se Rui Costa n\u00e3o for preso n\u00e3o existe Justi\u00e7a no Brasil&#8217;","datePublished":"2026-01-13T10:02:54+00:00","mainEntityOfPage":{"@id":"https:\/\/brasilnoticias.org\/site\/marcelo-nilo-ataca-ex-aliados-e-diz-que-se-rui-costa-nao-for-preso-nao-existe-justica-no-brasil\/"},"wordCount":566,"commentCount":0,"publisher":{"@id":"https:\/\/brasilnoticias.org\/site\/#organization"},"image":{"@id":"https:\/\/brasilnoticias.org\/site\/marcelo-nilo-ataca-ex-aliados-e-diz-que-se-rui-costa-nao-for-preso-nao-existe-justica-no-brasil\/#primaryimage"},"thumbnailUrl":"https:\/\/brasilnoticias.org\/site\/wp-content\/uploads\/2026\/01\/marcelo_nilo_1_widelg.jpg","articleSection":["Pol\u00edtica","\u00daltimas"],"inLanguage":"pt-PT","potentialAction":[{"@type":"CommentAction","name":"Comment","target":["https:\/\/brasilnoticias.org\/site\/marcelo-nilo-ataca-ex-aliados-e-diz-que-se-rui-costa-nao-for-preso-nao-existe-justica-no-brasil\/#respond"]}]},{"@type":"WebPage","@id":"https:\/\/brasilnoticias.org\/site\/marcelo-nilo-ataca-ex-aliados-e-diz-que-se-rui-costa-nao-for-preso-nao-existe-justica-no-brasil\/","url":"https:\/\/brasilnoticias.org\/site\/marcelo-nilo-ataca-ex-aliados-e-diz-que-se-rui-costa-nao-for-preso-nao-existe-justica-no-brasil\/","name":"Marcelo Nilo ataca ex-aliados e diz que 'se Rui Costa n\u00e3o for preso n\u00e3o existe Justi\u00e7a no Brasil' - Brasil not\u00edcias","isPartOf":{"@id":"https:\/\/brasilnoticias.org\/site\/#website"},"primaryImageOfPage":{"@id":"https:\/\/brasilnoticias.org\/site\/marcelo-nilo-ataca-ex-aliados-e-diz-que-se-rui-costa-nao-for-preso-nao-existe-justica-no-brasil\/#primaryimage"},"image":{"@id":"https:\/\/brasilnoticias.org\/site\/marcelo-nilo-ataca-ex-aliados-e-diz-que-se-rui-costa-nao-for-preso-nao-existe-justica-no-brasil\/#primaryimage"},"thumbnailUrl":"https:\/\/brasilnoticias.org\/site\/wp-content\/uploads\/2026\/01\/marcelo_nilo_1_widelg.jpg","datePublished":"2026-01-13T10:02:54+00:00","breadcrumb":{"@id":"https:\/\/brasilnoticias.org\/site\/marcelo-nilo-ataca-ex-aliados-e-diz-que-se-rui-costa-nao-for-preso-nao-existe-justica-no-brasil\/#breadcrumb"},"inLanguage":"pt-PT","potentialAction":[{"@type":"ReadAction","target":["https:\/\/brasilnoticias.org\/site\/marcelo-nilo-ataca-ex-aliados-e-diz-que-se-rui-costa-nao-for-preso-nao-existe-justica-no-brasil\/"]}]},{"@type":"ImageObject","inLanguage":"pt-PT","@id":"https:\/\/brasilnoticias.org\/site\/marcelo-nilo-ataca-ex-aliados-e-diz-que-se-rui-costa-nao-for-preso-nao-existe-justica-no-brasil\/#primaryimage","url":"https:\/\/brasilnoticias.org\/site\/wp-content\/uploads\/2026\/01\/marcelo_nilo_1_widelg.jpg","contentUrl":"https:\/\/brasilnoticias.org\/site\/wp-content\/uploads\/2026\/01\/marcelo_nilo_1_widelg.jpg","width":800,"height":450},{"@type":"BreadcrumbList","@id":"https:\/\/brasilnoticias.org\/site\/marcelo-nilo-ataca-ex-aliados-e-diz-que-se-rui-costa-nao-for-preso-nao-existe-justica-no-brasil\/#breadcrumb","itemListElement":[{"@type":"ListItem","position":1,"name":"In\u00edcio","item":"https:\/\/brasilnoticias.org\/site\/"},{"@type":"ListItem","position":2,"name":"Marcelo Nilo ataca ex-aliados e diz que &#8216;se Rui Costa n\u00e3o for preso n\u00e3o existe Justi\u00e7a no Brasil&#8217;"}]},{"@type":"WebSite","@id":"https:\/\/brasilnoticias.org\/site\/#website","url":"https:\/\/brasilnoticias.org\/site\/","name":"Brasil not\u00edcias","description":"Brasil not\u00edcias","publisher":{"@id":"https:\/\/brasilnoticias.org\/site\/#organization"},"potentialAction":[{"@type":"SearchAction","target":{"@type":"EntryPoint","urlTemplate":"https:\/\/brasilnoticias.org\/site\/?s={search_term_string}"},"query-input":{"@type":"PropertyValueSpecification","valueRequired":true,"valueName":"search_term_string"}}],"inLanguage":"pt-PT"},{"@type":"Organization","@id":"https:\/\/brasilnoticias.org\/site\/#organization","name":"Brasil not\u00edcias","url":"https:\/\/brasilnoticias.org\/site\/","logo":{"@type":"ImageObject","inLanguage":"pt-PT","@id":"https:\/\/brasilnoticias.org\/site\/#\/schema\/logo\/image\/","url":"https:\/\/brasilnoticias.org\/site\/wp-content\/uploads\/2022\/05\/cropped-brasilnoticias-mini.jpg","contentUrl":"https:\/\/brasilnoticias.org\/site\/wp-content\/uploads\/2022\/05\/cropped-brasilnoticias-mini.jpg","width":314,"height":86,"caption":"Brasil not\u00edcias"},"image":{"@id":"https:\/\/brasilnoticias.org\/site\/#\/schema\/logo\/image\/"}},{"@type":"Person","@id":"https:\/\/brasilnoticias.org\/site\/#\/schema\/person\/03bbbfe6c7634ad18c26444ea39049fa","name":"Reda\u00e7\u00e3o","image":{"@type":"ImageObject","inLanguage":"pt-PT","@id":"https:\/\/brasilnoticias.org\/site\/#\/schema\/person\/image\/","url":"https:\/\/secure.gravatar.com\/avatar\/9ecaf7327a696cb23ad926fedded5f1f04d7049de9e445375d55b48c001a6e42?s=96&d=mm&r=g","contentUrl":"https:\/\/secure.gravatar.com\/avatar\/9ecaf7327a696cb23ad926fedded5f1f04d7049de9e445375d55b48c001a6e42?s=96&d=mm&r=g","caption":"Reda\u00e7\u00e3o"},"url":"https:\/\/brasilnoticias.org\/site\/author\/henrique\/"}]}},"_links":{"self":[{"href":"https:\/\/brasilnoticias.org\/site\/wp-json\/wp\/v2\/posts\/19403","targetHints":{"allow":["GET"]}}],"collection":[{"href":"https:\/\/brasilnoticias.org\/site\/wp-json\/wp\/v2\/posts"}],"about":[{"href":"https:\/\/brasilnoticias.org\/site\/wp-json\/wp\/v2\/types\/post"}],"author":[{"embeddable":true,"href":"https:\/\/brasilnoticias.org\/site\/wp-json\/wp\/v2\/users\/4"}],"replies":[{"embeddable":true,"href":"https:\/\/brasilnoticias.org\/site\/wp-json\/wp\/v2\/comments?post=19403"}],"version-history":[{"count":1,"href":"https:\/\/brasilnoticias.org\/site\/wp-json\/wp\/v2\/posts\/19403\/revisions"}],"predecessor-version":[{"id":19405,"href":"https:\/\/brasilnoticias.org\/site\/wp-json\/wp\/v2\/posts\/19403\/revisions\/19405"}],"wp:featuredmedia":[{"embeddable":true,"href":"https:\/\/brasilnoticias.org\/site\/wp-json\/wp\/v2\/media\/19404"}],"wp:attachment":[{"href":"https:\/\/brasilnoticias.org\/site\/wp-json\/wp\/v2\/media?parent=19403"}],"wp:term":[{"taxonomy":"category","embeddable":true,"href":"https:\/\/brasilnoticias.org\/site\/wp-json\/wp\/v2\/categories?post=19403"},{"taxonomy":"post_tag","embeddable":true,"href":"https:\/\/brasilnoticias.org\/site\/wp-json\/wp\/v2\/tags?post=19403"}],"curies":[{"name":"wp","href":"https:\/\/api.w.org\/{rel}","templated":true}]}}