{"id":19406,"date":"2026-01-13T07:30:23","date_gmt":"2026-01-13T10:30:23","guid":{"rendered":"https:\/\/brasilnoticias.org\/site\/?p=19406"},"modified":"2026-01-13T07:30:23","modified_gmt":"2026-01-13T10:30:23","slug":"conheca-o-baiano-cotado-para-assumir-o-ministerio-da-justica-e-seguranca-publica","status":"publish","type":"post","link":"https:\/\/brasilnoticias.org\/site\/conheca-o-baiano-cotado-para-assumir-o-ministerio-da-justica-e-seguranca-publica\/","title":{"rendered":"Conhe\u00e7a o baiano cotado para assumir o Minist\u00e9rio da Justi\u00e7a e Seguran\u00e7a P\u00fablica"},"content":{"rendered":"<p>Um jurista baiano desponta como um dos principais nomes avaliados pelo Pal\u00e1cio do Planalto para comandar o Minist\u00e9rio da Justi\u00e7a e Seguran\u00e7a P\u00fablica (MJSP) ap\u00f3s a sa\u00edda de Ricardo Lewandowski da pasta. Trata-se de Wellington C\u00e9sar Lima e Silva, natural de Salvador e atualmente advogado-geral da Petrobras.<\/p>\n<p>Wellington Lima e Silva construiu parte de sua carreira no Minist\u00e9rio P\u00fablico da Bahia (MP-BA), onde come\u00e7ou como promotor em 1991 e chegou a ser procurador-geral de Justi\u00e7a por dois mandatos consecutivos. No governo atual, ele ocupou um cargo estrat\u00e9gico como secret\u00e1rio de Assuntos Jur\u00eddicos da Casa Civil da Presid\u00eancia da Rep\u00fablica, fun\u00e7\u00e3o de confian\u00e7a presidencial, antes de assumir a advocacia-geral da Petrobras.<\/p>\n<p>O jurista j\u00e1 teve experi\u00eancia no comando do MJSP em 2016, durante o governo da ent\u00e3o presidente Dilma Rousseff, mas permaneceu no cargo por apenas 11 dias devido a uma decis\u00e3o do Supremo Tribunal Federal sobre a incompatibilidade de membros do Minist\u00e9rio P\u00fablico em cargos executivos.<\/p>\n<p>Analistas pol\u00edticos e ministros ouvidos nos bastidores veem positivamente o nome de Lima e Silva para liderar o Minist\u00e9rio da Justi\u00e7a, destacando sua experi\u00eancia jur\u00eddica e conhecimento em temas de seguran\u00e7a p\u00fablica. A indica\u00e7\u00e3o oficial deve ser anunciada nos pr\u00f3ximos dias pelo presidente Luiz In\u00e1cio Lula da Silva (PT).<\/p>\n<p>Foto: Valter Campanato \/ Ag\u00eancia Brasil<br \/>\nFonte: Metro1<\/p>\n","protected":false},"excerpt":{"rendered":"<p>Um jurista baiano desponta como um dos principais nomes avaliados pelo Pal\u00e1cio do Planalto para comandar o Minist\u00e9rio da Justi\u00e7a<\/p>\n","protected":false},"author":4,"featured_media":19407,"comment_status":"open","ping_status":"open","sticky":false,"template":"","format":"standard","meta":{"colormag_page_container_layout":"default_layout","colormag_page_sidebar_layout":"default_layout","_FSMCFIC_featured_image_caption":"","_FSMCFIC_featured_image_nocaption":"","_FSMCFIC_featured_image_hide":"","footnotes":""},"categories":[5,1],"tags":[],"class_list":["post-19406","post","type-post","status-publish","format-standard","has-post-thumbnail","hentry","category-politica","category-ultimas"],"yoast_head":"<!-- This site is optimized with the Yoast SEO plugin v27.1.1 - https:\/\/yoast.com\/product\/yoast-seo-wordpress\/ -->\n<title>Conhe\u00e7a o baiano cotado para assumir o Minist\u00e9rio da Justi\u00e7a e Seguran\u00e7a P\u00fablica - Brasil not\u00edcias<\/title>\n<meta name=\"robots\" content=\"index, follow, max-snippet:-1, max-image-preview:large, max-video-preview:-1\" \/>\n<link rel=\"canonical\" href=\"https:\/\/brasilnoticias.org\/site\/conheca-o-baiano-cotado-para-assumir-o-ministerio-da-justica-e-seguranca-publica\/\" \/>\n<meta property=\"og:locale\" content=\"pt_PT\" \/>\n<meta property=\"og:type\" content=\"article\" \/>\n<meta property=\"og:title\" content=\"Conhe\u00e7a o baiano cotado para assumir o Minist\u00e9rio da Justi\u00e7a e Seguran\u00e7a P\u00fablica - Brasil not\u00edcias\" \/>\n<meta property=\"og:description\" content=\"Um jurista baiano desponta como um dos principais nomes avaliados pelo Pal\u00e1cio do Planalto para comandar o Minist\u00e9rio da Justi\u00e7a\" \/>\n<meta property=\"og:url\" content=\"https:\/\/brasilnoticias.org\/site\/conheca-o-baiano-cotado-para-assumir-o-ministerio-da-justica-e-seguranca-publica\/\" \/>\n<meta property=\"og:site_name\" content=\"Brasil not\u00edcias\" \/>\n<meta property=\"article:published_time\" content=\"2026-01-13T10:30:23+00:00\" \/>\n<meta property=\"og:image\" content=\"https:\/\/brasilnoticias.org\/site\/wp-content\/uploads\/2026\/01\/176178saiba-quem-e-o-baiano-que-deve-assumir-o-ministerio-da-justica-e-seguranca-publica-3.jpg\" \/>\n\t<meta property=\"og:image:width\" content=\"1600\" \/>\n\t<meta property=\"og:image:height\" content=\"752\" \/>\n\t<meta property=\"og:image:type\" content=\"image\/jpeg\" \/>\n<meta name=\"author\" content=\"Reda\u00e7\u00e3o\" \/>\n<meta name=\"twitter:card\" content=\"summary_large_image\" \/>\n<meta name=\"twitter:label1\" content=\"Escrito por\" \/>\n\t<meta name=\"twitter:data1\" content=\"Reda\u00e7\u00e3o\" \/>\n\t<meta name=\"twitter:label2\" content=\"Tempo estimado de leitura\" \/>\n\t<meta name=\"twitter:data2\" content=\"1 minuto\" \/>\n<script type=\"application\/ld+json\" class=\"yoast-schema-graph\">{\"@context\":\"https:\/\/schema.org\",\"@graph\":[{\"@type\":\"Article\",\"@id\":\"https:\/\/brasilnoticias.org\/site\/conheca-o-baiano-cotado-para-assumir-o-ministerio-da-justica-e-seguranca-publica\/#article\",\"isPartOf\":{\"@id\":\"https:\/\/brasilnoticias.org\/site\/conheca-o-baiano-cotado-para-assumir-o-ministerio-da-justica-e-seguranca-publica\/\"},\"author\":{\"name\":\"Reda\u00e7\u00e3o\",\"@id\":\"https:\/\/brasilnoticias.org\/site\/#\/schema\/person\/03bbbfe6c7634ad18c26444ea39049fa\"},\"headline\":\"Conhe\u00e7a o baiano cotado para assumir o Minist\u00e9rio da Justi\u00e7a e Seguran\u00e7a P\u00fablica\",\"datePublished\":\"2026-01-13T10:30:23+00:00\",\"mainEntityOfPage\":{\"@id\":\"https:\/\/brasilnoticias.org\/site\/conheca-o-baiano-cotado-para-assumir-o-ministerio-da-justica-e-seguranca-publica\/\"},\"wordCount\":262,\"commentCount\":0,\"publisher\":{\"@id\":\"https:\/\/brasilnoticias.org\/site\/#organization\"},\"image\":{\"@id\":\"https:\/\/brasilnoticias.org\/site\/conheca-o-baiano-cotado-para-assumir-o-ministerio-da-justica-e-seguranca-publica\/#primaryimage\"},\"thumbnailUrl\":\"https:\/\/brasilnoticias.org\/site\/wp-content\/uploads\/2026\/01\/176178saiba-quem-e-o-baiano-que-deve-assumir-o-ministerio-da-justica-e-seguranca-publica-3.jpg\",\"articleSection\":[\"Pol\u00edtica\",\"\u00daltimas\"],\"inLanguage\":\"pt-PT\",\"potentialAction\":[{\"@type\":\"CommentAction\",\"name\":\"Comment\",\"target\":[\"https:\/\/brasilnoticias.org\/site\/conheca-o-baiano-cotado-para-assumir-o-ministerio-da-justica-e-seguranca-publica\/#respond\"]}]},{\"@type\":\"WebPage\",\"@id\":\"https:\/\/brasilnoticias.org\/site\/conheca-o-baiano-cotado-para-assumir-o-ministerio-da-justica-e-seguranca-publica\/\",\"url\":\"https:\/\/brasilnoticias.org\/site\/conheca-o-baiano-cotado-para-assumir-o-ministerio-da-justica-e-seguranca-publica\/\",\"name\":\"Conhe\u00e7a o baiano cotado para assumir o Minist\u00e9rio da Justi\u00e7a e Seguran\u00e7a P\u00fablica - Brasil not\u00edcias\",\"isPartOf\":{\"@id\":\"https:\/\/brasilnoticias.org\/site\/#website\"},\"primaryImageOfPage\":{\"@id\":\"https:\/\/brasilnoticias.org\/site\/conheca-o-baiano-cotado-para-assumir-o-ministerio-da-justica-e-seguranca-publica\/#primaryimage\"},\"image\":{\"@id\":\"https:\/\/brasilnoticias.org\/site\/conheca-o-baiano-cotado-para-assumir-o-ministerio-da-justica-e-seguranca-publica\/#primaryimage\"},\"thumbnailUrl\":\"https:\/\/brasilnoticias.org\/site\/wp-content\/uploads\/2026\/01\/176178saiba-quem-e-o-baiano-que-deve-assumir-o-ministerio-da-justica-e-seguranca-publica-3.jpg\",\"datePublished\":\"2026-01-13T10:30:23+00:00\",\"breadcrumb\":{\"@id\":\"https:\/\/brasilnoticias.org\/site\/conheca-o-baiano-cotado-para-assumir-o-ministerio-da-justica-e-seguranca-publica\/#breadcrumb\"},\"inLanguage\":\"pt-PT\",\"potentialAction\":[{\"@type\":\"ReadAction\",\"target\":[\"https:\/\/brasilnoticias.org\/site\/conheca-o-baiano-cotado-para-assumir-o-ministerio-da-justica-e-seguranca-publica\/\"]}]},{\"@type\":\"ImageObject\",\"inLanguage\":\"pt-PT\",\"@id\":\"https:\/\/brasilnoticias.org\/site\/conheca-o-baiano-cotado-para-assumir-o-ministerio-da-justica-e-seguranca-publica\/#primaryimage\",\"url\":\"https:\/\/brasilnoticias.org\/site\/wp-content\/uploads\/2026\/01\/176178saiba-quem-e-o-baiano-que-deve-assumir-o-ministerio-da-justica-e-seguranca-publica-3.jpg\",\"contentUrl\":\"https:\/\/brasilnoticias.org\/site\/wp-content\/uploads\/2026\/01\/176178saiba-quem-e-o-baiano-que-deve-assumir-o-ministerio-da-justica-e-seguranca-publica-3.jpg\",\"width\":1600,\"height\":752},{\"@type\":\"BreadcrumbList\",\"@id\":\"https:\/\/brasilnoticias.org\/site\/conheca-o-baiano-cotado-para-assumir-o-ministerio-da-justica-e-seguranca-publica\/#breadcrumb\",\"itemListElement\":[{\"@type\":\"ListItem\",\"position\":1,\"name\":\"In\u00edcio\",\"item\":\"https:\/\/brasilnoticias.org\/site\/\"},{\"@type\":\"ListItem\",\"position\":2,\"name\":\"Conhe\u00e7a o baiano cotado para assumir o Minist\u00e9rio da Justi\u00e7a e Seguran\u00e7a P\u00fablica\"}]},{\"@type\":\"WebSite\",\"@id\":\"https:\/\/brasilnoticias.org\/site\/#website\",\"url\":\"https:\/\/brasilnoticias.org\/site\/\",\"name\":\"Brasil not\u00edcias\",\"description\":\"Brasil not\u00edcias\",\"publisher\":{\"@id\":\"https:\/\/brasilnoticias.org\/site\/#organization\"},\"potentialAction\":[{\"@type\":\"SearchAction\",\"target\":{\"@type\":\"EntryPoint\",\"urlTemplate\":\"https:\/\/brasilnoticias.org\/site\/?s={search_term_string}\"},\"query-input\":{\"@type\":\"PropertyValueSpecification\",\"valueRequired\":true,\"valueName\":\"search_term_string\"}}],\"inLanguage\":\"pt-PT\"},{\"@type\":\"Organization\",\"@id\":\"https:\/\/brasilnoticias.org\/site\/#organization\",\"name\":\"Brasil not\u00edcias\",\"url\":\"https:\/\/brasilnoticias.org\/site\/\",\"logo\":{\"@type\":\"ImageObject\",\"inLanguage\":\"pt-PT\",\"@id\":\"https:\/\/brasilnoticias.org\/site\/#\/schema\/logo\/image\/\",\"url\":\"https:\/\/brasilnoticias.org\/site\/wp-content\/uploads\/2022\/05\/cropped-brasilnoticias-mini.jpg\",\"contentUrl\":\"https:\/\/brasilnoticias.org\/site\/wp-content\/uploads\/2022\/05\/cropped-brasilnoticias-mini.jpg\",\"width\":314,\"height\":86,\"caption\":\"Brasil not\u00edcias\"},\"image\":{\"@id\":\"https:\/\/brasilnoticias.org\/site\/#\/schema\/logo\/image\/\"}},{\"@type\":\"Person\",\"@id\":\"https:\/\/brasilnoticias.org\/site\/#\/schema\/person\/03bbbfe6c7634ad18c26444ea39049fa\",\"name\":\"Reda\u00e7\u00e3o\",\"image\":{\"@type\":\"ImageObject\",\"inLanguage\":\"pt-PT\",\"@id\":\"https:\/\/brasilnoticias.org\/site\/#\/schema\/person\/image\/\",\"url\":\"https:\/\/secure.gravatar.com\/avatar\/9ecaf7327a696cb23ad926fedded5f1f04d7049de9e445375d55b48c001a6e42?s=96&d=mm&r=g\",\"contentUrl\":\"https:\/\/secure.gravatar.com\/avatar\/9ecaf7327a696cb23ad926fedded5f1f04d7049de9e445375d55b48c001a6e42?s=96&d=mm&r=g\",\"caption\":\"Reda\u00e7\u00e3o\"},\"url\":\"https:\/\/brasilnoticias.org\/site\/author\/henrique\/\"}]}<\/script>\n<!-- \/ Yoast SEO plugin. -->","yoast_head_json":{"title":"Conhe\u00e7a o baiano cotado para assumir o Minist\u00e9rio da Justi\u00e7a e Seguran\u00e7a P\u00fablica - Brasil not\u00edcias","robots":{"index":"index","follow":"follow","max-snippet":"max-snippet:-1","max-image-preview":"max-image-preview:large","max-video-preview":"max-video-preview:-1"},"canonical":"https:\/\/brasilnoticias.org\/site\/conheca-o-baiano-cotado-para-assumir-o-ministerio-da-justica-e-seguranca-publica\/","og_locale":"pt_PT","og_type":"article","og_title":"Conhe\u00e7a o baiano cotado para assumir o Minist\u00e9rio da Justi\u00e7a e Seguran\u00e7a P\u00fablica - Brasil not\u00edcias","og_description":"Um jurista baiano desponta como um dos principais nomes avaliados pelo Pal\u00e1cio do Planalto para comandar o Minist\u00e9rio da Justi\u00e7a","og_url":"https:\/\/brasilnoticias.org\/site\/conheca-o-baiano-cotado-para-assumir-o-ministerio-da-justica-e-seguranca-publica\/","og_site_name":"Brasil not\u00edcias","article_published_time":"2026-01-13T10:30:23+00:00","og_image":[{"width":1600,"height":752,"url":"https:\/\/brasilnoticias.org\/site\/wp-content\/uploads\/2026\/01\/176178saiba-quem-e-o-baiano-que-deve-assumir-o-ministerio-da-justica-e-seguranca-publica-3.jpg","type":"image\/jpeg"}],"author":"Reda\u00e7\u00e3o","twitter_card":"summary_large_image","twitter_misc":{"Escrito por":"Reda\u00e7\u00e3o","Tempo estimado de leitura":"1 minuto"},"schema":{"@context":"https:\/\/schema.org","@graph":[{"@type":"Article","@id":"https:\/\/brasilnoticias.org\/site\/conheca-o-baiano-cotado-para-assumir-o-ministerio-da-justica-e-seguranca-publica\/#article","isPartOf":{"@id":"https:\/\/brasilnoticias.org\/site\/conheca-o-baiano-cotado-para-assumir-o-ministerio-da-justica-e-seguranca-publica\/"},"author":{"name":"Reda\u00e7\u00e3o","@id":"https:\/\/brasilnoticias.org\/site\/#\/schema\/person\/03bbbfe6c7634ad18c26444ea39049fa"},"headline":"Conhe\u00e7a o baiano cotado para assumir o Minist\u00e9rio da Justi\u00e7a e Seguran\u00e7a P\u00fablica","datePublished":"2026-01-13T10:30:23+00:00","mainEntityOfPage":{"@id":"https:\/\/brasilnoticias.org\/site\/conheca-o-baiano-cotado-para-assumir-o-ministerio-da-justica-e-seguranca-publica\/"},"wordCount":262,"commentCount":0,"publisher":{"@id":"https:\/\/brasilnoticias.org\/site\/#organization"},"image":{"@id":"https:\/\/brasilnoticias.org\/site\/conheca-o-baiano-cotado-para-assumir-o-ministerio-da-justica-e-seguranca-publica\/#primaryimage"},"thumbnailUrl":"https:\/\/brasilnoticias.org\/site\/wp-content\/uploads\/2026\/01\/176178saiba-quem-e-o-baiano-que-deve-assumir-o-ministerio-da-justica-e-seguranca-publica-3.jpg","articleSection":["Pol\u00edtica","\u00daltimas"],"inLanguage":"pt-PT","potentialAction":[{"@type":"CommentAction","name":"Comment","target":["https:\/\/brasilnoticias.org\/site\/conheca-o-baiano-cotado-para-assumir-o-ministerio-da-justica-e-seguranca-publica\/#respond"]}]},{"@type":"WebPage","@id":"https:\/\/brasilnoticias.org\/site\/conheca-o-baiano-cotado-para-assumir-o-ministerio-da-justica-e-seguranca-publica\/","url":"https:\/\/brasilnoticias.org\/site\/conheca-o-baiano-cotado-para-assumir-o-ministerio-da-justica-e-seguranca-publica\/","name":"Conhe\u00e7a o baiano cotado para assumir o Minist\u00e9rio da Justi\u00e7a e Seguran\u00e7a P\u00fablica - Brasil not\u00edcias","isPartOf":{"@id":"https:\/\/brasilnoticias.org\/site\/#website"},"primaryImageOfPage":{"@id":"https:\/\/brasilnoticias.org\/site\/conheca-o-baiano-cotado-para-assumir-o-ministerio-da-justica-e-seguranca-publica\/#primaryimage"},"image":{"@id":"https:\/\/brasilnoticias.org\/site\/conheca-o-baiano-cotado-para-assumir-o-ministerio-da-justica-e-seguranca-publica\/#primaryimage"},"thumbnailUrl":"https:\/\/brasilnoticias.org\/site\/wp-content\/uploads\/2026\/01\/176178saiba-quem-e-o-baiano-que-deve-assumir-o-ministerio-da-justica-e-seguranca-publica-3.jpg","datePublished":"2026-01-13T10:30:23+00:00","breadcrumb":{"@id":"https:\/\/brasilnoticias.org\/site\/conheca-o-baiano-cotado-para-assumir-o-ministerio-da-justica-e-seguranca-publica\/#breadcrumb"},"inLanguage":"pt-PT","potentialAction":[{"@type":"ReadAction","target":["https:\/\/brasilnoticias.org\/site\/conheca-o-baiano-cotado-para-assumir-o-ministerio-da-justica-e-seguranca-publica\/"]}]},{"@type":"ImageObject","inLanguage":"pt-PT","@id":"https:\/\/brasilnoticias.org\/site\/conheca-o-baiano-cotado-para-assumir-o-ministerio-da-justica-e-seguranca-publica\/#primaryimage","url":"https:\/\/brasilnoticias.org\/site\/wp-content\/uploads\/2026\/01\/176178saiba-quem-e-o-baiano-que-deve-assumir-o-ministerio-da-justica-e-seguranca-publica-3.jpg","contentUrl":"https:\/\/brasilnoticias.org\/site\/wp-content\/uploads\/2026\/01\/176178saiba-quem-e-o-baiano-que-deve-assumir-o-ministerio-da-justica-e-seguranca-publica-3.jpg","width":1600,"height":752},{"@type":"BreadcrumbList","@id":"https:\/\/brasilnoticias.org\/site\/conheca-o-baiano-cotado-para-assumir-o-ministerio-da-justica-e-seguranca-publica\/#breadcrumb","itemListElement":[{"@type":"ListItem","position":1,"name":"In\u00edcio","item":"https:\/\/brasilnoticias.org\/site\/"},{"@type":"ListItem","position":2,"name":"Conhe\u00e7a o baiano cotado para assumir o Minist\u00e9rio da Justi\u00e7a e Seguran\u00e7a P\u00fablica"}]},{"@type":"WebSite","@id":"https:\/\/brasilnoticias.org\/site\/#website","url":"https:\/\/brasilnoticias.org\/site\/","name":"Brasil not\u00edcias","description":"Brasil not\u00edcias","publisher":{"@id":"https:\/\/brasilnoticias.org\/site\/#organization"},"potentialAction":[{"@type":"SearchAction","target":{"@type":"EntryPoint","urlTemplate":"https:\/\/brasilnoticias.org\/site\/?s={search_term_string}"},"query-input":{"@type":"PropertyValueSpecification","valueRequired":true,"valueName":"search_term_string"}}],"inLanguage":"pt-PT"},{"@type":"Organization","@id":"https:\/\/brasilnoticias.org\/site\/#organization","name":"Brasil not\u00edcias","url":"https:\/\/brasilnoticias.org\/site\/","logo":{"@type":"ImageObject","inLanguage":"pt-PT","@id":"https:\/\/brasilnoticias.org\/site\/#\/schema\/logo\/image\/","url":"https:\/\/brasilnoticias.org\/site\/wp-content\/uploads\/2022\/05\/cropped-brasilnoticias-mini.jpg","contentUrl":"https:\/\/brasilnoticias.org\/site\/wp-content\/uploads\/2022\/05\/cropped-brasilnoticias-mini.jpg","width":314,"height":86,"caption":"Brasil not\u00edcias"},"image":{"@id":"https:\/\/brasilnoticias.org\/site\/#\/schema\/logo\/image\/"}},{"@type":"Person","@id":"https:\/\/brasilnoticias.org\/site\/#\/schema\/person\/03bbbfe6c7634ad18c26444ea39049fa","name":"Reda\u00e7\u00e3o","image":{"@type":"ImageObject","inLanguage":"pt-PT","@id":"https:\/\/brasilnoticias.org\/site\/#\/schema\/person\/image\/","url":"https:\/\/secure.gravatar.com\/avatar\/9ecaf7327a696cb23ad926fedded5f1f04d7049de9e445375d55b48c001a6e42?s=96&d=mm&r=g","contentUrl":"https:\/\/secure.gravatar.com\/avatar\/9ecaf7327a696cb23ad926fedded5f1f04d7049de9e445375d55b48c001a6e42?s=96&d=mm&r=g","caption":"Reda\u00e7\u00e3o"},"url":"https:\/\/brasilnoticias.org\/site\/author\/henrique\/"}]}},"_links":{"self":[{"href":"https:\/\/brasilnoticias.org\/site\/wp-json\/wp\/v2\/posts\/19406","targetHints":{"allow":["GET"]}}],"collection":[{"href":"https:\/\/brasilnoticias.org\/site\/wp-json\/wp\/v2\/posts"}],"about":[{"href":"https:\/\/brasilnoticias.org\/site\/wp-json\/wp\/v2\/types\/post"}],"author":[{"embeddable":true,"href":"https:\/\/brasilnoticias.org\/site\/wp-json\/wp\/v2\/users\/4"}],"replies":[{"embeddable":true,"href":"https:\/\/brasilnoticias.org\/site\/wp-json\/wp\/v2\/comments?post=19406"}],"version-history":[{"count":1,"href":"https:\/\/brasilnoticias.org\/site\/wp-json\/wp\/v2\/posts\/19406\/revisions"}],"predecessor-version":[{"id":19408,"href":"https:\/\/brasilnoticias.org\/site\/wp-json\/wp\/v2\/posts\/19406\/revisions\/19408"}],"wp:featuredmedia":[{"embeddable":true,"href":"https:\/\/brasilnoticias.org\/site\/wp-json\/wp\/v2\/media\/19407"}],"wp:attachment":[{"href":"https:\/\/brasilnoticias.org\/site\/wp-json\/wp\/v2\/media?parent=19406"}],"wp:term":[{"taxonomy":"category","embeddable":true,"href":"https:\/\/brasilnoticias.org\/site\/wp-json\/wp\/v2\/categories?post=19406"},{"taxonomy":"post_tag","embeddable":true,"href":"https:\/\/brasilnoticias.org\/site\/wp-json\/wp\/v2\/tags?post=19406"}],"curies":[{"name":"wp","href":"https:\/\/api.w.org\/{rel}","templated":true}]}}