{"id":19425,"date":"2026-01-13T12:57:23","date_gmt":"2026-01-13T15:57:23","guid":{"rendered":"https:\/\/brasilnoticias.org\/site\/?p=19425"},"modified":"2026-01-13T12:57:23","modified_gmt":"2026-01-13T15:57:23","slug":"pf-deflagra-nova-fase-da-operacao-overclean-e-deputado-felix-mendonca-junior-e-novamente-alvo","status":"publish","type":"post","link":"https:\/\/brasilnoticias.org\/site\/pf-deflagra-nova-fase-da-operacao-overclean-e-deputado-felix-mendonca-junior-e-novamente-alvo\/","title":{"rendered":"PF deflagra nova fase da Opera\u00e7\u00e3o Overclean e deputado F\u00e9lix Mendon\u00e7a J\u00fanior \u00e9 novamente alvo"},"content":{"rendered":"<p>A Pol\u00edcia Federal deflagrou, na manh\u00e3 desta ter\u00e7a-feira (13), a nona fase da Opera\u00e7\u00e3o Overclean, que apura a atua\u00e7\u00e3o de uma organiza\u00e7\u00e3o criminosa suspeita de desvio de emendas parlamentares, corrup\u00e7\u00e3o e lavagem de dinheiro. O principal alvo da a\u00e7\u00e3o \u00e9 o deputado federal F\u00e9lix Mendon\u00e7a J\u00fanior (PDT), presidente estadual do partido na Bahia.<\/p>\n<p>A opera\u00e7\u00e3o conta com apoio da Controladoria-Geral da Uni\u00e3o e da Receita Federal. Ao todo, s\u00e3o cumpridos nove mandados de busca e apreens\u00e3o, expedidos pelo ministro Nunes Marques, do Supremo Tribunal Federal.<\/p>\n<p>As dilig\u00eancias ocorrem em Bras\u00edlia, Salvador, Mata de S\u00e3o Jo\u00e3o e Vera Cruz, todas relacionadas ao deputado, incluindo resid\u00eancias e escrit\u00f3rios. F\u00e9lix Mendon\u00e7a J\u00fanior foi localizado em uma fazenda no munic\u00edpio de Entre Rios, onde teve o telefone celular apreendido pelos agentes federais.<\/p>\n<p>Esta n\u00e3o \u00e9 a primeira vez que o parlamentar \u00e9 alvo da Overclean. Em junho do ano passado, durante a quarta fase da opera\u00e7\u00e3o, a PF cumpriu mandados contra o pedetista, um assessor dele e prefeitos de munic\u00edpios baianos. Na ocasi\u00e3o, dois prefeitos afastados foram presos em flagrante durante o cumprimento das ordens judiciais.<\/p>\n<p>Defesa fala em estranhamento e aus\u00eancia de fatos novos<\/p>\n<p>Em nota oficial, o deputado afirmou ter recebido a nova opera\u00e7\u00e3o \u201ccom surpresa\u201d e disse que a dilig\u00eancia tem o mesmo objetivo da realizada em 2025, que buscava apurar supostas irregularidades na destina\u00e7\u00e3o de emendas parlamentares.<\/p>\n<p>Segundo a defesa, passados mais de seis meses da primeira a\u00e7\u00e3o, n\u00e3o foi encontrado qualquer elemento que comprometesse o parlamentar, o que tornaria a nova fase da opera\u00e7\u00e3o motivo de estranhamento, \u201cespecialmente diante da inexist\u00eancia de fatos novos\u201d.<\/p>\n<p>F\u00e9lix Mendon\u00e7a J\u00fanior afirma que sempre colaborou integralmente com as investiga\u00e7\u00f5es, por meio de seus advogados, Jos\u00e9 Eduardo Rangel de Alckmin e Sebastian Borges de Albuquerque Mello, e reiterou confian\u00e7a no trabalho da Justi\u00e7a.<\/p>\n<p>O deputado tamb\u00e9m criticou a morosidade das investiga\u00e7\u00f5es, ao argumentar que a\u00e7\u00f5es prolongadas do tipo comprometem reputa\u00e7\u00f5es e geram preju\u00edzos pol\u00edticos, sobretudo em ano eleitoral, defendendo apura\u00e7\u00e3o \u201cc\u00e9lere e respons\u00e1vel\u201d.<\/p>\n<p>Na nota, o parlamentar sustenta que jamais negociou a execu\u00e7\u00e3o de emendas parlamentares, nunca indicou empresas e n\u00e3o exerce fun\u00e7\u00e3o de ordenador de despesas, ressaltando que sua atua\u00e7\u00e3o sempre se limitou \u00e0 apresenta\u00e7\u00e3o de emendas para garantir recursos federais aos munic\u00edpios baianos.<\/p>\n<p>Em seu quarto mandato, F\u00e9lix Mendon\u00e7a J\u00fanior afirma ter pautado sua trajet\u00f3ria pela legalidade, transpar\u00eancia e respeito \u00e0s institui\u00e7\u00f5es, colocando-se novamente \u00e0 disposi\u00e7\u00e3o da Justi\u00e7a e declarando confian\u00e7a de que sua inoc\u00eancia ser\u00e1 confirmada ao final das investiga\u00e7\u00f5es.<\/p>\n<p>Foto: PDT na C\u00e2mara \/ Divulga\u00e7\u00e3o<br \/>\nFonte: <a href=\"https:\/\/www.blogdovila.com.br\/noticia\/felix-overclean9\">Blog do Vila<\/a><\/p>\n","protected":false},"excerpt":{"rendered":"<p>A Pol\u00edcia Federal deflagrou, na manh\u00e3 desta ter\u00e7a-feira (13), a nona fase da Opera\u00e7\u00e3o Overclean, que apura a atua\u00e7\u00e3o de<\/p>\n","protected":false},"author":4,"featured_media":19426,"comment_status":"open","ping_status":"open","sticky":false,"template":"","format":"standard","meta":{"colormag_page_container_layout":"default_layout","colormag_page_sidebar_layout":"default_layout","_FSMCFIC_featured_image_caption":"","_FSMCFIC_featured_image_nocaption":"","_FSMCFIC_featured_image_hide":"","footnotes":""},"categories":[5,1],"tags":[],"class_list":["post-19425","post","type-post","status-publish","format-standard","has-post-thumbnail","hentry","category-politica","category-ultimas"],"yoast_head":"<!-- This site is optimized with the Yoast SEO plugin v27.1.1 - https:\/\/yoast.com\/product\/yoast-seo-wordpress\/ -->\n<title>PF deflagra nova fase da Opera\u00e7\u00e3o Overclean e deputado F\u00e9lix Mendon\u00e7a J\u00fanior \u00e9 novamente alvo - Brasil not\u00edcias<\/title>\n<meta name=\"robots\" content=\"index, follow, max-snippet:-1, max-image-preview:large, max-video-preview:-1\" \/>\n<link rel=\"canonical\" href=\"https:\/\/brasilnoticias.org\/site\/pf-deflagra-nova-fase-da-operacao-overclean-e-deputado-felix-mendonca-junior-e-novamente-alvo\/\" \/>\n<meta property=\"og:locale\" content=\"pt_PT\" \/>\n<meta property=\"og:type\" content=\"article\" \/>\n<meta property=\"og:title\" content=\"PF deflagra nova fase da Opera\u00e7\u00e3o Overclean e deputado F\u00e9lix Mendon\u00e7a J\u00fanior \u00e9 novamente alvo - Brasil not\u00edcias\" \/>\n<meta property=\"og:description\" content=\"A Pol\u00edcia Federal deflagrou, na manh\u00e3 desta ter\u00e7a-feira (13), a nona fase da Opera\u00e7\u00e3o Overclean, que apura a atua\u00e7\u00e3o de\" \/>\n<meta property=\"og:url\" content=\"https:\/\/brasilnoticias.org\/site\/pf-deflagra-nova-fase-da-operacao-overclean-e-deputado-felix-mendonca-junior-e-novamente-alvo\/\" \/>\n<meta property=\"og:site_name\" content=\"Brasil not\u00edcias\" \/>\n<meta property=\"article:published_time\" content=\"2026-01-13T15:57:23+00:00\" \/>\n<meta property=\"og:image\" content=\"https:\/\/brasilnoticias.org\/site\/wp-content\/uploads\/2026\/01\/49430393113_ef0aef2660_b.jpg\" \/>\n\t<meta property=\"og:image:width\" content=\"1023\" \/>\n\t<meta property=\"og:image:height\" content=\"575\" \/>\n\t<meta property=\"og:image:type\" content=\"image\/jpeg\" \/>\n<meta name=\"author\" content=\"Reda\u00e7\u00e3o\" \/>\n<meta name=\"twitter:card\" content=\"summary_large_image\" \/>\n<meta name=\"twitter:label1\" content=\"Escrito por\" \/>\n\t<meta name=\"twitter:data1\" content=\"Reda\u00e7\u00e3o\" \/>\n\t<meta name=\"twitter:label2\" content=\"Tempo estimado de leitura\" \/>\n\t<meta name=\"twitter:data2\" content=\"1 minuto\" \/>\n<script type=\"application\/ld+json\" class=\"yoast-schema-graph\">{\"@context\":\"https:\/\/schema.org\",\"@graph\":[{\"@type\":\"Article\",\"@id\":\"https:\/\/brasilnoticias.org\/site\/pf-deflagra-nova-fase-da-operacao-overclean-e-deputado-felix-mendonca-junior-e-novamente-alvo\/#article\",\"isPartOf\":{\"@id\":\"https:\/\/brasilnoticias.org\/site\/pf-deflagra-nova-fase-da-operacao-overclean-e-deputado-felix-mendonca-junior-e-novamente-alvo\/\"},\"author\":{\"name\":\"Reda\u00e7\u00e3o\",\"@id\":\"https:\/\/brasilnoticias.org\/site\/#\/schema\/person\/03bbbfe6c7634ad18c26444ea39049fa\"},\"headline\":\"PF deflagra nova fase da Opera\u00e7\u00e3o Overclean e deputado F\u00e9lix Mendon\u00e7a J\u00fanior \u00e9 novamente alvo\",\"datePublished\":\"2026-01-13T15:57:23+00:00\",\"mainEntityOfPage\":{\"@id\":\"https:\/\/brasilnoticias.org\/site\/pf-deflagra-nova-fase-da-operacao-overclean-e-deputado-felix-mendonca-junior-e-novamente-alvo\/\"},\"wordCount\":499,\"commentCount\":0,\"publisher\":{\"@id\":\"https:\/\/brasilnoticias.org\/site\/#organization\"},\"image\":{\"@id\":\"https:\/\/brasilnoticias.org\/site\/pf-deflagra-nova-fase-da-operacao-overclean-e-deputado-felix-mendonca-junior-e-novamente-alvo\/#primaryimage\"},\"thumbnailUrl\":\"https:\/\/brasilnoticias.org\/site\/wp-content\/uploads\/2026\/01\/49430393113_ef0aef2660_b.jpg\",\"articleSection\":[\"Pol\u00edtica\",\"\u00daltimas\"],\"inLanguage\":\"pt-PT\",\"potentialAction\":[{\"@type\":\"CommentAction\",\"name\":\"Comment\",\"target\":[\"https:\/\/brasilnoticias.org\/site\/pf-deflagra-nova-fase-da-operacao-overclean-e-deputado-felix-mendonca-junior-e-novamente-alvo\/#respond\"]}]},{\"@type\":\"WebPage\",\"@id\":\"https:\/\/brasilnoticias.org\/site\/pf-deflagra-nova-fase-da-operacao-overclean-e-deputado-felix-mendonca-junior-e-novamente-alvo\/\",\"url\":\"https:\/\/brasilnoticias.org\/site\/pf-deflagra-nova-fase-da-operacao-overclean-e-deputado-felix-mendonca-junior-e-novamente-alvo\/\",\"name\":\"PF deflagra nova fase da Opera\u00e7\u00e3o Overclean e deputado F\u00e9lix Mendon\u00e7a J\u00fanior \u00e9 novamente alvo - Brasil not\u00edcias\",\"isPartOf\":{\"@id\":\"https:\/\/brasilnoticias.org\/site\/#website\"},\"primaryImageOfPage\":{\"@id\":\"https:\/\/brasilnoticias.org\/site\/pf-deflagra-nova-fase-da-operacao-overclean-e-deputado-felix-mendonca-junior-e-novamente-alvo\/#primaryimage\"},\"image\":{\"@id\":\"https:\/\/brasilnoticias.org\/site\/pf-deflagra-nova-fase-da-operacao-overclean-e-deputado-felix-mendonca-junior-e-novamente-alvo\/#primaryimage\"},\"thumbnailUrl\":\"https:\/\/brasilnoticias.org\/site\/wp-content\/uploads\/2026\/01\/49430393113_ef0aef2660_b.jpg\",\"datePublished\":\"2026-01-13T15:57:23+00:00\",\"breadcrumb\":{\"@id\":\"https:\/\/brasilnoticias.org\/site\/pf-deflagra-nova-fase-da-operacao-overclean-e-deputado-felix-mendonca-junior-e-novamente-alvo\/#breadcrumb\"},\"inLanguage\":\"pt-PT\",\"potentialAction\":[{\"@type\":\"ReadAction\",\"target\":[\"https:\/\/brasilnoticias.org\/site\/pf-deflagra-nova-fase-da-operacao-overclean-e-deputado-felix-mendonca-junior-e-novamente-alvo\/\"]}]},{\"@type\":\"ImageObject\",\"inLanguage\":\"pt-PT\",\"@id\":\"https:\/\/brasilnoticias.org\/site\/pf-deflagra-nova-fase-da-operacao-overclean-e-deputado-felix-mendonca-junior-e-novamente-alvo\/#primaryimage\",\"url\":\"https:\/\/brasilnoticias.org\/site\/wp-content\/uploads\/2026\/01\/49430393113_ef0aef2660_b.jpg\",\"contentUrl\":\"https:\/\/brasilnoticias.org\/site\/wp-content\/uploads\/2026\/01\/49430393113_ef0aef2660_b.jpg\",\"width\":1023,\"height\":575},{\"@type\":\"BreadcrumbList\",\"@id\":\"https:\/\/brasilnoticias.org\/site\/pf-deflagra-nova-fase-da-operacao-overclean-e-deputado-felix-mendonca-junior-e-novamente-alvo\/#breadcrumb\",\"itemListElement\":[{\"@type\":\"ListItem\",\"position\":1,\"name\":\"In\u00edcio\",\"item\":\"https:\/\/brasilnoticias.org\/site\/\"},{\"@type\":\"ListItem\",\"position\":2,\"name\":\"PF deflagra nova fase da Opera\u00e7\u00e3o Overclean e deputado F\u00e9lix Mendon\u00e7a J\u00fanior \u00e9 novamente alvo\"}]},{\"@type\":\"WebSite\",\"@id\":\"https:\/\/brasilnoticias.org\/site\/#website\",\"url\":\"https:\/\/brasilnoticias.org\/site\/\",\"name\":\"Brasil not\u00edcias\",\"description\":\"Brasil not\u00edcias\",\"publisher\":{\"@id\":\"https:\/\/brasilnoticias.org\/site\/#organization\"},\"potentialAction\":[{\"@type\":\"SearchAction\",\"target\":{\"@type\":\"EntryPoint\",\"urlTemplate\":\"https:\/\/brasilnoticias.org\/site\/?s={search_term_string}\"},\"query-input\":{\"@type\":\"PropertyValueSpecification\",\"valueRequired\":true,\"valueName\":\"search_term_string\"}}],\"inLanguage\":\"pt-PT\"},{\"@type\":\"Organization\",\"@id\":\"https:\/\/brasilnoticias.org\/site\/#organization\",\"name\":\"Brasil not\u00edcias\",\"url\":\"https:\/\/brasilnoticias.org\/site\/\",\"logo\":{\"@type\":\"ImageObject\",\"inLanguage\":\"pt-PT\",\"@id\":\"https:\/\/brasilnoticias.org\/site\/#\/schema\/logo\/image\/\",\"url\":\"https:\/\/brasilnoticias.org\/site\/wp-content\/uploads\/2022\/05\/cropped-brasilnoticias-mini.jpg\",\"contentUrl\":\"https:\/\/brasilnoticias.org\/site\/wp-content\/uploads\/2022\/05\/cropped-brasilnoticias-mini.jpg\",\"width\":314,\"height\":86,\"caption\":\"Brasil not\u00edcias\"},\"image\":{\"@id\":\"https:\/\/brasilnoticias.org\/site\/#\/schema\/logo\/image\/\"}},{\"@type\":\"Person\",\"@id\":\"https:\/\/brasilnoticias.org\/site\/#\/schema\/person\/03bbbfe6c7634ad18c26444ea39049fa\",\"name\":\"Reda\u00e7\u00e3o\",\"image\":{\"@type\":\"ImageObject\",\"inLanguage\":\"pt-PT\",\"@id\":\"https:\/\/brasilnoticias.org\/site\/#\/schema\/person\/image\/\",\"url\":\"https:\/\/secure.gravatar.com\/avatar\/9ecaf7327a696cb23ad926fedded5f1f04d7049de9e445375d55b48c001a6e42?s=96&d=mm&r=g\",\"contentUrl\":\"https:\/\/secure.gravatar.com\/avatar\/9ecaf7327a696cb23ad926fedded5f1f04d7049de9e445375d55b48c001a6e42?s=96&d=mm&r=g\",\"caption\":\"Reda\u00e7\u00e3o\"},\"url\":\"https:\/\/brasilnoticias.org\/site\/author\/henrique\/\"}]}<\/script>\n<!-- \/ Yoast SEO plugin. -->","yoast_head_json":{"title":"PF deflagra nova fase da Opera\u00e7\u00e3o Overclean e deputado F\u00e9lix Mendon\u00e7a J\u00fanior \u00e9 novamente alvo - Brasil not\u00edcias","robots":{"index":"index","follow":"follow","max-snippet":"max-snippet:-1","max-image-preview":"max-image-preview:large","max-video-preview":"max-video-preview:-1"},"canonical":"https:\/\/brasilnoticias.org\/site\/pf-deflagra-nova-fase-da-operacao-overclean-e-deputado-felix-mendonca-junior-e-novamente-alvo\/","og_locale":"pt_PT","og_type":"article","og_title":"PF deflagra nova fase da Opera\u00e7\u00e3o Overclean e deputado F\u00e9lix Mendon\u00e7a J\u00fanior \u00e9 novamente alvo - Brasil not\u00edcias","og_description":"A Pol\u00edcia Federal deflagrou, na manh\u00e3 desta ter\u00e7a-feira (13), a nona fase da Opera\u00e7\u00e3o Overclean, que apura a atua\u00e7\u00e3o de","og_url":"https:\/\/brasilnoticias.org\/site\/pf-deflagra-nova-fase-da-operacao-overclean-e-deputado-felix-mendonca-junior-e-novamente-alvo\/","og_site_name":"Brasil not\u00edcias","article_published_time":"2026-01-13T15:57:23+00:00","og_image":[{"width":1023,"height":575,"url":"https:\/\/brasilnoticias.org\/site\/wp-content\/uploads\/2026\/01\/49430393113_ef0aef2660_b.jpg","type":"image\/jpeg"}],"author":"Reda\u00e7\u00e3o","twitter_card":"summary_large_image","twitter_misc":{"Escrito por":"Reda\u00e7\u00e3o","Tempo estimado de leitura":"1 minuto"},"schema":{"@context":"https:\/\/schema.org","@graph":[{"@type":"Article","@id":"https:\/\/brasilnoticias.org\/site\/pf-deflagra-nova-fase-da-operacao-overclean-e-deputado-felix-mendonca-junior-e-novamente-alvo\/#article","isPartOf":{"@id":"https:\/\/brasilnoticias.org\/site\/pf-deflagra-nova-fase-da-operacao-overclean-e-deputado-felix-mendonca-junior-e-novamente-alvo\/"},"author":{"name":"Reda\u00e7\u00e3o","@id":"https:\/\/brasilnoticias.org\/site\/#\/schema\/person\/03bbbfe6c7634ad18c26444ea39049fa"},"headline":"PF deflagra nova fase da Opera\u00e7\u00e3o Overclean e deputado F\u00e9lix Mendon\u00e7a J\u00fanior \u00e9 novamente alvo","datePublished":"2026-01-13T15:57:23+00:00","mainEntityOfPage":{"@id":"https:\/\/brasilnoticias.org\/site\/pf-deflagra-nova-fase-da-operacao-overclean-e-deputado-felix-mendonca-junior-e-novamente-alvo\/"},"wordCount":499,"commentCount":0,"publisher":{"@id":"https:\/\/brasilnoticias.org\/site\/#organization"},"image":{"@id":"https:\/\/brasilnoticias.org\/site\/pf-deflagra-nova-fase-da-operacao-overclean-e-deputado-felix-mendonca-junior-e-novamente-alvo\/#primaryimage"},"thumbnailUrl":"https:\/\/brasilnoticias.org\/site\/wp-content\/uploads\/2026\/01\/49430393113_ef0aef2660_b.jpg","articleSection":["Pol\u00edtica","\u00daltimas"],"inLanguage":"pt-PT","potentialAction":[{"@type":"CommentAction","name":"Comment","target":["https:\/\/brasilnoticias.org\/site\/pf-deflagra-nova-fase-da-operacao-overclean-e-deputado-felix-mendonca-junior-e-novamente-alvo\/#respond"]}]},{"@type":"WebPage","@id":"https:\/\/brasilnoticias.org\/site\/pf-deflagra-nova-fase-da-operacao-overclean-e-deputado-felix-mendonca-junior-e-novamente-alvo\/","url":"https:\/\/brasilnoticias.org\/site\/pf-deflagra-nova-fase-da-operacao-overclean-e-deputado-felix-mendonca-junior-e-novamente-alvo\/","name":"PF deflagra nova fase da Opera\u00e7\u00e3o Overclean e deputado F\u00e9lix Mendon\u00e7a J\u00fanior \u00e9 novamente alvo - Brasil not\u00edcias","isPartOf":{"@id":"https:\/\/brasilnoticias.org\/site\/#website"},"primaryImageOfPage":{"@id":"https:\/\/brasilnoticias.org\/site\/pf-deflagra-nova-fase-da-operacao-overclean-e-deputado-felix-mendonca-junior-e-novamente-alvo\/#primaryimage"},"image":{"@id":"https:\/\/brasilnoticias.org\/site\/pf-deflagra-nova-fase-da-operacao-overclean-e-deputado-felix-mendonca-junior-e-novamente-alvo\/#primaryimage"},"thumbnailUrl":"https:\/\/brasilnoticias.org\/site\/wp-content\/uploads\/2026\/01\/49430393113_ef0aef2660_b.jpg","datePublished":"2026-01-13T15:57:23+00:00","breadcrumb":{"@id":"https:\/\/brasilnoticias.org\/site\/pf-deflagra-nova-fase-da-operacao-overclean-e-deputado-felix-mendonca-junior-e-novamente-alvo\/#breadcrumb"},"inLanguage":"pt-PT","potentialAction":[{"@type":"ReadAction","target":["https:\/\/brasilnoticias.org\/site\/pf-deflagra-nova-fase-da-operacao-overclean-e-deputado-felix-mendonca-junior-e-novamente-alvo\/"]}]},{"@type":"ImageObject","inLanguage":"pt-PT","@id":"https:\/\/brasilnoticias.org\/site\/pf-deflagra-nova-fase-da-operacao-overclean-e-deputado-felix-mendonca-junior-e-novamente-alvo\/#primaryimage","url":"https:\/\/brasilnoticias.org\/site\/wp-content\/uploads\/2026\/01\/49430393113_ef0aef2660_b.jpg","contentUrl":"https:\/\/brasilnoticias.org\/site\/wp-content\/uploads\/2026\/01\/49430393113_ef0aef2660_b.jpg","width":1023,"height":575},{"@type":"BreadcrumbList","@id":"https:\/\/brasilnoticias.org\/site\/pf-deflagra-nova-fase-da-operacao-overclean-e-deputado-felix-mendonca-junior-e-novamente-alvo\/#breadcrumb","itemListElement":[{"@type":"ListItem","position":1,"name":"In\u00edcio","item":"https:\/\/brasilnoticias.org\/site\/"},{"@type":"ListItem","position":2,"name":"PF deflagra nova fase da Opera\u00e7\u00e3o Overclean e deputado F\u00e9lix Mendon\u00e7a J\u00fanior \u00e9 novamente alvo"}]},{"@type":"WebSite","@id":"https:\/\/brasilnoticias.org\/site\/#website","url":"https:\/\/brasilnoticias.org\/site\/","name":"Brasil not\u00edcias","description":"Brasil not\u00edcias","publisher":{"@id":"https:\/\/brasilnoticias.org\/site\/#organization"},"potentialAction":[{"@type":"SearchAction","target":{"@type":"EntryPoint","urlTemplate":"https:\/\/brasilnoticias.org\/site\/?s={search_term_string}"},"query-input":{"@type":"PropertyValueSpecification","valueRequired":true,"valueName":"search_term_string"}}],"inLanguage":"pt-PT"},{"@type":"Organization","@id":"https:\/\/brasilnoticias.org\/site\/#organization","name":"Brasil not\u00edcias","url":"https:\/\/brasilnoticias.org\/site\/","logo":{"@type":"ImageObject","inLanguage":"pt-PT","@id":"https:\/\/brasilnoticias.org\/site\/#\/schema\/logo\/image\/","url":"https:\/\/brasilnoticias.org\/site\/wp-content\/uploads\/2022\/05\/cropped-brasilnoticias-mini.jpg","contentUrl":"https:\/\/brasilnoticias.org\/site\/wp-content\/uploads\/2022\/05\/cropped-brasilnoticias-mini.jpg","width":314,"height":86,"caption":"Brasil not\u00edcias"},"image":{"@id":"https:\/\/brasilnoticias.org\/site\/#\/schema\/logo\/image\/"}},{"@type":"Person","@id":"https:\/\/brasilnoticias.org\/site\/#\/schema\/person\/03bbbfe6c7634ad18c26444ea39049fa","name":"Reda\u00e7\u00e3o","image":{"@type":"ImageObject","inLanguage":"pt-PT","@id":"https:\/\/brasilnoticias.org\/site\/#\/schema\/person\/image\/","url":"https:\/\/secure.gravatar.com\/avatar\/9ecaf7327a696cb23ad926fedded5f1f04d7049de9e445375d55b48c001a6e42?s=96&d=mm&r=g","contentUrl":"https:\/\/secure.gravatar.com\/avatar\/9ecaf7327a696cb23ad926fedded5f1f04d7049de9e445375d55b48c001a6e42?s=96&d=mm&r=g","caption":"Reda\u00e7\u00e3o"},"url":"https:\/\/brasilnoticias.org\/site\/author\/henrique\/"}]}},"_links":{"self":[{"href":"https:\/\/brasilnoticias.org\/site\/wp-json\/wp\/v2\/posts\/19425","targetHints":{"allow":["GET"]}}],"collection":[{"href":"https:\/\/brasilnoticias.org\/site\/wp-json\/wp\/v2\/posts"}],"about":[{"href":"https:\/\/brasilnoticias.org\/site\/wp-json\/wp\/v2\/types\/post"}],"author":[{"embeddable":true,"href":"https:\/\/brasilnoticias.org\/site\/wp-json\/wp\/v2\/users\/4"}],"replies":[{"embeddable":true,"href":"https:\/\/brasilnoticias.org\/site\/wp-json\/wp\/v2\/comments?post=19425"}],"version-history":[{"count":1,"href":"https:\/\/brasilnoticias.org\/site\/wp-json\/wp\/v2\/posts\/19425\/revisions"}],"predecessor-version":[{"id":19427,"href":"https:\/\/brasilnoticias.org\/site\/wp-json\/wp\/v2\/posts\/19425\/revisions\/19427"}],"wp:featuredmedia":[{"embeddable":true,"href":"https:\/\/brasilnoticias.org\/site\/wp-json\/wp\/v2\/media\/19426"}],"wp:attachment":[{"href":"https:\/\/brasilnoticias.org\/site\/wp-json\/wp\/v2\/media?parent=19425"}],"wp:term":[{"taxonomy":"category","embeddable":true,"href":"https:\/\/brasilnoticias.org\/site\/wp-json\/wp\/v2\/categories?post=19425"},{"taxonomy":"post_tag","embeddable":true,"href":"https:\/\/brasilnoticias.org\/site\/wp-json\/wp\/v2\/tags?post=19425"}],"curies":[{"name":"wp","href":"https:\/\/api.w.org\/{rel}","templated":true}]}}