{"id":19432,"date":"2026-01-13T19:42:21","date_gmt":"2026-01-13T22:42:21","guid":{"rendered":"https:\/\/brasilnoticias.org\/site\/?p=19432"},"modified":"2026-01-13T19:42:21","modified_gmt":"2026-01-13T22:42:21","slug":"wellington-lima-e-silva-e-nomeado-novo-ministro-da-justica-e-seguranca-publica","status":"publish","type":"post","link":"https:\/\/brasilnoticias.org\/site\/wellington-lima-e-silva-e-nomeado-novo-ministro-da-justica-e-seguranca-publica\/","title":{"rendered":"Wellington Lima e Silva \u00e9 nomeado novo ministro da Justi\u00e7a e Seguran\u00e7a P\u00fablica"},"content":{"rendered":"<p>O jurista Wellington C\u00e9sar Lima e Silva foi oficialmente indicado pelo presidente Luiz In\u00e1cio Lula da Silva como o novo ministro da Justi\u00e7a e Seguran\u00e7a P\u00fablica do Brasil. A nomea\u00e7\u00e3o foi anunciada nesta ter\u00e7a-feira (13) e deve ser publicada ainda hoje no Di\u00e1rio Oficial da Uni\u00e3o.<\/p>\n<p>Wellington Lima e Silva substitui Ricardo Lewandowski, que deixou o cargo no in\u00edcio de janeiro, por motivos pessoais. Atualmente, o novo ministro exercia a fun\u00e7\u00e3o de advogado-geral da Petrobras, cargo para o qual foi indicado pelo pr\u00f3prio presidente Lula.<\/p>\n<p>Natural de Salvador, o jurista j\u00e1 ocupou posi\u00e7\u00f5es de destaque ao longo de sua carreira: foi procurador-geral de Justi\u00e7a da Bahia, secret\u00e1rio especial para Assuntos Jur\u00eddicos da Presid\u00eancia da Rep\u00fablica e, em 2016, teve uma breve passagem pelo comando do pr\u00f3prio Minist\u00e9rio da Justi\u00e7a no governo da ex-presidente Dilma Rousseff.<\/p>\n<p>A escolha de Wellington Lima e Silva reflete a aposta do governo em um perfil t\u00e9cnico e experiente em temas jur\u00eddicos e de seguran\u00e7a p\u00fablica, em um momento de articula\u00e7\u00e3o pol\u00edtica e de cont\u00ednuas discuss\u00f5es sobre a estrutura da pasta.<\/p>\n<p>Foto: Ricardo Stuckert\/PR<br \/>\nFonte: Ag\u00eancia Brasil<\/p>\n","protected":false},"excerpt":{"rendered":"<p>O jurista Wellington C\u00e9sar Lima e Silva foi oficialmente indicado pelo presidente Luiz In\u00e1cio Lula da Silva como o novo<\/p>\n","protected":false},"author":4,"featured_media":0,"comment_status":"open","ping_status":"open","sticky":false,"template":"","format":"standard","meta":{"colormag_page_container_layout":"default_layout","colormag_page_sidebar_layout":"default_layout","_FSMCFIC_featured_image_caption":"","_FSMCFIC_featured_image_nocaption":"","_FSMCFIC_featured_image_hide":"","footnotes":""},"categories":[5,1],"tags":[],"class_list":["post-19432","post","type-post","status-publish","format-standard","hentry","category-politica","category-ultimas"],"yoast_head":"<!-- This site is optimized with the Yoast SEO plugin v27.1.1 - https:\/\/yoast.com\/product\/yoast-seo-wordpress\/ -->\n<title>Wellington Lima e Silva \u00e9 nomeado novo ministro da Justi\u00e7a e Seguran\u00e7a P\u00fablica - Brasil not\u00edcias<\/title>\n<meta name=\"robots\" content=\"index, follow, max-snippet:-1, max-image-preview:large, max-video-preview:-1\" \/>\n<link rel=\"canonical\" href=\"https:\/\/brasilnoticias.org\/site\/wellington-lima-e-silva-e-nomeado-novo-ministro-da-justica-e-seguranca-publica\/\" \/>\n<meta property=\"og:locale\" content=\"pt_PT\" \/>\n<meta property=\"og:type\" content=\"article\" \/>\n<meta property=\"og:title\" content=\"Wellington Lima e Silva \u00e9 nomeado novo ministro da Justi\u00e7a e Seguran\u00e7a P\u00fablica - Brasil not\u00edcias\" \/>\n<meta property=\"og:description\" content=\"O jurista Wellington C\u00e9sar Lima e Silva foi oficialmente indicado pelo presidente Luiz In\u00e1cio Lula da Silva como o novo\" \/>\n<meta property=\"og:url\" content=\"https:\/\/brasilnoticias.org\/site\/wellington-lima-e-silva-e-nomeado-novo-ministro-da-justica-e-seguranca-publica\/\" \/>\n<meta property=\"og:site_name\" content=\"Brasil not\u00edcias\" \/>\n<meta property=\"article:published_time\" content=\"2026-01-13T22:42:21+00:00\" \/>\n<meta name=\"author\" content=\"Reda\u00e7\u00e3o\" \/>\n<meta name=\"twitter:card\" content=\"summary_large_image\" \/>\n<meta name=\"twitter:label1\" content=\"Escrito por\" \/>\n\t<meta name=\"twitter:data1\" content=\"Reda\u00e7\u00e3o\" \/>\n\t<meta name=\"twitter:label2\" content=\"Tempo estimado de leitura\" \/>\n\t<meta name=\"twitter:data2\" content=\"1 minuto\" \/>\n<script type=\"application\/ld+json\" class=\"yoast-schema-graph\">{\"@context\":\"https:\/\/schema.org\",\"@graph\":[{\"@type\":\"Article\",\"@id\":\"https:\/\/brasilnoticias.org\/site\/wellington-lima-e-silva-e-nomeado-novo-ministro-da-justica-e-seguranca-publica\/#article\",\"isPartOf\":{\"@id\":\"https:\/\/brasilnoticias.org\/site\/wellington-lima-e-silva-e-nomeado-novo-ministro-da-justica-e-seguranca-publica\/\"},\"author\":{\"name\":\"Reda\u00e7\u00e3o\",\"@id\":\"https:\/\/brasilnoticias.org\/site\/#\/schema\/person\/03bbbfe6c7634ad18c26444ea39049fa\"},\"headline\":\"Wellington Lima e Silva \u00e9 nomeado novo ministro da Justi\u00e7a e Seguran\u00e7a P\u00fablica\",\"datePublished\":\"2026-01-13T22:42:21+00:00\",\"mainEntityOfPage\":{\"@id\":\"https:\/\/brasilnoticias.org\/site\/wellington-lima-e-silva-e-nomeado-novo-ministro-da-justica-e-seguranca-publica\/\"},\"wordCount\":225,\"commentCount\":0,\"publisher\":{\"@id\":\"https:\/\/brasilnoticias.org\/site\/#organization\"},\"articleSection\":[\"Pol\u00edtica\",\"\u00daltimas\"],\"inLanguage\":\"pt-PT\",\"potentialAction\":[{\"@type\":\"CommentAction\",\"name\":\"Comment\",\"target\":[\"https:\/\/brasilnoticias.org\/site\/wellington-lima-e-silva-e-nomeado-novo-ministro-da-justica-e-seguranca-publica\/#respond\"]}]},{\"@type\":\"WebPage\",\"@id\":\"https:\/\/brasilnoticias.org\/site\/wellington-lima-e-silva-e-nomeado-novo-ministro-da-justica-e-seguranca-publica\/\",\"url\":\"https:\/\/brasilnoticias.org\/site\/wellington-lima-e-silva-e-nomeado-novo-ministro-da-justica-e-seguranca-publica\/\",\"name\":\"Wellington Lima e Silva \u00e9 nomeado novo ministro da Justi\u00e7a e Seguran\u00e7a P\u00fablica - Brasil not\u00edcias\",\"isPartOf\":{\"@id\":\"https:\/\/brasilnoticias.org\/site\/#website\"},\"datePublished\":\"2026-01-13T22:42:21+00:00\",\"breadcrumb\":{\"@id\":\"https:\/\/brasilnoticias.org\/site\/wellington-lima-e-silva-e-nomeado-novo-ministro-da-justica-e-seguranca-publica\/#breadcrumb\"},\"inLanguage\":\"pt-PT\",\"potentialAction\":[{\"@type\":\"ReadAction\",\"target\":[\"https:\/\/brasilnoticias.org\/site\/wellington-lima-e-silva-e-nomeado-novo-ministro-da-justica-e-seguranca-publica\/\"]}]},{\"@type\":\"BreadcrumbList\",\"@id\":\"https:\/\/brasilnoticias.org\/site\/wellington-lima-e-silva-e-nomeado-novo-ministro-da-justica-e-seguranca-publica\/#breadcrumb\",\"itemListElement\":[{\"@type\":\"ListItem\",\"position\":1,\"name\":\"In\u00edcio\",\"item\":\"https:\/\/brasilnoticias.org\/site\/\"},{\"@type\":\"ListItem\",\"position\":2,\"name\":\"Wellington Lima e Silva \u00e9 nomeado novo ministro da Justi\u00e7a e Seguran\u00e7a P\u00fablica\"}]},{\"@type\":\"WebSite\",\"@id\":\"https:\/\/brasilnoticias.org\/site\/#website\",\"url\":\"https:\/\/brasilnoticias.org\/site\/\",\"name\":\"Brasil not\u00edcias\",\"description\":\"Brasil not\u00edcias\",\"publisher\":{\"@id\":\"https:\/\/brasilnoticias.org\/site\/#organization\"},\"potentialAction\":[{\"@type\":\"SearchAction\",\"target\":{\"@type\":\"EntryPoint\",\"urlTemplate\":\"https:\/\/brasilnoticias.org\/site\/?s={search_term_string}\"},\"query-input\":{\"@type\":\"PropertyValueSpecification\",\"valueRequired\":true,\"valueName\":\"search_term_string\"}}],\"inLanguage\":\"pt-PT\"},{\"@type\":\"Organization\",\"@id\":\"https:\/\/brasilnoticias.org\/site\/#organization\",\"name\":\"Brasil not\u00edcias\",\"url\":\"https:\/\/brasilnoticias.org\/site\/\",\"logo\":{\"@type\":\"ImageObject\",\"inLanguage\":\"pt-PT\",\"@id\":\"https:\/\/brasilnoticias.org\/site\/#\/schema\/logo\/image\/\",\"url\":\"https:\/\/brasilnoticias.org\/site\/wp-content\/uploads\/2022\/05\/cropped-brasilnoticias-mini.jpg\",\"contentUrl\":\"https:\/\/brasilnoticias.org\/site\/wp-content\/uploads\/2022\/05\/cropped-brasilnoticias-mini.jpg\",\"width\":314,\"height\":86,\"caption\":\"Brasil not\u00edcias\"},\"image\":{\"@id\":\"https:\/\/brasilnoticias.org\/site\/#\/schema\/logo\/image\/\"}},{\"@type\":\"Person\",\"@id\":\"https:\/\/brasilnoticias.org\/site\/#\/schema\/person\/03bbbfe6c7634ad18c26444ea39049fa\",\"name\":\"Reda\u00e7\u00e3o\",\"image\":{\"@type\":\"ImageObject\",\"inLanguage\":\"pt-PT\",\"@id\":\"https:\/\/brasilnoticias.org\/site\/#\/schema\/person\/image\/\",\"url\":\"https:\/\/secure.gravatar.com\/avatar\/9ecaf7327a696cb23ad926fedded5f1f04d7049de9e445375d55b48c001a6e42?s=96&d=mm&r=g\",\"contentUrl\":\"https:\/\/secure.gravatar.com\/avatar\/9ecaf7327a696cb23ad926fedded5f1f04d7049de9e445375d55b48c001a6e42?s=96&d=mm&r=g\",\"caption\":\"Reda\u00e7\u00e3o\"},\"url\":\"https:\/\/brasilnoticias.org\/site\/author\/henrique\/\"}]}<\/script>\n<!-- \/ Yoast SEO plugin. -->","yoast_head_json":{"title":"Wellington Lima e Silva \u00e9 nomeado novo ministro da Justi\u00e7a e Seguran\u00e7a P\u00fablica - Brasil not\u00edcias","robots":{"index":"index","follow":"follow","max-snippet":"max-snippet:-1","max-image-preview":"max-image-preview:large","max-video-preview":"max-video-preview:-1"},"canonical":"https:\/\/brasilnoticias.org\/site\/wellington-lima-e-silva-e-nomeado-novo-ministro-da-justica-e-seguranca-publica\/","og_locale":"pt_PT","og_type":"article","og_title":"Wellington Lima e Silva \u00e9 nomeado novo ministro da Justi\u00e7a e Seguran\u00e7a P\u00fablica - Brasil not\u00edcias","og_description":"O jurista Wellington C\u00e9sar Lima e Silva foi oficialmente indicado pelo presidente Luiz In\u00e1cio Lula da Silva como o novo","og_url":"https:\/\/brasilnoticias.org\/site\/wellington-lima-e-silva-e-nomeado-novo-ministro-da-justica-e-seguranca-publica\/","og_site_name":"Brasil not\u00edcias","article_published_time":"2026-01-13T22:42:21+00:00","author":"Reda\u00e7\u00e3o","twitter_card":"summary_large_image","twitter_misc":{"Escrito por":"Reda\u00e7\u00e3o","Tempo estimado de leitura":"1 minuto"},"schema":{"@context":"https:\/\/schema.org","@graph":[{"@type":"Article","@id":"https:\/\/brasilnoticias.org\/site\/wellington-lima-e-silva-e-nomeado-novo-ministro-da-justica-e-seguranca-publica\/#article","isPartOf":{"@id":"https:\/\/brasilnoticias.org\/site\/wellington-lima-e-silva-e-nomeado-novo-ministro-da-justica-e-seguranca-publica\/"},"author":{"name":"Reda\u00e7\u00e3o","@id":"https:\/\/brasilnoticias.org\/site\/#\/schema\/person\/03bbbfe6c7634ad18c26444ea39049fa"},"headline":"Wellington Lima e Silva \u00e9 nomeado novo ministro da Justi\u00e7a e Seguran\u00e7a P\u00fablica","datePublished":"2026-01-13T22:42:21+00:00","mainEntityOfPage":{"@id":"https:\/\/brasilnoticias.org\/site\/wellington-lima-e-silva-e-nomeado-novo-ministro-da-justica-e-seguranca-publica\/"},"wordCount":225,"commentCount":0,"publisher":{"@id":"https:\/\/brasilnoticias.org\/site\/#organization"},"articleSection":["Pol\u00edtica","\u00daltimas"],"inLanguage":"pt-PT","potentialAction":[{"@type":"CommentAction","name":"Comment","target":["https:\/\/brasilnoticias.org\/site\/wellington-lima-e-silva-e-nomeado-novo-ministro-da-justica-e-seguranca-publica\/#respond"]}]},{"@type":"WebPage","@id":"https:\/\/brasilnoticias.org\/site\/wellington-lima-e-silva-e-nomeado-novo-ministro-da-justica-e-seguranca-publica\/","url":"https:\/\/brasilnoticias.org\/site\/wellington-lima-e-silva-e-nomeado-novo-ministro-da-justica-e-seguranca-publica\/","name":"Wellington Lima e Silva \u00e9 nomeado novo ministro da Justi\u00e7a e Seguran\u00e7a P\u00fablica - Brasil not\u00edcias","isPartOf":{"@id":"https:\/\/brasilnoticias.org\/site\/#website"},"datePublished":"2026-01-13T22:42:21+00:00","breadcrumb":{"@id":"https:\/\/brasilnoticias.org\/site\/wellington-lima-e-silva-e-nomeado-novo-ministro-da-justica-e-seguranca-publica\/#breadcrumb"},"inLanguage":"pt-PT","potentialAction":[{"@type":"ReadAction","target":["https:\/\/brasilnoticias.org\/site\/wellington-lima-e-silva-e-nomeado-novo-ministro-da-justica-e-seguranca-publica\/"]}]},{"@type":"BreadcrumbList","@id":"https:\/\/brasilnoticias.org\/site\/wellington-lima-e-silva-e-nomeado-novo-ministro-da-justica-e-seguranca-publica\/#breadcrumb","itemListElement":[{"@type":"ListItem","position":1,"name":"In\u00edcio","item":"https:\/\/brasilnoticias.org\/site\/"},{"@type":"ListItem","position":2,"name":"Wellington Lima e Silva \u00e9 nomeado novo ministro da Justi\u00e7a e Seguran\u00e7a P\u00fablica"}]},{"@type":"WebSite","@id":"https:\/\/brasilnoticias.org\/site\/#website","url":"https:\/\/brasilnoticias.org\/site\/","name":"Brasil not\u00edcias","description":"Brasil not\u00edcias","publisher":{"@id":"https:\/\/brasilnoticias.org\/site\/#organization"},"potentialAction":[{"@type":"SearchAction","target":{"@type":"EntryPoint","urlTemplate":"https:\/\/brasilnoticias.org\/site\/?s={search_term_string}"},"query-input":{"@type":"PropertyValueSpecification","valueRequired":true,"valueName":"search_term_string"}}],"inLanguage":"pt-PT"},{"@type":"Organization","@id":"https:\/\/brasilnoticias.org\/site\/#organization","name":"Brasil not\u00edcias","url":"https:\/\/brasilnoticias.org\/site\/","logo":{"@type":"ImageObject","inLanguage":"pt-PT","@id":"https:\/\/brasilnoticias.org\/site\/#\/schema\/logo\/image\/","url":"https:\/\/brasilnoticias.org\/site\/wp-content\/uploads\/2022\/05\/cropped-brasilnoticias-mini.jpg","contentUrl":"https:\/\/brasilnoticias.org\/site\/wp-content\/uploads\/2022\/05\/cropped-brasilnoticias-mini.jpg","width":314,"height":86,"caption":"Brasil not\u00edcias"},"image":{"@id":"https:\/\/brasilnoticias.org\/site\/#\/schema\/logo\/image\/"}},{"@type":"Person","@id":"https:\/\/brasilnoticias.org\/site\/#\/schema\/person\/03bbbfe6c7634ad18c26444ea39049fa","name":"Reda\u00e7\u00e3o","image":{"@type":"ImageObject","inLanguage":"pt-PT","@id":"https:\/\/brasilnoticias.org\/site\/#\/schema\/person\/image\/","url":"https:\/\/secure.gravatar.com\/avatar\/9ecaf7327a696cb23ad926fedded5f1f04d7049de9e445375d55b48c001a6e42?s=96&d=mm&r=g","contentUrl":"https:\/\/secure.gravatar.com\/avatar\/9ecaf7327a696cb23ad926fedded5f1f04d7049de9e445375d55b48c001a6e42?s=96&d=mm&r=g","caption":"Reda\u00e7\u00e3o"},"url":"https:\/\/brasilnoticias.org\/site\/author\/henrique\/"}]}},"_links":{"self":[{"href":"https:\/\/brasilnoticias.org\/site\/wp-json\/wp\/v2\/posts\/19432","targetHints":{"allow":["GET"]}}],"collection":[{"href":"https:\/\/brasilnoticias.org\/site\/wp-json\/wp\/v2\/posts"}],"about":[{"href":"https:\/\/brasilnoticias.org\/site\/wp-json\/wp\/v2\/types\/post"}],"author":[{"embeddable":true,"href":"https:\/\/brasilnoticias.org\/site\/wp-json\/wp\/v2\/users\/4"}],"replies":[{"embeddable":true,"href":"https:\/\/brasilnoticias.org\/site\/wp-json\/wp\/v2\/comments?post=19432"}],"version-history":[{"count":1,"href":"https:\/\/brasilnoticias.org\/site\/wp-json\/wp\/v2\/posts\/19432\/revisions"}],"predecessor-version":[{"id":19434,"href":"https:\/\/brasilnoticias.org\/site\/wp-json\/wp\/v2\/posts\/19432\/revisions\/19434"}],"wp:attachment":[{"href":"https:\/\/brasilnoticias.org\/site\/wp-json\/wp\/v2\/media?parent=19432"}],"wp:term":[{"taxonomy":"category","embeddable":true,"href":"https:\/\/brasilnoticias.org\/site\/wp-json\/wp\/v2\/categories?post=19432"},{"taxonomy":"post_tag","embeddable":true,"href":"https:\/\/brasilnoticias.org\/site\/wp-json\/wp\/v2\/tags?post=19432"}],"curies":[{"name":"wp","href":"https:\/\/api.w.org\/{rel}","templated":true}]}}