{"id":1944,"date":"2022-10-17T07:30:57","date_gmt":"2022-10-17T10:30:57","guid":{"rendered":"https:\/\/brasilnoticias.org\/site\/?p=1944"},"modified":"2022-10-16T22:27:38","modified_gmt":"2022-10-17T01:27:38","slug":"batida-entre-dois-onibus-deixa-um-ferido-na-estacao-mussurunga-em-salvador","status":"publish","type":"post","link":"https:\/\/brasilnoticias.org\/site\/batida-entre-dois-onibus-deixa-um-ferido-na-estacao-mussurunga-em-salvador\/","title":{"rendered":"Batida entre dois \u00f4nibus deixa um ferido na Esta\u00e7\u00e3o Mussurunga, em Salvador"},"content":{"rendered":"<p>Dois \u00f4nibus do transporte p\u00fablico se chocaram na tarde deste domingo (16), na esta\u00e7\u00e3o Mussurunga, em Salvador. O acidente aconteceu depois que o motorista de um dos ve\u00edculos passou mal ao volante e bateu no fundo de outro coletivo.<\/p>\n<p>De acordo com a CCR Metr\u00f4, respons\u00e1vel pelo terminal, a situa\u00e7\u00e3o ocorreu por volta das 16h, em uma \u00e1rea de recolhimento na esta\u00e7\u00e3o. Um ve\u00edculo estava vazio, enquanto o outro seguia com o motorista e o cobrador.<\/p>\n<p>O rodovi\u00e1rio que passou mal recebeu os primeiros socorros de um agente de atendimento e seguran\u00e7a da concession\u00e1ria, que acionou o Servi\u00e7o de Atendimento M\u00f3vel de Urg\u00eancia (Samu). O motorista foi levado para um hospital particular da capital baiana, com quadro est\u00e1vel. Ele sofreu ferimentos leves na cabe\u00e7a e o cobrador n\u00e3o teve les\u00f5es. Os nomes n\u00e3o foram divulgados.<\/p>\n<p>Por conta do impacto da batida, gradis de prote\u00e7\u00e3o entre os passageiros e a faixa de circula\u00e7\u00e3o dos \u00f4nibus ficaram parcialmente danificados. Ainda conforme a CCR Metr\u00f4, a circula\u00e7\u00e3o de \u00f4nibus no terminal n\u00e3o foi impactada.<\/p>\n<p>G1<br \/>\nFoto  Redes sociais<\/p>\n","protected":false},"excerpt":{"rendered":"<p>Dois \u00f4nibus do transporte p\u00fablico se chocaram na tarde deste domingo (16), na esta\u00e7\u00e3o Mussurunga, em Salvador. O acidente aconteceu<\/p>\n","protected":false},"author":1,"featured_media":1945,"comment_status":"open","ping_status":"open","sticky":false,"template":"","format":"standard","meta":{"colormag_page_container_layout":"default_layout","colormag_page_sidebar_layout":"default_layout","_FSMCFIC_featured_image_caption":"","_FSMCFIC_featured_image_nocaption":"","_FSMCFIC_featured_image_hide":"","footnotes":""},"categories":[2,1],"tags":[],"class_list":["post-1944","post","type-post","status-publish","format-standard","has-post-thumbnail","hentry","category-noticias","category-ultimas"],"yoast_head":"<!-- This site is optimized with the Yoast SEO plugin v27.1.1 - https:\/\/yoast.com\/product\/yoast-seo-wordpress\/ -->\n<title>Batida entre dois \u00f4nibus deixa um ferido na Esta\u00e7\u00e3o Mussurunga, em Salvador - Brasil not\u00edcias<\/title>\n<meta name=\"robots\" content=\"index, follow, max-snippet:-1, max-image-preview:large, max-video-preview:-1\" \/>\n<link rel=\"canonical\" href=\"https:\/\/brasilnoticias.org\/site\/batida-entre-dois-onibus-deixa-um-ferido-na-estacao-mussurunga-em-salvador\/\" \/>\n<meta property=\"og:locale\" content=\"pt_PT\" \/>\n<meta property=\"og:type\" content=\"article\" \/>\n<meta property=\"og:title\" content=\"Batida entre dois \u00f4nibus deixa um ferido na Esta\u00e7\u00e3o Mussurunga, em Salvador - Brasil not\u00edcias\" \/>\n<meta property=\"og:description\" content=\"Dois \u00f4nibus do transporte p\u00fablico se chocaram na tarde deste domingo (16), na esta\u00e7\u00e3o Mussurunga, em Salvador. O acidente aconteceu\" \/>\n<meta property=\"og:url\" content=\"https:\/\/brasilnoticias.org\/site\/batida-entre-dois-onibus-deixa-um-ferido-na-estacao-mussurunga-em-salvador\/\" \/>\n<meta property=\"og:site_name\" content=\"Brasil not\u00edcias\" \/>\n<meta property=\"article:published_time\" content=\"2022-10-17T10:30:57+00:00\" \/>\n<meta property=\"og:image\" content=\"https:\/\/brasilnoticias.org\/site\/wp-content\/uploads\/2022\/10\/Capturar-17.jpg\" \/>\n\t<meta property=\"og:image:width\" content=\"646\" \/>\n\t<meta property=\"og:image:height\" content=\"380\" \/>\n\t<meta property=\"og:image:type\" content=\"image\/jpeg\" \/>\n<meta name=\"author\" content=\"Reda\u00e7\u00e3o\" \/>\n<meta name=\"twitter:card\" content=\"summary_large_image\" \/>\n<meta name=\"twitter:label1\" content=\"Escrito por\" \/>\n\t<meta name=\"twitter:data1\" content=\"Reda\u00e7\u00e3o\" \/>\n\t<meta name=\"twitter:label2\" content=\"Tempo estimado de leitura\" \/>\n\t<meta name=\"twitter:data2\" content=\"1 minuto\" \/>\n<script type=\"application\/ld+json\" class=\"yoast-schema-graph\">{\"@context\":\"https:\/\/schema.org\",\"@graph\":[{\"@type\":\"Article\",\"@id\":\"https:\/\/brasilnoticias.org\/site\/batida-entre-dois-onibus-deixa-um-ferido-na-estacao-mussurunga-em-salvador\/#article\",\"isPartOf\":{\"@id\":\"https:\/\/brasilnoticias.org\/site\/batida-entre-dois-onibus-deixa-um-ferido-na-estacao-mussurunga-em-salvador\/\"},\"author\":{\"name\":\"Reda\u00e7\u00e3o\",\"@id\":\"https:\/\/brasilnoticias.org\/site\/#\/schema\/person\/a0e05b973ec4d15c658d51911e53507b\"},\"headline\":\"Batida entre dois \u00f4nibus deixa um ferido na Esta\u00e7\u00e3o Mussurunga, em Salvador\",\"datePublished\":\"2022-10-17T10:30:57+00:00\",\"mainEntityOfPage\":{\"@id\":\"https:\/\/brasilnoticias.org\/site\/batida-entre-dois-onibus-deixa-um-ferido-na-estacao-mussurunga-em-salvador\/\"},\"wordCount\":209,\"commentCount\":0,\"publisher\":{\"@id\":\"https:\/\/brasilnoticias.org\/site\/#organization\"},\"image\":{\"@id\":\"https:\/\/brasilnoticias.org\/site\/batida-entre-dois-onibus-deixa-um-ferido-na-estacao-mussurunga-em-salvador\/#primaryimage\"},\"thumbnailUrl\":\"https:\/\/brasilnoticias.org\/site\/wp-content\/uploads\/2022\/10\/Capturar-17.jpg\",\"articleSection\":[\"Not\u00edcias\",\"\u00daltimas\"],\"inLanguage\":\"pt-PT\",\"potentialAction\":[{\"@type\":\"CommentAction\",\"name\":\"Comment\",\"target\":[\"https:\/\/brasilnoticias.org\/site\/batida-entre-dois-onibus-deixa-um-ferido-na-estacao-mussurunga-em-salvador\/#respond\"]}]},{\"@type\":\"WebPage\",\"@id\":\"https:\/\/brasilnoticias.org\/site\/batida-entre-dois-onibus-deixa-um-ferido-na-estacao-mussurunga-em-salvador\/\",\"url\":\"https:\/\/brasilnoticias.org\/site\/batida-entre-dois-onibus-deixa-um-ferido-na-estacao-mussurunga-em-salvador\/\",\"name\":\"Batida entre dois \u00f4nibus deixa um ferido na Esta\u00e7\u00e3o Mussurunga, em Salvador - Brasil not\u00edcias\",\"isPartOf\":{\"@id\":\"https:\/\/brasilnoticias.org\/site\/#website\"},\"primaryImageOfPage\":{\"@id\":\"https:\/\/brasilnoticias.org\/site\/batida-entre-dois-onibus-deixa-um-ferido-na-estacao-mussurunga-em-salvador\/#primaryimage\"},\"image\":{\"@id\":\"https:\/\/brasilnoticias.org\/site\/batida-entre-dois-onibus-deixa-um-ferido-na-estacao-mussurunga-em-salvador\/#primaryimage\"},\"thumbnailUrl\":\"https:\/\/brasilnoticias.org\/site\/wp-content\/uploads\/2022\/10\/Capturar-17.jpg\",\"datePublished\":\"2022-10-17T10:30:57+00:00\",\"breadcrumb\":{\"@id\":\"https:\/\/brasilnoticias.org\/site\/batida-entre-dois-onibus-deixa-um-ferido-na-estacao-mussurunga-em-salvador\/#breadcrumb\"},\"inLanguage\":\"pt-PT\",\"potentialAction\":[{\"@type\":\"ReadAction\",\"target\":[\"https:\/\/brasilnoticias.org\/site\/batida-entre-dois-onibus-deixa-um-ferido-na-estacao-mussurunga-em-salvador\/\"]}]},{\"@type\":\"ImageObject\",\"inLanguage\":\"pt-PT\",\"@id\":\"https:\/\/brasilnoticias.org\/site\/batida-entre-dois-onibus-deixa-um-ferido-na-estacao-mussurunga-em-salvador\/#primaryimage\",\"url\":\"https:\/\/brasilnoticias.org\/site\/wp-content\/uploads\/2022\/10\/Capturar-17.jpg\",\"contentUrl\":\"https:\/\/brasilnoticias.org\/site\/wp-content\/uploads\/2022\/10\/Capturar-17.jpg\",\"width\":646,\"height\":380},{\"@type\":\"BreadcrumbList\",\"@id\":\"https:\/\/brasilnoticias.org\/site\/batida-entre-dois-onibus-deixa-um-ferido-na-estacao-mussurunga-em-salvador\/#breadcrumb\",\"itemListElement\":[{\"@type\":\"ListItem\",\"position\":1,\"name\":\"In\u00edcio\",\"item\":\"https:\/\/brasilnoticias.org\/site\/\"},{\"@type\":\"ListItem\",\"position\":2,\"name\":\"Batida entre dois \u00f4nibus deixa um ferido na Esta\u00e7\u00e3o Mussurunga, em Salvador\"}]},{\"@type\":\"WebSite\",\"@id\":\"https:\/\/brasilnoticias.org\/site\/#website\",\"url\":\"https:\/\/brasilnoticias.org\/site\/\",\"name\":\"Brasil not\u00edcias\",\"description\":\"Brasil not\u00edcias\",\"publisher\":{\"@id\":\"https:\/\/brasilnoticias.org\/site\/#organization\"},\"potentialAction\":[{\"@type\":\"SearchAction\",\"target\":{\"@type\":\"EntryPoint\",\"urlTemplate\":\"https:\/\/brasilnoticias.org\/site\/?s={search_term_string}\"},\"query-input\":{\"@type\":\"PropertyValueSpecification\",\"valueRequired\":true,\"valueName\":\"search_term_string\"}}],\"inLanguage\":\"pt-PT\"},{\"@type\":\"Organization\",\"@id\":\"https:\/\/brasilnoticias.org\/site\/#organization\",\"name\":\"Brasil not\u00edcias\",\"url\":\"https:\/\/brasilnoticias.org\/site\/\",\"logo\":{\"@type\":\"ImageObject\",\"inLanguage\":\"pt-PT\",\"@id\":\"https:\/\/brasilnoticias.org\/site\/#\/schema\/logo\/image\/\",\"url\":\"https:\/\/brasilnoticias.org\/site\/wp-content\/uploads\/2022\/05\/cropped-brasilnoticias-mini.jpg\",\"contentUrl\":\"https:\/\/brasilnoticias.org\/site\/wp-content\/uploads\/2022\/05\/cropped-brasilnoticias-mini.jpg\",\"width\":314,\"height\":86,\"caption\":\"Brasil not\u00edcias\"},\"image\":{\"@id\":\"https:\/\/brasilnoticias.org\/site\/#\/schema\/logo\/image\/\"}},{\"@type\":\"Person\",\"@id\":\"https:\/\/brasilnoticias.org\/site\/#\/schema\/person\/a0e05b973ec4d15c658d51911e53507b\",\"name\":\"Reda\u00e7\u00e3o\",\"image\":{\"@type\":\"ImageObject\",\"inLanguage\":\"pt-PT\",\"@id\":\"https:\/\/brasilnoticias.org\/site\/#\/schema\/person\/image\/\",\"url\":\"https:\/\/secure.gravatar.com\/avatar\/75d8b050df2de108b08ae78dfb8e374892df24a383c67db9c46a9c604f6aee9c?s=96&d=mm&r=g\",\"contentUrl\":\"https:\/\/secure.gravatar.com\/avatar\/75d8b050df2de108b08ae78dfb8e374892df24a383c67db9c46a9c604f6aee9c?s=96&d=mm&r=g\",\"caption\":\"Reda\u00e7\u00e3o\"},\"sameAs\":[\"https:\/\/brasilnoticias.org\/site\"],\"url\":\"https:\/\/brasilnoticias.org\/site\/author\/fernandozsngmail-com\/\"}]}<\/script>\n<!-- \/ Yoast SEO plugin. -->","yoast_head_json":{"title":"Batida entre dois \u00f4nibus deixa um ferido na Esta\u00e7\u00e3o Mussurunga, em Salvador - Brasil not\u00edcias","robots":{"index":"index","follow":"follow","max-snippet":"max-snippet:-1","max-image-preview":"max-image-preview:large","max-video-preview":"max-video-preview:-1"},"canonical":"https:\/\/brasilnoticias.org\/site\/batida-entre-dois-onibus-deixa-um-ferido-na-estacao-mussurunga-em-salvador\/","og_locale":"pt_PT","og_type":"article","og_title":"Batida entre dois \u00f4nibus deixa um ferido na Esta\u00e7\u00e3o Mussurunga, em Salvador - Brasil not\u00edcias","og_description":"Dois \u00f4nibus do transporte p\u00fablico se chocaram na tarde deste domingo (16), na esta\u00e7\u00e3o Mussurunga, em Salvador. O acidente aconteceu","og_url":"https:\/\/brasilnoticias.org\/site\/batida-entre-dois-onibus-deixa-um-ferido-na-estacao-mussurunga-em-salvador\/","og_site_name":"Brasil not\u00edcias","article_published_time":"2022-10-17T10:30:57+00:00","og_image":[{"width":646,"height":380,"url":"https:\/\/brasilnoticias.org\/site\/wp-content\/uploads\/2022\/10\/Capturar-17.jpg","type":"image\/jpeg"}],"author":"Reda\u00e7\u00e3o","twitter_card":"summary_large_image","twitter_misc":{"Escrito por":"Reda\u00e7\u00e3o","Tempo estimado de leitura":"1 minuto"},"schema":{"@context":"https:\/\/schema.org","@graph":[{"@type":"Article","@id":"https:\/\/brasilnoticias.org\/site\/batida-entre-dois-onibus-deixa-um-ferido-na-estacao-mussurunga-em-salvador\/#article","isPartOf":{"@id":"https:\/\/brasilnoticias.org\/site\/batida-entre-dois-onibus-deixa-um-ferido-na-estacao-mussurunga-em-salvador\/"},"author":{"name":"Reda\u00e7\u00e3o","@id":"https:\/\/brasilnoticias.org\/site\/#\/schema\/person\/a0e05b973ec4d15c658d51911e53507b"},"headline":"Batida entre dois \u00f4nibus deixa um ferido na Esta\u00e7\u00e3o Mussurunga, em Salvador","datePublished":"2022-10-17T10:30:57+00:00","mainEntityOfPage":{"@id":"https:\/\/brasilnoticias.org\/site\/batida-entre-dois-onibus-deixa-um-ferido-na-estacao-mussurunga-em-salvador\/"},"wordCount":209,"commentCount":0,"publisher":{"@id":"https:\/\/brasilnoticias.org\/site\/#organization"},"image":{"@id":"https:\/\/brasilnoticias.org\/site\/batida-entre-dois-onibus-deixa-um-ferido-na-estacao-mussurunga-em-salvador\/#primaryimage"},"thumbnailUrl":"https:\/\/brasilnoticias.org\/site\/wp-content\/uploads\/2022\/10\/Capturar-17.jpg","articleSection":["Not\u00edcias","\u00daltimas"],"inLanguage":"pt-PT","potentialAction":[{"@type":"CommentAction","name":"Comment","target":["https:\/\/brasilnoticias.org\/site\/batida-entre-dois-onibus-deixa-um-ferido-na-estacao-mussurunga-em-salvador\/#respond"]}]},{"@type":"WebPage","@id":"https:\/\/brasilnoticias.org\/site\/batida-entre-dois-onibus-deixa-um-ferido-na-estacao-mussurunga-em-salvador\/","url":"https:\/\/brasilnoticias.org\/site\/batida-entre-dois-onibus-deixa-um-ferido-na-estacao-mussurunga-em-salvador\/","name":"Batida entre dois \u00f4nibus deixa um ferido na Esta\u00e7\u00e3o Mussurunga, em Salvador - Brasil not\u00edcias","isPartOf":{"@id":"https:\/\/brasilnoticias.org\/site\/#website"},"primaryImageOfPage":{"@id":"https:\/\/brasilnoticias.org\/site\/batida-entre-dois-onibus-deixa-um-ferido-na-estacao-mussurunga-em-salvador\/#primaryimage"},"image":{"@id":"https:\/\/brasilnoticias.org\/site\/batida-entre-dois-onibus-deixa-um-ferido-na-estacao-mussurunga-em-salvador\/#primaryimage"},"thumbnailUrl":"https:\/\/brasilnoticias.org\/site\/wp-content\/uploads\/2022\/10\/Capturar-17.jpg","datePublished":"2022-10-17T10:30:57+00:00","breadcrumb":{"@id":"https:\/\/brasilnoticias.org\/site\/batida-entre-dois-onibus-deixa-um-ferido-na-estacao-mussurunga-em-salvador\/#breadcrumb"},"inLanguage":"pt-PT","potentialAction":[{"@type":"ReadAction","target":["https:\/\/brasilnoticias.org\/site\/batida-entre-dois-onibus-deixa-um-ferido-na-estacao-mussurunga-em-salvador\/"]}]},{"@type":"ImageObject","inLanguage":"pt-PT","@id":"https:\/\/brasilnoticias.org\/site\/batida-entre-dois-onibus-deixa-um-ferido-na-estacao-mussurunga-em-salvador\/#primaryimage","url":"https:\/\/brasilnoticias.org\/site\/wp-content\/uploads\/2022\/10\/Capturar-17.jpg","contentUrl":"https:\/\/brasilnoticias.org\/site\/wp-content\/uploads\/2022\/10\/Capturar-17.jpg","width":646,"height":380},{"@type":"BreadcrumbList","@id":"https:\/\/brasilnoticias.org\/site\/batida-entre-dois-onibus-deixa-um-ferido-na-estacao-mussurunga-em-salvador\/#breadcrumb","itemListElement":[{"@type":"ListItem","position":1,"name":"In\u00edcio","item":"https:\/\/brasilnoticias.org\/site\/"},{"@type":"ListItem","position":2,"name":"Batida entre dois \u00f4nibus deixa um ferido na Esta\u00e7\u00e3o Mussurunga, em Salvador"}]},{"@type":"WebSite","@id":"https:\/\/brasilnoticias.org\/site\/#website","url":"https:\/\/brasilnoticias.org\/site\/","name":"Brasil not\u00edcias","description":"Brasil not\u00edcias","publisher":{"@id":"https:\/\/brasilnoticias.org\/site\/#organization"},"potentialAction":[{"@type":"SearchAction","target":{"@type":"EntryPoint","urlTemplate":"https:\/\/brasilnoticias.org\/site\/?s={search_term_string}"},"query-input":{"@type":"PropertyValueSpecification","valueRequired":true,"valueName":"search_term_string"}}],"inLanguage":"pt-PT"},{"@type":"Organization","@id":"https:\/\/brasilnoticias.org\/site\/#organization","name":"Brasil not\u00edcias","url":"https:\/\/brasilnoticias.org\/site\/","logo":{"@type":"ImageObject","inLanguage":"pt-PT","@id":"https:\/\/brasilnoticias.org\/site\/#\/schema\/logo\/image\/","url":"https:\/\/brasilnoticias.org\/site\/wp-content\/uploads\/2022\/05\/cropped-brasilnoticias-mini.jpg","contentUrl":"https:\/\/brasilnoticias.org\/site\/wp-content\/uploads\/2022\/05\/cropped-brasilnoticias-mini.jpg","width":314,"height":86,"caption":"Brasil not\u00edcias"},"image":{"@id":"https:\/\/brasilnoticias.org\/site\/#\/schema\/logo\/image\/"}},{"@type":"Person","@id":"https:\/\/brasilnoticias.org\/site\/#\/schema\/person\/a0e05b973ec4d15c658d51911e53507b","name":"Reda\u00e7\u00e3o","image":{"@type":"ImageObject","inLanguage":"pt-PT","@id":"https:\/\/brasilnoticias.org\/site\/#\/schema\/person\/image\/","url":"https:\/\/secure.gravatar.com\/avatar\/75d8b050df2de108b08ae78dfb8e374892df24a383c67db9c46a9c604f6aee9c?s=96&d=mm&r=g","contentUrl":"https:\/\/secure.gravatar.com\/avatar\/75d8b050df2de108b08ae78dfb8e374892df24a383c67db9c46a9c604f6aee9c?s=96&d=mm&r=g","caption":"Reda\u00e7\u00e3o"},"sameAs":["https:\/\/brasilnoticias.org\/site"],"url":"https:\/\/brasilnoticias.org\/site\/author\/fernandozsngmail-com\/"}]}},"_links":{"self":[{"href":"https:\/\/brasilnoticias.org\/site\/wp-json\/wp\/v2\/posts\/1944","targetHints":{"allow":["GET"]}}],"collection":[{"href":"https:\/\/brasilnoticias.org\/site\/wp-json\/wp\/v2\/posts"}],"about":[{"href":"https:\/\/brasilnoticias.org\/site\/wp-json\/wp\/v2\/types\/post"}],"author":[{"embeddable":true,"href":"https:\/\/brasilnoticias.org\/site\/wp-json\/wp\/v2\/users\/1"}],"replies":[{"embeddable":true,"href":"https:\/\/brasilnoticias.org\/site\/wp-json\/wp\/v2\/comments?post=1944"}],"version-history":[{"count":1,"href":"https:\/\/brasilnoticias.org\/site\/wp-json\/wp\/v2\/posts\/1944\/revisions"}],"predecessor-version":[{"id":1946,"href":"https:\/\/brasilnoticias.org\/site\/wp-json\/wp\/v2\/posts\/1944\/revisions\/1946"}],"wp:featuredmedia":[{"embeddable":true,"href":"https:\/\/brasilnoticias.org\/site\/wp-json\/wp\/v2\/media\/1945"}],"wp:attachment":[{"href":"https:\/\/brasilnoticias.org\/site\/wp-json\/wp\/v2\/media?parent=1944"}],"wp:term":[{"taxonomy":"category","embeddable":true,"href":"https:\/\/brasilnoticias.org\/site\/wp-json\/wp\/v2\/categories?post=1944"},{"taxonomy":"post_tag","embeddable":true,"href":"https:\/\/brasilnoticias.org\/site\/wp-json\/wp\/v2\/tags?post=1944"}],"curies":[{"name":"wp","href":"https:\/\/api.w.org\/{rel}","templated":true}]}}