{"id":19449,"date":"2026-01-14T06:34:43","date_gmt":"2026-01-14T09:34:43","guid":{"rendered":"https:\/\/brasilnoticias.org\/site\/?p=19449"},"modified":"2026-01-14T06:34:43","modified_gmt":"2026-01-14T09:34:43","slug":"governo-ainda-nao-definiu-o-que-fara-com-nomes-de-estacoes-de-metro-apos-mudanca-da-rodoviaria-em-salvador","status":"publish","type":"post","link":"https:\/\/brasilnoticias.org\/site\/governo-ainda-nao-definiu-o-que-fara-com-nomes-de-estacoes-de-metro-apos-mudanca-da-rodoviaria-em-salvador\/","title":{"rendered":"Governo ainda n\u00e3o definiu o que far\u00e1 com nomes de esta\u00e7\u00f5es de metr\u00f4 ap\u00f3s mudan\u00e7a da rodovi\u00e1ria em Salvador"},"content":{"rendered":"<p>Com a pr\u00f3xima inaugura\u00e7\u00e3o da nova Rodovi\u00e1ria de Salvador, que ser\u00e1 integrada ao sistema de metr\u00f4 da cidade, o governo do Estado ainda n\u00e3o decidiu o que far\u00e1 com os nomes de duas esta\u00e7\u00f5es importantes: a esta\u00e7\u00e3o Rodovi\u00e1ria (na regi\u00e3o do Iguatemi) e a esta\u00e7\u00e3o \u00c1guas Claras (em frente ao novo terminal). A mudan\u00e7a de nome \u00e9 vista como uma forma de evitar confus\u00e3o entre usu\u00e1rios locais e visitantes ap\u00f3s a transfer\u00eancia dos servi\u00e7os rodovi\u00e1rios.<\/p>\n<p>O governador Jer\u00f4nimo Rodrigues refor\u00e7ou a import\u00e2ncia de orientar a popula\u00e7\u00e3o sobre a transi\u00e7\u00e3o e mencionou que o estado estuda medidas para facilitar esse processo, o que incluiria uma campanha informativa e negocia\u00e7\u00f5es com a concession\u00e1ria do metr\u00f4 para permitir que passageiros que desembarcarem na esta\u00e7\u00e3o errada possam retornar sem custo \u2014 proposta que ainda n\u00e3o foi confirmada oficialmente.<\/p>\n<p>A Secretaria de Desenvolvimento Urbano (Sedur) informou que o tema est\u00e1 em fase de estudos t\u00e9cnicos, avaliando alternativas que considerem mobilidade urbana, orienta\u00e7\u00e3o de usu\u00e1rios, impactos operacionais e integra\u00e7\u00e3o com outros modais, sem defini\u00e7\u00e3o final at\u00e9 o momento. Qualquer decis\u00e3o, segundo a Sedur, ser\u00e1 comunicada oficialmente \u00e0 popula\u00e7\u00e3o.<\/p>\n<p>A discuss\u00e3o sobre a troca de nomes n\u00e3o \u00e9 recente e j\u00e1 havia sido levantada anteriormente em outras situa\u00e7\u00f5es envolvendo esta\u00e7\u00f5es do metr\u00f4 de Salvador.<\/p>\n<p>Foto: Divulga\u00e7\u00e3o \/ CCR Metr\u00f4 Bahia<br \/>\nFonte: Bahia Not\u00edcias<\/p>\n","protected":false},"excerpt":{"rendered":"<p>Com a pr\u00f3xima inaugura\u00e7\u00e3o da nova Rodovi\u00e1ria de Salvador, que ser\u00e1 integrada ao sistema de metr\u00f4 da cidade, o governo<\/p>\n","protected":false},"author":4,"featured_media":19450,"comment_status":"open","ping_status":"open","sticky":false,"template":"","format":"standard","meta":{"colormag_page_container_layout":"default_layout","colormag_page_sidebar_layout":"default_layout","_FSMCFIC_featured_image_caption":"","_FSMCFIC_featured_image_nocaption":"","_FSMCFIC_featured_image_hide":"","footnotes":""},"categories":[2,1],"tags":[],"class_list":["post-19449","post","type-post","status-publish","format-standard","has-post-thumbnail","hentry","category-noticias","category-ultimas"],"yoast_head":"<!-- This site is optimized with the Yoast SEO plugin v27.1.1 - https:\/\/yoast.com\/product\/yoast-seo-wordpress\/ -->\n<title>Governo ainda n\u00e3o definiu o que far\u00e1 com nomes de esta\u00e7\u00f5es de metr\u00f4 ap\u00f3s mudan\u00e7a da rodovi\u00e1ria em Salvador - Brasil not\u00edcias<\/title>\n<meta name=\"robots\" content=\"index, follow, max-snippet:-1, max-image-preview:large, max-video-preview:-1\" \/>\n<link rel=\"canonical\" href=\"https:\/\/brasilnoticias.org\/site\/governo-ainda-nao-definiu-o-que-fara-com-nomes-de-estacoes-de-metro-apos-mudanca-da-rodoviaria-em-salvador\/\" \/>\n<meta property=\"og:locale\" content=\"pt_PT\" \/>\n<meta property=\"og:type\" content=\"article\" \/>\n<meta property=\"og:title\" content=\"Governo ainda n\u00e3o definiu o que far\u00e1 com nomes de esta\u00e7\u00f5es de metr\u00f4 ap\u00f3s mudan\u00e7a da rodovi\u00e1ria em Salvador - Brasil not\u00edcias\" \/>\n<meta property=\"og:description\" content=\"Com a pr\u00f3xima inaugura\u00e7\u00e3o da nova Rodovi\u00e1ria de Salvador, que ser\u00e1 integrada ao sistema de metr\u00f4 da cidade, o governo\" \/>\n<meta property=\"og:url\" content=\"https:\/\/brasilnoticias.org\/site\/governo-ainda-nao-definiu-o-que-fara-com-nomes-de-estacoes-de-metro-apos-mudanca-da-rodoviaria-em-salvador\/\" \/>\n<meta property=\"og:site_name\" content=\"Brasil not\u00edcias\" \/>\n<meta property=\"article:published_time\" content=\"2026-01-14T09:34:43+00:00\" \/>\n<meta property=\"og:image\" content=\"https:\/\/brasilnoticias.org\/site\/wp-content\/uploads\/2026\/01\/IMAGEM_NOTICIA_9-5.webp\" \/>\n\t<meta property=\"og:image:width\" content=\"1200\" \/>\n\t<meta property=\"og:image:height\" content=\"630\" \/>\n\t<meta property=\"og:image:type\" content=\"image\/webp\" \/>\n<meta name=\"author\" content=\"Reda\u00e7\u00e3o\" \/>\n<meta name=\"twitter:card\" content=\"summary_large_image\" \/>\n<meta name=\"twitter:label1\" content=\"Escrito por\" \/>\n\t<meta name=\"twitter:data1\" content=\"Reda\u00e7\u00e3o\" \/>\n\t<meta name=\"twitter:label2\" content=\"Tempo estimado de leitura\" \/>\n\t<meta name=\"twitter:data2\" content=\"1 minuto\" \/>\n<script type=\"application\/ld+json\" class=\"yoast-schema-graph\">{\"@context\":\"https:\/\/schema.org\",\"@graph\":[{\"@type\":\"Article\",\"@id\":\"https:\/\/brasilnoticias.org\/site\/governo-ainda-nao-definiu-o-que-fara-com-nomes-de-estacoes-de-metro-apos-mudanca-da-rodoviaria-em-salvador\/#article\",\"isPartOf\":{\"@id\":\"https:\/\/brasilnoticias.org\/site\/governo-ainda-nao-definiu-o-que-fara-com-nomes-de-estacoes-de-metro-apos-mudanca-da-rodoviaria-em-salvador\/\"},\"author\":{\"name\":\"Reda\u00e7\u00e3o\",\"@id\":\"https:\/\/brasilnoticias.org\/site\/#\/schema\/person\/03bbbfe6c7634ad18c26444ea39049fa\"},\"headline\":\"Governo ainda n\u00e3o definiu o que far\u00e1 com nomes de esta\u00e7\u00f5es de metr\u00f4 ap\u00f3s mudan\u00e7a da rodovi\u00e1ria em Salvador\",\"datePublished\":\"2026-01-14T09:34:43+00:00\",\"mainEntityOfPage\":{\"@id\":\"https:\/\/brasilnoticias.org\/site\/governo-ainda-nao-definiu-o-que-fara-com-nomes-de-estacoes-de-metro-apos-mudanca-da-rodoviaria-em-salvador\/\"},\"wordCount\":273,\"commentCount\":0,\"publisher\":{\"@id\":\"https:\/\/brasilnoticias.org\/site\/#organization\"},\"image\":{\"@id\":\"https:\/\/brasilnoticias.org\/site\/governo-ainda-nao-definiu-o-que-fara-com-nomes-de-estacoes-de-metro-apos-mudanca-da-rodoviaria-em-salvador\/#primaryimage\"},\"thumbnailUrl\":\"https:\/\/brasilnoticias.org\/site\/wp-content\/uploads\/2026\/01\/IMAGEM_NOTICIA_9-5.webp\",\"articleSection\":[\"Not\u00edcias\",\"\u00daltimas\"],\"inLanguage\":\"pt-PT\",\"potentialAction\":[{\"@type\":\"CommentAction\",\"name\":\"Comment\",\"target\":[\"https:\/\/brasilnoticias.org\/site\/governo-ainda-nao-definiu-o-que-fara-com-nomes-de-estacoes-de-metro-apos-mudanca-da-rodoviaria-em-salvador\/#respond\"]}]},{\"@type\":\"WebPage\",\"@id\":\"https:\/\/brasilnoticias.org\/site\/governo-ainda-nao-definiu-o-que-fara-com-nomes-de-estacoes-de-metro-apos-mudanca-da-rodoviaria-em-salvador\/\",\"url\":\"https:\/\/brasilnoticias.org\/site\/governo-ainda-nao-definiu-o-que-fara-com-nomes-de-estacoes-de-metro-apos-mudanca-da-rodoviaria-em-salvador\/\",\"name\":\"Governo ainda n\u00e3o definiu o que far\u00e1 com nomes de esta\u00e7\u00f5es de metr\u00f4 ap\u00f3s mudan\u00e7a da rodovi\u00e1ria em Salvador - Brasil not\u00edcias\",\"isPartOf\":{\"@id\":\"https:\/\/brasilnoticias.org\/site\/#website\"},\"primaryImageOfPage\":{\"@id\":\"https:\/\/brasilnoticias.org\/site\/governo-ainda-nao-definiu-o-que-fara-com-nomes-de-estacoes-de-metro-apos-mudanca-da-rodoviaria-em-salvador\/#primaryimage\"},\"image\":{\"@id\":\"https:\/\/brasilnoticias.org\/site\/governo-ainda-nao-definiu-o-que-fara-com-nomes-de-estacoes-de-metro-apos-mudanca-da-rodoviaria-em-salvador\/#primaryimage\"},\"thumbnailUrl\":\"https:\/\/brasilnoticias.org\/site\/wp-content\/uploads\/2026\/01\/IMAGEM_NOTICIA_9-5.webp\",\"datePublished\":\"2026-01-14T09:34:43+00:00\",\"breadcrumb\":{\"@id\":\"https:\/\/brasilnoticias.org\/site\/governo-ainda-nao-definiu-o-que-fara-com-nomes-de-estacoes-de-metro-apos-mudanca-da-rodoviaria-em-salvador\/#breadcrumb\"},\"inLanguage\":\"pt-PT\",\"potentialAction\":[{\"@type\":\"ReadAction\",\"target\":[\"https:\/\/brasilnoticias.org\/site\/governo-ainda-nao-definiu-o-que-fara-com-nomes-de-estacoes-de-metro-apos-mudanca-da-rodoviaria-em-salvador\/\"]}]},{\"@type\":\"ImageObject\",\"inLanguage\":\"pt-PT\",\"@id\":\"https:\/\/brasilnoticias.org\/site\/governo-ainda-nao-definiu-o-que-fara-com-nomes-de-estacoes-de-metro-apos-mudanca-da-rodoviaria-em-salvador\/#primaryimage\",\"url\":\"https:\/\/brasilnoticias.org\/site\/wp-content\/uploads\/2026\/01\/IMAGEM_NOTICIA_9-5.webp\",\"contentUrl\":\"https:\/\/brasilnoticias.org\/site\/wp-content\/uploads\/2026\/01\/IMAGEM_NOTICIA_9-5.webp\",\"width\":1200,\"height\":630},{\"@type\":\"BreadcrumbList\",\"@id\":\"https:\/\/brasilnoticias.org\/site\/governo-ainda-nao-definiu-o-que-fara-com-nomes-de-estacoes-de-metro-apos-mudanca-da-rodoviaria-em-salvador\/#breadcrumb\",\"itemListElement\":[{\"@type\":\"ListItem\",\"position\":1,\"name\":\"In\u00edcio\",\"item\":\"https:\/\/brasilnoticias.org\/site\/\"},{\"@type\":\"ListItem\",\"position\":2,\"name\":\"Governo ainda n\u00e3o definiu o que far\u00e1 com nomes de esta\u00e7\u00f5es de metr\u00f4 ap\u00f3s mudan\u00e7a da rodovi\u00e1ria em Salvador\"}]},{\"@type\":\"WebSite\",\"@id\":\"https:\/\/brasilnoticias.org\/site\/#website\",\"url\":\"https:\/\/brasilnoticias.org\/site\/\",\"name\":\"Brasil not\u00edcias\",\"description\":\"Brasil not\u00edcias\",\"publisher\":{\"@id\":\"https:\/\/brasilnoticias.org\/site\/#organization\"},\"potentialAction\":[{\"@type\":\"SearchAction\",\"target\":{\"@type\":\"EntryPoint\",\"urlTemplate\":\"https:\/\/brasilnoticias.org\/site\/?s={search_term_string}\"},\"query-input\":{\"@type\":\"PropertyValueSpecification\",\"valueRequired\":true,\"valueName\":\"search_term_string\"}}],\"inLanguage\":\"pt-PT\"},{\"@type\":\"Organization\",\"@id\":\"https:\/\/brasilnoticias.org\/site\/#organization\",\"name\":\"Brasil not\u00edcias\",\"url\":\"https:\/\/brasilnoticias.org\/site\/\",\"logo\":{\"@type\":\"ImageObject\",\"inLanguage\":\"pt-PT\",\"@id\":\"https:\/\/brasilnoticias.org\/site\/#\/schema\/logo\/image\/\",\"url\":\"https:\/\/brasilnoticias.org\/site\/wp-content\/uploads\/2022\/05\/cropped-brasilnoticias-mini.jpg\",\"contentUrl\":\"https:\/\/brasilnoticias.org\/site\/wp-content\/uploads\/2022\/05\/cropped-brasilnoticias-mini.jpg\",\"width\":314,\"height\":86,\"caption\":\"Brasil not\u00edcias\"},\"image\":{\"@id\":\"https:\/\/brasilnoticias.org\/site\/#\/schema\/logo\/image\/\"}},{\"@type\":\"Person\",\"@id\":\"https:\/\/brasilnoticias.org\/site\/#\/schema\/person\/03bbbfe6c7634ad18c26444ea39049fa\",\"name\":\"Reda\u00e7\u00e3o\",\"image\":{\"@type\":\"ImageObject\",\"inLanguage\":\"pt-PT\",\"@id\":\"https:\/\/brasilnoticias.org\/site\/#\/schema\/person\/image\/\",\"url\":\"https:\/\/secure.gravatar.com\/avatar\/9ecaf7327a696cb23ad926fedded5f1f04d7049de9e445375d55b48c001a6e42?s=96&d=mm&r=g\",\"contentUrl\":\"https:\/\/secure.gravatar.com\/avatar\/9ecaf7327a696cb23ad926fedded5f1f04d7049de9e445375d55b48c001a6e42?s=96&d=mm&r=g\",\"caption\":\"Reda\u00e7\u00e3o\"},\"url\":\"https:\/\/brasilnoticias.org\/site\/author\/henrique\/\"}]}<\/script>\n<!-- \/ Yoast SEO plugin. -->","yoast_head_json":{"title":"Governo ainda n\u00e3o definiu o que far\u00e1 com nomes de esta\u00e7\u00f5es de metr\u00f4 ap\u00f3s mudan\u00e7a da rodovi\u00e1ria em Salvador - Brasil not\u00edcias","robots":{"index":"index","follow":"follow","max-snippet":"max-snippet:-1","max-image-preview":"max-image-preview:large","max-video-preview":"max-video-preview:-1"},"canonical":"https:\/\/brasilnoticias.org\/site\/governo-ainda-nao-definiu-o-que-fara-com-nomes-de-estacoes-de-metro-apos-mudanca-da-rodoviaria-em-salvador\/","og_locale":"pt_PT","og_type":"article","og_title":"Governo ainda n\u00e3o definiu o que far\u00e1 com nomes de esta\u00e7\u00f5es de metr\u00f4 ap\u00f3s mudan\u00e7a da rodovi\u00e1ria em Salvador - Brasil not\u00edcias","og_description":"Com a pr\u00f3xima inaugura\u00e7\u00e3o da nova Rodovi\u00e1ria de Salvador, que ser\u00e1 integrada ao sistema de metr\u00f4 da cidade, o governo","og_url":"https:\/\/brasilnoticias.org\/site\/governo-ainda-nao-definiu-o-que-fara-com-nomes-de-estacoes-de-metro-apos-mudanca-da-rodoviaria-em-salvador\/","og_site_name":"Brasil not\u00edcias","article_published_time":"2026-01-14T09:34:43+00:00","og_image":[{"width":1200,"height":630,"url":"https:\/\/brasilnoticias.org\/site\/wp-content\/uploads\/2026\/01\/IMAGEM_NOTICIA_9-5.webp","type":"image\/webp"}],"author":"Reda\u00e7\u00e3o","twitter_card":"summary_large_image","twitter_misc":{"Escrito por":"Reda\u00e7\u00e3o","Tempo estimado de leitura":"1 minuto"},"schema":{"@context":"https:\/\/schema.org","@graph":[{"@type":"Article","@id":"https:\/\/brasilnoticias.org\/site\/governo-ainda-nao-definiu-o-que-fara-com-nomes-de-estacoes-de-metro-apos-mudanca-da-rodoviaria-em-salvador\/#article","isPartOf":{"@id":"https:\/\/brasilnoticias.org\/site\/governo-ainda-nao-definiu-o-que-fara-com-nomes-de-estacoes-de-metro-apos-mudanca-da-rodoviaria-em-salvador\/"},"author":{"name":"Reda\u00e7\u00e3o","@id":"https:\/\/brasilnoticias.org\/site\/#\/schema\/person\/03bbbfe6c7634ad18c26444ea39049fa"},"headline":"Governo ainda n\u00e3o definiu o que far\u00e1 com nomes de esta\u00e7\u00f5es de metr\u00f4 ap\u00f3s mudan\u00e7a da rodovi\u00e1ria em Salvador","datePublished":"2026-01-14T09:34:43+00:00","mainEntityOfPage":{"@id":"https:\/\/brasilnoticias.org\/site\/governo-ainda-nao-definiu-o-que-fara-com-nomes-de-estacoes-de-metro-apos-mudanca-da-rodoviaria-em-salvador\/"},"wordCount":273,"commentCount":0,"publisher":{"@id":"https:\/\/brasilnoticias.org\/site\/#organization"},"image":{"@id":"https:\/\/brasilnoticias.org\/site\/governo-ainda-nao-definiu-o-que-fara-com-nomes-de-estacoes-de-metro-apos-mudanca-da-rodoviaria-em-salvador\/#primaryimage"},"thumbnailUrl":"https:\/\/brasilnoticias.org\/site\/wp-content\/uploads\/2026\/01\/IMAGEM_NOTICIA_9-5.webp","articleSection":["Not\u00edcias","\u00daltimas"],"inLanguage":"pt-PT","potentialAction":[{"@type":"CommentAction","name":"Comment","target":["https:\/\/brasilnoticias.org\/site\/governo-ainda-nao-definiu-o-que-fara-com-nomes-de-estacoes-de-metro-apos-mudanca-da-rodoviaria-em-salvador\/#respond"]}]},{"@type":"WebPage","@id":"https:\/\/brasilnoticias.org\/site\/governo-ainda-nao-definiu-o-que-fara-com-nomes-de-estacoes-de-metro-apos-mudanca-da-rodoviaria-em-salvador\/","url":"https:\/\/brasilnoticias.org\/site\/governo-ainda-nao-definiu-o-que-fara-com-nomes-de-estacoes-de-metro-apos-mudanca-da-rodoviaria-em-salvador\/","name":"Governo ainda n\u00e3o definiu o que far\u00e1 com nomes de esta\u00e7\u00f5es de metr\u00f4 ap\u00f3s mudan\u00e7a da rodovi\u00e1ria em Salvador - Brasil not\u00edcias","isPartOf":{"@id":"https:\/\/brasilnoticias.org\/site\/#website"},"primaryImageOfPage":{"@id":"https:\/\/brasilnoticias.org\/site\/governo-ainda-nao-definiu-o-que-fara-com-nomes-de-estacoes-de-metro-apos-mudanca-da-rodoviaria-em-salvador\/#primaryimage"},"image":{"@id":"https:\/\/brasilnoticias.org\/site\/governo-ainda-nao-definiu-o-que-fara-com-nomes-de-estacoes-de-metro-apos-mudanca-da-rodoviaria-em-salvador\/#primaryimage"},"thumbnailUrl":"https:\/\/brasilnoticias.org\/site\/wp-content\/uploads\/2026\/01\/IMAGEM_NOTICIA_9-5.webp","datePublished":"2026-01-14T09:34:43+00:00","breadcrumb":{"@id":"https:\/\/brasilnoticias.org\/site\/governo-ainda-nao-definiu-o-que-fara-com-nomes-de-estacoes-de-metro-apos-mudanca-da-rodoviaria-em-salvador\/#breadcrumb"},"inLanguage":"pt-PT","potentialAction":[{"@type":"ReadAction","target":["https:\/\/brasilnoticias.org\/site\/governo-ainda-nao-definiu-o-que-fara-com-nomes-de-estacoes-de-metro-apos-mudanca-da-rodoviaria-em-salvador\/"]}]},{"@type":"ImageObject","inLanguage":"pt-PT","@id":"https:\/\/brasilnoticias.org\/site\/governo-ainda-nao-definiu-o-que-fara-com-nomes-de-estacoes-de-metro-apos-mudanca-da-rodoviaria-em-salvador\/#primaryimage","url":"https:\/\/brasilnoticias.org\/site\/wp-content\/uploads\/2026\/01\/IMAGEM_NOTICIA_9-5.webp","contentUrl":"https:\/\/brasilnoticias.org\/site\/wp-content\/uploads\/2026\/01\/IMAGEM_NOTICIA_9-5.webp","width":1200,"height":630},{"@type":"BreadcrumbList","@id":"https:\/\/brasilnoticias.org\/site\/governo-ainda-nao-definiu-o-que-fara-com-nomes-de-estacoes-de-metro-apos-mudanca-da-rodoviaria-em-salvador\/#breadcrumb","itemListElement":[{"@type":"ListItem","position":1,"name":"In\u00edcio","item":"https:\/\/brasilnoticias.org\/site\/"},{"@type":"ListItem","position":2,"name":"Governo ainda n\u00e3o definiu o que far\u00e1 com nomes de esta\u00e7\u00f5es de metr\u00f4 ap\u00f3s mudan\u00e7a da rodovi\u00e1ria em Salvador"}]},{"@type":"WebSite","@id":"https:\/\/brasilnoticias.org\/site\/#website","url":"https:\/\/brasilnoticias.org\/site\/","name":"Brasil not\u00edcias","description":"Brasil not\u00edcias","publisher":{"@id":"https:\/\/brasilnoticias.org\/site\/#organization"},"potentialAction":[{"@type":"SearchAction","target":{"@type":"EntryPoint","urlTemplate":"https:\/\/brasilnoticias.org\/site\/?s={search_term_string}"},"query-input":{"@type":"PropertyValueSpecification","valueRequired":true,"valueName":"search_term_string"}}],"inLanguage":"pt-PT"},{"@type":"Organization","@id":"https:\/\/brasilnoticias.org\/site\/#organization","name":"Brasil not\u00edcias","url":"https:\/\/brasilnoticias.org\/site\/","logo":{"@type":"ImageObject","inLanguage":"pt-PT","@id":"https:\/\/brasilnoticias.org\/site\/#\/schema\/logo\/image\/","url":"https:\/\/brasilnoticias.org\/site\/wp-content\/uploads\/2022\/05\/cropped-brasilnoticias-mini.jpg","contentUrl":"https:\/\/brasilnoticias.org\/site\/wp-content\/uploads\/2022\/05\/cropped-brasilnoticias-mini.jpg","width":314,"height":86,"caption":"Brasil not\u00edcias"},"image":{"@id":"https:\/\/brasilnoticias.org\/site\/#\/schema\/logo\/image\/"}},{"@type":"Person","@id":"https:\/\/brasilnoticias.org\/site\/#\/schema\/person\/03bbbfe6c7634ad18c26444ea39049fa","name":"Reda\u00e7\u00e3o","image":{"@type":"ImageObject","inLanguage":"pt-PT","@id":"https:\/\/brasilnoticias.org\/site\/#\/schema\/person\/image\/","url":"https:\/\/secure.gravatar.com\/avatar\/9ecaf7327a696cb23ad926fedded5f1f04d7049de9e445375d55b48c001a6e42?s=96&d=mm&r=g","contentUrl":"https:\/\/secure.gravatar.com\/avatar\/9ecaf7327a696cb23ad926fedded5f1f04d7049de9e445375d55b48c001a6e42?s=96&d=mm&r=g","caption":"Reda\u00e7\u00e3o"},"url":"https:\/\/brasilnoticias.org\/site\/author\/henrique\/"}]}},"_links":{"self":[{"href":"https:\/\/brasilnoticias.org\/site\/wp-json\/wp\/v2\/posts\/19449","targetHints":{"allow":["GET"]}}],"collection":[{"href":"https:\/\/brasilnoticias.org\/site\/wp-json\/wp\/v2\/posts"}],"about":[{"href":"https:\/\/brasilnoticias.org\/site\/wp-json\/wp\/v2\/types\/post"}],"author":[{"embeddable":true,"href":"https:\/\/brasilnoticias.org\/site\/wp-json\/wp\/v2\/users\/4"}],"replies":[{"embeddable":true,"href":"https:\/\/brasilnoticias.org\/site\/wp-json\/wp\/v2\/comments?post=19449"}],"version-history":[{"count":1,"href":"https:\/\/brasilnoticias.org\/site\/wp-json\/wp\/v2\/posts\/19449\/revisions"}],"predecessor-version":[{"id":19451,"href":"https:\/\/brasilnoticias.org\/site\/wp-json\/wp\/v2\/posts\/19449\/revisions\/19451"}],"wp:featuredmedia":[{"embeddable":true,"href":"https:\/\/brasilnoticias.org\/site\/wp-json\/wp\/v2\/media\/19450"}],"wp:attachment":[{"href":"https:\/\/brasilnoticias.org\/site\/wp-json\/wp\/v2\/media?parent=19449"}],"wp:term":[{"taxonomy":"category","embeddable":true,"href":"https:\/\/brasilnoticias.org\/site\/wp-json\/wp\/v2\/categories?post=19449"},{"taxonomy":"post_tag","embeddable":true,"href":"https:\/\/brasilnoticias.org\/site\/wp-json\/wp\/v2\/tags?post=19449"}],"curies":[{"name":"wp","href":"https:\/\/api.w.org\/{rel}","templated":true}]}}