{"id":1947,"date":"2022-10-17T18:00:50","date_gmt":"2022-10-17T21:00:50","guid":{"rendered":"https:\/\/brasilnoticias.org\/site\/?p=1947"},"modified":"2022-10-16T22:29:56","modified_gmt":"2022-10-17T01:29:56","slug":"casal-morre-em-acidente-no-sudoeste-da-bahia-vitimas-voltavam-de-festa-do-dia-dos-professores","status":"publish","type":"post","link":"https:\/\/brasilnoticias.org\/site\/casal-morre-em-acidente-no-sudoeste-da-bahia-vitimas-voltavam-de-festa-do-dia-dos-professores\/","title":{"rendered":"Casal morre em acidente no sudoeste da Bahia; v\u00edtimas voltavam de festa do dia dos professores"},"content":{"rendered":"<p>Duas pessoas morreram ap\u00f3s sofrerem um acidente na Avenida Jos\u00e9 Fernandes Pedral Sampaio, em Vit\u00f3ria da Conquista, no sudoeste da Bahia. A motocicleta em que eles estavam se chocou contra um poste, na noite de s\u00e1bado (15), enquanto retornavam de uma festa em homenagem ao Dia dos Professores.<\/p>\n<p>As v\u00edtimas foram identificadas como Graziele Muniz de Jesus, 23 anos, e F\u00e1bio Carvalho Fonseca, 41 anos. Eles eram noivos. A mulher era funcion\u00e1ria da Secretaria de Desenvolvimento Rural de Vit\u00f3ria da Conquista e o homem dava aulas de Educa\u00e7\u00e3o F\u00edsica em Barra do Cho\u00e7a, cidade na mesma regi\u00e3o.<\/p>\n<p>Com o impacto da colis\u00e3o, os dois foram arremessados e o poste ficou torto. A moto, de grande porte, ficou destru\u00edda. N\u00e3o h\u00e1 detalhes sobre quem pilotava e nem o que provocou o acidente.<\/p>\n<p>O Servi\u00e7o de Atendimento M\u00f3vel de Urg\u00eancia (Samu) e a 77\u00aa Companhia Independente de Pol\u00edcia Militar foram acionadas, contudo, j\u00e1 encontraram as v\u00edtimas sem vida quando chegaram ao local.<\/p>\n<p>As mortes causaram grande como\u00e7\u00e3o na regi\u00e3o sudoeste, onde eles eram muito conhecidos. Os corpos foram velados no Plen\u00e1rio da C\u00e2mara Municipal de Vit\u00f3ria da Conquista, e o sepultamento aconteceu no fim da tarde deste domingo (16), no Cemit\u00e9rio Memorial das Ac\u00e1cias.<\/p>\n<p>Nas redes sociais, as prefeituras de Vit\u00f3ria da Conquista e de Barra do Cho\u00e7a lamentaram as perdas, al\u00e9m das institui\u00e7\u00f5es de ensino onde o professor lecionava.<\/p>\n<p><img decoding=\"async\" src=\"https:\/\/s2.glbimg.com\/n9kkhVxWv1V7II4PH1I1qaSDLA8=\/0x0:829x824\/984x0\/smart\/filters:strip_icc()\/i.s3.glbimg.com\/v1\/AUTH_59edd422c0c84a879bd37670ae4f538a\/internal_photos\/bs\/2022\/H\/k\/YZDUfeSTSKm9sxMqXBPQ\/nota-ceja.jfif\" alt=\"Institui\u00e7\u00e3o emite nota de pesar por morte de professor \u2014 Foto: Redes sociais\" \/><\/p>\n<div class=\"row medium-uncollapsed content-media content-photo\" data-block-type=\"backstage-photo\" data-block-id=\"10\">\n<div class=\"mc-column content-media__container\">\n<p class=\"content-media__description \">Institui\u00e7\u00e3o emite nota de pesar por morte de professor \u2014 Foto: Redes sociais<\/p>\n<\/div>\n<\/div>\n<div class=\"tag-manager-publicidade-container mc-has-reveal mc-has-ad-lazyload tag-manager-publicidade-banner_materia__32e92fbf-9209-452c-8feb-a21f914450bc tag-manager-publicidade-container--carregado tag-manager-publicidade-container--visivel\" data-id=\"banner_materia__32e92fbf-9209-452c-8feb-a21f914450bc\" data-req=\"true\" data-google-query-id=\"CN7DlKSO5voCFbkTuQYdNNYKPQ\" data-cid=\"138408476410\" data-lid=\"6132058944\"><\/div>\n<div data-id=\"banner_materia__32e92fbf-9209-452c-8feb-a21f914450bc\" data-req=\"true\" data-google-query-id=\"CN7DlKSO5voCFbkTuQYdNNYKPQ\" data-cid=\"138408476410\" data-lid=\"6132058944\">G1<\/div>\n<div data-id=\"banner_materia__32e92fbf-9209-452c-8feb-a21f914450bc\" data-req=\"true\" data-google-query-id=\"CN7DlKSO5voCFbkTuQYdNNYKPQ\" data-cid=\"138408476410\" data-lid=\"6132058944\">Foto Redes sociais<\/div>\n<p>&nbsp;<\/p>\n","protected":false},"excerpt":{"rendered":"<p>Duas pessoas morreram ap\u00f3s sofrerem um acidente na Avenida Jos\u00e9 Fernandes Pedral Sampaio, em Vit\u00f3ria da Conquista, no sudoeste da<\/p>\n","protected":false},"author":1,"featured_media":1948,"comment_status":"open","ping_status":"open","sticky":false,"template":"","format":"standard","meta":{"colormag_page_container_layout":"default_layout","colormag_page_sidebar_layout":"default_layout","_FSMCFIC_featured_image_caption":"","_FSMCFIC_featured_image_nocaption":"","_FSMCFIC_featured_image_hide":"","footnotes":""},"categories":[2,1],"tags":[],"class_list":["post-1947","post","type-post","status-publish","format-standard","has-post-thumbnail","hentry","category-noticias","category-ultimas"],"yoast_head":"<!-- This site is optimized with the Yoast SEO plugin v27.1.1 - https:\/\/yoast.com\/product\/yoast-seo-wordpress\/ -->\n<title>Casal morre em acidente no sudoeste da Bahia; v\u00edtimas voltavam de festa do dia dos professores - Brasil not\u00edcias<\/title>\n<meta name=\"robots\" content=\"index, follow, max-snippet:-1, max-image-preview:large, max-video-preview:-1\" \/>\n<link rel=\"canonical\" href=\"https:\/\/brasilnoticias.org\/site\/casal-morre-em-acidente-no-sudoeste-da-bahia-vitimas-voltavam-de-festa-do-dia-dos-professores\/\" \/>\n<meta property=\"og:locale\" content=\"pt_PT\" \/>\n<meta property=\"og:type\" content=\"article\" \/>\n<meta property=\"og:title\" content=\"Casal morre em acidente no sudoeste da Bahia; v\u00edtimas voltavam de festa do dia dos professores - Brasil not\u00edcias\" \/>\n<meta property=\"og:description\" content=\"Duas pessoas morreram ap\u00f3s sofrerem um acidente na Avenida Jos\u00e9 Fernandes Pedral Sampaio, em Vit\u00f3ria da Conquista, no sudoeste da\" \/>\n<meta property=\"og:url\" content=\"https:\/\/brasilnoticias.org\/site\/casal-morre-em-acidente-no-sudoeste-da-bahia-vitimas-voltavam-de-festa-do-dia-dos-professores\/\" \/>\n<meta property=\"og:site_name\" content=\"Brasil not\u00edcias\" \/>\n<meta property=\"article:published_time\" content=\"2022-10-17T21:00:50+00:00\" \/>\n<meta property=\"og:image\" content=\"https:\/\/brasilnoticias.org\/site\/wp-content\/uploads\/2022\/10\/Capturar-18.jpg\" \/>\n\t<meta property=\"og:image:width\" content=\"644\" \/>\n\t<meta property=\"og:image:height\" content=\"481\" \/>\n\t<meta property=\"og:image:type\" content=\"image\/jpeg\" \/>\n<meta name=\"author\" content=\"Reda\u00e7\u00e3o\" \/>\n<meta name=\"twitter:card\" content=\"summary_large_image\" \/>\n<meta name=\"twitter:label1\" content=\"Escrito por\" \/>\n\t<meta name=\"twitter:data1\" content=\"Reda\u00e7\u00e3o\" \/>\n\t<meta name=\"twitter:label2\" content=\"Tempo estimado de leitura\" \/>\n\t<meta name=\"twitter:data2\" content=\"1 minuto\" \/>\n<script type=\"application\/ld+json\" class=\"yoast-schema-graph\">{\"@context\":\"https:\/\/schema.org\",\"@graph\":[{\"@type\":\"Article\",\"@id\":\"https:\/\/brasilnoticias.org\/site\/casal-morre-em-acidente-no-sudoeste-da-bahia-vitimas-voltavam-de-festa-do-dia-dos-professores\/#article\",\"isPartOf\":{\"@id\":\"https:\/\/brasilnoticias.org\/site\/casal-morre-em-acidente-no-sudoeste-da-bahia-vitimas-voltavam-de-festa-do-dia-dos-professores\/\"},\"author\":{\"name\":\"Reda\u00e7\u00e3o\",\"@id\":\"https:\/\/brasilnoticias.org\/site\/#\/schema\/person\/a0e05b973ec4d15c658d51911e53507b\"},\"headline\":\"Casal morre em acidente no sudoeste da Bahia; v\u00edtimas voltavam de festa do dia dos professores\",\"datePublished\":\"2022-10-17T21:00:50+00:00\",\"mainEntityOfPage\":{\"@id\":\"https:\/\/brasilnoticias.org\/site\/casal-morre-em-acidente-no-sudoeste-da-bahia-vitimas-voltavam-de-festa-do-dia-dos-professores\/\"},\"wordCount\":288,\"commentCount\":0,\"publisher\":{\"@id\":\"https:\/\/brasilnoticias.org\/site\/#organization\"},\"image\":{\"@id\":\"https:\/\/brasilnoticias.org\/site\/casal-morre-em-acidente-no-sudoeste-da-bahia-vitimas-voltavam-de-festa-do-dia-dos-professores\/#primaryimage\"},\"thumbnailUrl\":\"https:\/\/brasilnoticias.org\/site\/wp-content\/uploads\/2022\/10\/Capturar-18.jpg\",\"articleSection\":[\"Not\u00edcias\",\"\u00daltimas\"],\"inLanguage\":\"pt-PT\",\"potentialAction\":[{\"@type\":\"CommentAction\",\"name\":\"Comment\",\"target\":[\"https:\/\/brasilnoticias.org\/site\/casal-morre-em-acidente-no-sudoeste-da-bahia-vitimas-voltavam-de-festa-do-dia-dos-professores\/#respond\"]}]},{\"@type\":\"WebPage\",\"@id\":\"https:\/\/brasilnoticias.org\/site\/casal-morre-em-acidente-no-sudoeste-da-bahia-vitimas-voltavam-de-festa-do-dia-dos-professores\/\",\"url\":\"https:\/\/brasilnoticias.org\/site\/casal-morre-em-acidente-no-sudoeste-da-bahia-vitimas-voltavam-de-festa-do-dia-dos-professores\/\",\"name\":\"Casal morre em acidente no sudoeste da Bahia; v\u00edtimas voltavam de festa do dia dos professores - Brasil not\u00edcias\",\"isPartOf\":{\"@id\":\"https:\/\/brasilnoticias.org\/site\/#website\"},\"primaryImageOfPage\":{\"@id\":\"https:\/\/brasilnoticias.org\/site\/casal-morre-em-acidente-no-sudoeste-da-bahia-vitimas-voltavam-de-festa-do-dia-dos-professores\/#primaryimage\"},\"image\":{\"@id\":\"https:\/\/brasilnoticias.org\/site\/casal-morre-em-acidente-no-sudoeste-da-bahia-vitimas-voltavam-de-festa-do-dia-dos-professores\/#primaryimage\"},\"thumbnailUrl\":\"https:\/\/brasilnoticias.org\/site\/wp-content\/uploads\/2022\/10\/Capturar-18.jpg\",\"datePublished\":\"2022-10-17T21:00:50+00:00\",\"breadcrumb\":{\"@id\":\"https:\/\/brasilnoticias.org\/site\/casal-morre-em-acidente-no-sudoeste-da-bahia-vitimas-voltavam-de-festa-do-dia-dos-professores\/#breadcrumb\"},\"inLanguage\":\"pt-PT\",\"potentialAction\":[{\"@type\":\"ReadAction\",\"target\":[\"https:\/\/brasilnoticias.org\/site\/casal-morre-em-acidente-no-sudoeste-da-bahia-vitimas-voltavam-de-festa-do-dia-dos-professores\/\"]}]},{\"@type\":\"ImageObject\",\"inLanguage\":\"pt-PT\",\"@id\":\"https:\/\/brasilnoticias.org\/site\/casal-morre-em-acidente-no-sudoeste-da-bahia-vitimas-voltavam-de-festa-do-dia-dos-professores\/#primaryimage\",\"url\":\"https:\/\/brasilnoticias.org\/site\/wp-content\/uploads\/2022\/10\/Capturar-18.jpg\",\"contentUrl\":\"https:\/\/brasilnoticias.org\/site\/wp-content\/uploads\/2022\/10\/Capturar-18.jpg\",\"width\":644,\"height\":481},{\"@type\":\"BreadcrumbList\",\"@id\":\"https:\/\/brasilnoticias.org\/site\/casal-morre-em-acidente-no-sudoeste-da-bahia-vitimas-voltavam-de-festa-do-dia-dos-professores\/#breadcrumb\",\"itemListElement\":[{\"@type\":\"ListItem\",\"position\":1,\"name\":\"In\u00edcio\",\"item\":\"https:\/\/brasilnoticias.org\/site\/\"},{\"@type\":\"ListItem\",\"position\":2,\"name\":\"Casal morre em acidente no sudoeste da Bahia; v\u00edtimas voltavam de festa do dia dos professores\"}]},{\"@type\":\"WebSite\",\"@id\":\"https:\/\/brasilnoticias.org\/site\/#website\",\"url\":\"https:\/\/brasilnoticias.org\/site\/\",\"name\":\"Brasil not\u00edcias\",\"description\":\"Brasil not\u00edcias\",\"publisher\":{\"@id\":\"https:\/\/brasilnoticias.org\/site\/#organization\"},\"potentialAction\":[{\"@type\":\"SearchAction\",\"target\":{\"@type\":\"EntryPoint\",\"urlTemplate\":\"https:\/\/brasilnoticias.org\/site\/?s={search_term_string}\"},\"query-input\":{\"@type\":\"PropertyValueSpecification\",\"valueRequired\":true,\"valueName\":\"search_term_string\"}}],\"inLanguage\":\"pt-PT\"},{\"@type\":\"Organization\",\"@id\":\"https:\/\/brasilnoticias.org\/site\/#organization\",\"name\":\"Brasil not\u00edcias\",\"url\":\"https:\/\/brasilnoticias.org\/site\/\",\"logo\":{\"@type\":\"ImageObject\",\"inLanguage\":\"pt-PT\",\"@id\":\"https:\/\/brasilnoticias.org\/site\/#\/schema\/logo\/image\/\",\"url\":\"https:\/\/brasilnoticias.org\/site\/wp-content\/uploads\/2022\/05\/cropped-brasilnoticias-mini.jpg\",\"contentUrl\":\"https:\/\/brasilnoticias.org\/site\/wp-content\/uploads\/2022\/05\/cropped-brasilnoticias-mini.jpg\",\"width\":314,\"height\":86,\"caption\":\"Brasil not\u00edcias\"},\"image\":{\"@id\":\"https:\/\/brasilnoticias.org\/site\/#\/schema\/logo\/image\/\"}},{\"@type\":\"Person\",\"@id\":\"https:\/\/brasilnoticias.org\/site\/#\/schema\/person\/a0e05b973ec4d15c658d51911e53507b\",\"name\":\"Reda\u00e7\u00e3o\",\"image\":{\"@type\":\"ImageObject\",\"inLanguage\":\"pt-PT\",\"@id\":\"https:\/\/brasilnoticias.org\/site\/#\/schema\/person\/image\/\",\"url\":\"https:\/\/secure.gravatar.com\/avatar\/75d8b050df2de108b08ae78dfb8e374892df24a383c67db9c46a9c604f6aee9c?s=96&d=mm&r=g\",\"contentUrl\":\"https:\/\/secure.gravatar.com\/avatar\/75d8b050df2de108b08ae78dfb8e374892df24a383c67db9c46a9c604f6aee9c?s=96&d=mm&r=g\",\"caption\":\"Reda\u00e7\u00e3o\"},\"sameAs\":[\"https:\/\/brasilnoticias.org\/site\"],\"url\":\"https:\/\/brasilnoticias.org\/site\/author\/fernandozsngmail-com\/\"}]}<\/script>\n<!-- \/ Yoast SEO plugin. -->","yoast_head_json":{"title":"Casal morre em acidente no sudoeste da Bahia; v\u00edtimas voltavam de festa do dia dos professores - Brasil not\u00edcias","robots":{"index":"index","follow":"follow","max-snippet":"max-snippet:-1","max-image-preview":"max-image-preview:large","max-video-preview":"max-video-preview:-1"},"canonical":"https:\/\/brasilnoticias.org\/site\/casal-morre-em-acidente-no-sudoeste-da-bahia-vitimas-voltavam-de-festa-do-dia-dos-professores\/","og_locale":"pt_PT","og_type":"article","og_title":"Casal morre em acidente no sudoeste da Bahia; v\u00edtimas voltavam de festa do dia dos professores - Brasil not\u00edcias","og_description":"Duas pessoas morreram ap\u00f3s sofrerem um acidente na Avenida Jos\u00e9 Fernandes Pedral Sampaio, em Vit\u00f3ria da Conquista, no sudoeste da","og_url":"https:\/\/brasilnoticias.org\/site\/casal-morre-em-acidente-no-sudoeste-da-bahia-vitimas-voltavam-de-festa-do-dia-dos-professores\/","og_site_name":"Brasil not\u00edcias","article_published_time":"2022-10-17T21:00:50+00:00","og_image":[{"width":644,"height":481,"url":"https:\/\/brasilnoticias.org\/site\/wp-content\/uploads\/2022\/10\/Capturar-18.jpg","type":"image\/jpeg"}],"author":"Reda\u00e7\u00e3o","twitter_card":"summary_large_image","twitter_misc":{"Escrito por":"Reda\u00e7\u00e3o","Tempo estimado de leitura":"1 minuto"},"schema":{"@context":"https:\/\/schema.org","@graph":[{"@type":"Article","@id":"https:\/\/brasilnoticias.org\/site\/casal-morre-em-acidente-no-sudoeste-da-bahia-vitimas-voltavam-de-festa-do-dia-dos-professores\/#article","isPartOf":{"@id":"https:\/\/brasilnoticias.org\/site\/casal-morre-em-acidente-no-sudoeste-da-bahia-vitimas-voltavam-de-festa-do-dia-dos-professores\/"},"author":{"name":"Reda\u00e7\u00e3o","@id":"https:\/\/brasilnoticias.org\/site\/#\/schema\/person\/a0e05b973ec4d15c658d51911e53507b"},"headline":"Casal morre em acidente no sudoeste da Bahia; v\u00edtimas voltavam de festa do dia dos professores","datePublished":"2022-10-17T21:00:50+00:00","mainEntityOfPage":{"@id":"https:\/\/brasilnoticias.org\/site\/casal-morre-em-acidente-no-sudoeste-da-bahia-vitimas-voltavam-de-festa-do-dia-dos-professores\/"},"wordCount":288,"commentCount":0,"publisher":{"@id":"https:\/\/brasilnoticias.org\/site\/#organization"},"image":{"@id":"https:\/\/brasilnoticias.org\/site\/casal-morre-em-acidente-no-sudoeste-da-bahia-vitimas-voltavam-de-festa-do-dia-dos-professores\/#primaryimage"},"thumbnailUrl":"https:\/\/brasilnoticias.org\/site\/wp-content\/uploads\/2022\/10\/Capturar-18.jpg","articleSection":["Not\u00edcias","\u00daltimas"],"inLanguage":"pt-PT","potentialAction":[{"@type":"CommentAction","name":"Comment","target":["https:\/\/brasilnoticias.org\/site\/casal-morre-em-acidente-no-sudoeste-da-bahia-vitimas-voltavam-de-festa-do-dia-dos-professores\/#respond"]}]},{"@type":"WebPage","@id":"https:\/\/brasilnoticias.org\/site\/casal-morre-em-acidente-no-sudoeste-da-bahia-vitimas-voltavam-de-festa-do-dia-dos-professores\/","url":"https:\/\/brasilnoticias.org\/site\/casal-morre-em-acidente-no-sudoeste-da-bahia-vitimas-voltavam-de-festa-do-dia-dos-professores\/","name":"Casal morre em acidente no sudoeste da Bahia; v\u00edtimas voltavam de festa do dia dos professores - Brasil not\u00edcias","isPartOf":{"@id":"https:\/\/brasilnoticias.org\/site\/#website"},"primaryImageOfPage":{"@id":"https:\/\/brasilnoticias.org\/site\/casal-morre-em-acidente-no-sudoeste-da-bahia-vitimas-voltavam-de-festa-do-dia-dos-professores\/#primaryimage"},"image":{"@id":"https:\/\/brasilnoticias.org\/site\/casal-morre-em-acidente-no-sudoeste-da-bahia-vitimas-voltavam-de-festa-do-dia-dos-professores\/#primaryimage"},"thumbnailUrl":"https:\/\/brasilnoticias.org\/site\/wp-content\/uploads\/2022\/10\/Capturar-18.jpg","datePublished":"2022-10-17T21:00:50+00:00","breadcrumb":{"@id":"https:\/\/brasilnoticias.org\/site\/casal-morre-em-acidente-no-sudoeste-da-bahia-vitimas-voltavam-de-festa-do-dia-dos-professores\/#breadcrumb"},"inLanguage":"pt-PT","potentialAction":[{"@type":"ReadAction","target":["https:\/\/brasilnoticias.org\/site\/casal-morre-em-acidente-no-sudoeste-da-bahia-vitimas-voltavam-de-festa-do-dia-dos-professores\/"]}]},{"@type":"ImageObject","inLanguage":"pt-PT","@id":"https:\/\/brasilnoticias.org\/site\/casal-morre-em-acidente-no-sudoeste-da-bahia-vitimas-voltavam-de-festa-do-dia-dos-professores\/#primaryimage","url":"https:\/\/brasilnoticias.org\/site\/wp-content\/uploads\/2022\/10\/Capturar-18.jpg","contentUrl":"https:\/\/brasilnoticias.org\/site\/wp-content\/uploads\/2022\/10\/Capturar-18.jpg","width":644,"height":481},{"@type":"BreadcrumbList","@id":"https:\/\/brasilnoticias.org\/site\/casal-morre-em-acidente-no-sudoeste-da-bahia-vitimas-voltavam-de-festa-do-dia-dos-professores\/#breadcrumb","itemListElement":[{"@type":"ListItem","position":1,"name":"In\u00edcio","item":"https:\/\/brasilnoticias.org\/site\/"},{"@type":"ListItem","position":2,"name":"Casal morre em acidente no sudoeste da Bahia; v\u00edtimas voltavam de festa do dia dos professores"}]},{"@type":"WebSite","@id":"https:\/\/brasilnoticias.org\/site\/#website","url":"https:\/\/brasilnoticias.org\/site\/","name":"Brasil not\u00edcias","description":"Brasil not\u00edcias","publisher":{"@id":"https:\/\/brasilnoticias.org\/site\/#organization"},"potentialAction":[{"@type":"SearchAction","target":{"@type":"EntryPoint","urlTemplate":"https:\/\/brasilnoticias.org\/site\/?s={search_term_string}"},"query-input":{"@type":"PropertyValueSpecification","valueRequired":true,"valueName":"search_term_string"}}],"inLanguage":"pt-PT"},{"@type":"Organization","@id":"https:\/\/brasilnoticias.org\/site\/#organization","name":"Brasil not\u00edcias","url":"https:\/\/brasilnoticias.org\/site\/","logo":{"@type":"ImageObject","inLanguage":"pt-PT","@id":"https:\/\/brasilnoticias.org\/site\/#\/schema\/logo\/image\/","url":"https:\/\/brasilnoticias.org\/site\/wp-content\/uploads\/2022\/05\/cropped-brasilnoticias-mini.jpg","contentUrl":"https:\/\/brasilnoticias.org\/site\/wp-content\/uploads\/2022\/05\/cropped-brasilnoticias-mini.jpg","width":314,"height":86,"caption":"Brasil not\u00edcias"},"image":{"@id":"https:\/\/brasilnoticias.org\/site\/#\/schema\/logo\/image\/"}},{"@type":"Person","@id":"https:\/\/brasilnoticias.org\/site\/#\/schema\/person\/a0e05b973ec4d15c658d51911e53507b","name":"Reda\u00e7\u00e3o","image":{"@type":"ImageObject","inLanguage":"pt-PT","@id":"https:\/\/brasilnoticias.org\/site\/#\/schema\/person\/image\/","url":"https:\/\/secure.gravatar.com\/avatar\/75d8b050df2de108b08ae78dfb8e374892df24a383c67db9c46a9c604f6aee9c?s=96&d=mm&r=g","contentUrl":"https:\/\/secure.gravatar.com\/avatar\/75d8b050df2de108b08ae78dfb8e374892df24a383c67db9c46a9c604f6aee9c?s=96&d=mm&r=g","caption":"Reda\u00e7\u00e3o"},"sameAs":["https:\/\/brasilnoticias.org\/site"],"url":"https:\/\/brasilnoticias.org\/site\/author\/fernandozsngmail-com\/"}]}},"_links":{"self":[{"href":"https:\/\/brasilnoticias.org\/site\/wp-json\/wp\/v2\/posts\/1947","targetHints":{"allow":["GET"]}}],"collection":[{"href":"https:\/\/brasilnoticias.org\/site\/wp-json\/wp\/v2\/posts"}],"about":[{"href":"https:\/\/brasilnoticias.org\/site\/wp-json\/wp\/v2\/types\/post"}],"author":[{"embeddable":true,"href":"https:\/\/brasilnoticias.org\/site\/wp-json\/wp\/v2\/users\/1"}],"replies":[{"embeddable":true,"href":"https:\/\/brasilnoticias.org\/site\/wp-json\/wp\/v2\/comments?post=1947"}],"version-history":[{"count":1,"href":"https:\/\/brasilnoticias.org\/site\/wp-json\/wp\/v2\/posts\/1947\/revisions"}],"predecessor-version":[{"id":1949,"href":"https:\/\/brasilnoticias.org\/site\/wp-json\/wp\/v2\/posts\/1947\/revisions\/1949"}],"wp:featuredmedia":[{"embeddable":true,"href":"https:\/\/brasilnoticias.org\/site\/wp-json\/wp\/v2\/media\/1948"}],"wp:attachment":[{"href":"https:\/\/brasilnoticias.org\/site\/wp-json\/wp\/v2\/media?parent=1947"}],"wp:term":[{"taxonomy":"category","embeddable":true,"href":"https:\/\/brasilnoticias.org\/site\/wp-json\/wp\/v2\/categories?post=1947"},{"taxonomy":"post_tag","embeddable":true,"href":"https:\/\/brasilnoticias.org\/site\/wp-json\/wp\/v2\/tags?post=1947"}],"curies":[{"name":"wp","href":"https:\/\/api.w.org\/{rel}","templated":true}]}}