{"id":19479,"date":"2026-01-15T06:33:49","date_gmt":"2026-01-15T09:33:49","guid":{"rendered":"https:\/\/brasilnoticias.org\/site\/?p=19479"},"modified":"2026-01-15T06:33:49","modified_gmt":"2026-01-15T09:33:49","slug":"com-tempero-da-politica-lavagem-do-bonfim-mantem-tradicoes-e-aquece-a-fe-em-uma-das-festas-mais-populares-da-bahia","status":"publish","type":"post","link":"https:\/\/brasilnoticias.org\/site\/com-tempero-da-politica-lavagem-do-bonfim-mantem-tradicoes-e-aquece-a-fe-em-uma-das-festas-mais-populares-da-bahia\/","title":{"rendered":"Com \u201ctempero\u201d da pol\u00edtica, Lavagem do Bonfim mant\u00e9m tradi\u00e7\u00f5es e aquece a f\u00e9 em uma das festas mais populares da Bahia"},"content":{"rendered":"<p>A tradicional Lavagem do Bonfim, celebrada nesta quinta-feira (15) em Salvador (BA), reuniu milhares de baianos, visitantes e fi\u00e9is vestidos de branco para um cortejo que percorre cerca de 8 km at\u00e9 a Bas\u00edlica do Senhor do Bonfim, uma das festas religiosas e culturais mais importantes do estado. A celebra\u00e7\u00e3o ocorre sempre na segunda quinta-feira do ano ap\u00f3s a Festa de Reis e \u00e9 marcada por devo\u00e7\u00e3o, f\u00e9 e tradi\u00e7\u00f5es que atravessam s\u00e9culos.<\/p>\n<p>O reitor da Bas\u00edlica do Bonfim, padre Edson Menezes, destacou que a devo\u00e7\u00e3o ao Senhor do Bonfim \u2014 entendido como Jesus Cristo crucificado \u2014 continua sendo um elemento central para os fi\u00e9is que participam da festa, atraindo multid\u00f5es para pagar promessas, rezar ou venerar a imagem venerada desde sua chegada ao Brasil no s\u00e9culo XVIII.<\/p>\n<p>Al\u00e9m do aspecto religioso, a Lavagem se consolidou como um importante elemento cultural e tur\u00edstico da Bahia, com manifesta\u00e7\u00f5es profanas, m\u00fasica, festa e tamb\u00e9m a presen\u00e7a de figuras pol\u00edticas que aproveitam o evento como espa\u00e7o para se aproximar do p\u00fablico.<\/p>\n<p>A festa representa uma mescla de tradi\u00e7\u00f5es religiosas, culturais e sociais, refor\u00e7ando a identidade do povo baiano e sua forte rela\u00e7\u00e3o com a f\u00e9 e a hist\u00f3ria local.<\/p>\n<p>Foto: Imagem Ilustrativa. Waltemy Brand\u00e3o \/ Bahia Not\u00edcias<br \/>\nFonte:Bahia Not\u00edcias<\/p>\n","protected":false},"excerpt":{"rendered":"<p>A tradicional Lavagem do Bonfim, celebrada nesta quinta-feira (15) em Salvador (BA), reuniu milhares de baianos, visitantes e fi\u00e9is vestidos<\/p>\n","protected":false},"author":4,"featured_media":19480,"comment_status":"open","ping_status":"open","sticky":false,"template":"","format":"standard","meta":{"colormag_page_container_layout":"default_layout","colormag_page_sidebar_layout":"default_layout","_FSMCFIC_featured_image_caption":"","_FSMCFIC_featured_image_nocaption":"","_FSMCFIC_featured_image_hide":"","footnotes":""},"categories":[2,1],"tags":[],"class_list":["post-19479","post","type-post","status-publish","format-standard","has-post-thumbnail","hentry","category-noticias","category-ultimas"],"yoast_head":"<!-- This site is optimized with the Yoast SEO plugin v27.1.1 - https:\/\/yoast.com\/product\/yoast-seo-wordpress\/ -->\n<title>Com \u201ctempero\u201d da pol\u00edtica, Lavagem do Bonfim mant\u00e9m tradi\u00e7\u00f5es e aquece a f\u00e9 em uma das festas mais populares da Bahia - Brasil not\u00edcias<\/title>\n<meta name=\"robots\" content=\"index, follow, max-snippet:-1, max-image-preview:large, max-video-preview:-1\" \/>\n<link rel=\"canonical\" href=\"https:\/\/brasilnoticias.org\/site\/com-tempero-da-politica-lavagem-do-bonfim-mantem-tradicoes-e-aquece-a-fe-em-uma-das-festas-mais-populares-da-bahia\/\" \/>\n<meta property=\"og:locale\" content=\"pt_PT\" \/>\n<meta property=\"og:type\" content=\"article\" \/>\n<meta property=\"og:title\" content=\"Com \u201ctempero\u201d da pol\u00edtica, Lavagem do Bonfim mant\u00e9m tradi\u00e7\u00f5es e aquece a f\u00e9 em uma das festas mais populares da Bahia - Brasil not\u00edcias\" \/>\n<meta property=\"og:description\" content=\"A tradicional Lavagem do Bonfim, celebrada nesta quinta-feira (15) em Salvador (BA), reuniu milhares de baianos, visitantes e fi\u00e9is vestidos\" \/>\n<meta property=\"og:url\" content=\"https:\/\/brasilnoticias.org\/site\/com-tempero-da-politica-lavagem-do-bonfim-mantem-tradicoes-e-aquece-a-fe-em-uma-das-festas-mais-populares-da-bahia\/\" \/>\n<meta property=\"og:site_name\" content=\"Brasil not\u00edcias\" \/>\n<meta property=\"article:published_time\" content=\"2026-01-15T09:33:49+00:00\" \/>\n<meta property=\"og:image\" content=\"https:\/\/brasilnoticias.org\/site\/wp-content\/uploads\/2026\/01\/IMAGEM_NOTICIA_9-6.webp\" \/>\n\t<meta property=\"og:image:width\" content=\"1200\" \/>\n\t<meta property=\"og:image:height\" content=\"630\" \/>\n\t<meta property=\"og:image:type\" content=\"image\/webp\" \/>\n<meta name=\"author\" content=\"Reda\u00e7\u00e3o\" \/>\n<meta name=\"twitter:card\" content=\"summary_large_image\" \/>\n<meta name=\"twitter:label1\" content=\"Escrito por\" \/>\n\t<meta name=\"twitter:data1\" content=\"Reda\u00e7\u00e3o\" \/>\n\t<meta name=\"twitter:label2\" content=\"Tempo estimado de leitura\" \/>\n\t<meta name=\"twitter:data2\" content=\"1 minuto\" \/>\n<script type=\"application\/ld+json\" class=\"yoast-schema-graph\">{\"@context\":\"https:\/\/schema.org\",\"@graph\":[{\"@type\":\"Article\",\"@id\":\"https:\/\/brasilnoticias.org\/site\/com-tempero-da-politica-lavagem-do-bonfim-mantem-tradicoes-e-aquece-a-fe-em-uma-das-festas-mais-populares-da-bahia\/#article\",\"isPartOf\":{\"@id\":\"https:\/\/brasilnoticias.org\/site\/com-tempero-da-politica-lavagem-do-bonfim-mantem-tradicoes-e-aquece-a-fe-em-uma-das-festas-mais-populares-da-bahia\/\"},\"author\":{\"name\":\"Reda\u00e7\u00e3o\",\"@id\":\"https:\/\/brasilnoticias.org\/site\/#\/schema\/person\/03bbbfe6c7634ad18c26444ea39049fa\"},\"headline\":\"Com \u201ctempero\u201d da pol\u00edtica, Lavagem do Bonfim mant\u00e9m tradi\u00e7\u00f5es e aquece a f\u00e9 em uma das festas mais populares da Bahia\",\"datePublished\":\"2026-01-15T09:33:49+00:00\",\"mainEntityOfPage\":{\"@id\":\"https:\/\/brasilnoticias.org\/site\/com-tempero-da-politica-lavagem-do-bonfim-mantem-tradicoes-e-aquece-a-fe-em-uma-das-festas-mais-populares-da-bahia\/\"},\"wordCount\":253,\"commentCount\":0,\"publisher\":{\"@id\":\"https:\/\/brasilnoticias.org\/site\/#organization\"},\"image\":{\"@id\":\"https:\/\/brasilnoticias.org\/site\/com-tempero-da-politica-lavagem-do-bonfim-mantem-tradicoes-e-aquece-a-fe-em-uma-das-festas-mais-populares-da-bahia\/#primaryimage\"},\"thumbnailUrl\":\"https:\/\/brasilnoticias.org\/site\/wp-content\/uploads\/2026\/01\/IMAGEM_NOTICIA_9-6.webp\",\"articleSection\":[\"Not\u00edcias\",\"\u00daltimas\"],\"inLanguage\":\"pt-PT\",\"potentialAction\":[{\"@type\":\"CommentAction\",\"name\":\"Comment\",\"target\":[\"https:\/\/brasilnoticias.org\/site\/com-tempero-da-politica-lavagem-do-bonfim-mantem-tradicoes-e-aquece-a-fe-em-uma-das-festas-mais-populares-da-bahia\/#respond\"]}]},{\"@type\":\"WebPage\",\"@id\":\"https:\/\/brasilnoticias.org\/site\/com-tempero-da-politica-lavagem-do-bonfim-mantem-tradicoes-e-aquece-a-fe-em-uma-das-festas-mais-populares-da-bahia\/\",\"url\":\"https:\/\/brasilnoticias.org\/site\/com-tempero-da-politica-lavagem-do-bonfim-mantem-tradicoes-e-aquece-a-fe-em-uma-das-festas-mais-populares-da-bahia\/\",\"name\":\"Com \u201ctempero\u201d da pol\u00edtica, Lavagem do Bonfim mant\u00e9m tradi\u00e7\u00f5es e aquece a f\u00e9 em uma das festas mais populares da Bahia - Brasil not\u00edcias\",\"isPartOf\":{\"@id\":\"https:\/\/brasilnoticias.org\/site\/#website\"},\"primaryImageOfPage\":{\"@id\":\"https:\/\/brasilnoticias.org\/site\/com-tempero-da-politica-lavagem-do-bonfim-mantem-tradicoes-e-aquece-a-fe-em-uma-das-festas-mais-populares-da-bahia\/#primaryimage\"},\"image\":{\"@id\":\"https:\/\/brasilnoticias.org\/site\/com-tempero-da-politica-lavagem-do-bonfim-mantem-tradicoes-e-aquece-a-fe-em-uma-das-festas-mais-populares-da-bahia\/#primaryimage\"},\"thumbnailUrl\":\"https:\/\/brasilnoticias.org\/site\/wp-content\/uploads\/2026\/01\/IMAGEM_NOTICIA_9-6.webp\",\"datePublished\":\"2026-01-15T09:33:49+00:00\",\"breadcrumb\":{\"@id\":\"https:\/\/brasilnoticias.org\/site\/com-tempero-da-politica-lavagem-do-bonfim-mantem-tradicoes-e-aquece-a-fe-em-uma-das-festas-mais-populares-da-bahia\/#breadcrumb\"},\"inLanguage\":\"pt-PT\",\"potentialAction\":[{\"@type\":\"ReadAction\",\"target\":[\"https:\/\/brasilnoticias.org\/site\/com-tempero-da-politica-lavagem-do-bonfim-mantem-tradicoes-e-aquece-a-fe-em-uma-das-festas-mais-populares-da-bahia\/\"]}]},{\"@type\":\"ImageObject\",\"inLanguage\":\"pt-PT\",\"@id\":\"https:\/\/brasilnoticias.org\/site\/com-tempero-da-politica-lavagem-do-bonfim-mantem-tradicoes-e-aquece-a-fe-em-uma-das-festas-mais-populares-da-bahia\/#primaryimage\",\"url\":\"https:\/\/brasilnoticias.org\/site\/wp-content\/uploads\/2026\/01\/IMAGEM_NOTICIA_9-6.webp\",\"contentUrl\":\"https:\/\/brasilnoticias.org\/site\/wp-content\/uploads\/2026\/01\/IMAGEM_NOTICIA_9-6.webp\",\"width\":1200,\"height\":630},{\"@type\":\"BreadcrumbList\",\"@id\":\"https:\/\/brasilnoticias.org\/site\/com-tempero-da-politica-lavagem-do-bonfim-mantem-tradicoes-e-aquece-a-fe-em-uma-das-festas-mais-populares-da-bahia\/#breadcrumb\",\"itemListElement\":[{\"@type\":\"ListItem\",\"position\":1,\"name\":\"In\u00edcio\",\"item\":\"https:\/\/brasilnoticias.org\/site\/\"},{\"@type\":\"ListItem\",\"position\":2,\"name\":\"Com \u201ctempero\u201d da pol\u00edtica, Lavagem do Bonfim mant\u00e9m tradi\u00e7\u00f5es e aquece a f\u00e9 em uma das festas mais populares da Bahia\"}]},{\"@type\":\"WebSite\",\"@id\":\"https:\/\/brasilnoticias.org\/site\/#website\",\"url\":\"https:\/\/brasilnoticias.org\/site\/\",\"name\":\"Brasil not\u00edcias\",\"description\":\"Brasil not\u00edcias\",\"publisher\":{\"@id\":\"https:\/\/brasilnoticias.org\/site\/#organization\"},\"potentialAction\":[{\"@type\":\"SearchAction\",\"target\":{\"@type\":\"EntryPoint\",\"urlTemplate\":\"https:\/\/brasilnoticias.org\/site\/?s={search_term_string}\"},\"query-input\":{\"@type\":\"PropertyValueSpecification\",\"valueRequired\":true,\"valueName\":\"search_term_string\"}}],\"inLanguage\":\"pt-PT\"},{\"@type\":\"Organization\",\"@id\":\"https:\/\/brasilnoticias.org\/site\/#organization\",\"name\":\"Brasil not\u00edcias\",\"url\":\"https:\/\/brasilnoticias.org\/site\/\",\"logo\":{\"@type\":\"ImageObject\",\"inLanguage\":\"pt-PT\",\"@id\":\"https:\/\/brasilnoticias.org\/site\/#\/schema\/logo\/image\/\",\"url\":\"https:\/\/brasilnoticias.org\/site\/wp-content\/uploads\/2022\/05\/cropped-brasilnoticias-mini.jpg\",\"contentUrl\":\"https:\/\/brasilnoticias.org\/site\/wp-content\/uploads\/2022\/05\/cropped-brasilnoticias-mini.jpg\",\"width\":314,\"height\":86,\"caption\":\"Brasil not\u00edcias\"},\"image\":{\"@id\":\"https:\/\/brasilnoticias.org\/site\/#\/schema\/logo\/image\/\"}},{\"@type\":\"Person\",\"@id\":\"https:\/\/brasilnoticias.org\/site\/#\/schema\/person\/03bbbfe6c7634ad18c26444ea39049fa\",\"name\":\"Reda\u00e7\u00e3o\",\"image\":{\"@type\":\"ImageObject\",\"inLanguage\":\"pt-PT\",\"@id\":\"https:\/\/brasilnoticias.org\/site\/#\/schema\/person\/image\/\",\"url\":\"https:\/\/secure.gravatar.com\/avatar\/9ecaf7327a696cb23ad926fedded5f1f04d7049de9e445375d55b48c001a6e42?s=96&d=mm&r=g\",\"contentUrl\":\"https:\/\/secure.gravatar.com\/avatar\/9ecaf7327a696cb23ad926fedded5f1f04d7049de9e445375d55b48c001a6e42?s=96&d=mm&r=g\",\"caption\":\"Reda\u00e7\u00e3o\"},\"url\":\"https:\/\/brasilnoticias.org\/site\/author\/henrique\/\"}]}<\/script>\n<!-- \/ Yoast SEO plugin. -->","yoast_head_json":{"title":"Com \u201ctempero\u201d da pol\u00edtica, Lavagem do Bonfim mant\u00e9m tradi\u00e7\u00f5es e aquece a f\u00e9 em uma das festas mais populares da Bahia - Brasil not\u00edcias","robots":{"index":"index","follow":"follow","max-snippet":"max-snippet:-1","max-image-preview":"max-image-preview:large","max-video-preview":"max-video-preview:-1"},"canonical":"https:\/\/brasilnoticias.org\/site\/com-tempero-da-politica-lavagem-do-bonfim-mantem-tradicoes-e-aquece-a-fe-em-uma-das-festas-mais-populares-da-bahia\/","og_locale":"pt_PT","og_type":"article","og_title":"Com \u201ctempero\u201d da pol\u00edtica, Lavagem do Bonfim mant\u00e9m tradi\u00e7\u00f5es e aquece a f\u00e9 em uma das festas mais populares da Bahia - Brasil not\u00edcias","og_description":"A tradicional Lavagem do Bonfim, celebrada nesta quinta-feira (15) em Salvador (BA), reuniu milhares de baianos, visitantes e fi\u00e9is vestidos","og_url":"https:\/\/brasilnoticias.org\/site\/com-tempero-da-politica-lavagem-do-bonfim-mantem-tradicoes-e-aquece-a-fe-em-uma-das-festas-mais-populares-da-bahia\/","og_site_name":"Brasil not\u00edcias","article_published_time":"2026-01-15T09:33:49+00:00","og_image":[{"width":1200,"height":630,"url":"https:\/\/brasilnoticias.org\/site\/wp-content\/uploads\/2026\/01\/IMAGEM_NOTICIA_9-6.webp","type":"image\/webp"}],"author":"Reda\u00e7\u00e3o","twitter_card":"summary_large_image","twitter_misc":{"Escrito por":"Reda\u00e7\u00e3o","Tempo estimado de leitura":"1 minuto"},"schema":{"@context":"https:\/\/schema.org","@graph":[{"@type":"Article","@id":"https:\/\/brasilnoticias.org\/site\/com-tempero-da-politica-lavagem-do-bonfim-mantem-tradicoes-e-aquece-a-fe-em-uma-das-festas-mais-populares-da-bahia\/#article","isPartOf":{"@id":"https:\/\/brasilnoticias.org\/site\/com-tempero-da-politica-lavagem-do-bonfim-mantem-tradicoes-e-aquece-a-fe-em-uma-das-festas-mais-populares-da-bahia\/"},"author":{"name":"Reda\u00e7\u00e3o","@id":"https:\/\/brasilnoticias.org\/site\/#\/schema\/person\/03bbbfe6c7634ad18c26444ea39049fa"},"headline":"Com \u201ctempero\u201d da pol\u00edtica, Lavagem do Bonfim mant\u00e9m tradi\u00e7\u00f5es e aquece a f\u00e9 em uma das festas mais populares da Bahia","datePublished":"2026-01-15T09:33:49+00:00","mainEntityOfPage":{"@id":"https:\/\/brasilnoticias.org\/site\/com-tempero-da-politica-lavagem-do-bonfim-mantem-tradicoes-e-aquece-a-fe-em-uma-das-festas-mais-populares-da-bahia\/"},"wordCount":253,"commentCount":0,"publisher":{"@id":"https:\/\/brasilnoticias.org\/site\/#organization"},"image":{"@id":"https:\/\/brasilnoticias.org\/site\/com-tempero-da-politica-lavagem-do-bonfim-mantem-tradicoes-e-aquece-a-fe-em-uma-das-festas-mais-populares-da-bahia\/#primaryimage"},"thumbnailUrl":"https:\/\/brasilnoticias.org\/site\/wp-content\/uploads\/2026\/01\/IMAGEM_NOTICIA_9-6.webp","articleSection":["Not\u00edcias","\u00daltimas"],"inLanguage":"pt-PT","potentialAction":[{"@type":"CommentAction","name":"Comment","target":["https:\/\/brasilnoticias.org\/site\/com-tempero-da-politica-lavagem-do-bonfim-mantem-tradicoes-e-aquece-a-fe-em-uma-das-festas-mais-populares-da-bahia\/#respond"]}]},{"@type":"WebPage","@id":"https:\/\/brasilnoticias.org\/site\/com-tempero-da-politica-lavagem-do-bonfim-mantem-tradicoes-e-aquece-a-fe-em-uma-das-festas-mais-populares-da-bahia\/","url":"https:\/\/brasilnoticias.org\/site\/com-tempero-da-politica-lavagem-do-bonfim-mantem-tradicoes-e-aquece-a-fe-em-uma-das-festas-mais-populares-da-bahia\/","name":"Com \u201ctempero\u201d da pol\u00edtica, Lavagem do Bonfim mant\u00e9m tradi\u00e7\u00f5es e aquece a f\u00e9 em uma das festas mais populares da Bahia - Brasil not\u00edcias","isPartOf":{"@id":"https:\/\/brasilnoticias.org\/site\/#website"},"primaryImageOfPage":{"@id":"https:\/\/brasilnoticias.org\/site\/com-tempero-da-politica-lavagem-do-bonfim-mantem-tradicoes-e-aquece-a-fe-em-uma-das-festas-mais-populares-da-bahia\/#primaryimage"},"image":{"@id":"https:\/\/brasilnoticias.org\/site\/com-tempero-da-politica-lavagem-do-bonfim-mantem-tradicoes-e-aquece-a-fe-em-uma-das-festas-mais-populares-da-bahia\/#primaryimage"},"thumbnailUrl":"https:\/\/brasilnoticias.org\/site\/wp-content\/uploads\/2026\/01\/IMAGEM_NOTICIA_9-6.webp","datePublished":"2026-01-15T09:33:49+00:00","breadcrumb":{"@id":"https:\/\/brasilnoticias.org\/site\/com-tempero-da-politica-lavagem-do-bonfim-mantem-tradicoes-e-aquece-a-fe-em-uma-das-festas-mais-populares-da-bahia\/#breadcrumb"},"inLanguage":"pt-PT","potentialAction":[{"@type":"ReadAction","target":["https:\/\/brasilnoticias.org\/site\/com-tempero-da-politica-lavagem-do-bonfim-mantem-tradicoes-e-aquece-a-fe-em-uma-das-festas-mais-populares-da-bahia\/"]}]},{"@type":"ImageObject","inLanguage":"pt-PT","@id":"https:\/\/brasilnoticias.org\/site\/com-tempero-da-politica-lavagem-do-bonfim-mantem-tradicoes-e-aquece-a-fe-em-uma-das-festas-mais-populares-da-bahia\/#primaryimage","url":"https:\/\/brasilnoticias.org\/site\/wp-content\/uploads\/2026\/01\/IMAGEM_NOTICIA_9-6.webp","contentUrl":"https:\/\/brasilnoticias.org\/site\/wp-content\/uploads\/2026\/01\/IMAGEM_NOTICIA_9-6.webp","width":1200,"height":630},{"@type":"BreadcrumbList","@id":"https:\/\/brasilnoticias.org\/site\/com-tempero-da-politica-lavagem-do-bonfim-mantem-tradicoes-e-aquece-a-fe-em-uma-das-festas-mais-populares-da-bahia\/#breadcrumb","itemListElement":[{"@type":"ListItem","position":1,"name":"In\u00edcio","item":"https:\/\/brasilnoticias.org\/site\/"},{"@type":"ListItem","position":2,"name":"Com \u201ctempero\u201d da pol\u00edtica, Lavagem do Bonfim mant\u00e9m tradi\u00e7\u00f5es e aquece a f\u00e9 em uma das festas mais populares da Bahia"}]},{"@type":"WebSite","@id":"https:\/\/brasilnoticias.org\/site\/#website","url":"https:\/\/brasilnoticias.org\/site\/","name":"Brasil not\u00edcias","description":"Brasil not\u00edcias","publisher":{"@id":"https:\/\/brasilnoticias.org\/site\/#organization"},"potentialAction":[{"@type":"SearchAction","target":{"@type":"EntryPoint","urlTemplate":"https:\/\/brasilnoticias.org\/site\/?s={search_term_string}"},"query-input":{"@type":"PropertyValueSpecification","valueRequired":true,"valueName":"search_term_string"}}],"inLanguage":"pt-PT"},{"@type":"Organization","@id":"https:\/\/brasilnoticias.org\/site\/#organization","name":"Brasil not\u00edcias","url":"https:\/\/brasilnoticias.org\/site\/","logo":{"@type":"ImageObject","inLanguage":"pt-PT","@id":"https:\/\/brasilnoticias.org\/site\/#\/schema\/logo\/image\/","url":"https:\/\/brasilnoticias.org\/site\/wp-content\/uploads\/2022\/05\/cropped-brasilnoticias-mini.jpg","contentUrl":"https:\/\/brasilnoticias.org\/site\/wp-content\/uploads\/2022\/05\/cropped-brasilnoticias-mini.jpg","width":314,"height":86,"caption":"Brasil not\u00edcias"},"image":{"@id":"https:\/\/brasilnoticias.org\/site\/#\/schema\/logo\/image\/"}},{"@type":"Person","@id":"https:\/\/brasilnoticias.org\/site\/#\/schema\/person\/03bbbfe6c7634ad18c26444ea39049fa","name":"Reda\u00e7\u00e3o","image":{"@type":"ImageObject","inLanguage":"pt-PT","@id":"https:\/\/brasilnoticias.org\/site\/#\/schema\/person\/image\/","url":"https:\/\/secure.gravatar.com\/avatar\/9ecaf7327a696cb23ad926fedded5f1f04d7049de9e445375d55b48c001a6e42?s=96&d=mm&r=g","contentUrl":"https:\/\/secure.gravatar.com\/avatar\/9ecaf7327a696cb23ad926fedded5f1f04d7049de9e445375d55b48c001a6e42?s=96&d=mm&r=g","caption":"Reda\u00e7\u00e3o"},"url":"https:\/\/brasilnoticias.org\/site\/author\/henrique\/"}]}},"_links":{"self":[{"href":"https:\/\/brasilnoticias.org\/site\/wp-json\/wp\/v2\/posts\/19479","targetHints":{"allow":["GET"]}}],"collection":[{"href":"https:\/\/brasilnoticias.org\/site\/wp-json\/wp\/v2\/posts"}],"about":[{"href":"https:\/\/brasilnoticias.org\/site\/wp-json\/wp\/v2\/types\/post"}],"author":[{"embeddable":true,"href":"https:\/\/brasilnoticias.org\/site\/wp-json\/wp\/v2\/users\/4"}],"replies":[{"embeddable":true,"href":"https:\/\/brasilnoticias.org\/site\/wp-json\/wp\/v2\/comments?post=19479"}],"version-history":[{"count":1,"href":"https:\/\/brasilnoticias.org\/site\/wp-json\/wp\/v2\/posts\/19479\/revisions"}],"predecessor-version":[{"id":19481,"href":"https:\/\/brasilnoticias.org\/site\/wp-json\/wp\/v2\/posts\/19479\/revisions\/19481"}],"wp:featuredmedia":[{"embeddable":true,"href":"https:\/\/brasilnoticias.org\/site\/wp-json\/wp\/v2\/media\/19480"}],"wp:attachment":[{"href":"https:\/\/brasilnoticias.org\/site\/wp-json\/wp\/v2\/media?parent=19479"}],"wp:term":[{"taxonomy":"category","embeddable":true,"href":"https:\/\/brasilnoticias.org\/site\/wp-json\/wp\/v2\/categories?post=19479"},{"taxonomy":"post_tag","embeddable":true,"href":"https:\/\/brasilnoticias.org\/site\/wp-json\/wp\/v2\/tags?post=19479"}],"curies":[{"name":"wp","href":"https:\/\/api.w.org\/{rel}","templated":true}]}}