{"id":19482,"date":"2026-01-15T06:37:23","date_gmt":"2026-01-15T09:37:23","guid":{"rendered":"https:\/\/brasilnoticias.org\/site\/?p=19482"},"modified":"2026-01-15T06:37:23","modified_gmt":"2026-01-15T09:37:23","slug":"angelo-coronel-confirma-presenca-na-lavagem-do-bonfim-em-meio-a-impasse-sobre-chapa-do-senado","status":"publish","type":"post","link":"https:\/\/brasilnoticias.org\/site\/angelo-coronel-confirma-presenca-na-lavagem-do-bonfim-em-meio-a-impasse-sobre-chapa-do-senado\/","title":{"rendered":"\u00c2ngelo Coronel confirma presen\u00e7a na Lavagem do Bonfim em meio a impasse sobre chapa do Senado"},"content":{"rendered":"<p>O senador \u00c2ngelo Coronel (PSD-BA) confirmou que vai participar das festas da Lavagem do Bonfim, que acontecem nesta quinta-feira (15) em Salvador (BA), apesar das d\u00favidas sobre sua presen\u00e7a geradas pelo impasse pol\u00edtico em torno da composi\u00e7\u00e3o da chapa ao Senado nas elei\u00e7\u00f5es de 2026.<\/p>\n<p>A confirma\u00e7\u00e3o foi dada pela assessoria do senador nesta quarta-feira (14) ap\u00f3s contato com o site Bahia Not\u00edcias. At\u00e9 ent\u00e3o, a participa\u00e7\u00e3o de Coronel na tradicional celebra\u00e7\u00e3o religiosa \u2014 que tamb\u00e9m serve como um importante espa\u00e7o de visibilidade pol\u00edtica em ano eleitoral \u2014 era incerta devido \u00e0s negocia\u00e7\u00f5es em torno da forma\u00e7\u00e3o da base governista liderada pelo governador Jer\u00f4nimo Rodrigues (PT).<\/p>\n<p>O senador est\u00e1 no centro das discuss\u00f5es sobre quem ocupar\u00e1 as vagas na chapa do Senado Federal. H\u00e1 uma proposta em an\u00e1lise para que Coronel assuma a primeira supl\u00eancia de Jaques Wagner (PT), com a ideia de um mandato dividido entre os dois, mas isso ainda n\u00e3o foi decidido.<\/p>\n<p>Mesmo envolvido nas articula\u00e7\u00f5es eleitorais, Coronel seguir\u00e1 para a Lavagem do Bonfim, que mistura f\u00e9, tradi\u00e7\u00e3o e atividades culturais, al\u00e9m de atrair l\u00edderes pol\u00edticos que aproveitam o evento para dialogar com eleitores e aliados.<\/p>\n<p>Foto: Andressa Anholete \/ Ag\u00eancia Senado<br \/>\nFonte: Bahia Not\u00edcias<\/p>\n","protected":false},"excerpt":{"rendered":"<p>O senador \u00c2ngelo Coronel (PSD-BA) confirmou que vai participar das festas da Lavagem do Bonfim, que acontecem nesta quinta-feira (15)<\/p>\n","protected":false},"author":4,"featured_media":19483,"comment_status":"open","ping_status":"open","sticky":false,"template":"","format":"standard","meta":{"colormag_page_container_layout":"default_layout","colormag_page_sidebar_layout":"default_layout","_FSMCFIC_featured_image_caption":"","_FSMCFIC_featured_image_nocaption":"","_FSMCFIC_featured_image_hide":"","footnotes":""},"categories":[5,1],"tags":[],"class_list":["post-19482","post","type-post","status-publish","format-standard","has-post-thumbnail","hentry","category-politica","category-ultimas"],"yoast_head":"<!-- This site is optimized with the Yoast SEO plugin v27.1.1 - https:\/\/yoast.com\/product\/yoast-seo-wordpress\/ -->\n<title>\u00c2ngelo Coronel confirma presen\u00e7a na Lavagem do Bonfim em meio a impasse sobre chapa do Senado - Brasil not\u00edcias<\/title>\n<meta name=\"robots\" content=\"index, follow, max-snippet:-1, max-image-preview:large, max-video-preview:-1\" \/>\n<link rel=\"canonical\" href=\"https:\/\/brasilnoticias.org\/site\/angelo-coronel-confirma-presenca-na-lavagem-do-bonfim-em-meio-a-impasse-sobre-chapa-do-senado\/\" \/>\n<meta property=\"og:locale\" content=\"pt_PT\" \/>\n<meta property=\"og:type\" content=\"article\" \/>\n<meta property=\"og:title\" content=\"\u00c2ngelo Coronel confirma presen\u00e7a na Lavagem do Bonfim em meio a impasse sobre chapa do Senado - Brasil not\u00edcias\" \/>\n<meta property=\"og:description\" content=\"O senador \u00c2ngelo Coronel (PSD-BA) confirmou que vai participar das festas da Lavagem do Bonfim, que acontecem nesta quinta-feira (15)\" \/>\n<meta property=\"og:url\" content=\"https:\/\/brasilnoticias.org\/site\/angelo-coronel-confirma-presenca-na-lavagem-do-bonfim-em-meio-a-impasse-sobre-chapa-do-senado\/\" \/>\n<meta property=\"og:site_name\" content=\"Brasil not\u00edcias\" \/>\n<meta property=\"article:published_time\" content=\"2026-01-15T09:37:23+00:00\" \/>\n<meta property=\"og:image\" content=\"https:\/\/brasilnoticias.org\/site\/wp-content\/uploads\/2026\/01\/IMAGEM_NOTICIA_9-1-1.webp\" \/>\n\t<meta property=\"og:image:width\" content=\"1200\" \/>\n\t<meta property=\"og:image:height\" content=\"630\" \/>\n\t<meta property=\"og:image:type\" content=\"image\/webp\" \/>\n<meta name=\"author\" content=\"Reda\u00e7\u00e3o\" \/>\n<meta name=\"twitter:card\" content=\"summary_large_image\" \/>\n<meta name=\"twitter:label1\" content=\"Escrito por\" \/>\n\t<meta name=\"twitter:data1\" content=\"Reda\u00e7\u00e3o\" \/>\n\t<meta name=\"twitter:label2\" content=\"Tempo estimado de leitura\" \/>\n\t<meta name=\"twitter:data2\" content=\"1 minuto\" \/>\n<script type=\"application\/ld+json\" class=\"yoast-schema-graph\">{\"@context\":\"https:\/\/schema.org\",\"@graph\":[{\"@type\":\"Article\",\"@id\":\"https:\/\/brasilnoticias.org\/site\/angelo-coronel-confirma-presenca-na-lavagem-do-bonfim-em-meio-a-impasse-sobre-chapa-do-senado\/#article\",\"isPartOf\":{\"@id\":\"https:\/\/brasilnoticias.org\/site\/angelo-coronel-confirma-presenca-na-lavagem-do-bonfim-em-meio-a-impasse-sobre-chapa-do-senado\/\"},\"author\":{\"name\":\"Reda\u00e7\u00e3o\",\"@id\":\"https:\/\/brasilnoticias.org\/site\/#\/schema\/person\/03bbbfe6c7634ad18c26444ea39049fa\"},\"headline\":\"\u00c2ngelo Coronel confirma presen\u00e7a na Lavagem do Bonfim em meio a impasse sobre chapa do Senado\",\"datePublished\":\"2026-01-15T09:37:23+00:00\",\"mainEntityOfPage\":{\"@id\":\"https:\/\/brasilnoticias.org\/site\/angelo-coronel-confirma-presenca-na-lavagem-do-bonfim-em-meio-a-impasse-sobre-chapa-do-senado\/\"},\"wordCount\":237,\"commentCount\":0,\"publisher\":{\"@id\":\"https:\/\/brasilnoticias.org\/site\/#organization\"},\"image\":{\"@id\":\"https:\/\/brasilnoticias.org\/site\/angelo-coronel-confirma-presenca-na-lavagem-do-bonfim-em-meio-a-impasse-sobre-chapa-do-senado\/#primaryimage\"},\"thumbnailUrl\":\"https:\/\/brasilnoticias.org\/site\/wp-content\/uploads\/2026\/01\/IMAGEM_NOTICIA_9-1-1.webp\",\"articleSection\":[\"Pol\u00edtica\",\"\u00daltimas\"],\"inLanguage\":\"pt-PT\",\"potentialAction\":[{\"@type\":\"CommentAction\",\"name\":\"Comment\",\"target\":[\"https:\/\/brasilnoticias.org\/site\/angelo-coronel-confirma-presenca-na-lavagem-do-bonfim-em-meio-a-impasse-sobre-chapa-do-senado\/#respond\"]}]},{\"@type\":\"WebPage\",\"@id\":\"https:\/\/brasilnoticias.org\/site\/angelo-coronel-confirma-presenca-na-lavagem-do-bonfim-em-meio-a-impasse-sobre-chapa-do-senado\/\",\"url\":\"https:\/\/brasilnoticias.org\/site\/angelo-coronel-confirma-presenca-na-lavagem-do-bonfim-em-meio-a-impasse-sobre-chapa-do-senado\/\",\"name\":\"\u00c2ngelo Coronel confirma presen\u00e7a na Lavagem do Bonfim em meio a impasse sobre chapa do Senado - Brasil not\u00edcias\",\"isPartOf\":{\"@id\":\"https:\/\/brasilnoticias.org\/site\/#website\"},\"primaryImageOfPage\":{\"@id\":\"https:\/\/brasilnoticias.org\/site\/angelo-coronel-confirma-presenca-na-lavagem-do-bonfim-em-meio-a-impasse-sobre-chapa-do-senado\/#primaryimage\"},\"image\":{\"@id\":\"https:\/\/brasilnoticias.org\/site\/angelo-coronel-confirma-presenca-na-lavagem-do-bonfim-em-meio-a-impasse-sobre-chapa-do-senado\/#primaryimage\"},\"thumbnailUrl\":\"https:\/\/brasilnoticias.org\/site\/wp-content\/uploads\/2026\/01\/IMAGEM_NOTICIA_9-1-1.webp\",\"datePublished\":\"2026-01-15T09:37:23+00:00\",\"breadcrumb\":{\"@id\":\"https:\/\/brasilnoticias.org\/site\/angelo-coronel-confirma-presenca-na-lavagem-do-bonfim-em-meio-a-impasse-sobre-chapa-do-senado\/#breadcrumb\"},\"inLanguage\":\"pt-PT\",\"potentialAction\":[{\"@type\":\"ReadAction\",\"target\":[\"https:\/\/brasilnoticias.org\/site\/angelo-coronel-confirma-presenca-na-lavagem-do-bonfim-em-meio-a-impasse-sobre-chapa-do-senado\/\"]}]},{\"@type\":\"ImageObject\",\"inLanguage\":\"pt-PT\",\"@id\":\"https:\/\/brasilnoticias.org\/site\/angelo-coronel-confirma-presenca-na-lavagem-do-bonfim-em-meio-a-impasse-sobre-chapa-do-senado\/#primaryimage\",\"url\":\"https:\/\/brasilnoticias.org\/site\/wp-content\/uploads\/2026\/01\/IMAGEM_NOTICIA_9-1-1.webp\",\"contentUrl\":\"https:\/\/brasilnoticias.org\/site\/wp-content\/uploads\/2026\/01\/IMAGEM_NOTICIA_9-1-1.webp\",\"width\":1200,\"height\":630},{\"@type\":\"BreadcrumbList\",\"@id\":\"https:\/\/brasilnoticias.org\/site\/angelo-coronel-confirma-presenca-na-lavagem-do-bonfim-em-meio-a-impasse-sobre-chapa-do-senado\/#breadcrumb\",\"itemListElement\":[{\"@type\":\"ListItem\",\"position\":1,\"name\":\"In\u00edcio\",\"item\":\"https:\/\/brasilnoticias.org\/site\/\"},{\"@type\":\"ListItem\",\"position\":2,\"name\":\"\u00c2ngelo Coronel confirma presen\u00e7a na Lavagem do Bonfim em meio a impasse sobre chapa do Senado\"}]},{\"@type\":\"WebSite\",\"@id\":\"https:\/\/brasilnoticias.org\/site\/#website\",\"url\":\"https:\/\/brasilnoticias.org\/site\/\",\"name\":\"Brasil not\u00edcias\",\"description\":\"Brasil not\u00edcias\",\"publisher\":{\"@id\":\"https:\/\/brasilnoticias.org\/site\/#organization\"},\"potentialAction\":[{\"@type\":\"SearchAction\",\"target\":{\"@type\":\"EntryPoint\",\"urlTemplate\":\"https:\/\/brasilnoticias.org\/site\/?s={search_term_string}\"},\"query-input\":{\"@type\":\"PropertyValueSpecification\",\"valueRequired\":true,\"valueName\":\"search_term_string\"}}],\"inLanguage\":\"pt-PT\"},{\"@type\":\"Organization\",\"@id\":\"https:\/\/brasilnoticias.org\/site\/#organization\",\"name\":\"Brasil not\u00edcias\",\"url\":\"https:\/\/brasilnoticias.org\/site\/\",\"logo\":{\"@type\":\"ImageObject\",\"inLanguage\":\"pt-PT\",\"@id\":\"https:\/\/brasilnoticias.org\/site\/#\/schema\/logo\/image\/\",\"url\":\"https:\/\/brasilnoticias.org\/site\/wp-content\/uploads\/2022\/05\/cropped-brasilnoticias-mini.jpg\",\"contentUrl\":\"https:\/\/brasilnoticias.org\/site\/wp-content\/uploads\/2022\/05\/cropped-brasilnoticias-mini.jpg\",\"width\":314,\"height\":86,\"caption\":\"Brasil not\u00edcias\"},\"image\":{\"@id\":\"https:\/\/brasilnoticias.org\/site\/#\/schema\/logo\/image\/\"}},{\"@type\":\"Person\",\"@id\":\"https:\/\/brasilnoticias.org\/site\/#\/schema\/person\/03bbbfe6c7634ad18c26444ea39049fa\",\"name\":\"Reda\u00e7\u00e3o\",\"image\":{\"@type\":\"ImageObject\",\"inLanguage\":\"pt-PT\",\"@id\":\"https:\/\/brasilnoticias.org\/site\/#\/schema\/person\/image\/\",\"url\":\"https:\/\/secure.gravatar.com\/avatar\/9ecaf7327a696cb23ad926fedded5f1f04d7049de9e445375d55b48c001a6e42?s=96&d=mm&r=g\",\"contentUrl\":\"https:\/\/secure.gravatar.com\/avatar\/9ecaf7327a696cb23ad926fedded5f1f04d7049de9e445375d55b48c001a6e42?s=96&d=mm&r=g\",\"caption\":\"Reda\u00e7\u00e3o\"},\"url\":\"https:\/\/brasilnoticias.org\/site\/author\/henrique\/\"}]}<\/script>\n<!-- \/ Yoast SEO plugin. -->","yoast_head_json":{"title":"\u00c2ngelo Coronel confirma presen\u00e7a na Lavagem do Bonfim em meio a impasse sobre chapa do Senado - Brasil not\u00edcias","robots":{"index":"index","follow":"follow","max-snippet":"max-snippet:-1","max-image-preview":"max-image-preview:large","max-video-preview":"max-video-preview:-1"},"canonical":"https:\/\/brasilnoticias.org\/site\/angelo-coronel-confirma-presenca-na-lavagem-do-bonfim-em-meio-a-impasse-sobre-chapa-do-senado\/","og_locale":"pt_PT","og_type":"article","og_title":"\u00c2ngelo Coronel confirma presen\u00e7a na Lavagem do Bonfim em meio a impasse sobre chapa do Senado - Brasil not\u00edcias","og_description":"O senador \u00c2ngelo Coronel (PSD-BA) confirmou que vai participar das festas da Lavagem do Bonfim, que acontecem nesta quinta-feira (15)","og_url":"https:\/\/brasilnoticias.org\/site\/angelo-coronel-confirma-presenca-na-lavagem-do-bonfim-em-meio-a-impasse-sobre-chapa-do-senado\/","og_site_name":"Brasil not\u00edcias","article_published_time":"2026-01-15T09:37:23+00:00","og_image":[{"width":1200,"height":630,"url":"https:\/\/brasilnoticias.org\/site\/wp-content\/uploads\/2026\/01\/IMAGEM_NOTICIA_9-1-1.webp","type":"image\/webp"}],"author":"Reda\u00e7\u00e3o","twitter_card":"summary_large_image","twitter_misc":{"Escrito por":"Reda\u00e7\u00e3o","Tempo estimado de leitura":"1 minuto"},"schema":{"@context":"https:\/\/schema.org","@graph":[{"@type":"Article","@id":"https:\/\/brasilnoticias.org\/site\/angelo-coronel-confirma-presenca-na-lavagem-do-bonfim-em-meio-a-impasse-sobre-chapa-do-senado\/#article","isPartOf":{"@id":"https:\/\/brasilnoticias.org\/site\/angelo-coronel-confirma-presenca-na-lavagem-do-bonfim-em-meio-a-impasse-sobre-chapa-do-senado\/"},"author":{"name":"Reda\u00e7\u00e3o","@id":"https:\/\/brasilnoticias.org\/site\/#\/schema\/person\/03bbbfe6c7634ad18c26444ea39049fa"},"headline":"\u00c2ngelo Coronel confirma presen\u00e7a na Lavagem do Bonfim em meio a impasse sobre chapa do Senado","datePublished":"2026-01-15T09:37:23+00:00","mainEntityOfPage":{"@id":"https:\/\/brasilnoticias.org\/site\/angelo-coronel-confirma-presenca-na-lavagem-do-bonfim-em-meio-a-impasse-sobre-chapa-do-senado\/"},"wordCount":237,"commentCount":0,"publisher":{"@id":"https:\/\/brasilnoticias.org\/site\/#organization"},"image":{"@id":"https:\/\/brasilnoticias.org\/site\/angelo-coronel-confirma-presenca-na-lavagem-do-bonfim-em-meio-a-impasse-sobre-chapa-do-senado\/#primaryimage"},"thumbnailUrl":"https:\/\/brasilnoticias.org\/site\/wp-content\/uploads\/2026\/01\/IMAGEM_NOTICIA_9-1-1.webp","articleSection":["Pol\u00edtica","\u00daltimas"],"inLanguage":"pt-PT","potentialAction":[{"@type":"CommentAction","name":"Comment","target":["https:\/\/brasilnoticias.org\/site\/angelo-coronel-confirma-presenca-na-lavagem-do-bonfim-em-meio-a-impasse-sobre-chapa-do-senado\/#respond"]}]},{"@type":"WebPage","@id":"https:\/\/brasilnoticias.org\/site\/angelo-coronel-confirma-presenca-na-lavagem-do-bonfim-em-meio-a-impasse-sobre-chapa-do-senado\/","url":"https:\/\/brasilnoticias.org\/site\/angelo-coronel-confirma-presenca-na-lavagem-do-bonfim-em-meio-a-impasse-sobre-chapa-do-senado\/","name":"\u00c2ngelo Coronel confirma presen\u00e7a na Lavagem do Bonfim em meio a impasse sobre chapa do Senado - Brasil not\u00edcias","isPartOf":{"@id":"https:\/\/brasilnoticias.org\/site\/#website"},"primaryImageOfPage":{"@id":"https:\/\/brasilnoticias.org\/site\/angelo-coronel-confirma-presenca-na-lavagem-do-bonfim-em-meio-a-impasse-sobre-chapa-do-senado\/#primaryimage"},"image":{"@id":"https:\/\/brasilnoticias.org\/site\/angelo-coronel-confirma-presenca-na-lavagem-do-bonfim-em-meio-a-impasse-sobre-chapa-do-senado\/#primaryimage"},"thumbnailUrl":"https:\/\/brasilnoticias.org\/site\/wp-content\/uploads\/2026\/01\/IMAGEM_NOTICIA_9-1-1.webp","datePublished":"2026-01-15T09:37:23+00:00","breadcrumb":{"@id":"https:\/\/brasilnoticias.org\/site\/angelo-coronel-confirma-presenca-na-lavagem-do-bonfim-em-meio-a-impasse-sobre-chapa-do-senado\/#breadcrumb"},"inLanguage":"pt-PT","potentialAction":[{"@type":"ReadAction","target":["https:\/\/brasilnoticias.org\/site\/angelo-coronel-confirma-presenca-na-lavagem-do-bonfim-em-meio-a-impasse-sobre-chapa-do-senado\/"]}]},{"@type":"ImageObject","inLanguage":"pt-PT","@id":"https:\/\/brasilnoticias.org\/site\/angelo-coronel-confirma-presenca-na-lavagem-do-bonfim-em-meio-a-impasse-sobre-chapa-do-senado\/#primaryimage","url":"https:\/\/brasilnoticias.org\/site\/wp-content\/uploads\/2026\/01\/IMAGEM_NOTICIA_9-1-1.webp","contentUrl":"https:\/\/brasilnoticias.org\/site\/wp-content\/uploads\/2026\/01\/IMAGEM_NOTICIA_9-1-1.webp","width":1200,"height":630},{"@type":"BreadcrumbList","@id":"https:\/\/brasilnoticias.org\/site\/angelo-coronel-confirma-presenca-na-lavagem-do-bonfim-em-meio-a-impasse-sobre-chapa-do-senado\/#breadcrumb","itemListElement":[{"@type":"ListItem","position":1,"name":"In\u00edcio","item":"https:\/\/brasilnoticias.org\/site\/"},{"@type":"ListItem","position":2,"name":"\u00c2ngelo Coronel confirma presen\u00e7a na Lavagem do Bonfim em meio a impasse sobre chapa do Senado"}]},{"@type":"WebSite","@id":"https:\/\/brasilnoticias.org\/site\/#website","url":"https:\/\/brasilnoticias.org\/site\/","name":"Brasil not\u00edcias","description":"Brasil not\u00edcias","publisher":{"@id":"https:\/\/brasilnoticias.org\/site\/#organization"},"potentialAction":[{"@type":"SearchAction","target":{"@type":"EntryPoint","urlTemplate":"https:\/\/brasilnoticias.org\/site\/?s={search_term_string}"},"query-input":{"@type":"PropertyValueSpecification","valueRequired":true,"valueName":"search_term_string"}}],"inLanguage":"pt-PT"},{"@type":"Organization","@id":"https:\/\/brasilnoticias.org\/site\/#organization","name":"Brasil not\u00edcias","url":"https:\/\/brasilnoticias.org\/site\/","logo":{"@type":"ImageObject","inLanguage":"pt-PT","@id":"https:\/\/brasilnoticias.org\/site\/#\/schema\/logo\/image\/","url":"https:\/\/brasilnoticias.org\/site\/wp-content\/uploads\/2022\/05\/cropped-brasilnoticias-mini.jpg","contentUrl":"https:\/\/brasilnoticias.org\/site\/wp-content\/uploads\/2022\/05\/cropped-brasilnoticias-mini.jpg","width":314,"height":86,"caption":"Brasil not\u00edcias"},"image":{"@id":"https:\/\/brasilnoticias.org\/site\/#\/schema\/logo\/image\/"}},{"@type":"Person","@id":"https:\/\/brasilnoticias.org\/site\/#\/schema\/person\/03bbbfe6c7634ad18c26444ea39049fa","name":"Reda\u00e7\u00e3o","image":{"@type":"ImageObject","inLanguage":"pt-PT","@id":"https:\/\/brasilnoticias.org\/site\/#\/schema\/person\/image\/","url":"https:\/\/secure.gravatar.com\/avatar\/9ecaf7327a696cb23ad926fedded5f1f04d7049de9e445375d55b48c001a6e42?s=96&d=mm&r=g","contentUrl":"https:\/\/secure.gravatar.com\/avatar\/9ecaf7327a696cb23ad926fedded5f1f04d7049de9e445375d55b48c001a6e42?s=96&d=mm&r=g","caption":"Reda\u00e7\u00e3o"},"url":"https:\/\/brasilnoticias.org\/site\/author\/henrique\/"}]}},"_links":{"self":[{"href":"https:\/\/brasilnoticias.org\/site\/wp-json\/wp\/v2\/posts\/19482","targetHints":{"allow":["GET"]}}],"collection":[{"href":"https:\/\/brasilnoticias.org\/site\/wp-json\/wp\/v2\/posts"}],"about":[{"href":"https:\/\/brasilnoticias.org\/site\/wp-json\/wp\/v2\/types\/post"}],"author":[{"embeddable":true,"href":"https:\/\/brasilnoticias.org\/site\/wp-json\/wp\/v2\/users\/4"}],"replies":[{"embeddable":true,"href":"https:\/\/brasilnoticias.org\/site\/wp-json\/wp\/v2\/comments?post=19482"}],"version-history":[{"count":1,"href":"https:\/\/brasilnoticias.org\/site\/wp-json\/wp\/v2\/posts\/19482\/revisions"}],"predecessor-version":[{"id":19484,"href":"https:\/\/brasilnoticias.org\/site\/wp-json\/wp\/v2\/posts\/19482\/revisions\/19484"}],"wp:featuredmedia":[{"embeddable":true,"href":"https:\/\/brasilnoticias.org\/site\/wp-json\/wp\/v2\/media\/19483"}],"wp:attachment":[{"href":"https:\/\/brasilnoticias.org\/site\/wp-json\/wp\/v2\/media?parent=19482"}],"wp:term":[{"taxonomy":"category","embeddable":true,"href":"https:\/\/brasilnoticias.org\/site\/wp-json\/wp\/v2\/categories?post=19482"},{"taxonomy":"post_tag","embeddable":true,"href":"https:\/\/brasilnoticias.org\/site\/wp-json\/wp\/v2\/tags?post=19482"}],"curies":[{"name":"wp","href":"https:\/\/api.w.org\/{rel}","templated":true}]}}